{"id":37615,"date":"2022-10-23T07:09:31","date_gmt":"2022-10-23T12:09:31","guid":{"rendered":"https:\/\/luchonoticias.com\/?p=37615"},"modified":"2022-10-23T07:09:32","modified_gmt":"2022-10-23T12:09:32","slug":"asesinados-lider-social-y-su-pareja-en-orito-putumayo","status":"publish","type":"post","link":"https:\/\/luchonoticias.com\/editor\/asesinados-lider-social-y-su-pareja-en-orito-putumayo\/","title":{"rendered":"Asesinados l\u00edder social y su pareja en Orito, Putumayo"},"content":{"rendered":"\n<p>En las \u00faltimas horas, las autoridades en el departamento de Putumayo investigan los m\u00f3viles y autores del asesinato del l\u00edder social y comunal S\u00f3crates Seviliano y su esposa Cielo Ruales, cuyos cuerpos fueron hallados con impactos de bala en la vereda El Pepino, zona rural del municipio de Orito.<\/p>\n\n\n\n<p>Ante los hechos, se realiz\u00f3 un consejo de seguridad extraordinario de seguridad en el municipio de Legu\u00edzamo, con la presencia del ministro de Defensa, Iv\u00e1n Vel\u00e1squez; el ministro del Interior, Alfonso Prada, el director de la Unidad Nacional de Protecci\u00f3n, Augusto Rodr\u00edguez, representantes de la c\u00fapula militar y policial y las autoridades regionales y locales.<\/p>\n\n\n\n<p>El jefe de la cartera de Defensa resalt\u00f3 la importancia de participar en los di\u00e1logos regionales vinculantes como un espacio para afianzar la relaci\u00f3n entre el Gobierno Nacional y la ciudadan\u00eda.<\/p>\n\n\n\n<p>Con los homicidios de este l\u00edder comunal y su esposa ya son nueve las personas asesinadas en el Putumayo en los \u00faltimos 30 d\u00edas.<\/p>\n","protected":false},"excerpt":{"rendered":"<p>En las \u00faltimas horas, las autoridades en el departamento de Putumayo investigan los m\u00f3viles y autores del asesinato del l\u00edder social y comunal S\u00f3crates Seviliano y su esposa Cielo Ruales, cuyos cuerpos fueron hallados con impactos de bala en la vereda El Pepino, zona rural del municipio de Orito. Ante los hechos, se realiz\u00f3 un [&hellip;]<\/p>\n","protected":false},"author":1,"featured_media":0,"comment_status":"open","ping_status":"open","sticky":false,"template":"","format":"standard","meta":{"footnotes":""},"categories":[36,29],"tags":[],"class_list":["post-37615","post","type-post","status-publish","format-standard","hentry","category-destacado","category-judicial"],"yoast_head":"<!-- This site is optimized with the Yoast SEO plugin v26.6 - https:\/\/yoast.com\/wordpress\/plugins\/seo\/ -->\n<title>Asesinados l\u00edder social y su pareja en Orito, Putumayo -<\/title>\n<meta name=\"robots\" content=\"index, follow, max-snippet:-1, max-image-preview:large, max-video-preview:-1\" \/>\n<link rel=\"canonical\" href=\"https:\/\/luchonoticias.com\/editor\/asesinados-lider-social-y-su-pareja-en-orito-putumayo\/\" \/>\n<meta property=\"og:locale\" content=\"es_ES\" \/>\n<meta property=\"og:type\" content=\"article\" \/>\n<meta property=\"og:title\" content=\"Asesinados l\u00edder social y su pareja en Orito, Putumayo -\" \/>\n<meta property=\"og:url\" content=\"https:\/\/luchonoticias.com\/editor\/asesinados-lider-social-y-su-pareja-en-orito-putumayo\/\" \/>\n<meta property=\"article:publisher\" content=\"https:\/\/www.facebook.com\/luchonoticiasneiva\" \/>\n<meta property=\"article:author\" content=\"https:\/\/www.facebook.com\/luchonoticiasneiva\" \/>\n<meta property=\"article:published_time\" content=\"2022-10-23T12:09:31+00:00\" \/>\n<meta property=\"article:modified_time\" content=\"2022-10-23T12:09:32+00:00\" \/>\n<meta name=\"author\" content=\"admin\" \/>\n<meta name=\"twitter:card\" content=\"summary_large_image\" \/>\n<meta name=\"twitter:label1\" content=\"Escrito por\" \/>\n\t<meta name=\"twitter:data1\" content=\"admin\" \/>\n\t<meta name=\"twitter:label2\" content=\"Tiempo de lectura\" \/>\n\t<meta name=\"twitter:data2\" content=\"1 minuto\" \/>\n<script type=\"application\/ld+json\" class=\"yoast-schema-graph\">{\"@context\":\"https:\/\/schema.org\",\"@graph\":[{\"@type\":\"Article\",\"@id\":\"https:\/\/luchonoticias.com\/editor\/asesinados-lider-social-y-su-pareja-en-orito-putumayo\/#article\",\"isPartOf\":{\"@id\":\"https:\/\/luchonoticias.com\/editor\/asesinados-lider-social-y-su-pareja-en-orito-putumayo\/\"},\"author\":{\"name\":\"admin\",\"@id\":\"https:\/\/luchonoticias.com\/editor\/#\/schema\/person\/7a7fd911f58561fd056dbac7b55af9cd\"},\"headline\":\"Asesinados l\u00edder social y su pareja en Orito, Putumayo\",\"datePublished\":\"2022-10-23T12:09:31+00:00\",\"dateModified\":\"2022-10-23T12:09:32+00:00\",\"mainEntityOfPage\":{\"@id\":\"https:\/\/luchonoticias.com\/editor\/asesinados-lider-social-y-su-pareja-en-orito-putumayo\/\"},\"wordCount\":182,\"commentCount\":0,\"publisher\":{\"@id\":\"https:\/\/luchonoticias.com\/editor\/#\/schema\/person\/7a7fd911f58561fd056dbac7b55af9cd\"},\"articleSection\":[\"Destacado\",\"Judicial\"],\"inLanguage\":\"es\",\"potentialAction\":[{\"@type\":\"CommentAction\",\"name\":\"Comment\",\"target\":[\"https:\/\/luchonoticias.com\/editor\/asesinados-lider-social-y-su-pareja-en-orito-putumayo\/#respond\"]}]},{\"@type\":\"WebPage\",\"@id\":\"https:\/\/luchonoticias.com\/editor\/asesinados-lider-social-y-su-pareja-en-orito-putumayo\/\",\"url\":\"https:\/\/luchonoticias.com\/editor\/asesinados-lider-social-y-su-pareja-en-orito-putumayo\/\",\"name\":\"Asesinados l\u00edder social y su pareja en Orito, Putumayo -\",\"isPartOf\":{\"@id\":\"https:\/\/luchonoticias.com\/editor\/#website\"},\"datePublished\":\"2022-10-23T12:09:31+00:00\",\"dateModified\":\"2022-10-23T12:09:32+00:00\",\"breadcrumb\":{\"@id\":\"https:\/\/luchonoticias.com\/editor\/asesinados-lider-social-y-su-pareja-en-orito-putumayo\/#breadcrumb\"},\"inLanguage\":\"es\",\"potentialAction\":[{\"@type\":\"ReadAction\",\"target\":[\"https:\/\/luchonoticias.com\/editor\/asesinados-lider-social-y-su-pareja-en-orito-putumayo\/\"]}]},{\"@type\":\"BreadcrumbList\",\"@id\":\"https:\/\/luchonoticias.com\/editor\/asesinados-lider-social-y-su-pareja-en-orito-putumayo\/#breadcrumb\",\"itemListElement\":[{\"@type\":\"ListItem\",\"position\":1,\"name\":\"Portada\",\"item\":\"https:\/\/luchonoticias.com\/editor\/\"},{\"@type\":\"ListItem\",\"position\":2,\"name\":\"Asesinados l\u00edder social y su pareja en Orito, Putumayo\"}]},{\"@type\":\"WebSite\",\"@id\":\"https:\/\/luchonoticias.com\/editor\/#website\",\"url\":\"https:\/\/luchonoticias.com\/editor\/\",\"name\":\"\",\"description\":\"\",\"publisher\":{\"@id\":\"https:\/\/luchonoticias.com\/editor\/#\/schema\/person\/7a7fd911f58561fd056dbac7b55af9cd\"},\"potentialAction\":[{\"@type\":\"SearchAction\",\"target\":{\"@type\":\"EntryPoint\",\"urlTemplate\":\"https:\/\/luchonoticias.com\/editor\/?s={search_term_string}\"},\"query-input\":{\"@type\":\"PropertyValueSpecification\",\"valueRequired\":true,\"valueName\":\"search_term_string\"}}],\"inLanguage\":\"es\"},{\"@type\":[\"Person\",\"Organization\"],\"@id\":\"https:\/\/luchonoticias.com\/editor\/#\/schema\/person\/7a7fd911f58561fd056dbac7b55af9cd\",\"name\":\"admin\",\"image\":{\"@type\":\"ImageObject\",\"inLanguage\":\"es\",\"@id\":\"https:\/\/luchonoticias.com\/editor\/#\/schema\/person\/image\/\",\"url\":\"https:\/\/luchonoticias.com\/editor\/wp-content\/uploads\/2024\/02\/cropped-cropped-logolu.webp\",\"contentUrl\":\"https:\/\/luchonoticias.com\/editor\/wp-content\/uploads\/2024\/02\/cropped-cropped-logolu.webp\",\"width\":382,\"height\":170,\"caption\":\"admin\"},\"logo\":{\"@id\":\"https:\/\/luchonoticias.com\/editor\/#\/schema\/person\/image\/\"},\"sameAs\":[\"https:\/\/www.facebook.com\/luchonoticiasneiva\"],\"url\":\"https:\/\/luchonoticias.com\/editor\/author\/admin\/\"}]}<\/script>\n<!-- \/ Yoast SEO plugin. -->","yoast_head_json":{"title":"Asesinados l\u00edder social y su pareja en Orito, Putumayo -","robots":{"index":"index","follow":"follow","max-snippet":"max-snippet:-1","max-image-preview":"max-image-preview:large","max-video-preview":"max-video-preview:-1"},"canonical":"https:\/\/luchonoticias.com\/editor\/asesinados-lider-social-y-su-pareja-en-orito-putumayo\/","og_locale":"es_ES","og_type":"article","og_title":"Asesinados l\u00edder social y su pareja en Orito, Putumayo -","og_url":"https:\/\/luchonoticias.com\/editor\/asesinados-lider-social-y-su-pareja-en-orito-putumayo\/","article_publisher":"https:\/\/www.facebook.com\/luchonoticiasneiva","article_author":"https:\/\/www.facebook.com\/luchonoticiasneiva","article_published_time":"2022-10-23T12:09:31+00:00","article_modified_time":"2022-10-23T12:09:32+00:00","author":"admin","twitter_card":"summary_large_image","twitter_misc":{"Escrito por":"admin","Tiempo de lectura":"1 minuto"},"schema":{"@context":"https:\/\/schema.org","@graph":[{"@type":"Article","@id":"https:\/\/luchonoticias.com\/editor\/asesinados-lider-social-y-su-pareja-en-orito-putumayo\/#article","isPartOf":{"@id":"https:\/\/luchonoticias.com\/editor\/asesinados-lider-social-y-su-pareja-en-orito-putumayo\/"},"author":{"name":"admin","@id":"https:\/\/luchonoticias.com\/editor\/#\/schema\/person\/7a7fd911f58561fd056dbac7b55af9cd"},"headline":"Asesinados l\u00edder social y su pareja en Orito, Putumayo","datePublished":"2022-10-23T12:09:31+00:00","dateModified":"2022-10-23T12:09:32+00:00","mainEntityOfPage":{"@id":"https:\/\/luchonoticias.com\/editor\/asesinados-lider-social-y-su-pareja-en-orito-putumayo\/"},"wordCount":182,"commentCount":0,"publisher":{"@id":"https:\/\/luchonoticias.com\/editor\/#\/schema\/person\/7a7fd911f58561fd056dbac7b55af9cd"},"articleSection":["Destacado","Judicial"],"inLanguage":"es","potentialAction":[{"@type":"CommentAction","name":"Comment","target":["https:\/\/luchonoticias.com\/editor\/asesinados-lider-social-y-su-pareja-en-orito-putumayo\/#respond"]}]},{"@type":"WebPage","@id":"https:\/\/luchonoticias.com\/editor\/asesinados-lider-social-y-su-pareja-en-orito-putumayo\/","url":"https:\/\/luchonoticias.com\/editor\/asesinados-lider-social-y-su-pareja-en-orito-putumayo\/","name":"Asesinados l\u00edder social y su pareja en Orito, Putumayo -","isPartOf":{"@id":"https:\/\/luchonoticias.com\/editor\/#website"},"datePublished":"2022-10-23T12:09:31+00:00","dateModified":"2022-10-23T12:09:32+00:00","breadcrumb":{"@id":"https:\/\/luchonoticias.com\/editor\/asesinados-lider-social-y-su-pareja-en-orito-putumayo\/#breadcrumb"},"inLanguage":"es","potentialAction":[{"@type":"ReadAction","target":["https:\/\/luchonoticias.com\/editor\/asesinados-lider-social-y-su-pareja-en-orito-putumayo\/"]}]},{"@type":"BreadcrumbList","@id":"https:\/\/luchonoticias.com\/editor\/asesinados-lider-social-y-su-pareja-en-orito-putumayo\/#breadcrumb","itemListElement":[{"@type":"ListItem","position":1,"name":"Portada","item":"https:\/\/luchonoticias.com\/editor\/"},{"@type":"ListItem","position":2,"name":"Asesinados l\u00edder social y su pareja en Orito, Putumayo"}]},{"@type":"WebSite","@id":"https:\/\/luchonoticias.com\/editor\/#website","url":"https:\/\/luchonoticias.com\/editor\/","name":"","description":"","publisher":{"@id":"https:\/\/luchonoticias.com\/editor\/#\/schema\/person\/7a7fd911f58561fd056dbac7b55af9cd"},"potentialAction":[{"@type":"SearchAction","target":{"@type":"EntryPoint","urlTemplate":"https:\/\/luchonoticias.com\/editor\/?s={search_term_string}"},"query-input":{"@type":"PropertyValueSpecification","valueRequired":true,"valueName":"search_term_string"}}],"inLanguage":"es"},{"@type":["Person","Organization"],"@id":"https:\/\/luchonoticias.com\/editor\/#\/schema\/person\/7a7fd911f58561fd056dbac7b55af9cd","name":"admin","image":{"@type":"ImageObject","inLanguage":"es","@id":"https:\/\/luchonoticias.com\/editor\/#\/schema\/person\/image\/","url":"https:\/\/luchonoticias.com\/editor\/wp-content\/uploads\/2024\/02\/cropped-cropped-logolu.webp","contentUrl":"https:\/\/luchonoticias.com\/editor\/wp-content\/uploads\/2024\/02\/cropped-cropped-logolu.webp","width":382,"height":170,"caption":"admin"},"logo":{"@id":"https:\/\/luchonoticias.com\/editor\/#\/schema\/person\/image\/"},"sameAs":["https:\/\/www.facebook.com\/luchonoticiasneiva"],"url":"https:\/\/luchonoticias.com\/editor\/author\/admin\/"}]}},"_links":{"self":[{"href":"https:\/\/luchonoticias.com\/editor\/wp-json\/wp\/v2\/posts\/37615","targetHints":{"allow":["GET"]}}],"collection":[{"href":"https:\/\/luchonoticias.com\/editor\/wp-json\/wp\/v2\/posts"}],"about":[{"href":"https:\/\/luchonoticias.com\/editor\/wp-json\/wp\/v2\/types\/post"}],"author":[{"embeddable":true,"href":"https:\/\/luchonoticias.com\/editor\/wp-json\/wp\/v2\/users\/1"}],"replies":[{"embeddable":true,"href":"https:\/\/luchonoticias.com\/editor\/wp-json\/wp\/v2\/comments?post=37615"}],"version-history":[{"count":0,"href":"https:\/\/luchonoticias.com\/editor\/wp-json\/wp\/v2\/posts\/37615\/revisions"}],"wp:attachment":[{"href":"https:\/\/luchonoticias.com\/editor\/wp-json\/wp\/v2\/media?parent=37615"}],"wp:term":[{"taxonomy":"category","embeddable":true,"href":"https:\/\/luchonoticias.com\/editor\/wp-json\/wp\/v2\/categories?post=37615"},{"taxonomy":"post_tag","embeddable":true,"href":"https:\/\/luchonoticias.com\/editor\/wp-json\/wp\/v2\/tags?post=37615"}],"curies":[{"name":"wp","href":"https:\/\/api.w.org\/{rel}","templated":true}]}}