{"id":37627,"date":"2022-10-23T14:43:19","date_gmt":"2022-10-23T19:43:19","guid":{"rendered":"https:\/\/luchonoticias.com\/?p=37627"},"modified":"2022-10-23T14:43:20","modified_gmt":"2022-10-23T19:43:20","slug":"ley-de-paz-total-llegaria-sin-micos-a-segundo-debate","status":"publish","type":"post","link":"https:\/\/luchonoticias.com\/editor\/ley-de-paz-total-llegaria-sin-micos-a-segundo-debate\/","title":{"rendered":"Ley de Paz Total llegar\u00eda sin \u2018micos\u2019 a segundo debate"},"content":{"rendered":"\n<p>El proyecto de Paz Total es uno de los m\u00e1s ambiciosos y centrales del Gobierno nacional, pero su segundo debate caus\u00f3 molestias en el Congreso, incluso entre los miembros de la bancada oficialista.<\/p>\n\n\n\n<p>Seg\u00fan denunciaron, la ponencia para primer debate inclu\u00eda art\u00edculos que no se hab\u00edan aprobado en comisiones conjuntas y preocupaban a varios miembros del legislativo. Ahora, para agilizar la discusi\u00f3n, miembros del Ejecutivo y ponentes anuncian su eliminaci\u00f3n.<\/p>\n\n\n\n<p>Tanto el ministro del Interior, Alfonso Prada, como el autor del proyecto Ariel \u00c1vila, se\u00f1alaron que el texto de ponencia para segundo debate ser\u00e1 modificado para eliminar las disposiciones que hab\u00edan sido incluidas y generaron malestar en los congresistas, tanto de oposici\u00f3n como de gobierno.<\/p>\n\n\n\n<p>Parada se\u00f1al\u00f3 que tras reuniones con bancadas, el ministro de Defensa, el comisionado de Paz y ponentes, sugirieron retirar los art\u00edculos que causaron la pol\u00e9mica. Sostuvo que fueron de iniciativa de congresistas, compartidas por el gobierno, pero que necesitan una discusi\u00f3n aparte.<\/p>\n\n\n\n<p>El ministro del Interior explic\u00f3 que las facultades evitar\u00edan presentar la Ley de Sometimiento, que permite el desarme de estructuras delincuenciales con beneficios judiciales, pero la cu\u00e1l debe ser debatida por el Congreso. Anunci\u00f3 que ya est\u00e1 preparada y la presentar\u00e1n m\u00e1s adelante, con la esperanza de un debate expedito.<\/p>\n\n\n\n<p>El senador \u00c1vila tambi\u00e9n confirm\u00f3 que en las reuniones se defini\u00f3 presentar un proyecto de ley independiente para el sometimiento, y eliminar el art\u00edculo de la ley de orden p\u00fablico. \u201cLo que quer\u00edamos era tener unas facultades extraordinarias y transitorias al presidente, mientras sal\u00eda la ley de sometimiento. Pero despu\u00e9s de un ejercicio que hizo el comisionado de Paz, muy juicioso, \u00e9l cree que con lo que hay podemos idear algo mientras sale la ley de sometimiento\u201d, sostuvo el congresista a El Espectador.<\/p>\n\n\n\n<p>Seg\u00fan \u00c1vila, hay organizaciones del Pac\u00edfico colombiano interesadas en un proceso r\u00e1pido para someterse a la justicia, pero no existe un marco regulatorio que permita actualmente concretar esa decisi\u00f3n. Por eso incluyeron el art\u00edculo en el proyecto de modificaci\u00f3n de la ley 418, pero tras la discusi\u00f3n que despert\u00f3 buscar\u00e1n otros mecanismos.<\/p>\n\n\n\n<p><strong>Indulto a los manifestantes<\/strong><\/p>\n\n\n\n<p>En cuanto al indulto a los manifestantes capturados en el marco de la protesta social, Prada y \u00c1vila coinciden en que la manifestaci\u00f3n ind\u00edgena en Bogot\u00e1 nubl\u00f3 la discusi\u00f3n. Sin embargo, el senador confirm\u00f3 que esa intenci\u00f3n ser\u00e1 incluida en el proyecto de protesta social que presentar\u00e1 el Ministerio de Justicia el pr\u00f3ximo a\u00f1o y no incluirlo en el de paz total.<\/p>\n\n\n\n<p>Este es uno de los proyectos principales del gobierno del presidente Gustavo Petro. Tiene mensaje de urgencia y por eso se ha acelerado su discusi\u00f3n, pero los art\u00edculos calificados como micos del proyecto retrasaron el debate. La U, liberales, Cambio Radical y el Centro Democr\u00e1tico se opusieron a votar el texto con esos art\u00edculos. Este lunes volver\u00e1 al Senado.<\/p>\n","protected":false},"excerpt":{"rendered":"<p>El proyecto de Paz Total es uno de los m\u00e1s ambiciosos y centrales del Gobierno nacional, pero su segundo debate caus\u00f3 molestias en el Congreso, incluso entre los miembros de la bancada oficialista. Seg\u00fan denunciaron, la ponencia para primer debate inclu\u00eda art\u00edculos que no se hab\u00edan aprobado en comisiones conjuntas y preocupaban a varios miembros [&hellip;]<\/p>\n","protected":false},"author":1,"featured_media":0,"comment_status":"open","ping_status":"open","sticky":false,"template":"","format":"standard","meta":{"footnotes":""},"categories":[36,32],"tags":[],"class_list":["post-37627","post","type-post","status-publish","format-standard","hentry","category-destacado","category-nacional"],"yoast_head":"<!-- This site is optimized with the Yoast SEO plugin v26.6 - https:\/\/yoast.com\/wordpress\/plugins\/seo\/ -->\n<title>Ley de Paz Total llegar\u00eda sin \u2018micos\u2019 a segundo debate -<\/title>\n<meta name=\"robots\" content=\"index, follow, max-snippet:-1, max-image-preview:large, max-video-preview:-1\" \/>\n<link rel=\"canonical\" href=\"https:\/\/luchonoticias.com\/editor\/ley-de-paz-total-llegaria-sin-micos-a-segundo-debate\/\" \/>\n<meta property=\"og:locale\" content=\"es_ES\" \/>\n<meta property=\"og:type\" content=\"article\" \/>\n<meta property=\"og:title\" content=\"Ley de Paz Total llegar\u00eda sin \u2018micos\u2019 a segundo debate -\" \/>\n<meta property=\"og:url\" content=\"https:\/\/luchonoticias.com\/editor\/ley-de-paz-total-llegaria-sin-micos-a-segundo-debate\/\" \/>\n<meta property=\"article:publisher\" content=\"https:\/\/www.facebook.com\/luchonoticiasneiva\" \/>\n<meta property=\"article:author\" content=\"https:\/\/www.facebook.com\/luchonoticiasneiva\" \/>\n<meta property=\"article:published_time\" content=\"2022-10-23T19:43:19+00:00\" \/>\n<meta property=\"article:modified_time\" content=\"2022-10-23T19:43:20+00:00\" \/>\n<meta name=\"author\" content=\"admin\" \/>\n<meta name=\"twitter:card\" content=\"summary_large_image\" \/>\n<meta name=\"twitter:label1\" content=\"Escrito por\" \/>\n\t<meta name=\"twitter:data1\" content=\"admin\" \/>\n\t<meta name=\"twitter:label2\" content=\"Tiempo de lectura\" \/>\n\t<meta name=\"twitter:data2\" content=\"3 minutos\" \/>\n<script type=\"application\/ld+json\" class=\"yoast-schema-graph\">{\"@context\":\"https:\/\/schema.org\",\"@graph\":[{\"@type\":\"Article\",\"@id\":\"https:\/\/luchonoticias.com\/editor\/ley-de-paz-total-llegaria-sin-micos-a-segundo-debate\/#article\",\"isPartOf\":{\"@id\":\"https:\/\/luchonoticias.com\/editor\/ley-de-paz-total-llegaria-sin-micos-a-segundo-debate\/\"},\"author\":{\"name\":\"admin\",\"@id\":\"https:\/\/luchonoticias.com\/editor\/#\/schema\/person\/7a7fd911f58561fd056dbac7b55af9cd\"},\"headline\":\"Ley de Paz Total llegar\u00eda sin \u2018micos\u2019 a segundo debate\",\"datePublished\":\"2022-10-23T19:43:19+00:00\",\"dateModified\":\"2022-10-23T19:43:20+00:00\",\"mainEntityOfPage\":{\"@id\":\"https:\/\/luchonoticias.com\/editor\/ley-de-paz-total-llegaria-sin-micos-a-segundo-debate\/\"},\"wordCount\":519,\"commentCount\":0,\"publisher\":{\"@id\":\"https:\/\/luchonoticias.com\/editor\/#\/schema\/person\/7a7fd911f58561fd056dbac7b55af9cd\"},\"articleSection\":[\"Destacado\",\"Nacional\"],\"inLanguage\":\"es\",\"potentialAction\":[{\"@type\":\"CommentAction\",\"name\":\"Comment\",\"target\":[\"https:\/\/luchonoticias.com\/editor\/ley-de-paz-total-llegaria-sin-micos-a-segundo-debate\/#respond\"]}]},{\"@type\":\"WebPage\",\"@id\":\"https:\/\/luchonoticias.com\/editor\/ley-de-paz-total-llegaria-sin-micos-a-segundo-debate\/\",\"url\":\"https:\/\/luchonoticias.com\/editor\/ley-de-paz-total-llegaria-sin-micos-a-segundo-debate\/\",\"name\":\"Ley de Paz Total llegar\u00eda sin \u2018micos\u2019 a segundo debate -\",\"isPartOf\":{\"@id\":\"https:\/\/luchonoticias.com\/editor\/#website\"},\"datePublished\":\"2022-10-23T19:43:19+00:00\",\"dateModified\":\"2022-10-23T19:43:20+00:00\",\"breadcrumb\":{\"@id\":\"https:\/\/luchonoticias.com\/editor\/ley-de-paz-total-llegaria-sin-micos-a-segundo-debate\/#breadcrumb\"},\"inLanguage\":\"es\",\"potentialAction\":[{\"@type\":\"ReadAction\",\"target\":[\"https:\/\/luchonoticias.com\/editor\/ley-de-paz-total-llegaria-sin-micos-a-segundo-debate\/\"]}]},{\"@type\":\"BreadcrumbList\",\"@id\":\"https:\/\/luchonoticias.com\/editor\/ley-de-paz-total-llegaria-sin-micos-a-segundo-debate\/#breadcrumb\",\"itemListElement\":[{\"@type\":\"ListItem\",\"position\":1,\"name\":\"Portada\",\"item\":\"https:\/\/luchonoticias.com\/editor\/\"},{\"@type\":\"ListItem\",\"position\":2,\"name\":\"Ley de Paz Total llegar\u00eda sin \u2018micos\u2019 a segundo debate\"}]},{\"@type\":\"WebSite\",\"@id\":\"https:\/\/luchonoticias.com\/editor\/#website\",\"url\":\"https:\/\/luchonoticias.com\/editor\/\",\"name\":\"\",\"description\":\"\",\"publisher\":{\"@id\":\"https:\/\/luchonoticias.com\/editor\/#\/schema\/person\/7a7fd911f58561fd056dbac7b55af9cd\"},\"potentialAction\":[{\"@type\":\"SearchAction\",\"target\":{\"@type\":\"EntryPoint\",\"urlTemplate\":\"https:\/\/luchonoticias.com\/editor\/?s={search_term_string}\"},\"query-input\":{\"@type\":\"PropertyValueSpecification\",\"valueRequired\":true,\"valueName\":\"search_term_string\"}}],\"inLanguage\":\"es\"},{\"@type\":[\"Person\",\"Organization\"],\"@id\":\"https:\/\/luchonoticias.com\/editor\/#\/schema\/person\/7a7fd911f58561fd056dbac7b55af9cd\",\"name\":\"admin\",\"image\":{\"@type\":\"ImageObject\",\"inLanguage\":\"es\",\"@id\":\"https:\/\/luchonoticias.com\/editor\/#\/schema\/person\/image\/\",\"url\":\"https:\/\/luchonoticias.com\/editor\/wp-content\/uploads\/2024\/02\/cropped-cropped-logolu.webp\",\"contentUrl\":\"https:\/\/luchonoticias.com\/editor\/wp-content\/uploads\/2024\/02\/cropped-cropped-logolu.webp\",\"width\":382,\"height\":170,\"caption\":\"admin\"},\"logo\":{\"@id\":\"https:\/\/luchonoticias.com\/editor\/#\/schema\/person\/image\/\"},\"sameAs\":[\"https:\/\/www.facebook.com\/luchonoticiasneiva\"],\"url\":\"https:\/\/luchonoticias.com\/editor\/author\/admin\/\"}]}<\/script>\n<!-- \/ Yoast SEO plugin. -->","yoast_head_json":{"title":"Ley de Paz Total llegar\u00eda sin \u2018micos\u2019 a segundo debate -","robots":{"index":"index","follow":"follow","max-snippet":"max-snippet:-1","max-image-preview":"max-image-preview:large","max-video-preview":"max-video-preview:-1"},"canonical":"https:\/\/luchonoticias.com\/editor\/ley-de-paz-total-llegaria-sin-micos-a-segundo-debate\/","og_locale":"es_ES","og_type":"article","og_title":"Ley de Paz Total llegar\u00eda sin \u2018micos\u2019 a segundo debate -","og_url":"https:\/\/luchonoticias.com\/editor\/ley-de-paz-total-llegaria-sin-micos-a-segundo-debate\/","article_publisher":"https:\/\/www.facebook.com\/luchonoticiasneiva","article_author":"https:\/\/www.facebook.com\/luchonoticiasneiva","article_published_time":"2022-10-23T19:43:19+00:00","article_modified_time":"2022-10-23T19:43:20+00:00","author":"admin","twitter_card":"summary_large_image","twitter_misc":{"Escrito por":"admin","Tiempo de lectura":"3 minutos"},"schema":{"@context":"https:\/\/schema.org","@graph":[{"@type":"Article","@id":"https:\/\/luchonoticias.com\/editor\/ley-de-paz-total-llegaria-sin-micos-a-segundo-debate\/#article","isPartOf":{"@id":"https:\/\/luchonoticias.com\/editor\/ley-de-paz-total-llegaria-sin-micos-a-segundo-debate\/"},"author":{"name":"admin","@id":"https:\/\/luchonoticias.com\/editor\/#\/schema\/person\/7a7fd911f58561fd056dbac7b55af9cd"},"headline":"Ley de Paz Total llegar\u00eda sin \u2018micos\u2019 a segundo debate","datePublished":"2022-10-23T19:43:19+00:00","dateModified":"2022-10-23T19:43:20+00:00","mainEntityOfPage":{"@id":"https:\/\/luchonoticias.com\/editor\/ley-de-paz-total-llegaria-sin-micos-a-segundo-debate\/"},"wordCount":519,"commentCount":0,"publisher":{"@id":"https:\/\/luchonoticias.com\/editor\/#\/schema\/person\/7a7fd911f58561fd056dbac7b55af9cd"},"articleSection":["Destacado","Nacional"],"inLanguage":"es","potentialAction":[{"@type":"CommentAction","name":"Comment","target":["https:\/\/luchonoticias.com\/editor\/ley-de-paz-total-llegaria-sin-micos-a-segundo-debate\/#respond"]}]},{"@type":"WebPage","@id":"https:\/\/luchonoticias.com\/editor\/ley-de-paz-total-llegaria-sin-micos-a-segundo-debate\/","url":"https:\/\/luchonoticias.com\/editor\/ley-de-paz-total-llegaria-sin-micos-a-segundo-debate\/","name":"Ley de Paz Total llegar\u00eda sin \u2018micos\u2019 a segundo debate -","isPartOf":{"@id":"https:\/\/luchonoticias.com\/editor\/#website"},"datePublished":"2022-10-23T19:43:19+00:00","dateModified":"2022-10-23T19:43:20+00:00","breadcrumb":{"@id":"https:\/\/luchonoticias.com\/editor\/ley-de-paz-total-llegaria-sin-micos-a-segundo-debate\/#breadcrumb"},"inLanguage":"es","potentialAction":[{"@type":"ReadAction","target":["https:\/\/luchonoticias.com\/editor\/ley-de-paz-total-llegaria-sin-micos-a-segundo-debate\/"]}]},{"@type":"BreadcrumbList","@id":"https:\/\/luchonoticias.com\/editor\/ley-de-paz-total-llegaria-sin-micos-a-segundo-debate\/#breadcrumb","itemListElement":[{"@type":"ListItem","position":1,"name":"Portada","item":"https:\/\/luchonoticias.com\/editor\/"},{"@type":"ListItem","position":2,"name":"Ley de Paz Total llegar\u00eda sin \u2018micos\u2019 a segundo debate"}]},{"@type":"WebSite","@id":"https:\/\/luchonoticias.com\/editor\/#website","url":"https:\/\/luchonoticias.com\/editor\/","name":"","description":"","publisher":{"@id":"https:\/\/luchonoticias.com\/editor\/#\/schema\/person\/7a7fd911f58561fd056dbac7b55af9cd"},"potentialAction":[{"@type":"SearchAction","target":{"@type":"EntryPoint","urlTemplate":"https:\/\/luchonoticias.com\/editor\/?s={search_term_string}"},"query-input":{"@type":"PropertyValueSpecification","valueRequired":true,"valueName":"search_term_string"}}],"inLanguage":"es"},{"@type":["Person","Organization"],"@id":"https:\/\/luchonoticias.com\/editor\/#\/schema\/person\/7a7fd911f58561fd056dbac7b55af9cd","name":"admin","image":{"@type":"ImageObject","inLanguage":"es","@id":"https:\/\/luchonoticias.com\/editor\/#\/schema\/person\/image\/","url":"https:\/\/luchonoticias.com\/editor\/wp-content\/uploads\/2024\/02\/cropped-cropped-logolu.webp","contentUrl":"https:\/\/luchonoticias.com\/editor\/wp-content\/uploads\/2024\/02\/cropped-cropped-logolu.webp","width":382,"height":170,"caption":"admin"},"logo":{"@id":"https:\/\/luchonoticias.com\/editor\/#\/schema\/person\/image\/"},"sameAs":["https:\/\/www.facebook.com\/luchonoticiasneiva"],"url":"https:\/\/luchonoticias.com\/editor\/author\/admin\/"}]}},"_links":{"self":[{"href":"https:\/\/luchonoticias.com\/editor\/wp-json\/wp\/v2\/posts\/37627","targetHints":{"allow":["GET"]}}],"collection":[{"href":"https:\/\/luchonoticias.com\/editor\/wp-json\/wp\/v2\/posts"}],"about":[{"href":"https:\/\/luchonoticias.com\/editor\/wp-json\/wp\/v2\/types\/post"}],"author":[{"embeddable":true,"href":"https:\/\/luchonoticias.com\/editor\/wp-json\/wp\/v2\/users\/1"}],"replies":[{"embeddable":true,"href":"https:\/\/luchonoticias.com\/editor\/wp-json\/wp\/v2\/comments?post=37627"}],"version-history":[{"count":0,"href":"https:\/\/luchonoticias.com\/editor\/wp-json\/wp\/v2\/posts\/37627\/revisions"}],"wp:attachment":[{"href":"https:\/\/luchonoticias.com\/editor\/wp-json\/wp\/v2\/media?parent=37627"}],"wp:term":[{"taxonomy":"category","embeddable":true,"href":"https:\/\/luchonoticias.com\/editor\/wp-json\/wp\/v2\/categories?post=37627"},{"taxonomy":"post_tag","embeddable":true,"href":"https:\/\/luchonoticias.com\/editor\/wp-json\/wp\/v2\/tags?post=37627"}],"curies":[{"name":"wp","href":"https:\/\/api.w.org\/{rel}","templated":true}]}}