{"id":37630,"date":"2022-10-23T14:59:05","date_gmt":"2022-10-23T19:59:05","guid":{"rendered":"https:\/\/luchonoticias.com\/?p=37630"},"modified":"2022-10-23T14:59:06","modified_gmt":"2022-10-23T19:59:06","slug":"soldado-asesino-a-uno-de-sus-companeros-en-la-macarena-meta","status":"publish","type":"post","link":"https:\/\/luchonoticias.com\/editor\/soldado-asesino-a-uno-de-sus-companeros-en-la-macarena-meta\/","title":{"rendered":"Soldado asesin\u00f3 a uno de sus compa\u00f1eros en La Macarena, Meta"},"content":{"rendered":"\n<p>En investigaciones por la Justicia Militar, se encuentra el hecho de sangre, donde presuntamente por intolerancia un soldado del Ej\u00e9rcito, dispar\u00f3 su arma de fuego contra sus compa\u00f1eros en La Macarena, Meta, acabando con la vida de uno de ellos.<\/p>\n\n\n\n<p>El presunto responsable de este hecho fue puesto a disposici\u00f3n de las autoridades competentes mientras se adelantan las primeras investigaciones. Hasta el lugar se desplazaron unidades de la Polic\u00eda judicial para adelantar las primeras pesquisas.<\/p>\n\n\n\n<p>\u201cUn soldado profesional org\u00e1nico habr\u00eda accionado su arma en contra de sus compa\u00f1eros, producto de esta acci\u00f3n result\u00f3 herido el Cabo Segundo Eduardo Garc\u00eda Ram\u00edrez, quien pese a los esfuerzos, muri\u00f3. \u201cEste comando lamenta el hecho y env\u00eda un mensaje de condolencia y solidaridad a familiares y amigos de nuestro suboficial\u201d, report\u00f3 la Fuerza de Tarea Conjunta Omega en un comunicado.<\/p>\n","protected":false},"excerpt":{"rendered":"<p>En investigaciones por la Justicia Militar, se encuentra el hecho de sangre, donde presuntamente por intolerancia un soldado del Ej\u00e9rcito, dispar\u00f3 su arma de fuego contra sus compa\u00f1eros en La Macarena, Meta, acabando con la vida de uno de ellos. El presunto responsable de este hecho fue puesto a disposici\u00f3n de las autoridades competentes mientras [&hellip;]<\/p>\n","protected":false},"author":1,"featured_media":0,"comment_status":"open","ping_status":"open","sticky":false,"template":"","format":"standard","meta":{"footnotes":""},"categories":[36,29],"tags":[],"class_list":["post-37630","post","type-post","status-publish","format-standard","hentry","category-destacado","category-judicial"],"yoast_head":"<!-- This site is optimized with the Yoast SEO plugin v26.6 - https:\/\/yoast.com\/wordpress\/plugins\/seo\/ -->\n<title>Soldado asesin\u00f3 a uno de sus compa\u00f1eros en La Macarena, Meta -<\/title>\n<meta name=\"robots\" content=\"index, follow, max-snippet:-1, max-image-preview:large, max-video-preview:-1\" \/>\n<link rel=\"canonical\" href=\"https:\/\/luchonoticias.com\/editor\/soldado-asesino-a-uno-de-sus-companeros-en-la-macarena-meta\/\" \/>\n<meta property=\"og:locale\" content=\"es_ES\" \/>\n<meta property=\"og:type\" content=\"article\" \/>\n<meta property=\"og:title\" content=\"Soldado asesin\u00f3 a uno de sus compa\u00f1eros en La Macarena, Meta -\" \/>\n<meta property=\"og:url\" content=\"https:\/\/luchonoticias.com\/editor\/soldado-asesino-a-uno-de-sus-companeros-en-la-macarena-meta\/\" \/>\n<meta property=\"article:publisher\" content=\"https:\/\/www.facebook.com\/luchonoticiasneiva\" \/>\n<meta property=\"article:author\" content=\"https:\/\/www.facebook.com\/luchonoticiasneiva\" \/>\n<meta property=\"article:published_time\" content=\"2022-10-23T19:59:05+00:00\" \/>\n<meta property=\"article:modified_time\" content=\"2022-10-23T19:59:06+00:00\" \/>\n<meta name=\"author\" content=\"admin\" \/>\n<meta name=\"twitter:card\" content=\"summary_large_image\" \/>\n<meta name=\"twitter:label1\" content=\"Escrito por\" \/>\n\t<meta name=\"twitter:data1\" content=\"admin\" \/>\n\t<meta name=\"twitter:label2\" content=\"Tiempo de lectura\" \/>\n\t<meta name=\"twitter:data2\" content=\"1 minuto\" \/>\n<script type=\"application\/ld+json\" class=\"yoast-schema-graph\">{\"@context\":\"https:\/\/schema.org\",\"@graph\":[{\"@type\":\"Article\",\"@id\":\"https:\/\/luchonoticias.com\/editor\/soldado-asesino-a-uno-de-sus-companeros-en-la-macarena-meta\/#article\",\"isPartOf\":{\"@id\":\"https:\/\/luchonoticias.com\/editor\/soldado-asesino-a-uno-de-sus-companeros-en-la-macarena-meta\/\"},\"author\":{\"name\":\"admin\",\"@id\":\"https:\/\/luchonoticias.com\/editor\/#\/schema\/person\/7a7fd911f58561fd056dbac7b55af9cd\"},\"headline\":\"Soldado asesin\u00f3 a uno de sus compa\u00f1eros en La Macarena, Meta\",\"datePublished\":\"2022-10-23T19:59:05+00:00\",\"dateModified\":\"2022-10-23T19:59:06+00:00\",\"mainEntityOfPage\":{\"@id\":\"https:\/\/luchonoticias.com\/editor\/soldado-asesino-a-uno-de-sus-companeros-en-la-macarena-meta\/\"},\"wordCount\":159,\"commentCount\":0,\"publisher\":{\"@id\":\"https:\/\/luchonoticias.com\/editor\/#\/schema\/person\/7a7fd911f58561fd056dbac7b55af9cd\"},\"articleSection\":[\"Destacado\",\"Judicial\"],\"inLanguage\":\"es\",\"potentialAction\":[{\"@type\":\"CommentAction\",\"name\":\"Comment\",\"target\":[\"https:\/\/luchonoticias.com\/editor\/soldado-asesino-a-uno-de-sus-companeros-en-la-macarena-meta\/#respond\"]}]},{\"@type\":\"WebPage\",\"@id\":\"https:\/\/luchonoticias.com\/editor\/soldado-asesino-a-uno-de-sus-companeros-en-la-macarena-meta\/\",\"url\":\"https:\/\/luchonoticias.com\/editor\/soldado-asesino-a-uno-de-sus-companeros-en-la-macarena-meta\/\",\"name\":\"Soldado asesin\u00f3 a uno de sus compa\u00f1eros en La Macarena, Meta -\",\"isPartOf\":{\"@id\":\"https:\/\/luchonoticias.com\/editor\/#website\"},\"datePublished\":\"2022-10-23T19:59:05+00:00\",\"dateModified\":\"2022-10-23T19:59:06+00:00\",\"breadcrumb\":{\"@id\":\"https:\/\/luchonoticias.com\/editor\/soldado-asesino-a-uno-de-sus-companeros-en-la-macarena-meta\/#breadcrumb\"},\"inLanguage\":\"es\",\"potentialAction\":[{\"@type\":\"ReadAction\",\"target\":[\"https:\/\/luchonoticias.com\/editor\/soldado-asesino-a-uno-de-sus-companeros-en-la-macarena-meta\/\"]}]},{\"@type\":\"BreadcrumbList\",\"@id\":\"https:\/\/luchonoticias.com\/editor\/soldado-asesino-a-uno-de-sus-companeros-en-la-macarena-meta\/#breadcrumb\",\"itemListElement\":[{\"@type\":\"ListItem\",\"position\":1,\"name\":\"Portada\",\"item\":\"https:\/\/luchonoticias.com\/editor\/\"},{\"@type\":\"ListItem\",\"position\":2,\"name\":\"Soldado asesin\u00f3 a uno de sus compa\u00f1eros en La Macarena, Meta\"}]},{\"@type\":\"WebSite\",\"@id\":\"https:\/\/luchonoticias.com\/editor\/#website\",\"url\":\"https:\/\/luchonoticias.com\/editor\/\",\"name\":\"\",\"description\":\"\",\"publisher\":{\"@id\":\"https:\/\/luchonoticias.com\/editor\/#\/schema\/person\/7a7fd911f58561fd056dbac7b55af9cd\"},\"potentialAction\":[{\"@type\":\"SearchAction\",\"target\":{\"@type\":\"EntryPoint\",\"urlTemplate\":\"https:\/\/luchonoticias.com\/editor\/?s={search_term_string}\"},\"query-input\":{\"@type\":\"PropertyValueSpecification\",\"valueRequired\":true,\"valueName\":\"search_term_string\"}}],\"inLanguage\":\"es\"},{\"@type\":[\"Person\",\"Organization\"],\"@id\":\"https:\/\/luchonoticias.com\/editor\/#\/schema\/person\/7a7fd911f58561fd056dbac7b55af9cd\",\"name\":\"admin\",\"image\":{\"@type\":\"ImageObject\",\"inLanguage\":\"es\",\"@id\":\"https:\/\/luchonoticias.com\/editor\/#\/schema\/person\/image\/\",\"url\":\"https:\/\/luchonoticias.com\/editor\/wp-content\/uploads\/2024\/02\/cropped-cropped-logolu.webp\",\"contentUrl\":\"https:\/\/luchonoticias.com\/editor\/wp-content\/uploads\/2024\/02\/cropped-cropped-logolu.webp\",\"width\":382,\"height\":170,\"caption\":\"admin\"},\"logo\":{\"@id\":\"https:\/\/luchonoticias.com\/editor\/#\/schema\/person\/image\/\"},\"sameAs\":[\"https:\/\/www.facebook.com\/luchonoticiasneiva\"],\"url\":\"https:\/\/luchonoticias.com\/editor\/author\/admin\/\"}]}<\/script>\n<!-- \/ Yoast SEO plugin. -->","yoast_head_json":{"title":"Soldado asesin\u00f3 a uno de sus compa\u00f1eros en La Macarena, Meta -","robots":{"index":"index","follow":"follow","max-snippet":"max-snippet:-1","max-image-preview":"max-image-preview:large","max-video-preview":"max-video-preview:-1"},"canonical":"https:\/\/luchonoticias.com\/editor\/soldado-asesino-a-uno-de-sus-companeros-en-la-macarena-meta\/","og_locale":"es_ES","og_type":"article","og_title":"Soldado asesin\u00f3 a uno de sus compa\u00f1eros en La Macarena, Meta -","og_url":"https:\/\/luchonoticias.com\/editor\/soldado-asesino-a-uno-de-sus-companeros-en-la-macarena-meta\/","article_publisher":"https:\/\/www.facebook.com\/luchonoticiasneiva","article_author":"https:\/\/www.facebook.com\/luchonoticiasneiva","article_published_time":"2022-10-23T19:59:05+00:00","article_modified_time":"2022-10-23T19:59:06+00:00","author":"admin","twitter_card":"summary_large_image","twitter_misc":{"Escrito por":"admin","Tiempo de lectura":"1 minuto"},"schema":{"@context":"https:\/\/schema.org","@graph":[{"@type":"Article","@id":"https:\/\/luchonoticias.com\/editor\/soldado-asesino-a-uno-de-sus-companeros-en-la-macarena-meta\/#article","isPartOf":{"@id":"https:\/\/luchonoticias.com\/editor\/soldado-asesino-a-uno-de-sus-companeros-en-la-macarena-meta\/"},"author":{"name":"admin","@id":"https:\/\/luchonoticias.com\/editor\/#\/schema\/person\/7a7fd911f58561fd056dbac7b55af9cd"},"headline":"Soldado asesin\u00f3 a uno de sus compa\u00f1eros en La Macarena, Meta","datePublished":"2022-10-23T19:59:05+00:00","dateModified":"2022-10-23T19:59:06+00:00","mainEntityOfPage":{"@id":"https:\/\/luchonoticias.com\/editor\/soldado-asesino-a-uno-de-sus-companeros-en-la-macarena-meta\/"},"wordCount":159,"commentCount":0,"publisher":{"@id":"https:\/\/luchonoticias.com\/editor\/#\/schema\/person\/7a7fd911f58561fd056dbac7b55af9cd"},"articleSection":["Destacado","Judicial"],"inLanguage":"es","potentialAction":[{"@type":"CommentAction","name":"Comment","target":["https:\/\/luchonoticias.com\/editor\/soldado-asesino-a-uno-de-sus-companeros-en-la-macarena-meta\/#respond"]}]},{"@type":"WebPage","@id":"https:\/\/luchonoticias.com\/editor\/soldado-asesino-a-uno-de-sus-companeros-en-la-macarena-meta\/","url":"https:\/\/luchonoticias.com\/editor\/soldado-asesino-a-uno-de-sus-companeros-en-la-macarena-meta\/","name":"Soldado asesin\u00f3 a uno de sus compa\u00f1eros en La Macarena, Meta -","isPartOf":{"@id":"https:\/\/luchonoticias.com\/editor\/#website"},"datePublished":"2022-10-23T19:59:05+00:00","dateModified":"2022-10-23T19:59:06+00:00","breadcrumb":{"@id":"https:\/\/luchonoticias.com\/editor\/soldado-asesino-a-uno-de-sus-companeros-en-la-macarena-meta\/#breadcrumb"},"inLanguage":"es","potentialAction":[{"@type":"ReadAction","target":["https:\/\/luchonoticias.com\/editor\/soldado-asesino-a-uno-de-sus-companeros-en-la-macarena-meta\/"]}]},{"@type":"BreadcrumbList","@id":"https:\/\/luchonoticias.com\/editor\/soldado-asesino-a-uno-de-sus-companeros-en-la-macarena-meta\/#breadcrumb","itemListElement":[{"@type":"ListItem","position":1,"name":"Portada","item":"https:\/\/luchonoticias.com\/editor\/"},{"@type":"ListItem","position":2,"name":"Soldado asesin\u00f3 a uno de sus compa\u00f1eros en La Macarena, Meta"}]},{"@type":"WebSite","@id":"https:\/\/luchonoticias.com\/editor\/#website","url":"https:\/\/luchonoticias.com\/editor\/","name":"","description":"","publisher":{"@id":"https:\/\/luchonoticias.com\/editor\/#\/schema\/person\/7a7fd911f58561fd056dbac7b55af9cd"},"potentialAction":[{"@type":"SearchAction","target":{"@type":"EntryPoint","urlTemplate":"https:\/\/luchonoticias.com\/editor\/?s={search_term_string}"},"query-input":{"@type":"PropertyValueSpecification","valueRequired":true,"valueName":"search_term_string"}}],"inLanguage":"es"},{"@type":["Person","Organization"],"@id":"https:\/\/luchonoticias.com\/editor\/#\/schema\/person\/7a7fd911f58561fd056dbac7b55af9cd","name":"admin","image":{"@type":"ImageObject","inLanguage":"es","@id":"https:\/\/luchonoticias.com\/editor\/#\/schema\/person\/image\/","url":"https:\/\/luchonoticias.com\/editor\/wp-content\/uploads\/2024\/02\/cropped-cropped-logolu.webp","contentUrl":"https:\/\/luchonoticias.com\/editor\/wp-content\/uploads\/2024\/02\/cropped-cropped-logolu.webp","width":382,"height":170,"caption":"admin"},"logo":{"@id":"https:\/\/luchonoticias.com\/editor\/#\/schema\/person\/image\/"},"sameAs":["https:\/\/www.facebook.com\/luchonoticiasneiva"],"url":"https:\/\/luchonoticias.com\/editor\/author\/admin\/"}]}},"_links":{"self":[{"href":"https:\/\/luchonoticias.com\/editor\/wp-json\/wp\/v2\/posts\/37630","targetHints":{"allow":["GET"]}}],"collection":[{"href":"https:\/\/luchonoticias.com\/editor\/wp-json\/wp\/v2\/posts"}],"about":[{"href":"https:\/\/luchonoticias.com\/editor\/wp-json\/wp\/v2\/types\/post"}],"author":[{"embeddable":true,"href":"https:\/\/luchonoticias.com\/editor\/wp-json\/wp\/v2\/users\/1"}],"replies":[{"embeddable":true,"href":"https:\/\/luchonoticias.com\/editor\/wp-json\/wp\/v2\/comments?post=37630"}],"version-history":[{"count":0,"href":"https:\/\/luchonoticias.com\/editor\/wp-json\/wp\/v2\/posts\/37630\/revisions"}],"wp:attachment":[{"href":"https:\/\/luchonoticias.com\/editor\/wp-json\/wp\/v2\/media?parent=37630"}],"wp:term":[{"taxonomy":"category","embeddable":true,"href":"https:\/\/luchonoticias.com\/editor\/wp-json\/wp\/v2\/categories?post=37630"},{"taxonomy":"post_tag","embeddable":true,"href":"https:\/\/luchonoticias.com\/editor\/wp-json\/wp\/v2\/tags?post=37630"}],"curies":[{"name":"wp","href":"https:\/\/api.w.org\/{rel}","templated":true}]}}