{"id":37633,"date":"2022-10-23T15:26:31","date_gmt":"2022-10-23T20:26:31","guid":{"rendered":"https:\/\/luchonoticias.com\/?p=37633"},"modified":"2022-10-23T15:30:12","modified_gmt":"2022-10-23T20:30:12","slug":"buscan-tumbar-nombramiento-de-alvaro-hernan-prada-como-magistrado-del-consejo-nacional-electoral","status":"publish","type":"post","link":"https:\/\/luchonoticias.com\/editor\/buscan-tumbar-nombramiento-de-alvaro-hernan-prada-como-magistrado-del-consejo-nacional-electoral\/","title":{"rendered":"Buscan \u2018tumbar\u2019 nombramiento de \u00c1lvaro Hern\u00e1n Prada como Magistrado del Consejo Nacional Electoral"},"content":{"rendered":"\n<p>Al magistrado&nbsp;\u00c1lvaro Hern\u00e1n Prada, fue demandando por el&nbsp;abogado V\u00edctor Vel\u00e1squez&nbsp; ante el Consejo de Estado&nbsp;para tumbarlo del&nbsp;Consejo Nacional Electoral.<\/p>\n\n\n\n<p>Seg\u00fan lo establecido por voces del partido del Centro Democr\u00e1tico, todo parece ser que el proceso jur\u00eddico, que\u00a0el abogado ponente inici\u00f3,\u00a0es por el expediente del hoy Magistrado, por\u00a0presunta manipulaci\u00f3n de testigos,\u00a0dentro del proceso que se le sigue por el mismo tema al\u00a0expresidente \u00c1lvaro Uribe.<\/p>\n\n\n\n<p>Seg\u00fan el abogado Vel\u00e1squez, la posible comisi\u00f3n del delito de soborno a testigos en calidad de c\u00f3mplice, que le imput\u00f3 la Corte para llamarlo a juicio, afecta sus calidades para poder ser magistrado, algo que est\u00e1 espec\u00edficamente detallado en la Constituci\u00f3n.<\/p>\n\n\n\n<p>\u201cNing\u00fan reparo existi\u00f3 en premiar con su designaci\u00f3n a quien menos de dos semanas antes de la misma hab\u00eda sido convocado a juicio penal por las razones aducidas en este memorial. Esperamos que se declare la anulaci\u00f3n de su nombramiento, la demanda que presentamos es sencilla, s\u00f3lida y muy puntual\u201d, se\u00f1al\u00f3 el abogado Vel\u00e1squez.<\/p>\n","protected":false},"excerpt":{"rendered":"<p>Al magistrado&nbsp;\u00c1lvaro Hern\u00e1n Prada, fue demandando por el&nbsp;abogado V\u00edctor Vel\u00e1squez&nbsp; ante el Consejo de Estado&nbsp;para tumbarlo del&nbsp;Consejo Nacional Electoral. Seg\u00fan lo establecido por voces del partido del Centro Democr\u00e1tico, todo parece ser que el proceso jur\u00eddico, que\u00a0el abogado ponente inici\u00f3,\u00a0es por el expediente del hoy Magistrado, por\u00a0presunta manipulaci\u00f3n de testigos,\u00a0dentro del proceso que se le [&hellip;]<\/p>\n","protected":false},"author":1,"featured_media":0,"comment_status":"open","ping_status":"open","sticky":false,"template":"","format":"standard","meta":{"footnotes":""},"categories":[36,617],"tags":[],"class_list":["post-37633","post","type-post","status-publish","format-standard","hentry","category-destacado","category-politica"],"yoast_head":"<!-- This site is optimized with the Yoast SEO plugin v26.6 - https:\/\/yoast.com\/wordpress\/plugins\/seo\/ -->\n<title>Buscan \u2018tumbar\u2019 nombramiento de \u00c1lvaro Hern\u00e1n Prada como Magistrado del Consejo Nacional Electoral -<\/title>\n<meta name=\"robots\" content=\"index, follow, max-snippet:-1, max-image-preview:large, max-video-preview:-1\" \/>\n<link rel=\"canonical\" href=\"https:\/\/luchonoticias.com\/editor\/buscan-tumbar-nombramiento-de-alvaro-hernan-prada-como-magistrado-del-consejo-nacional-electoral\/\" \/>\n<meta property=\"og:locale\" content=\"es_ES\" \/>\n<meta property=\"og:type\" content=\"article\" \/>\n<meta property=\"og:title\" content=\"Buscan \u2018tumbar\u2019 nombramiento de \u00c1lvaro Hern\u00e1n Prada como Magistrado del Consejo Nacional Electoral -\" \/>\n<meta property=\"og:url\" content=\"https:\/\/luchonoticias.com\/editor\/buscan-tumbar-nombramiento-de-alvaro-hernan-prada-como-magistrado-del-consejo-nacional-electoral\/\" \/>\n<meta property=\"article:publisher\" content=\"https:\/\/www.facebook.com\/luchonoticiasneiva\" \/>\n<meta property=\"article:author\" content=\"https:\/\/www.facebook.com\/luchonoticiasneiva\" \/>\n<meta property=\"article:published_time\" content=\"2022-10-23T20:26:31+00:00\" \/>\n<meta property=\"article:modified_time\" content=\"2022-10-23T20:30:12+00:00\" \/>\n<meta name=\"author\" content=\"admin\" \/>\n<meta name=\"twitter:card\" content=\"summary_large_image\" \/>\n<meta name=\"twitter:label1\" content=\"Escrito por\" \/>\n\t<meta name=\"twitter:data1\" content=\"admin\" \/>\n\t<meta name=\"twitter:label2\" content=\"Tiempo de lectura\" \/>\n\t<meta name=\"twitter:data2\" content=\"1 minuto\" \/>\n<script type=\"application\/ld+json\" class=\"yoast-schema-graph\">{\"@context\":\"https:\/\/schema.org\",\"@graph\":[{\"@type\":\"Article\",\"@id\":\"https:\/\/luchonoticias.com\/editor\/buscan-tumbar-nombramiento-de-alvaro-hernan-prada-como-magistrado-del-consejo-nacional-electoral\/#article\",\"isPartOf\":{\"@id\":\"https:\/\/luchonoticias.com\/editor\/buscan-tumbar-nombramiento-de-alvaro-hernan-prada-como-magistrado-del-consejo-nacional-electoral\/\"},\"author\":{\"name\":\"admin\",\"@id\":\"https:\/\/luchonoticias.com\/editor\/#\/schema\/person\/7a7fd911f58561fd056dbac7b55af9cd\"},\"headline\":\"Buscan \u2018tumbar\u2019 nombramiento de \u00c1lvaro Hern\u00e1n Prada como Magistrado del Consejo Nacional Electoral\",\"datePublished\":\"2022-10-23T20:26:31+00:00\",\"dateModified\":\"2022-10-23T20:30:12+00:00\",\"mainEntityOfPage\":{\"@id\":\"https:\/\/luchonoticias.com\/editor\/buscan-tumbar-nombramiento-de-alvaro-hernan-prada-como-magistrado-del-consejo-nacional-electoral\/\"},\"wordCount\":206,\"commentCount\":0,\"publisher\":{\"@id\":\"https:\/\/luchonoticias.com\/editor\/#\/schema\/person\/7a7fd911f58561fd056dbac7b55af9cd\"},\"articleSection\":[\"Destacado\",\"Pol\u00edtica\"],\"inLanguage\":\"es\",\"potentialAction\":[{\"@type\":\"CommentAction\",\"name\":\"Comment\",\"target\":[\"https:\/\/luchonoticias.com\/editor\/buscan-tumbar-nombramiento-de-alvaro-hernan-prada-como-magistrado-del-consejo-nacional-electoral\/#respond\"]}]},{\"@type\":\"WebPage\",\"@id\":\"https:\/\/luchonoticias.com\/editor\/buscan-tumbar-nombramiento-de-alvaro-hernan-prada-como-magistrado-del-consejo-nacional-electoral\/\",\"url\":\"https:\/\/luchonoticias.com\/editor\/buscan-tumbar-nombramiento-de-alvaro-hernan-prada-como-magistrado-del-consejo-nacional-electoral\/\",\"name\":\"Buscan \u2018tumbar\u2019 nombramiento de \u00c1lvaro Hern\u00e1n Prada como Magistrado del Consejo Nacional Electoral -\",\"isPartOf\":{\"@id\":\"https:\/\/luchonoticias.com\/editor\/#website\"},\"datePublished\":\"2022-10-23T20:26:31+00:00\",\"dateModified\":\"2022-10-23T20:30:12+00:00\",\"breadcrumb\":{\"@id\":\"https:\/\/luchonoticias.com\/editor\/buscan-tumbar-nombramiento-de-alvaro-hernan-prada-como-magistrado-del-consejo-nacional-electoral\/#breadcrumb\"},\"inLanguage\":\"es\",\"potentialAction\":[{\"@type\":\"ReadAction\",\"target\":[\"https:\/\/luchonoticias.com\/editor\/buscan-tumbar-nombramiento-de-alvaro-hernan-prada-como-magistrado-del-consejo-nacional-electoral\/\"]}]},{\"@type\":\"BreadcrumbList\",\"@id\":\"https:\/\/luchonoticias.com\/editor\/buscan-tumbar-nombramiento-de-alvaro-hernan-prada-como-magistrado-del-consejo-nacional-electoral\/#breadcrumb\",\"itemListElement\":[{\"@type\":\"ListItem\",\"position\":1,\"name\":\"Portada\",\"item\":\"https:\/\/luchonoticias.com\/editor\/\"},{\"@type\":\"ListItem\",\"position\":2,\"name\":\"Buscan \u2018tumbar\u2019 nombramiento de \u00c1lvaro Hern\u00e1n Prada como Magistrado del Consejo Nacional Electoral\"}]},{\"@type\":\"WebSite\",\"@id\":\"https:\/\/luchonoticias.com\/editor\/#website\",\"url\":\"https:\/\/luchonoticias.com\/editor\/\",\"name\":\"\",\"description\":\"\",\"publisher\":{\"@id\":\"https:\/\/luchonoticias.com\/editor\/#\/schema\/person\/7a7fd911f58561fd056dbac7b55af9cd\"},\"potentialAction\":[{\"@type\":\"SearchAction\",\"target\":{\"@type\":\"EntryPoint\",\"urlTemplate\":\"https:\/\/luchonoticias.com\/editor\/?s={search_term_string}\"},\"query-input\":{\"@type\":\"PropertyValueSpecification\",\"valueRequired\":true,\"valueName\":\"search_term_string\"}}],\"inLanguage\":\"es\"},{\"@type\":[\"Person\",\"Organization\"],\"@id\":\"https:\/\/luchonoticias.com\/editor\/#\/schema\/person\/7a7fd911f58561fd056dbac7b55af9cd\",\"name\":\"admin\",\"image\":{\"@type\":\"ImageObject\",\"inLanguage\":\"es\",\"@id\":\"https:\/\/luchonoticias.com\/editor\/#\/schema\/person\/image\/\",\"url\":\"https:\/\/luchonoticias.com\/editor\/wp-content\/uploads\/2024\/02\/cropped-cropped-logolu.webp\",\"contentUrl\":\"https:\/\/luchonoticias.com\/editor\/wp-content\/uploads\/2024\/02\/cropped-cropped-logolu.webp\",\"width\":382,\"height\":170,\"caption\":\"admin\"},\"logo\":{\"@id\":\"https:\/\/luchonoticias.com\/editor\/#\/schema\/person\/image\/\"},\"sameAs\":[\"https:\/\/www.facebook.com\/luchonoticiasneiva\"],\"url\":\"https:\/\/luchonoticias.com\/editor\/author\/admin\/\"}]}<\/script>\n<!-- \/ Yoast SEO plugin. -->","yoast_head_json":{"title":"Buscan \u2018tumbar\u2019 nombramiento de \u00c1lvaro Hern\u00e1n Prada como Magistrado del Consejo Nacional Electoral -","robots":{"index":"index","follow":"follow","max-snippet":"max-snippet:-1","max-image-preview":"max-image-preview:large","max-video-preview":"max-video-preview:-1"},"canonical":"https:\/\/luchonoticias.com\/editor\/buscan-tumbar-nombramiento-de-alvaro-hernan-prada-como-magistrado-del-consejo-nacional-electoral\/","og_locale":"es_ES","og_type":"article","og_title":"Buscan \u2018tumbar\u2019 nombramiento de \u00c1lvaro Hern\u00e1n Prada como Magistrado del Consejo Nacional Electoral -","og_url":"https:\/\/luchonoticias.com\/editor\/buscan-tumbar-nombramiento-de-alvaro-hernan-prada-como-magistrado-del-consejo-nacional-electoral\/","article_publisher":"https:\/\/www.facebook.com\/luchonoticiasneiva","article_author":"https:\/\/www.facebook.com\/luchonoticiasneiva","article_published_time":"2022-10-23T20:26:31+00:00","article_modified_time":"2022-10-23T20:30:12+00:00","author":"admin","twitter_card":"summary_large_image","twitter_misc":{"Escrito por":"admin","Tiempo de lectura":"1 minuto"},"schema":{"@context":"https:\/\/schema.org","@graph":[{"@type":"Article","@id":"https:\/\/luchonoticias.com\/editor\/buscan-tumbar-nombramiento-de-alvaro-hernan-prada-como-magistrado-del-consejo-nacional-electoral\/#article","isPartOf":{"@id":"https:\/\/luchonoticias.com\/editor\/buscan-tumbar-nombramiento-de-alvaro-hernan-prada-como-magistrado-del-consejo-nacional-electoral\/"},"author":{"name":"admin","@id":"https:\/\/luchonoticias.com\/editor\/#\/schema\/person\/7a7fd911f58561fd056dbac7b55af9cd"},"headline":"Buscan \u2018tumbar\u2019 nombramiento de \u00c1lvaro Hern\u00e1n Prada como Magistrado del Consejo Nacional Electoral","datePublished":"2022-10-23T20:26:31+00:00","dateModified":"2022-10-23T20:30:12+00:00","mainEntityOfPage":{"@id":"https:\/\/luchonoticias.com\/editor\/buscan-tumbar-nombramiento-de-alvaro-hernan-prada-como-magistrado-del-consejo-nacional-electoral\/"},"wordCount":206,"commentCount":0,"publisher":{"@id":"https:\/\/luchonoticias.com\/editor\/#\/schema\/person\/7a7fd911f58561fd056dbac7b55af9cd"},"articleSection":["Destacado","Pol\u00edtica"],"inLanguage":"es","potentialAction":[{"@type":"CommentAction","name":"Comment","target":["https:\/\/luchonoticias.com\/editor\/buscan-tumbar-nombramiento-de-alvaro-hernan-prada-como-magistrado-del-consejo-nacional-electoral\/#respond"]}]},{"@type":"WebPage","@id":"https:\/\/luchonoticias.com\/editor\/buscan-tumbar-nombramiento-de-alvaro-hernan-prada-como-magistrado-del-consejo-nacional-electoral\/","url":"https:\/\/luchonoticias.com\/editor\/buscan-tumbar-nombramiento-de-alvaro-hernan-prada-como-magistrado-del-consejo-nacional-electoral\/","name":"Buscan \u2018tumbar\u2019 nombramiento de \u00c1lvaro Hern\u00e1n Prada como Magistrado del Consejo Nacional Electoral -","isPartOf":{"@id":"https:\/\/luchonoticias.com\/editor\/#website"},"datePublished":"2022-10-23T20:26:31+00:00","dateModified":"2022-10-23T20:30:12+00:00","breadcrumb":{"@id":"https:\/\/luchonoticias.com\/editor\/buscan-tumbar-nombramiento-de-alvaro-hernan-prada-como-magistrado-del-consejo-nacional-electoral\/#breadcrumb"},"inLanguage":"es","potentialAction":[{"@type":"ReadAction","target":["https:\/\/luchonoticias.com\/editor\/buscan-tumbar-nombramiento-de-alvaro-hernan-prada-como-magistrado-del-consejo-nacional-electoral\/"]}]},{"@type":"BreadcrumbList","@id":"https:\/\/luchonoticias.com\/editor\/buscan-tumbar-nombramiento-de-alvaro-hernan-prada-como-magistrado-del-consejo-nacional-electoral\/#breadcrumb","itemListElement":[{"@type":"ListItem","position":1,"name":"Portada","item":"https:\/\/luchonoticias.com\/editor\/"},{"@type":"ListItem","position":2,"name":"Buscan \u2018tumbar\u2019 nombramiento de \u00c1lvaro Hern\u00e1n Prada como Magistrado del Consejo Nacional Electoral"}]},{"@type":"WebSite","@id":"https:\/\/luchonoticias.com\/editor\/#website","url":"https:\/\/luchonoticias.com\/editor\/","name":"","description":"","publisher":{"@id":"https:\/\/luchonoticias.com\/editor\/#\/schema\/person\/7a7fd911f58561fd056dbac7b55af9cd"},"potentialAction":[{"@type":"SearchAction","target":{"@type":"EntryPoint","urlTemplate":"https:\/\/luchonoticias.com\/editor\/?s={search_term_string}"},"query-input":{"@type":"PropertyValueSpecification","valueRequired":true,"valueName":"search_term_string"}}],"inLanguage":"es"},{"@type":["Person","Organization"],"@id":"https:\/\/luchonoticias.com\/editor\/#\/schema\/person\/7a7fd911f58561fd056dbac7b55af9cd","name":"admin","image":{"@type":"ImageObject","inLanguage":"es","@id":"https:\/\/luchonoticias.com\/editor\/#\/schema\/person\/image\/","url":"https:\/\/luchonoticias.com\/editor\/wp-content\/uploads\/2024\/02\/cropped-cropped-logolu.webp","contentUrl":"https:\/\/luchonoticias.com\/editor\/wp-content\/uploads\/2024\/02\/cropped-cropped-logolu.webp","width":382,"height":170,"caption":"admin"},"logo":{"@id":"https:\/\/luchonoticias.com\/editor\/#\/schema\/person\/image\/"},"sameAs":["https:\/\/www.facebook.com\/luchonoticiasneiva"],"url":"https:\/\/luchonoticias.com\/editor\/author\/admin\/"}]}},"_links":{"self":[{"href":"https:\/\/luchonoticias.com\/editor\/wp-json\/wp\/v2\/posts\/37633","targetHints":{"allow":["GET"]}}],"collection":[{"href":"https:\/\/luchonoticias.com\/editor\/wp-json\/wp\/v2\/posts"}],"about":[{"href":"https:\/\/luchonoticias.com\/editor\/wp-json\/wp\/v2\/types\/post"}],"author":[{"embeddable":true,"href":"https:\/\/luchonoticias.com\/editor\/wp-json\/wp\/v2\/users\/1"}],"replies":[{"embeddable":true,"href":"https:\/\/luchonoticias.com\/editor\/wp-json\/wp\/v2\/comments?post=37633"}],"version-history":[{"count":0,"href":"https:\/\/luchonoticias.com\/editor\/wp-json\/wp\/v2\/posts\/37633\/revisions"}],"wp:attachment":[{"href":"https:\/\/luchonoticias.com\/editor\/wp-json\/wp\/v2\/media?parent=37633"}],"wp:term":[{"taxonomy":"category","embeddable":true,"href":"https:\/\/luchonoticias.com\/editor\/wp-json\/wp\/v2\/categories?post=37633"},{"taxonomy":"post_tag","embeddable":true,"href":"https:\/\/luchonoticias.com\/editor\/wp-json\/wp\/v2\/tags?post=37633"}],"curies":[{"name":"wp","href":"https:\/\/api.w.org\/{rel}","templated":true}]}}