{"id":37650,"date":"2022-10-24T05:10:52","date_gmt":"2022-10-24T10:10:52","guid":{"rendered":"https:\/\/luchonoticias.com\/?p=37650"},"modified":"2022-10-24T05:10:53","modified_gmt":"2022-10-24T10:10:53","slug":"gobernador-del-huila-y-su-propuesta-para-el-manejo-del-pae","status":"publish","type":"post","link":"https:\/\/luchonoticias.com\/editor\/gobernador-del-huila-y-su-propuesta-para-el-manejo-del-pae\/","title":{"rendered":"Gobernador del Huila y su propuesta para el manejo del PAE"},"content":{"rendered":"\n<p>En recientes declaraciones, el Gobernador del Huila se\u00f1al\u00f3 que viene proponiendo al Gobierno Nacional&nbsp;<strong>una forma de ejecutar de mejor manera el Programa de Alimentaci\u00f3n Escolar<\/strong>&nbsp;en todo el pa\u00eds.<\/p>\n\n\n\n<p>\u201cNosotros le dijimos al Gobierno Nacional que&nbsp;<strong>el PAE realmente es un programa complejo que se ha prestado para muchas cosas y que todo el mundo lo asocia a la corrupci\u00f3n.<\/strong>&nbsp;En el Huila hemos hecho un trabajo absolutamente juicioso. Hemos garantizado que a las convocatorias de las licitaciones del PAE se presenten 14 o 15 proponentes y eso quiere decir que hay credibilidad y por eso hay pluralidad de oferentes, no est\u00e1n amarradas las licitaciones\u201d, afirm\u00f3 recientemente el mandatario departamental.<\/p>\n\n\n\n<p>Tambi\u00e9n dijo que&nbsp;<strong>el Programa de Alimentaci\u00f3n Escolar en el Huila ha contado con un trabajo juicioso<\/strong>, con seguimiento, con supervisores, con los rectores, padres de familia y comunidad vigilantes del proceso de prestaci\u00f3n del servicio en las instituciones educativas.<\/p>\n\n\n\n<p>\u201c<strong>El Huila es uno de los departamentos m\u00e1s exitosos en cuanto al PAE en Colombia; nos han felicitado varias veces desde el nivel nacional<\/strong>. Pero cada vez<strong>&nbsp;la plata alcanza menos.<\/strong>&nbsp;Para el pr\u00f3ximo a\u00f1o<strong>&nbsp;est\u00e1 desfinanciado el PAE del Huila&nbsp;<\/strong>y de todo el pa\u00eds. Por eso le hemos dicho al Ministro de Educaci\u00f3n, que ellos deben manejar directamente este programa con los municipios, o con las asociaciones de padres de familia, situaci\u00f3n que genera m\u00e1s sentido de pertenencia en la comunidad porque ellos mismos administrar\u00edan los alimentos de sus propios hijos. Creo que podr\u00eda ser mejor\u201d, a\u00f1adi\u00f3 el mandatario huilense.<\/p>\n\n\n\n<p>Finalmente manifest\u00f3 que el presidente, Gustavo Petro, ya ha anunciado que&nbsp;<strong>van a mirar esa posibilidad, de trabajar el PAE de manera m\u00e1s directa<\/strong>. \u201cEstamos esperando un anuncio del Ministro de Educaci\u00f3n, Alejandro Gaviria, que hace poco nos dijo que iban a hacer un planteamiento con respecto a este programa y estamos expectantes porque el PAE es muy importante para el bienestar de las comunidades educativas, pero demanda muchos recursos, hay mucho dinero de por medio, y hay que buscar la mejor manera de ejecutarlo\u201d, concluy\u00f3.<\/p>\n","protected":false},"excerpt":{"rendered":"<p>En recientes declaraciones, el Gobernador del Huila se\u00f1al\u00f3 que viene proponiendo al Gobierno Nacional&nbsp;una forma de ejecutar de mejor manera el Programa de Alimentaci\u00f3n Escolar&nbsp;en todo el pa\u00eds. \u201cNosotros le dijimos al Gobierno Nacional que&nbsp;el PAE realmente es un programa complejo que se ha prestado para muchas cosas y que todo el mundo lo asocia [&hellip;]<\/p>\n","protected":false},"author":1,"featured_media":0,"comment_status":"open","ping_status":"open","sticky":false,"template":"","format":"standard","meta":{"footnotes":""},"categories":[33],"tags":[],"class_list":["post-37650","post","type-post","status-publish","format-standard","hentry","category-huila"],"yoast_head":"<!-- This site is optimized with the Yoast SEO plugin v26.6 - https:\/\/yoast.com\/wordpress\/plugins\/seo\/ -->\n<title>Gobernador del Huila y su propuesta para el manejo del PAE -<\/title>\n<meta name=\"robots\" content=\"index, follow, max-snippet:-1, max-image-preview:large, max-video-preview:-1\" \/>\n<link rel=\"canonical\" href=\"https:\/\/luchonoticias.com\/editor\/gobernador-del-huila-y-su-propuesta-para-el-manejo-del-pae\/\" \/>\n<meta property=\"og:locale\" content=\"es_ES\" \/>\n<meta property=\"og:type\" content=\"article\" \/>\n<meta property=\"og:title\" content=\"Gobernador del Huila y su propuesta para el manejo del PAE -\" \/>\n<meta property=\"og:url\" content=\"https:\/\/luchonoticias.com\/editor\/gobernador-del-huila-y-su-propuesta-para-el-manejo-del-pae\/\" \/>\n<meta property=\"article:publisher\" content=\"https:\/\/www.facebook.com\/luchonoticiasneiva\" \/>\n<meta property=\"article:author\" content=\"https:\/\/www.facebook.com\/luchonoticiasneiva\" \/>\n<meta property=\"article:published_time\" content=\"2022-10-24T10:10:52+00:00\" \/>\n<meta property=\"article:modified_time\" content=\"2022-10-24T10:10:53+00:00\" \/>\n<meta name=\"author\" content=\"admin\" \/>\n<meta name=\"twitter:card\" content=\"summary_large_image\" \/>\n<meta name=\"twitter:label1\" content=\"Escrito por\" \/>\n\t<meta name=\"twitter:data1\" content=\"admin\" \/>\n\t<meta name=\"twitter:label2\" content=\"Tiempo de lectura\" \/>\n\t<meta name=\"twitter:data2\" content=\"2 minutos\" \/>\n<script type=\"application\/ld+json\" class=\"yoast-schema-graph\">{\"@context\":\"https:\/\/schema.org\",\"@graph\":[{\"@type\":\"Article\",\"@id\":\"https:\/\/luchonoticias.com\/editor\/gobernador-del-huila-y-su-propuesta-para-el-manejo-del-pae\/#article\",\"isPartOf\":{\"@id\":\"https:\/\/luchonoticias.com\/editor\/gobernador-del-huila-y-su-propuesta-para-el-manejo-del-pae\/\"},\"author\":{\"name\":\"admin\",\"@id\":\"https:\/\/luchonoticias.com\/editor\/#\/schema\/person\/7a7fd911f58561fd056dbac7b55af9cd\"},\"headline\":\"Gobernador del Huila y su propuesta para el manejo del PAE\",\"datePublished\":\"2022-10-24T10:10:52+00:00\",\"dateModified\":\"2022-10-24T10:10:53+00:00\",\"mainEntityOfPage\":{\"@id\":\"https:\/\/luchonoticias.com\/editor\/gobernador-del-huila-y-su-propuesta-para-el-manejo-del-pae\/\"},\"wordCount\":378,\"commentCount\":0,\"publisher\":{\"@id\":\"https:\/\/luchonoticias.com\/editor\/#\/schema\/person\/7a7fd911f58561fd056dbac7b55af9cd\"},\"articleSection\":[\"Huila\"],\"inLanguage\":\"es\",\"potentialAction\":[{\"@type\":\"CommentAction\",\"name\":\"Comment\",\"target\":[\"https:\/\/luchonoticias.com\/editor\/gobernador-del-huila-y-su-propuesta-para-el-manejo-del-pae\/#respond\"]}]},{\"@type\":\"WebPage\",\"@id\":\"https:\/\/luchonoticias.com\/editor\/gobernador-del-huila-y-su-propuesta-para-el-manejo-del-pae\/\",\"url\":\"https:\/\/luchonoticias.com\/editor\/gobernador-del-huila-y-su-propuesta-para-el-manejo-del-pae\/\",\"name\":\"Gobernador del Huila y su propuesta para el manejo del PAE -\",\"isPartOf\":{\"@id\":\"https:\/\/luchonoticias.com\/editor\/#website\"},\"datePublished\":\"2022-10-24T10:10:52+00:00\",\"dateModified\":\"2022-10-24T10:10:53+00:00\",\"breadcrumb\":{\"@id\":\"https:\/\/luchonoticias.com\/editor\/gobernador-del-huila-y-su-propuesta-para-el-manejo-del-pae\/#breadcrumb\"},\"inLanguage\":\"es\",\"potentialAction\":[{\"@type\":\"ReadAction\",\"target\":[\"https:\/\/luchonoticias.com\/editor\/gobernador-del-huila-y-su-propuesta-para-el-manejo-del-pae\/\"]}]},{\"@type\":\"BreadcrumbList\",\"@id\":\"https:\/\/luchonoticias.com\/editor\/gobernador-del-huila-y-su-propuesta-para-el-manejo-del-pae\/#breadcrumb\",\"itemListElement\":[{\"@type\":\"ListItem\",\"position\":1,\"name\":\"Portada\",\"item\":\"https:\/\/luchonoticias.com\/editor\/\"},{\"@type\":\"ListItem\",\"position\":2,\"name\":\"Gobernador del Huila y su propuesta para el manejo del PAE\"}]},{\"@type\":\"WebSite\",\"@id\":\"https:\/\/luchonoticias.com\/editor\/#website\",\"url\":\"https:\/\/luchonoticias.com\/editor\/\",\"name\":\"\",\"description\":\"\",\"publisher\":{\"@id\":\"https:\/\/luchonoticias.com\/editor\/#\/schema\/person\/7a7fd911f58561fd056dbac7b55af9cd\"},\"potentialAction\":[{\"@type\":\"SearchAction\",\"target\":{\"@type\":\"EntryPoint\",\"urlTemplate\":\"https:\/\/luchonoticias.com\/editor\/?s={search_term_string}\"},\"query-input\":{\"@type\":\"PropertyValueSpecification\",\"valueRequired\":true,\"valueName\":\"search_term_string\"}}],\"inLanguage\":\"es\"},{\"@type\":[\"Person\",\"Organization\"],\"@id\":\"https:\/\/luchonoticias.com\/editor\/#\/schema\/person\/7a7fd911f58561fd056dbac7b55af9cd\",\"name\":\"admin\",\"image\":{\"@type\":\"ImageObject\",\"inLanguage\":\"es\",\"@id\":\"https:\/\/luchonoticias.com\/editor\/#\/schema\/person\/image\/\",\"url\":\"https:\/\/luchonoticias.com\/editor\/wp-content\/uploads\/2024\/02\/cropped-cropped-logolu.webp\",\"contentUrl\":\"https:\/\/luchonoticias.com\/editor\/wp-content\/uploads\/2024\/02\/cropped-cropped-logolu.webp\",\"width\":382,\"height\":170,\"caption\":\"admin\"},\"logo\":{\"@id\":\"https:\/\/luchonoticias.com\/editor\/#\/schema\/person\/image\/\"},\"sameAs\":[\"https:\/\/www.facebook.com\/luchonoticiasneiva\"],\"url\":\"https:\/\/luchonoticias.com\/editor\/author\/admin\/\"}]}<\/script>\n<!-- \/ Yoast SEO plugin. -->","yoast_head_json":{"title":"Gobernador del Huila y su propuesta para el manejo del PAE -","robots":{"index":"index","follow":"follow","max-snippet":"max-snippet:-1","max-image-preview":"max-image-preview:large","max-video-preview":"max-video-preview:-1"},"canonical":"https:\/\/luchonoticias.com\/editor\/gobernador-del-huila-y-su-propuesta-para-el-manejo-del-pae\/","og_locale":"es_ES","og_type":"article","og_title":"Gobernador del Huila y su propuesta para el manejo del PAE -","og_url":"https:\/\/luchonoticias.com\/editor\/gobernador-del-huila-y-su-propuesta-para-el-manejo-del-pae\/","article_publisher":"https:\/\/www.facebook.com\/luchonoticiasneiva","article_author":"https:\/\/www.facebook.com\/luchonoticiasneiva","article_published_time":"2022-10-24T10:10:52+00:00","article_modified_time":"2022-10-24T10:10:53+00:00","author":"admin","twitter_card":"summary_large_image","twitter_misc":{"Escrito por":"admin","Tiempo de lectura":"2 minutos"},"schema":{"@context":"https:\/\/schema.org","@graph":[{"@type":"Article","@id":"https:\/\/luchonoticias.com\/editor\/gobernador-del-huila-y-su-propuesta-para-el-manejo-del-pae\/#article","isPartOf":{"@id":"https:\/\/luchonoticias.com\/editor\/gobernador-del-huila-y-su-propuesta-para-el-manejo-del-pae\/"},"author":{"name":"admin","@id":"https:\/\/luchonoticias.com\/editor\/#\/schema\/person\/7a7fd911f58561fd056dbac7b55af9cd"},"headline":"Gobernador del Huila y su propuesta para el manejo del PAE","datePublished":"2022-10-24T10:10:52+00:00","dateModified":"2022-10-24T10:10:53+00:00","mainEntityOfPage":{"@id":"https:\/\/luchonoticias.com\/editor\/gobernador-del-huila-y-su-propuesta-para-el-manejo-del-pae\/"},"wordCount":378,"commentCount":0,"publisher":{"@id":"https:\/\/luchonoticias.com\/editor\/#\/schema\/person\/7a7fd911f58561fd056dbac7b55af9cd"},"articleSection":["Huila"],"inLanguage":"es","potentialAction":[{"@type":"CommentAction","name":"Comment","target":["https:\/\/luchonoticias.com\/editor\/gobernador-del-huila-y-su-propuesta-para-el-manejo-del-pae\/#respond"]}]},{"@type":"WebPage","@id":"https:\/\/luchonoticias.com\/editor\/gobernador-del-huila-y-su-propuesta-para-el-manejo-del-pae\/","url":"https:\/\/luchonoticias.com\/editor\/gobernador-del-huila-y-su-propuesta-para-el-manejo-del-pae\/","name":"Gobernador del Huila y su propuesta para el manejo del PAE -","isPartOf":{"@id":"https:\/\/luchonoticias.com\/editor\/#website"},"datePublished":"2022-10-24T10:10:52+00:00","dateModified":"2022-10-24T10:10:53+00:00","breadcrumb":{"@id":"https:\/\/luchonoticias.com\/editor\/gobernador-del-huila-y-su-propuesta-para-el-manejo-del-pae\/#breadcrumb"},"inLanguage":"es","potentialAction":[{"@type":"ReadAction","target":["https:\/\/luchonoticias.com\/editor\/gobernador-del-huila-y-su-propuesta-para-el-manejo-del-pae\/"]}]},{"@type":"BreadcrumbList","@id":"https:\/\/luchonoticias.com\/editor\/gobernador-del-huila-y-su-propuesta-para-el-manejo-del-pae\/#breadcrumb","itemListElement":[{"@type":"ListItem","position":1,"name":"Portada","item":"https:\/\/luchonoticias.com\/editor\/"},{"@type":"ListItem","position":2,"name":"Gobernador del Huila y su propuesta para el manejo del PAE"}]},{"@type":"WebSite","@id":"https:\/\/luchonoticias.com\/editor\/#website","url":"https:\/\/luchonoticias.com\/editor\/","name":"","description":"","publisher":{"@id":"https:\/\/luchonoticias.com\/editor\/#\/schema\/person\/7a7fd911f58561fd056dbac7b55af9cd"},"potentialAction":[{"@type":"SearchAction","target":{"@type":"EntryPoint","urlTemplate":"https:\/\/luchonoticias.com\/editor\/?s={search_term_string}"},"query-input":{"@type":"PropertyValueSpecification","valueRequired":true,"valueName":"search_term_string"}}],"inLanguage":"es"},{"@type":["Person","Organization"],"@id":"https:\/\/luchonoticias.com\/editor\/#\/schema\/person\/7a7fd911f58561fd056dbac7b55af9cd","name":"admin","image":{"@type":"ImageObject","inLanguage":"es","@id":"https:\/\/luchonoticias.com\/editor\/#\/schema\/person\/image\/","url":"https:\/\/luchonoticias.com\/editor\/wp-content\/uploads\/2024\/02\/cropped-cropped-logolu.webp","contentUrl":"https:\/\/luchonoticias.com\/editor\/wp-content\/uploads\/2024\/02\/cropped-cropped-logolu.webp","width":382,"height":170,"caption":"admin"},"logo":{"@id":"https:\/\/luchonoticias.com\/editor\/#\/schema\/person\/image\/"},"sameAs":["https:\/\/www.facebook.com\/luchonoticiasneiva"],"url":"https:\/\/luchonoticias.com\/editor\/author\/admin\/"}]}},"_links":{"self":[{"href":"https:\/\/luchonoticias.com\/editor\/wp-json\/wp\/v2\/posts\/37650","targetHints":{"allow":["GET"]}}],"collection":[{"href":"https:\/\/luchonoticias.com\/editor\/wp-json\/wp\/v2\/posts"}],"about":[{"href":"https:\/\/luchonoticias.com\/editor\/wp-json\/wp\/v2\/types\/post"}],"author":[{"embeddable":true,"href":"https:\/\/luchonoticias.com\/editor\/wp-json\/wp\/v2\/users\/1"}],"replies":[{"embeddable":true,"href":"https:\/\/luchonoticias.com\/editor\/wp-json\/wp\/v2\/comments?post=37650"}],"version-history":[{"count":0,"href":"https:\/\/luchonoticias.com\/editor\/wp-json\/wp\/v2\/posts\/37650\/revisions"}],"wp:attachment":[{"href":"https:\/\/luchonoticias.com\/editor\/wp-json\/wp\/v2\/media?parent=37650"}],"wp:term":[{"taxonomy":"category","embeddable":true,"href":"https:\/\/luchonoticias.com\/editor\/wp-json\/wp\/v2\/categories?post=37650"},{"taxonomy":"post_tag","embeddable":true,"href":"https:\/\/luchonoticias.com\/editor\/wp-json\/wp\/v2\/tags?post=37650"}],"curies":[{"name":"wp","href":"https:\/\/api.w.org\/{rel}","templated":true}]}}