{"id":37707,"date":"2022-10-24T18:34:47","date_gmt":"2022-10-24T23:34:47","guid":{"rendered":"https:\/\/luchonoticias.com\/?p=37707"},"modified":"2022-10-24T18:34:48","modified_gmt":"2022-10-24T23:34:48","slug":"policia-realizo-plan-contra-el-hurto-de-equipos-moviles-en-neiva","status":"publish","type":"post","link":"https:\/\/luchonoticias.com\/editor\/policia-realizo-plan-contra-el-hurto-de-equipos-moviles-en-neiva\/","title":{"rendered":"Polic\u00eda realiz\u00f3 plan contra el hurto de equipos m\u00f3viles en Neiva \u00a0"},"content":{"rendered":"\n<p>La Polic\u00eda Metropolitana de Neiva en el marco del \u00abPlan cazador\u00bb intervino 10 establecimientos de comercio de reparaci\u00f3n y venta de equipos m\u00f3viles.<\/p>\n\n\n\n<p>\u201cEs as\u00ed como con el objetivo de prevenir el hurto y comercializaci\u00f3n de celulares robados, unidades de la Seccional de Investigaci\u00f3n Criminal y del Modelo Nacional de Vigilancia Comunitaria por Cuadrantes, se tomaron de manera sorpresiva diferentes locales utilizados para la reparaci\u00f3n y venta de este tipo de elementos\u201d, revelaron las autoridades en un comunicado.<\/p>\n\n\n\n<figure class=\"wp-block-gallery has-nested-images columns-default is-cropped wp-block-gallery-1 is-layout-flex wp-block-gallery-is-layout-flex\">\n<figure class=\"wp-block-image size-large\"><img decoding=\"async\" data-id=\"37709\" src=\"https:\/\/luchonoticias.com\/wp-content\/uploads\/2022\/10\/WhatsApp-Image-2022-10-24-at-3.42.02-PM-1024x734.jpeg\" alt=\"\" class=\"wp-image-37709\"\/><\/figure>\n\n\n\n<figure class=\"wp-block-image size-large\"><img decoding=\"async\" data-id=\"37710\" src=\"https:\/\/luchonoticias.com\/wp-content\/uploads\/2022\/10\/WhatsApp-Image-2022-10-24-at-3.41.39-PM-1024x738.jpeg\" alt=\"\" class=\"wp-image-37710\"\/><\/figure>\n<\/figure>\n\n\n\n<p>Asimismo, se conoci\u00f3 que en medio de los procedimientos fueron revisados los IMEI de m\u00e1s de 450 celulares para corroborar su procedencia legal.<\/p>\n\n\n\n<p>\u201cA esta hora, como resultado preliminar del plan, se han realizado 3 suspensiones de la actividad al mismo n\u00famero de establecimientos de comercio, al no cumplir con la documentaci\u00f3n necesaria para su funcionamiento o ejercer actividad diferente a la autorizada y la incautaci\u00f3n de un tel\u00e9fono celular reportado por hurto\u201d, agregaron la Polic\u00eda Metropolitana en el informe.<\/p>\n\n\n\n<figure class=\"wp-block-gallery has-nested-images columns-default is-cropped wp-block-gallery-2 is-layout-flex wp-block-gallery-is-layout-flex\">\n<figure class=\"wp-block-image size-large\"><img decoding=\"async\" data-id=\"37711\" src=\"https:\/\/luchonoticias.com\/wp-content\/uploads\/2022\/10\/WhatsApp-Image-2022-10-24-at-3.41.05-PM-1024x632.jpeg\" alt=\"\" class=\"wp-image-37711\"\/><\/figure>\n\n\n\n<figure class=\"wp-block-image size-large\"><img decoding=\"async\" data-id=\"37712\" src=\"https:\/\/luchonoticias.com\/wp-content\/uploads\/2022\/10\/WhatsApp-Image-2022-10-24-at-3.40.46-PM-1024x728.jpeg\" alt=\"\" class=\"wp-image-37712\"\/><\/figure>\n<\/figure>\n\n\n\n<p>De igual manera, dieron a conocer que, a trav\u00e9s de los uniformados del Grupo de Gesti\u00f3n Comunitaria, se adelantan campa\u00f1as para sensibilizar a los ciudadanos, sobre la importancia de adoptar medidas de autoprotecci\u00f3n para evitar ser v\u00edctima del flagelo del hurto de celulares y segundo, realizar las compras en sitios reconocidos, que brinden todas las garant\u00edas necesarias para no incentivar ni patrocinar la compra y venta de celulares robados.<\/p>\n\n\n\n<p>\u201cInvitamos a la ciudadan\u00eda a denunciar, a trav\u00e9s de nuestros canales de comunicaci\u00f3n, los sitios de venta il\u00edcita de terminales m\u00f3viles. Igualmente, antes de adquirir cualquier celular, verifique en la p\u00e1gina IMEI Colombia, la procedencia del mismo\u201d, concluyeron.<\/p>\n","protected":false},"excerpt":{"rendered":"<p>La Polic\u00eda Metropolitana de Neiva en el marco del \u00abPlan cazador\u00bb intervino 10 establecimientos de comercio de reparaci\u00f3n y venta de equipos m\u00f3viles. \u201cEs as\u00ed como con el objetivo de prevenir el hurto y comercializaci\u00f3n de celulares robados, unidades de la Seccional de Investigaci\u00f3n Criminal y del Modelo Nacional de Vigilancia Comunitaria por Cuadrantes, se [&hellip;]<\/p>\n","protected":false},"author":1,"featured_media":0,"comment_status":"open","ping_status":"open","sticky":false,"template":"","format":"standard","meta":{"footnotes":""},"categories":[36,29],"tags":[],"class_list":["post-37707","post","type-post","status-publish","format-standard","hentry","category-destacado","category-judicial"],"yoast_head":"<!-- This site is optimized with the Yoast SEO plugin v26.6 - https:\/\/yoast.com\/wordpress\/plugins\/seo\/ -->\n<title>Polic\u00eda realiz\u00f3 plan contra el hurto de equipos m\u00f3viles en Neiva \u00a0 -<\/title>\n<meta name=\"robots\" content=\"index, follow, max-snippet:-1, max-image-preview:large, max-video-preview:-1\" \/>\n<link rel=\"canonical\" href=\"https:\/\/luchonoticias.com\/editor\/policia-realizo-plan-contra-el-hurto-de-equipos-moviles-en-neiva\/\" \/>\n<meta property=\"og:locale\" content=\"es_ES\" \/>\n<meta property=\"og:type\" content=\"article\" \/>\n<meta property=\"og:title\" content=\"Polic\u00eda realiz\u00f3 plan contra el hurto de equipos m\u00f3viles en Neiva \u00a0 -\" \/>\n<meta property=\"og:url\" content=\"https:\/\/luchonoticias.com\/editor\/policia-realizo-plan-contra-el-hurto-de-equipos-moviles-en-neiva\/\" \/>\n<meta property=\"article:publisher\" content=\"https:\/\/www.facebook.com\/luchonoticiasneiva\" \/>\n<meta property=\"article:author\" content=\"https:\/\/www.facebook.com\/luchonoticiasneiva\" \/>\n<meta property=\"article:published_time\" content=\"2022-10-24T23:34:47+00:00\" \/>\n<meta property=\"article:modified_time\" content=\"2022-10-24T23:34:48+00:00\" \/>\n<meta property=\"og:image\" content=\"https:\/\/luchonoticias.com\/wp-content\/uploads\/2022\/10\/WhatsApp-Image-2022-10-24-at-3.42.02-PM-1024x734.jpeg\" \/>\n<meta name=\"author\" content=\"admin\" \/>\n<meta name=\"twitter:card\" content=\"summary_large_image\" \/>\n<meta name=\"twitter:label1\" content=\"Escrito por\" \/>\n\t<meta name=\"twitter:data1\" content=\"admin\" \/>\n\t<meta name=\"twitter:label2\" content=\"Tiempo de lectura\" \/>\n\t<meta name=\"twitter:data2\" content=\"1 minuto\" \/>\n<script type=\"application\/ld+json\" class=\"yoast-schema-graph\">{\"@context\":\"https:\/\/schema.org\",\"@graph\":[{\"@type\":\"Article\",\"@id\":\"https:\/\/luchonoticias.com\/editor\/policia-realizo-plan-contra-el-hurto-de-equipos-moviles-en-neiva\/#article\",\"isPartOf\":{\"@id\":\"https:\/\/luchonoticias.com\/editor\/policia-realizo-plan-contra-el-hurto-de-equipos-moviles-en-neiva\/\"},\"author\":{\"name\":\"admin\",\"@id\":\"https:\/\/luchonoticias.com\/editor\/#\/schema\/person\/7a7fd911f58561fd056dbac7b55af9cd\"},\"headline\":\"Polic\u00eda realiz\u00f3 plan contra el hurto de equipos m\u00f3viles en Neiva \u00a0\",\"datePublished\":\"2022-10-24T23:34:47+00:00\",\"dateModified\":\"2022-10-24T23:34:48+00:00\",\"mainEntityOfPage\":{\"@id\":\"https:\/\/luchonoticias.com\/editor\/policia-realizo-plan-contra-el-hurto-de-equipos-moviles-en-neiva\/\"},\"wordCount\":299,\"commentCount\":0,\"publisher\":{\"@id\":\"https:\/\/luchonoticias.com\/editor\/#\/schema\/person\/7a7fd911f58561fd056dbac7b55af9cd\"},\"image\":{\"@id\":\"https:\/\/luchonoticias.com\/editor\/policia-realizo-plan-contra-el-hurto-de-equipos-moviles-en-neiva\/#primaryimage\"},\"thumbnailUrl\":\"https:\/\/luchonoticias.com\/wp-content\/uploads\/2022\/10\/WhatsApp-Image-2022-10-24-at-3.42.02-PM-1024x734.jpeg\",\"articleSection\":[\"Destacado\",\"Judicial\"],\"inLanguage\":\"es\",\"potentialAction\":[{\"@type\":\"CommentAction\",\"name\":\"Comment\",\"target\":[\"https:\/\/luchonoticias.com\/editor\/policia-realizo-plan-contra-el-hurto-de-equipos-moviles-en-neiva\/#respond\"]}]},{\"@type\":\"WebPage\",\"@id\":\"https:\/\/luchonoticias.com\/editor\/policia-realizo-plan-contra-el-hurto-de-equipos-moviles-en-neiva\/\",\"url\":\"https:\/\/luchonoticias.com\/editor\/policia-realizo-plan-contra-el-hurto-de-equipos-moviles-en-neiva\/\",\"name\":\"Polic\u00eda realiz\u00f3 plan contra el hurto de equipos m\u00f3viles en Neiva \u00a0 -\",\"isPartOf\":{\"@id\":\"https:\/\/luchonoticias.com\/editor\/#website\"},\"primaryImageOfPage\":{\"@id\":\"https:\/\/luchonoticias.com\/editor\/policia-realizo-plan-contra-el-hurto-de-equipos-moviles-en-neiva\/#primaryimage\"},\"image\":{\"@id\":\"https:\/\/luchonoticias.com\/editor\/policia-realizo-plan-contra-el-hurto-de-equipos-moviles-en-neiva\/#primaryimage\"},\"thumbnailUrl\":\"https:\/\/luchonoticias.com\/wp-content\/uploads\/2022\/10\/WhatsApp-Image-2022-10-24-at-3.42.02-PM-1024x734.jpeg\",\"datePublished\":\"2022-10-24T23:34:47+00:00\",\"dateModified\":\"2022-10-24T23:34:48+00:00\",\"breadcrumb\":{\"@id\":\"https:\/\/luchonoticias.com\/editor\/policia-realizo-plan-contra-el-hurto-de-equipos-moviles-en-neiva\/#breadcrumb\"},\"inLanguage\":\"es\",\"potentialAction\":[{\"@type\":\"ReadAction\",\"target\":[\"https:\/\/luchonoticias.com\/editor\/policia-realizo-plan-contra-el-hurto-de-equipos-moviles-en-neiva\/\"]}]},{\"@type\":\"ImageObject\",\"inLanguage\":\"es\",\"@id\":\"https:\/\/luchonoticias.com\/editor\/policia-realizo-plan-contra-el-hurto-de-equipos-moviles-en-neiva\/#primaryimage\",\"url\":\"https:\/\/luchonoticias.com\/wp-content\/uploads\/2022\/10\/WhatsApp-Image-2022-10-24-at-3.42.02-PM-1024x734.jpeg\",\"contentUrl\":\"https:\/\/luchonoticias.com\/wp-content\/uploads\/2022\/10\/WhatsApp-Image-2022-10-24-at-3.42.02-PM-1024x734.jpeg\"},{\"@type\":\"BreadcrumbList\",\"@id\":\"https:\/\/luchonoticias.com\/editor\/policia-realizo-plan-contra-el-hurto-de-equipos-moviles-en-neiva\/#breadcrumb\",\"itemListElement\":[{\"@type\":\"ListItem\",\"position\":1,\"name\":\"Portada\",\"item\":\"https:\/\/luchonoticias.com\/editor\/\"},{\"@type\":\"ListItem\",\"position\":2,\"name\":\"Polic\u00eda realiz\u00f3 plan contra el hurto de equipos m\u00f3viles en Neiva \u00a0\"}]},{\"@type\":\"WebSite\",\"@id\":\"https:\/\/luchonoticias.com\/editor\/#website\",\"url\":\"https:\/\/luchonoticias.com\/editor\/\",\"name\":\"\",\"description\":\"\",\"publisher\":{\"@id\":\"https:\/\/luchonoticias.com\/editor\/#\/schema\/person\/7a7fd911f58561fd056dbac7b55af9cd\"},\"potentialAction\":[{\"@type\":\"SearchAction\",\"target\":{\"@type\":\"EntryPoint\",\"urlTemplate\":\"https:\/\/luchonoticias.com\/editor\/?s={search_term_string}\"},\"query-input\":{\"@type\":\"PropertyValueSpecification\",\"valueRequired\":true,\"valueName\":\"search_term_string\"}}],\"inLanguage\":\"es\"},{\"@type\":[\"Person\",\"Organization\"],\"@id\":\"https:\/\/luchonoticias.com\/editor\/#\/schema\/person\/7a7fd911f58561fd056dbac7b55af9cd\",\"name\":\"admin\",\"image\":{\"@type\":\"ImageObject\",\"inLanguage\":\"es\",\"@id\":\"https:\/\/luchonoticias.com\/editor\/#\/schema\/person\/image\/\",\"url\":\"https:\/\/luchonoticias.com\/editor\/wp-content\/uploads\/2024\/02\/cropped-cropped-logolu.webp\",\"contentUrl\":\"https:\/\/luchonoticias.com\/editor\/wp-content\/uploads\/2024\/02\/cropped-cropped-logolu.webp\",\"width\":382,\"height\":170,\"caption\":\"admin\"},\"logo\":{\"@id\":\"https:\/\/luchonoticias.com\/editor\/#\/schema\/person\/image\/\"},\"sameAs\":[\"https:\/\/www.facebook.com\/luchonoticiasneiva\"],\"url\":\"https:\/\/luchonoticias.com\/editor\/author\/admin\/\"}]}<\/script>\n<!-- \/ Yoast SEO plugin. -->","yoast_head_json":{"title":"Polic\u00eda realiz\u00f3 plan contra el hurto de equipos m\u00f3viles en Neiva \u00a0 -","robots":{"index":"index","follow":"follow","max-snippet":"max-snippet:-1","max-image-preview":"max-image-preview:large","max-video-preview":"max-video-preview:-1"},"canonical":"https:\/\/luchonoticias.com\/editor\/policia-realizo-plan-contra-el-hurto-de-equipos-moviles-en-neiva\/","og_locale":"es_ES","og_type":"article","og_title":"Polic\u00eda realiz\u00f3 plan contra el hurto de equipos m\u00f3viles en Neiva \u00a0 -","og_url":"https:\/\/luchonoticias.com\/editor\/policia-realizo-plan-contra-el-hurto-de-equipos-moviles-en-neiva\/","article_publisher":"https:\/\/www.facebook.com\/luchonoticiasneiva","article_author":"https:\/\/www.facebook.com\/luchonoticiasneiva","article_published_time":"2022-10-24T23:34:47+00:00","article_modified_time":"2022-10-24T23:34:48+00:00","og_image":[{"url":"https:\/\/luchonoticias.com\/wp-content\/uploads\/2022\/10\/WhatsApp-Image-2022-10-24-at-3.42.02-PM-1024x734.jpeg","type":"","width":"","height":""}],"author":"admin","twitter_card":"summary_large_image","twitter_misc":{"Escrito por":"admin","Tiempo de lectura":"1 minuto"},"schema":{"@context":"https:\/\/schema.org","@graph":[{"@type":"Article","@id":"https:\/\/luchonoticias.com\/editor\/policia-realizo-plan-contra-el-hurto-de-equipos-moviles-en-neiva\/#article","isPartOf":{"@id":"https:\/\/luchonoticias.com\/editor\/policia-realizo-plan-contra-el-hurto-de-equipos-moviles-en-neiva\/"},"author":{"name":"admin","@id":"https:\/\/luchonoticias.com\/editor\/#\/schema\/person\/7a7fd911f58561fd056dbac7b55af9cd"},"headline":"Polic\u00eda realiz\u00f3 plan contra el hurto de equipos m\u00f3viles en Neiva \u00a0","datePublished":"2022-10-24T23:34:47+00:00","dateModified":"2022-10-24T23:34:48+00:00","mainEntityOfPage":{"@id":"https:\/\/luchonoticias.com\/editor\/policia-realizo-plan-contra-el-hurto-de-equipos-moviles-en-neiva\/"},"wordCount":299,"commentCount":0,"publisher":{"@id":"https:\/\/luchonoticias.com\/editor\/#\/schema\/person\/7a7fd911f58561fd056dbac7b55af9cd"},"image":{"@id":"https:\/\/luchonoticias.com\/editor\/policia-realizo-plan-contra-el-hurto-de-equipos-moviles-en-neiva\/#primaryimage"},"thumbnailUrl":"https:\/\/luchonoticias.com\/wp-content\/uploads\/2022\/10\/WhatsApp-Image-2022-10-24-at-3.42.02-PM-1024x734.jpeg","articleSection":["Destacado","Judicial"],"inLanguage":"es","potentialAction":[{"@type":"CommentAction","name":"Comment","target":["https:\/\/luchonoticias.com\/editor\/policia-realizo-plan-contra-el-hurto-de-equipos-moviles-en-neiva\/#respond"]}]},{"@type":"WebPage","@id":"https:\/\/luchonoticias.com\/editor\/policia-realizo-plan-contra-el-hurto-de-equipos-moviles-en-neiva\/","url":"https:\/\/luchonoticias.com\/editor\/policia-realizo-plan-contra-el-hurto-de-equipos-moviles-en-neiva\/","name":"Polic\u00eda realiz\u00f3 plan contra el hurto de equipos m\u00f3viles en Neiva \u00a0 -","isPartOf":{"@id":"https:\/\/luchonoticias.com\/editor\/#website"},"primaryImageOfPage":{"@id":"https:\/\/luchonoticias.com\/editor\/policia-realizo-plan-contra-el-hurto-de-equipos-moviles-en-neiva\/#primaryimage"},"image":{"@id":"https:\/\/luchonoticias.com\/editor\/policia-realizo-plan-contra-el-hurto-de-equipos-moviles-en-neiva\/#primaryimage"},"thumbnailUrl":"https:\/\/luchonoticias.com\/wp-content\/uploads\/2022\/10\/WhatsApp-Image-2022-10-24-at-3.42.02-PM-1024x734.jpeg","datePublished":"2022-10-24T23:34:47+00:00","dateModified":"2022-10-24T23:34:48+00:00","breadcrumb":{"@id":"https:\/\/luchonoticias.com\/editor\/policia-realizo-plan-contra-el-hurto-de-equipos-moviles-en-neiva\/#breadcrumb"},"inLanguage":"es","potentialAction":[{"@type":"ReadAction","target":["https:\/\/luchonoticias.com\/editor\/policia-realizo-plan-contra-el-hurto-de-equipos-moviles-en-neiva\/"]}]},{"@type":"ImageObject","inLanguage":"es","@id":"https:\/\/luchonoticias.com\/editor\/policia-realizo-plan-contra-el-hurto-de-equipos-moviles-en-neiva\/#primaryimage","url":"https:\/\/luchonoticias.com\/wp-content\/uploads\/2022\/10\/WhatsApp-Image-2022-10-24-at-3.42.02-PM-1024x734.jpeg","contentUrl":"https:\/\/luchonoticias.com\/wp-content\/uploads\/2022\/10\/WhatsApp-Image-2022-10-24-at-3.42.02-PM-1024x734.jpeg"},{"@type":"BreadcrumbList","@id":"https:\/\/luchonoticias.com\/editor\/policia-realizo-plan-contra-el-hurto-de-equipos-moviles-en-neiva\/#breadcrumb","itemListElement":[{"@type":"ListItem","position":1,"name":"Portada","item":"https:\/\/luchonoticias.com\/editor\/"},{"@type":"ListItem","position":2,"name":"Polic\u00eda realiz\u00f3 plan contra el hurto de equipos m\u00f3viles en Neiva \u00a0"}]},{"@type":"WebSite","@id":"https:\/\/luchonoticias.com\/editor\/#website","url":"https:\/\/luchonoticias.com\/editor\/","name":"","description":"","publisher":{"@id":"https:\/\/luchonoticias.com\/editor\/#\/schema\/person\/7a7fd911f58561fd056dbac7b55af9cd"},"potentialAction":[{"@type":"SearchAction","target":{"@type":"EntryPoint","urlTemplate":"https:\/\/luchonoticias.com\/editor\/?s={search_term_string}"},"query-input":{"@type":"PropertyValueSpecification","valueRequired":true,"valueName":"search_term_string"}}],"inLanguage":"es"},{"@type":["Person","Organization"],"@id":"https:\/\/luchonoticias.com\/editor\/#\/schema\/person\/7a7fd911f58561fd056dbac7b55af9cd","name":"admin","image":{"@type":"ImageObject","inLanguage":"es","@id":"https:\/\/luchonoticias.com\/editor\/#\/schema\/person\/image\/","url":"https:\/\/luchonoticias.com\/editor\/wp-content\/uploads\/2024\/02\/cropped-cropped-logolu.webp","contentUrl":"https:\/\/luchonoticias.com\/editor\/wp-content\/uploads\/2024\/02\/cropped-cropped-logolu.webp","width":382,"height":170,"caption":"admin"},"logo":{"@id":"https:\/\/luchonoticias.com\/editor\/#\/schema\/person\/image\/"},"sameAs":["https:\/\/www.facebook.com\/luchonoticiasneiva"],"url":"https:\/\/luchonoticias.com\/editor\/author\/admin\/"}]}},"_links":{"self":[{"href":"https:\/\/luchonoticias.com\/editor\/wp-json\/wp\/v2\/posts\/37707","targetHints":{"allow":["GET"]}}],"collection":[{"href":"https:\/\/luchonoticias.com\/editor\/wp-json\/wp\/v2\/posts"}],"about":[{"href":"https:\/\/luchonoticias.com\/editor\/wp-json\/wp\/v2\/types\/post"}],"author":[{"embeddable":true,"href":"https:\/\/luchonoticias.com\/editor\/wp-json\/wp\/v2\/users\/1"}],"replies":[{"embeddable":true,"href":"https:\/\/luchonoticias.com\/editor\/wp-json\/wp\/v2\/comments?post=37707"}],"version-history":[{"count":0,"href":"https:\/\/luchonoticias.com\/editor\/wp-json\/wp\/v2\/posts\/37707\/revisions"}],"wp:attachment":[{"href":"https:\/\/luchonoticias.com\/editor\/wp-json\/wp\/v2\/media?parent=37707"}],"wp:term":[{"taxonomy":"category","embeddable":true,"href":"https:\/\/luchonoticias.com\/editor\/wp-json\/wp\/v2\/categories?post=37707"},{"taxonomy":"post_tag","embeddable":true,"href":"https:\/\/luchonoticias.com\/editor\/wp-json\/wp\/v2\/tags?post=37707"}],"curies":[{"name":"wp","href":"https:\/\/api.w.org\/{rel}","templated":true}]}}