{"id":37714,"date":"2022-10-24T18:49:28","date_gmt":"2022-10-24T23:49:28","guid":{"rendered":"https:\/\/luchonoticias.com\/?p=37714"},"modified":"2022-10-24T18:49:29","modified_gmt":"2022-10-24T23:49:29","slug":"senado-elimina-articulo-que-cambiaba-el-servicio-militar-obligatorio-por-el-servicio-social","status":"publish","type":"post","link":"https:\/\/luchonoticias.com\/editor\/senado-elimina-articulo-que-cambiaba-el-servicio-militar-obligatorio-por-el-servicio-social\/","title":{"rendered":"Senado elimina art\u00edculo que cambiaba el servicio militar obligatorio por el servicio social"},"content":{"rendered":"\n<p>Con un total de 40 votos por el s\u00ed y 37 por el no, este art\u00edculo fue eliminado de Ley de Paz Total, que se discute este lunes en la plenaria del Senado de la Rep\u00fablica.<\/p>\n\n\n\n<p>\u00abPor 40 votos contra 37, acaba de ser hundido el servicio social para la paz que reemplazaba el servicio militar obligatorio. Nos faltaron tres votos. Tenemos que estar m\u00e1s pendientes. Incre\u00edble que el futuro de los j\u00f3venes se pierda as\u00ed !La derecha aplaudi\u00f3 feliz! Aman la guerra\u00bb, escribi\u00f3 en su cuenta de Twitter el senador del Pacto Hist\u00f3rico, Gustavo Bol\u00edvar.<\/p>\n\n\n\n<p>El hundimiento de esta propuesta fue un golpe fuerte al Gobierno Nacional que, a trav\u00e9s del ministro de Defensa, Iv\u00e1n Vel\u00e1squez, hab\u00eda defendido la posibilidad de tener de forma paralela el servicio para la paz y el servicio militar obligatorio.<\/p>\n","protected":false},"excerpt":{"rendered":"<p>Con un total de 40 votos por el s\u00ed y 37 por el no, este art\u00edculo fue eliminado de Ley de Paz Total, que se discute este lunes en la plenaria del Senado de la Rep\u00fablica. \u00abPor 40 votos contra 37, acaba de ser hundido el servicio social para la paz que reemplazaba el servicio [&hellip;]<\/p>\n","protected":false},"author":1,"featured_media":0,"comment_status":"open","ping_status":"open","sticky":false,"template":"","format":"standard","meta":{"footnotes":""},"categories":[36,32],"tags":[],"class_list":["post-37714","post","type-post","status-publish","format-standard","hentry","category-destacado","category-nacional"],"yoast_head":"<!-- This site is optimized with the Yoast SEO plugin v26.6 - https:\/\/yoast.com\/wordpress\/plugins\/seo\/ -->\n<title>Senado elimina art\u00edculo que cambiaba el servicio militar obligatorio por el servicio social -<\/title>\n<meta name=\"robots\" content=\"index, follow, max-snippet:-1, max-image-preview:large, max-video-preview:-1\" \/>\n<link rel=\"canonical\" href=\"https:\/\/luchonoticias.com\/editor\/senado-elimina-articulo-que-cambiaba-el-servicio-militar-obligatorio-por-el-servicio-social\/\" \/>\n<meta property=\"og:locale\" content=\"es_ES\" \/>\n<meta property=\"og:type\" content=\"article\" \/>\n<meta property=\"og:title\" content=\"Senado elimina art\u00edculo que cambiaba el servicio militar obligatorio por el servicio social -\" \/>\n<meta property=\"og:url\" content=\"https:\/\/luchonoticias.com\/editor\/senado-elimina-articulo-que-cambiaba-el-servicio-militar-obligatorio-por-el-servicio-social\/\" \/>\n<meta property=\"article:publisher\" content=\"https:\/\/www.facebook.com\/luchonoticiasneiva\" \/>\n<meta property=\"article:author\" content=\"https:\/\/www.facebook.com\/luchonoticiasneiva\" \/>\n<meta property=\"article:published_time\" content=\"2022-10-24T23:49:28+00:00\" \/>\n<meta property=\"article:modified_time\" content=\"2022-10-24T23:49:29+00:00\" \/>\n<meta name=\"author\" content=\"admin\" \/>\n<meta name=\"twitter:card\" content=\"summary_large_image\" \/>\n<meta name=\"twitter:label1\" content=\"Escrito por\" \/>\n\t<meta name=\"twitter:data1\" content=\"admin\" \/>\n\t<meta name=\"twitter:label2\" content=\"Tiempo de lectura\" \/>\n\t<meta name=\"twitter:data2\" content=\"1 minuto\" \/>\n<script type=\"application\/ld+json\" class=\"yoast-schema-graph\">{\"@context\":\"https:\/\/schema.org\",\"@graph\":[{\"@type\":\"Article\",\"@id\":\"https:\/\/luchonoticias.com\/editor\/senado-elimina-articulo-que-cambiaba-el-servicio-militar-obligatorio-por-el-servicio-social\/#article\",\"isPartOf\":{\"@id\":\"https:\/\/luchonoticias.com\/editor\/senado-elimina-articulo-que-cambiaba-el-servicio-militar-obligatorio-por-el-servicio-social\/\"},\"author\":{\"name\":\"admin\",\"@id\":\"https:\/\/luchonoticias.com\/editor\/#\/schema\/person\/7a7fd911f58561fd056dbac7b55af9cd\"},\"headline\":\"Senado elimina art\u00edculo que cambiaba el servicio militar obligatorio por el servicio social\",\"datePublished\":\"2022-10-24T23:49:28+00:00\",\"dateModified\":\"2022-10-24T23:49:29+00:00\",\"mainEntityOfPage\":{\"@id\":\"https:\/\/luchonoticias.com\/editor\/senado-elimina-articulo-que-cambiaba-el-servicio-militar-obligatorio-por-el-servicio-social\/\"},\"wordCount\":157,\"commentCount\":0,\"publisher\":{\"@id\":\"https:\/\/luchonoticias.com\/editor\/#\/schema\/person\/7a7fd911f58561fd056dbac7b55af9cd\"},\"articleSection\":[\"Destacado\",\"Nacional\"],\"inLanguage\":\"es\",\"potentialAction\":[{\"@type\":\"CommentAction\",\"name\":\"Comment\",\"target\":[\"https:\/\/luchonoticias.com\/editor\/senado-elimina-articulo-que-cambiaba-el-servicio-militar-obligatorio-por-el-servicio-social\/#respond\"]}]},{\"@type\":\"WebPage\",\"@id\":\"https:\/\/luchonoticias.com\/editor\/senado-elimina-articulo-que-cambiaba-el-servicio-militar-obligatorio-por-el-servicio-social\/\",\"url\":\"https:\/\/luchonoticias.com\/editor\/senado-elimina-articulo-que-cambiaba-el-servicio-militar-obligatorio-por-el-servicio-social\/\",\"name\":\"Senado elimina art\u00edculo que cambiaba el servicio militar obligatorio por el servicio social -\",\"isPartOf\":{\"@id\":\"https:\/\/luchonoticias.com\/editor\/#website\"},\"datePublished\":\"2022-10-24T23:49:28+00:00\",\"dateModified\":\"2022-10-24T23:49:29+00:00\",\"breadcrumb\":{\"@id\":\"https:\/\/luchonoticias.com\/editor\/senado-elimina-articulo-que-cambiaba-el-servicio-militar-obligatorio-por-el-servicio-social\/#breadcrumb\"},\"inLanguage\":\"es\",\"potentialAction\":[{\"@type\":\"ReadAction\",\"target\":[\"https:\/\/luchonoticias.com\/editor\/senado-elimina-articulo-que-cambiaba-el-servicio-militar-obligatorio-por-el-servicio-social\/\"]}]},{\"@type\":\"BreadcrumbList\",\"@id\":\"https:\/\/luchonoticias.com\/editor\/senado-elimina-articulo-que-cambiaba-el-servicio-militar-obligatorio-por-el-servicio-social\/#breadcrumb\",\"itemListElement\":[{\"@type\":\"ListItem\",\"position\":1,\"name\":\"Portada\",\"item\":\"https:\/\/luchonoticias.com\/editor\/\"},{\"@type\":\"ListItem\",\"position\":2,\"name\":\"Senado elimina art\u00edculo que cambiaba el servicio militar obligatorio por el servicio social\"}]},{\"@type\":\"WebSite\",\"@id\":\"https:\/\/luchonoticias.com\/editor\/#website\",\"url\":\"https:\/\/luchonoticias.com\/editor\/\",\"name\":\"\",\"description\":\"\",\"publisher\":{\"@id\":\"https:\/\/luchonoticias.com\/editor\/#\/schema\/person\/7a7fd911f58561fd056dbac7b55af9cd\"},\"potentialAction\":[{\"@type\":\"SearchAction\",\"target\":{\"@type\":\"EntryPoint\",\"urlTemplate\":\"https:\/\/luchonoticias.com\/editor\/?s={search_term_string}\"},\"query-input\":{\"@type\":\"PropertyValueSpecification\",\"valueRequired\":true,\"valueName\":\"search_term_string\"}}],\"inLanguage\":\"es\"},{\"@type\":[\"Person\",\"Organization\"],\"@id\":\"https:\/\/luchonoticias.com\/editor\/#\/schema\/person\/7a7fd911f58561fd056dbac7b55af9cd\",\"name\":\"admin\",\"image\":{\"@type\":\"ImageObject\",\"inLanguage\":\"es\",\"@id\":\"https:\/\/luchonoticias.com\/editor\/#\/schema\/person\/image\/\",\"url\":\"https:\/\/luchonoticias.com\/editor\/wp-content\/uploads\/2024\/02\/cropped-cropped-logolu.webp\",\"contentUrl\":\"https:\/\/luchonoticias.com\/editor\/wp-content\/uploads\/2024\/02\/cropped-cropped-logolu.webp\",\"width\":382,\"height\":170,\"caption\":\"admin\"},\"logo\":{\"@id\":\"https:\/\/luchonoticias.com\/editor\/#\/schema\/person\/image\/\"},\"sameAs\":[\"https:\/\/www.facebook.com\/luchonoticiasneiva\"],\"url\":\"https:\/\/luchonoticias.com\/editor\/author\/admin\/\"}]}<\/script>\n<!-- \/ Yoast SEO plugin. -->","yoast_head_json":{"title":"Senado elimina art\u00edculo que cambiaba el servicio militar obligatorio por el servicio social -","robots":{"index":"index","follow":"follow","max-snippet":"max-snippet:-1","max-image-preview":"max-image-preview:large","max-video-preview":"max-video-preview:-1"},"canonical":"https:\/\/luchonoticias.com\/editor\/senado-elimina-articulo-que-cambiaba-el-servicio-militar-obligatorio-por-el-servicio-social\/","og_locale":"es_ES","og_type":"article","og_title":"Senado elimina art\u00edculo que cambiaba el servicio militar obligatorio por el servicio social -","og_url":"https:\/\/luchonoticias.com\/editor\/senado-elimina-articulo-que-cambiaba-el-servicio-militar-obligatorio-por-el-servicio-social\/","article_publisher":"https:\/\/www.facebook.com\/luchonoticiasneiva","article_author":"https:\/\/www.facebook.com\/luchonoticiasneiva","article_published_time":"2022-10-24T23:49:28+00:00","article_modified_time":"2022-10-24T23:49:29+00:00","author":"admin","twitter_card":"summary_large_image","twitter_misc":{"Escrito por":"admin","Tiempo de lectura":"1 minuto"},"schema":{"@context":"https:\/\/schema.org","@graph":[{"@type":"Article","@id":"https:\/\/luchonoticias.com\/editor\/senado-elimina-articulo-que-cambiaba-el-servicio-militar-obligatorio-por-el-servicio-social\/#article","isPartOf":{"@id":"https:\/\/luchonoticias.com\/editor\/senado-elimina-articulo-que-cambiaba-el-servicio-militar-obligatorio-por-el-servicio-social\/"},"author":{"name":"admin","@id":"https:\/\/luchonoticias.com\/editor\/#\/schema\/person\/7a7fd911f58561fd056dbac7b55af9cd"},"headline":"Senado elimina art\u00edculo que cambiaba el servicio militar obligatorio por el servicio social","datePublished":"2022-10-24T23:49:28+00:00","dateModified":"2022-10-24T23:49:29+00:00","mainEntityOfPage":{"@id":"https:\/\/luchonoticias.com\/editor\/senado-elimina-articulo-que-cambiaba-el-servicio-militar-obligatorio-por-el-servicio-social\/"},"wordCount":157,"commentCount":0,"publisher":{"@id":"https:\/\/luchonoticias.com\/editor\/#\/schema\/person\/7a7fd911f58561fd056dbac7b55af9cd"},"articleSection":["Destacado","Nacional"],"inLanguage":"es","potentialAction":[{"@type":"CommentAction","name":"Comment","target":["https:\/\/luchonoticias.com\/editor\/senado-elimina-articulo-que-cambiaba-el-servicio-militar-obligatorio-por-el-servicio-social\/#respond"]}]},{"@type":"WebPage","@id":"https:\/\/luchonoticias.com\/editor\/senado-elimina-articulo-que-cambiaba-el-servicio-militar-obligatorio-por-el-servicio-social\/","url":"https:\/\/luchonoticias.com\/editor\/senado-elimina-articulo-que-cambiaba-el-servicio-militar-obligatorio-por-el-servicio-social\/","name":"Senado elimina art\u00edculo que cambiaba el servicio militar obligatorio por el servicio social -","isPartOf":{"@id":"https:\/\/luchonoticias.com\/editor\/#website"},"datePublished":"2022-10-24T23:49:28+00:00","dateModified":"2022-10-24T23:49:29+00:00","breadcrumb":{"@id":"https:\/\/luchonoticias.com\/editor\/senado-elimina-articulo-que-cambiaba-el-servicio-militar-obligatorio-por-el-servicio-social\/#breadcrumb"},"inLanguage":"es","potentialAction":[{"@type":"ReadAction","target":["https:\/\/luchonoticias.com\/editor\/senado-elimina-articulo-que-cambiaba-el-servicio-militar-obligatorio-por-el-servicio-social\/"]}]},{"@type":"BreadcrumbList","@id":"https:\/\/luchonoticias.com\/editor\/senado-elimina-articulo-que-cambiaba-el-servicio-militar-obligatorio-por-el-servicio-social\/#breadcrumb","itemListElement":[{"@type":"ListItem","position":1,"name":"Portada","item":"https:\/\/luchonoticias.com\/editor\/"},{"@type":"ListItem","position":2,"name":"Senado elimina art\u00edculo que cambiaba el servicio militar obligatorio por el servicio social"}]},{"@type":"WebSite","@id":"https:\/\/luchonoticias.com\/editor\/#website","url":"https:\/\/luchonoticias.com\/editor\/","name":"","description":"","publisher":{"@id":"https:\/\/luchonoticias.com\/editor\/#\/schema\/person\/7a7fd911f58561fd056dbac7b55af9cd"},"potentialAction":[{"@type":"SearchAction","target":{"@type":"EntryPoint","urlTemplate":"https:\/\/luchonoticias.com\/editor\/?s={search_term_string}"},"query-input":{"@type":"PropertyValueSpecification","valueRequired":true,"valueName":"search_term_string"}}],"inLanguage":"es"},{"@type":["Person","Organization"],"@id":"https:\/\/luchonoticias.com\/editor\/#\/schema\/person\/7a7fd911f58561fd056dbac7b55af9cd","name":"admin","image":{"@type":"ImageObject","inLanguage":"es","@id":"https:\/\/luchonoticias.com\/editor\/#\/schema\/person\/image\/","url":"https:\/\/luchonoticias.com\/editor\/wp-content\/uploads\/2024\/02\/cropped-cropped-logolu.webp","contentUrl":"https:\/\/luchonoticias.com\/editor\/wp-content\/uploads\/2024\/02\/cropped-cropped-logolu.webp","width":382,"height":170,"caption":"admin"},"logo":{"@id":"https:\/\/luchonoticias.com\/editor\/#\/schema\/person\/image\/"},"sameAs":["https:\/\/www.facebook.com\/luchonoticiasneiva"],"url":"https:\/\/luchonoticias.com\/editor\/author\/admin\/"}]}},"_links":{"self":[{"href":"https:\/\/luchonoticias.com\/editor\/wp-json\/wp\/v2\/posts\/37714","targetHints":{"allow":["GET"]}}],"collection":[{"href":"https:\/\/luchonoticias.com\/editor\/wp-json\/wp\/v2\/posts"}],"about":[{"href":"https:\/\/luchonoticias.com\/editor\/wp-json\/wp\/v2\/types\/post"}],"author":[{"embeddable":true,"href":"https:\/\/luchonoticias.com\/editor\/wp-json\/wp\/v2\/users\/1"}],"replies":[{"embeddable":true,"href":"https:\/\/luchonoticias.com\/editor\/wp-json\/wp\/v2\/comments?post=37714"}],"version-history":[{"count":0,"href":"https:\/\/luchonoticias.com\/editor\/wp-json\/wp\/v2\/posts\/37714\/revisions"}],"wp:attachment":[{"href":"https:\/\/luchonoticias.com\/editor\/wp-json\/wp\/v2\/media?parent=37714"}],"wp:term":[{"taxonomy":"category","embeddable":true,"href":"https:\/\/luchonoticias.com\/editor\/wp-json\/wp\/v2\/categories?post=37714"},{"taxonomy":"post_tag","embeddable":true,"href":"https:\/\/luchonoticias.com\/editor\/wp-json\/wp\/v2\/tags?post=37714"}],"curies":[{"name":"wp","href":"https:\/\/api.w.org\/{rel}","templated":true}]}}