{"id":37876,"date":"2022-10-26T11:40:18","date_gmt":"2022-10-26T16:40:18","guid":{"rendered":"https:\/\/luchonoticias.com\/?p=37876"},"modified":"2022-10-26T11:40:19","modified_gmt":"2022-10-26T16:40:19","slug":"agencia-de-empleo-de-comfamiliar-abre-45-vacantes-para-el-huila","status":"publish","type":"post","link":"https:\/\/luchonoticias.com\/editor\/agencia-de-empleo-de-comfamiliar-abre-45-vacantes-para-el-huila\/","title":{"rendered":"Agencia de Empleo de Comfamiliar abre 45 vacantes para el Huila\u00a0"},"content":{"rendered":"\n<p>Desde que inici\u00f3 su funcionamiento&nbsp;la&nbsp;Agencia de Empleo Comfamiliar se ha constituido como el enlace entre buscadores y organizaciones, contribuyendo al desarrollo del departamento y apost\u00e1ndole a crear una red en la que sea m\u00e1s f\u00e1cil conseguir un trabajo digno para los colombianos. &nbsp;<\/p>\n\n\n\n<p>Esta estrategia liderada por el Ministerio del Trabajo y operada por&nbsp;Comfamiliar Huila se ha ganado en sus m\u00e1s de nueve (9) a\u00f1os,&nbsp;la confianza tanto de buscadores de empleo como de las organizaciones, quienes ven en la Agencia la posibilidad de encontrar el recurso humano que necesitan para el desarrollo de su actividad comercial.&nbsp;<\/p>\n\n\n\n<p>Entre las vacantes que se destacan en esta oportunidad laboral para los huilenses, se&nbsp;encuentran las siguientes: conductor operativo (a), gestor administrativo (a) y contable, asistente de servicios y\/o operaciones; director (a) jur\u00eddica (o), auxiliar contable, ayudante de construcci\u00f3n, supervisor (a) comercial, operador (a) motoniveladora, analista de licitaciones, entre otras. Todas estas ofertas laborales, la poblaci\u00f3n cesante podr\u00e1 encontrarla en la p\u00e1gina web&nbsp;<a href=\"http:\/\/www.comfamiliarhuila.com\/\" target=\"_blank\" rel=\"noreferrer noopener\">www.comfamiliarhuila.com<\/a>&nbsp;donde podr\u00e1n aplicar a cada una de ellas de acuerdo a su perfil. &nbsp;<\/p>\n\n\n\n<p>En lo que va corrido del a\u00f1o, 4.333 empresas le han apostado a la transparencia utilizando la plataforma de Agencia de Empleo como el medio m\u00e1s&nbsp;eficaz para enriquecer su talento humano.&nbsp;&nbsp;Al tiempo que 118.671 personas han inscrito su hoja de vida en la plataforma.&nbsp;<\/p>\n\n\n\n<p>Es de resaltar&nbsp;que,&nbsp;la&nbsp;Agencia de Empleo no se queda solo en la remisi\u00f3n de hojas de vida, los buscadores de empleo reciben capacitaci\u00f3n en distintas \u00e1reas, potencializando sus habilidades, mejorando sus destrezas y obteniendo pr\u00e1cticas para prestar un servicio \u00f3ptimo a las empresas que los solicitan.&nbsp;<\/p>\n\n\n\n<p>\u201cInvitamos a la poblaci\u00f3n cesante a que inscriban su hoja de vida en nuestra&nbsp;Agencia de&nbsp;Empleo, y de esta manera poder reinsertarse a la vida laboral en las m\u00e1s de 45 vacantes que tenemos en las diferentes empresas registradas en la plataforma, recordarles que adem\u00e1s de poder postularse a las ofertas laborales tienen la oportunidad de recibir orientaci\u00f3n y capacitaci\u00f3n laboral para fortalecer sus competencias\u201d manifest\u00f3 Juan Camilo Polan\u00eda jefe de Empleabilidad de la Agencia de Empleo Comfamiliar. &nbsp;<\/p>\n","protected":false},"excerpt":{"rendered":"<p>Desde que inici\u00f3 su funcionamiento&nbsp;la&nbsp;Agencia de Empleo Comfamiliar se ha constituido como el enlace entre buscadores y organizaciones, contribuyendo al desarrollo del departamento y apost\u00e1ndole a crear una red en la que sea m\u00e1s f\u00e1cil conseguir un trabajo digno para los colombianos. &nbsp; Esta estrategia liderada por el Ministerio del Trabajo y operada por&nbsp;Comfamiliar Huila [&hellip;]<\/p>\n","protected":false},"author":1,"featured_media":0,"comment_status":"open","ping_status":"open","sticky":false,"template":"","format":"standard","meta":{"footnotes":""},"categories":[36,31],"tags":[],"class_list":["post-37876","post","type-post","status-publish","format-standard","hentry","category-destacado","category-local"],"yoast_head":"<!-- This site is optimized with the Yoast SEO plugin v26.6 - https:\/\/yoast.com\/wordpress\/plugins\/seo\/ -->\n<title>Agencia de Empleo de Comfamiliar abre 45 vacantes para el Huila\u00a0 -<\/title>\n<meta name=\"robots\" content=\"index, follow, max-snippet:-1, max-image-preview:large, max-video-preview:-1\" \/>\n<link rel=\"canonical\" href=\"https:\/\/luchonoticias.com\/editor\/agencia-de-empleo-de-comfamiliar-abre-45-vacantes-para-el-huila\/\" \/>\n<meta property=\"og:locale\" content=\"es_ES\" \/>\n<meta property=\"og:type\" content=\"article\" \/>\n<meta property=\"og:title\" content=\"Agencia de Empleo de Comfamiliar abre 45 vacantes para el Huila\u00a0 -\" \/>\n<meta property=\"og:url\" content=\"https:\/\/luchonoticias.com\/editor\/agencia-de-empleo-de-comfamiliar-abre-45-vacantes-para-el-huila\/\" \/>\n<meta property=\"article:publisher\" content=\"https:\/\/www.facebook.com\/luchonoticiasneiva\" \/>\n<meta property=\"article:author\" content=\"https:\/\/www.facebook.com\/luchonoticiasneiva\" \/>\n<meta property=\"article:published_time\" content=\"2022-10-26T16:40:18+00:00\" \/>\n<meta property=\"article:modified_time\" content=\"2022-10-26T16:40:19+00:00\" \/>\n<meta name=\"author\" content=\"admin\" \/>\n<meta name=\"twitter:card\" content=\"summary_large_image\" \/>\n<meta name=\"twitter:label1\" content=\"Escrito por\" \/>\n\t<meta name=\"twitter:data1\" content=\"admin\" \/>\n\t<meta name=\"twitter:label2\" content=\"Tiempo de lectura\" \/>\n\t<meta name=\"twitter:data2\" content=\"2 minutos\" \/>\n<script type=\"application\/ld+json\" class=\"yoast-schema-graph\">{\"@context\":\"https:\/\/schema.org\",\"@graph\":[{\"@type\":\"Article\",\"@id\":\"https:\/\/luchonoticias.com\/editor\/agencia-de-empleo-de-comfamiliar-abre-45-vacantes-para-el-huila\/#article\",\"isPartOf\":{\"@id\":\"https:\/\/luchonoticias.com\/editor\/agencia-de-empleo-de-comfamiliar-abre-45-vacantes-para-el-huila\/\"},\"author\":{\"name\":\"admin\",\"@id\":\"https:\/\/luchonoticias.com\/editor\/#\/schema\/person\/7a7fd911f58561fd056dbac7b55af9cd\"},\"headline\":\"Agencia de Empleo de Comfamiliar abre 45 vacantes para el Huila\u00a0\",\"datePublished\":\"2022-10-26T16:40:18+00:00\",\"dateModified\":\"2022-10-26T16:40:19+00:00\",\"mainEntityOfPage\":{\"@id\":\"https:\/\/luchonoticias.com\/editor\/agencia-de-empleo-de-comfamiliar-abre-45-vacantes-para-el-huila\/\"},\"wordCount\":400,\"commentCount\":0,\"publisher\":{\"@id\":\"https:\/\/luchonoticias.com\/editor\/#\/schema\/person\/7a7fd911f58561fd056dbac7b55af9cd\"},\"articleSection\":[\"Destacado\",\"Local\"],\"inLanguage\":\"es\",\"potentialAction\":[{\"@type\":\"CommentAction\",\"name\":\"Comment\",\"target\":[\"https:\/\/luchonoticias.com\/editor\/agencia-de-empleo-de-comfamiliar-abre-45-vacantes-para-el-huila\/#respond\"]}]},{\"@type\":\"WebPage\",\"@id\":\"https:\/\/luchonoticias.com\/editor\/agencia-de-empleo-de-comfamiliar-abre-45-vacantes-para-el-huila\/\",\"url\":\"https:\/\/luchonoticias.com\/editor\/agencia-de-empleo-de-comfamiliar-abre-45-vacantes-para-el-huila\/\",\"name\":\"Agencia de Empleo de Comfamiliar abre 45 vacantes para el Huila\u00a0 -\",\"isPartOf\":{\"@id\":\"https:\/\/luchonoticias.com\/editor\/#website\"},\"datePublished\":\"2022-10-26T16:40:18+00:00\",\"dateModified\":\"2022-10-26T16:40:19+00:00\",\"breadcrumb\":{\"@id\":\"https:\/\/luchonoticias.com\/editor\/agencia-de-empleo-de-comfamiliar-abre-45-vacantes-para-el-huila\/#breadcrumb\"},\"inLanguage\":\"es\",\"potentialAction\":[{\"@type\":\"ReadAction\",\"target\":[\"https:\/\/luchonoticias.com\/editor\/agencia-de-empleo-de-comfamiliar-abre-45-vacantes-para-el-huila\/\"]}]},{\"@type\":\"BreadcrumbList\",\"@id\":\"https:\/\/luchonoticias.com\/editor\/agencia-de-empleo-de-comfamiliar-abre-45-vacantes-para-el-huila\/#breadcrumb\",\"itemListElement\":[{\"@type\":\"ListItem\",\"position\":1,\"name\":\"Portada\",\"item\":\"https:\/\/luchonoticias.com\/editor\/\"},{\"@type\":\"ListItem\",\"position\":2,\"name\":\"Agencia de Empleo de Comfamiliar abre 45 vacantes para el Huila\u00a0\"}]},{\"@type\":\"WebSite\",\"@id\":\"https:\/\/luchonoticias.com\/editor\/#website\",\"url\":\"https:\/\/luchonoticias.com\/editor\/\",\"name\":\"\",\"description\":\"\",\"publisher\":{\"@id\":\"https:\/\/luchonoticias.com\/editor\/#\/schema\/person\/7a7fd911f58561fd056dbac7b55af9cd\"},\"potentialAction\":[{\"@type\":\"SearchAction\",\"target\":{\"@type\":\"EntryPoint\",\"urlTemplate\":\"https:\/\/luchonoticias.com\/editor\/?s={search_term_string}\"},\"query-input\":{\"@type\":\"PropertyValueSpecification\",\"valueRequired\":true,\"valueName\":\"search_term_string\"}}],\"inLanguage\":\"es\"},{\"@type\":[\"Person\",\"Organization\"],\"@id\":\"https:\/\/luchonoticias.com\/editor\/#\/schema\/person\/7a7fd911f58561fd056dbac7b55af9cd\",\"name\":\"admin\",\"image\":{\"@type\":\"ImageObject\",\"inLanguage\":\"es\",\"@id\":\"https:\/\/luchonoticias.com\/editor\/#\/schema\/person\/image\/\",\"url\":\"https:\/\/luchonoticias.com\/editor\/wp-content\/uploads\/2024\/02\/cropped-cropped-logolu.webp\",\"contentUrl\":\"https:\/\/luchonoticias.com\/editor\/wp-content\/uploads\/2024\/02\/cropped-cropped-logolu.webp\",\"width\":382,\"height\":170,\"caption\":\"admin\"},\"logo\":{\"@id\":\"https:\/\/luchonoticias.com\/editor\/#\/schema\/person\/image\/\"},\"sameAs\":[\"https:\/\/www.facebook.com\/luchonoticiasneiva\"],\"url\":\"https:\/\/luchonoticias.com\/editor\/author\/admin\/\"}]}<\/script>\n<!-- \/ Yoast SEO plugin. -->","yoast_head_json":{"title":"Agencia de Empleo de Comfamiliar abre 45 vacantes para el Huila\u00a0 -","robots":{"index":"index","follow":"follow","max-snippet":"max-snippet:-1","max-image-preview":"max-image-preview:large","max-video-preview":"max-video-preview:-1"},"canonical":"https:\/\/luchonoticias.com\/editor\/agencia-de-empleo-de-comfamiliar-abre-45-vacantes-para-el-huila\/","og_locale":"es_ES","og_type":"article","og_title":"Agencia de Empleo de Comfamiliar abre 45 vacantes para el Huila\u00a0 -","og_url":"https:\/\/luchonoticias.com\/editor\/agencia-de-empleo-de-comfamiliar-abre-45-vacantes-para-el-huila\/","article_publisher":"https:\/\/www.facebook.com\/luchonoticiasneiva","article_author":"https:\/\/www.facebook.com\/luchonoticiasneiva","article_published_time":"2022-10-26T16:40:18+00:00","article_modified_time":"2022-10-26T16:40:19+00:00","author":"admin","twitter_card":"summary_large_image","twitter_misc":{"Escrito por":"admin","Tiempo de lectura":"2 minutos"},"schema":{"@context":"https:\/\/schema.org","@graph":[{"@type":"Article","@id":"https:\/\/luchonoticias.com\/editor\/agencia-de-empleo-de-comfamiliar-abre-45-vacantes-para-el-huila\/#article","isPartOf":{"@id":"https:\/\/luchonoticias.com\/editor\/agencia-de-empleo-de-comfamiliar-abre-45-vacantes-para-el-huila\/"},"author":{"name":"admin","@id":"https:\/\/luchonoticias.com\/editor\/#\/schema\/person\/7a7fd911f58561fd056dbac7b55af9cd"},"headline":"Agencia de Empleo de Comfamiliar abre 45 vacantes para el Huila\u00a0","datePublished":"2022-10-26T16:40:18+00:00","dateModified":"2022-10-26T16:40:19+00:00","mainEntityOfPage":{"@id":"https:\/\/luchonoticias.com\/editor\/agencia-de-empleo-de-comfamiliar-abre-45-vacantes-para-el-huila\/"},"wordCount":400,"commentCount":0,"publisher":{"@id":"https:\/\/luchonoticias.com\/editor\/#\/schema\/person\/7a7fd911f58561fd056dbac7b55af9cd"},"articleSection":["Destacado","Local"],"inLanguage":"es","potentialAction":[{"@type":"CommentAction","name":"Comment","target":["https:\/\/luchonoticias.com\/editor\/agencia-de-empleo-de-comfamiliar-abre-45-vacantes-para-el-huila\/#respond"]}]},{"@type":"WebPage","@id":"https:\/\/luchonoticias.com\/editor\/agencia-de-empleo-de-comfamiliar-abre-45-vacantes-para-el-huila\/","url":"https:\/\/luchonoticias.com\/editor\/agencia-de-empleo-de-comfamiliar-abre-45-vacantes-para-el-huila\/","name":"Agencia de Empleo de Comfamiliar abre 45 vacantes para el Huila\u00a0 -","isPartOf":{"@id":"https:\/\/luchonoticias.com\/editor\/#website"},"datePublished":"2022-10-26T16:40:18+00:00","dateModified":"2022-10-26T16:40:19+00:00","breadcrumb":{"@id":"https:\/\/luchonoticias.com\/editor\/agencia-de-empleo-de-comfamiliar-abre-45-vacantes-para-el-huila\/#breadcrumb"},"inLanguage":"es","potentialAction":[{"@type":"ReadAction","target":["https:\/\/luchonoticias.com\/editor\/agencia-de-empleo-de-comfamiliar-abre-45-vacantes-para-el-huila\/"]}]},{"@type":"BreadcrumbList","@id":"https:\/\/luchonoticias.com\/editor\/agencia-de-empleo-de-comfamiliar-abre-45-vacantes-para-el-huila\/#breadcrumb","itemListElement":[{"@type":"ListItem","position":1,"name":"Portada","item":"https:\/\/luchonoticias.com\/editor\/"},{"@type":"ListItem","position":2,"name":"Agencia de Empleo de Comfamiliar abre 45 vacantes para el Huila\u00a0"}]},{"@type":"WebSite","@id":"https:\/\/luchonoticias.com\/editor\/#website","url":"https:\/\/luchonoticias.com\/editor\/","name":"","description":"","publisher":{"@id":"https:\/\/luchonoticias.com\/editor\/#\/schema\/person\/7a7fd911f58561fd056dbac7b55af9cd"},"potentialAction":[{"@type":"SearchAction","target":{"@type":"EntryPoint","urlTemplate":"https:\/\/luchonoticias.com\/editor\/?s={search_term_string}"},"query-input":{"@type":"PropertyValueSpecification","valueRequired":true,"valueName":"search_term_string"}}],"inLanguage":"es"},{"@type":["Person","Organization"],"@id":"https:\/\/luchonoticias.com\/editor\/#\/schema\/person\/7a7fd911f58561fd056dbac7b55af9cd","name":"admin","image":{"@type":"ImageObject","inLanguage":"es","@id":"https:\/\/luchonoticias.com\/editor\/#\/schema\/person\/image\/","url":"https:\/\/luchonoticias.com\/editor\/wp-content\/uploads\/2024\/02\/cropped-cropped-logolu.webp","contentUrl":"https:\/\/luchonoticias.com\/editor\/wp-content\/uploads\/2024\/02\/cropped-cropped-logolu.webp","width":382,"height":170,"caption":"admin"},"logo":{"@id":"https:\/\/luchonoticias.com\/editor\/#\/schema\/person\/image\/"},"sameAs":["https:\/\/www.facebook.com\/luchonoticiasneiva"],"url":"https:\/\/luchonoticias.com\/editor\/author\/admin\/"}]}},"_links":{"self":[{"href":"https:\/\/luchonoticias.com\/editor\/wp-json\/wp\/v2\/posts\/37876","targetHints":{"allow":["GET"]}}],"collection":[{"href":"https:\/\/luchonoticias.com\/editor\/wp-json\/wp\/v2\/posts"}],"about":[{"href":"https:\/\/luchonoticias.com\/editor\/wp-json\/wp\/v2\/types\/post"}],"author":[{"embeddable":true,"href":"https:\/\/luchonoticias.com\/editor\/wp-json\/wp\/v2\/users\/1"}],"replies":[{"embeddable":true,"href":"https:\/\/luchonoticias.com\/editor\/wp-json\/wp\/v2\/comments?post=37876"}],"version-history":[{"count":0,"href":"https:\/\/luchonoticias.com\/editor\/wp-json\/wp\/v2\/posts\/37876\/revisions"}],"wp:attachment":[{"href":"https:\/\/luchonoticias.com\/editor\/wp-json\/wp\/v2\/media?parent=37876"}],"wp:term":[{"taxonomy":"category","embeddable":true,"href":"https:\/\/luchonoticias.com\/editor\/wp-json\/wp\/v2\/categories?post=37876"},{"taxonomy":"post_tag","embeddable":true,"href":"https:\/\/luchonoticias.com\/editor\/wp-json\/wp\/v2\/tags?post=37876"}],"curies":[{"name":"wp","href":"https:\/\/api.w.org\/{rel}","templated":true}]}}