{"id":37879,"date":"2022-10-26T14:12:20","date_gmt":"2022-10-26T19:12:20","guid":{"rendered":"https:\/\/luchonoticias.com\/?p=37879"},"modified":"2022-10-26T14:12:20","modified_gmt":"2022-10-26T19:12:20","slug":"dia-sin-carro-y-moto-en-neiva-sera-hasta-las-7-de-la-noche","status":"publish","type":"post","link":"https:\/\/luchonoticias.com\/editor\/dia-sin-carro-y-moto-en-neiva-sera-hasta-las-7-de-la-noche\/","title":{"rendered":"D\u00eda sin carro y moto en Neiva ser\u00e1 hasta las 7 de la noche"},"content":{"rendered":"\n<p>Durante la jornada del D\u00eda sin Carro y Moto, el pr\u00f3ximo jueves 27 de octubre, se tendr\u00e1n dispuestos diez puntos de controles, donde el personal del Cuerpo Operativo de Tr\u00e1nsito de la Secretar\u00eda de Movilidad de Neiva y la Polic\u00eda Metropolitana de Neiva en coordinaci\u00f3n con las autoridades de Tr\u00e1nsito, velar\u00e1n por el control y cumplimiento estricto a lo dispuesto en el presente decreto, dejando a disposici\u00f3n de la Secretar\u00eda de Movilidad los veh\u00edculos inmovilizados, para efectos de adelantar el proceso contravencional respectivo.<\/p>\n\n\n\n<p>La secretaria de Movilidad, Luisa Fernanda Robles, manifest\u00f3 que \u201cest\u00e1 establecido el D\u00eda sin Carro y Moto, que regir\u00e1 a partir del 27 de octubre en el horario de 6:00 de la ma\u00f1ana hasta las 7:00 de la noche, donde tendremos la prohibici\u00f3n de circulaci\u00f3n de veh\u00edculos particulares de carros y motocicletas. Es importante determinar que las personas que residan en otros municipios cercanos y laboren en el municipio de Neiva hagan uso del transporte intermunicipal que tambi\u00e9n va estar habilitado, y que organicen sus horarios para evitar que se presenten contratiempos, para el desarrollo de actividades que se van a llevar a cabo\u201d.<\/p>\n\n\n\n<p>Es importante se\u00f1alar que de acuerdo al Decreto 0835 de 2022, el horario de la medida se redujo de 6:00 AM hasta las 7:00 PM.<\/p>\n\n\n\n<p>La funcionaria se\u00f1al\u00f3 que se adelantaron mesas de trabajo con las empresas de transporte p\u00fablicos, donde se realizaron solicitudes expresas en lo que tiene que ver con el cumplimiento de las rutas. Adem\u00e1s, es importante recalcar que se realizar\u00e1 el debido control a los taxistas, para evitar los sobrecostos al momento del desarrollo en esta jornada, ya que hay algunas personas que abusan de los cobros, y por ende, los controles se llevaran estrictamente, para verificar el uso del tax\u00edmetro, ya que es obligatorio.<\/p>\n\n\n\n<p>Por \u00faltimo, la Secretaria de Movilidad hace una invitaci\u00f3n a los ciudadanos a que acaten esta medida, \u201ces la \u00faltima de este a\u00f1o en materia de prohibici\u00f3n de circulaci\u00f3n para el D\u00eda sin Carro y sin Moto, con el objetivo de mejorar las condiciones y la calidad del aire de nuestro municipio. Los invito a que no hagamos caso omiso a dicha restricci\u00f3n\u201d.<\/p>\n\n\n\n<figure class=\"wp-block-image size-large is-style-rounded\"><img decoding=\"async\" src=\"https:\/\/luchonoticias.com\/wp-content\/uploads\/2022\/10\/WhatsApp-Image-2022-10-26-at-1.37.21-PM-1024x683.jpeg\" alt=\"\" class=\"wp-image-37881\"\/><\/figure>\n\n\n\n<p><strong>Sanciones por incumplimiento<\/strong><\/p>\n\n\n\n<p>El conductor del veh\u00edculo automotor (carro\/motocicleta), que infrinja la restricci\u00f3n establecida en el art\u00edculo 1\u00ba. del presente Decreto, ser\u00e1 sancionado con multa de $489.000, adem\u00e1s, el veh\u00edculo ser\u00e1 inmovilizado.<\/p>\n\n\n\n<p><strong>Excepciones para el D\u00eda sin Carro y Moto<\/strong><\/p>\n\n\n\n<p>Se except\u00faan de la anterior prohibici\u00f3n los siguientes veh\u00edculos:<\/p>\n\n\n\n<p>1. Veh\u00edculos de transporte p\u00fablico.<\/p>\n\n\n\n<p>2. Veh\u00edculos automotores conducidos por personas en condici\u00f3n de discapacidad o para su transporte, siempre y cuando en este caso ocupen el veh\u00edculo.<\/p>\n\n\n\n<p>3. Veh\u00edculos automotores de los organismos de socorro y emergencia (Defensa Civil, Bomberos, Cruz roja, Ambulancias, entre otros).<\/p>\n\n\n\n<p>4. Veh\u00edculos que conformen los esquemas de seguridad del Presidente o Vicepresidente de la Rep\u00fablica, Gobernador Departamental y\/o Alcalde Municipal.<\/p>\n\n\n\n<p>5. Veh\u00edculos automotores de propiedad de las Fuerzas Militares, Polic\u00eda Nacional, Migraci\u00f3n Colombia, INPEC, fuerza p\u00fablica y Organismos de Seguridad del Estado.<\/p>\n\n\n\n<p>6. Veh\u00edculos y motocicletas destinadas al control del tr\u00e1fico vehicular y las gr\u00faas que prestan el servicio a la Secretar\u00eda de Movilidad de Neiva.<\/p>\n\n\n\n<p>7. Veh\u00edculos de transporte escolar vinculados a instituciones educativas y \u00fanicamente cuando sean empleados para el transporte de los estudiantes. Estos deben operar y estar plenamente identificados.<\/p>\n\n\n\n<p>8. Veh\u00edculos y motocicletas destinados a la parte operativa de las empresas de servicios p\u00fablicos domiciliarios, de recolecci\u00f3n de basuras y alumbrado p\u00fablico.<\/p>\n\n\n\n<p>9. Veh\u00edculos y motocicletas escolta que est\u00e9n al servicio de actividades inherentes a la protecci\u00f3n de personas debidamente autorizados por la Superintendencia de Vigilancia y Seguridad Privada o que hagan parte de esquemas de seguridad autorizados por los organismos del Estado, y solo durante la prestaci\u00f3n del servicio.<\/p>\n\n\n\n<p>10. Veh\u00edculos automotores para el transporte de pacientes que se desplacen en raz\u00f3n de tratamientos vitales como radioterapias, quimioterapias, di\u00e1lisis o similares, siempre y cuando estos se encuentren ocupando el veh\u00edculo.<\/p>\n\n\n\n<figure class=\"wp-block-image size-large is-style-rounded\"><img decoding=\"async\" src=\"https:\/\/luchonoticias.com\/wp-content\/uploads\/2022\/10\/WhatsApp-Image-2022-10-26-at-1.37.20-PM-1-1024x683.jpeg\" alt=\"\" class=\"wp-image-37882\"\/><\/figure>\n\n\n\n<p>11. Veh\u00edculos de carga, incluyendo aquellos en cuya matricula establezca capacidad de carga y de pasajeros no superior a dos toneladas y tengan autorizado la prestaci\u00f3n del servicio p\u00fablico; lo anterior no autoriza la prestaci\u00f3n del servicio p\u00fablico de transporte de pasajeros.<\/p>\n\n\n\n<p>12.Veh\u00edculos y motocicletas vinculadas a empresas que prestan el servicio de mensajer\u00eda, debidamente identificadas y solo para el desarrollo de las actividades propias de su labor.<\/p>\n\n\n\n<p>13. Veh\u00edculos y motocicletas vinculados a medios de comunicaci\u00f3n, siempre y cuando se encuentren debidamente identificados, con los logos de la empresa y solo para el desarrollo de las actividades propias de su labor.<\/p>\n\n\n\n<p>14. Veh\u00edculos utilizados para el transporte de valores, autorizados por la Superintendencia de Vigilancia y Seguridad Privada.<\/p>\n\n\n\n<p>15. Veh\u00edculos y motocicletas propulsadas exclusivamente por motores el\u00e9ctricos y\/o h\u00edbridos (Combinaci\u00f3n entre motor el\u00e9ctrico y motor de combusti\u00f3n), siempre y cuando el sistema de propulsi\u00f3n sea original de f\u00e1brica.<\/p>\n\n\n\n<p>16. Motocicletas vinculadas a establecimientos de comercio que ofrezcan el servicio de domicilio y sean utilizadas exclusivamente para dicha labor, caso en el cual, deber\u00e1n acreditar la vinculaci\u00f3n laboral con la empresa, as\u00ed mismo, las motocicletas deber\u00e1n estar identificadas con los logos y\/o distintivos del mismo y portar, adem\u00e1s, el certificado de existencia y representaci6n legal de la empresa en el cual se evidencie la vigencia de la matr\u00edcula mercantil. En ning\u00fan caso podr\u00e1n Llevar parrillero acompa\u00f1ante.<\/p>\n\n\n\n<p>17. Veh\u00edculos destinados al control de emisiones y vertimientos, utilizados por la Secretar\u00eda de Ambiente y Desarrollo Rural Sostenible del Municipio de Neiva o por el Ministerio de Ambiente y Desarrollo Sostenible o la entidad que haga sus veces, para la revisi\u00f3n, atenci\u00f3n y prevenci\u00f3n de emisiones y vertimientos, siempre y cuando se encuentren debidamente identificados con los logos de la entidad.<\/p>\n\n\n\n<p>18. Carrozas f\u00fanebres, mas no el cortejo f\u00fanebre. Los acompa\u00f1antes se deber\u00e1n transportar en veh\u00edculos de servicio publica cuya capacidad m\u00ednima sea de 19 pasajeros.<\/p>\n\n\n\n<p>19. Veh\u00edculos de uso oficial de las entidades del Estado.<\/p>\n","protected":false},"excerpt":{"rendered":"<p>Durante la jornada del D\u00eda sin Carro y Moto, el pr\u00f3ximo jueves 27 de octubre, se tendr\u00e1n dispuestos diez puntos de controles, donde el personal del Cuerpo Operativo de Tr\u00e1nsito de la Secretar\u00eda de Movilidad de Neiva y la Polic\u00eda Metropolitana de Neiva en coordinaci\u00f3n con las autoridades de Tr\u00e1nsito, velar\u00e1n por el control y [&hellip;]<\/p>\n","protected":false},"author":1,"featured_media":0,"comment_status":"open","ping_status":"open","sticky":false,"template":"","format":"standard","meta":{"footnotes":""},"categories":[36,53],"tags":[],"class_list":["post-37879","post","type-post","status-publish","format-standard","hentry","category-destacado","category-neiva"],"yoast_head":"<!-- This site is optimized with the Yoast SEO plugin v26.6 - https:\/\/yoast.com\/wordpress\/plugins\/seo\/ -->\n<title>D\u00eda sin carro y moto en Neiva ser\u00e1 hasta las 7 de la noche -<\/title>\n<meta name=\"robots\" content=\"index, follow, max-snippet:-1, max-image-preview:large, max-video-preview:-1\" \/>\n<link rel=\"canonical\" href=\"https:\/\/luchonoticias.com\/editor\/dia-sin-carro-y-moto-en-neiva-sera-hasta-las-7-de-la-noche\/\" \/>\n<meta property=\"og:locale\" content=\"es_ES\" \/>\n<meta property=\"og:type\" content=\"article\" \/>\n<meta property=\"og:title\" content=\"D\u00eda sin carro y moto en Neiva ser\u00e1 hasta las 7 de la noche -\" \/>\n<meta property=\"og:url\" content=\"https:\/\/luchonoticias.com\/editor\/dia-sin-carro-y-moto-en-neiva-sera-hasta-las-7-de-la-noche\/\" \/>\n<meta property=\"article:publisher\" content=\"https:\/\/www.facebook.com\/luchonoticiasneiva\" \/>\n<meta property=\"article:author\" content=\"https:\/\/www.facebook.com\/luchonoticiasneiva\" \/>\n<meta property=\"article:published_time\" content=\"2022-10-26T19:12:20+00:00\" \/>\n<meta property=\"og:image\" content=\"https:\/\/luchonoticias.com\/wp-content\/uploads\/2022\/10\/WhatsApp-Image-2022-10-26-at-1.37.21-PM-1024x683.jpeg\" \/>\n<meta name=\"author\" content=\"admin\" \/>\n<meta name=\"twitter:card\" content=\"summary_large_image\" \/>\n<meta name=\"twitter:label1\" content=\"Escrito por\" \/>\n\t<meta name=\"twitter:data1\" content=\"admin\" \/>\n\t<meta name=\"twitter:label2\" content=\"Tiempo de lectura\" \/>\n\t<meta name=\"twitter:data2\" content=\"5 minutos\" \/>\n<script type=\"application\/ld+json\" class=\"yoast-schema-graph\">{\"@context\":\"https:\/\/schema.org\",\"@graph\":[{\"@type\":\"Article\",\"@id\":\"https:\/\/luchonoticias.com\/editor\/dia-sin-carro-y-moto-en-neiva-sera-hasta-las-7-de-la-noche\/#article\",\"isPartOf\":{\"@id\":\"https:\/\/luchonoticias.com\/editor\/dia-sin-carro-y-moto-en-neiva-sera-hasta-las-7-de-la-noche\/\"},\"author\":{\"name\":\"admin\",\"@id\":\"https:\/\/luchonoticias.com\/editor\/#\/schema\/person\/7a7fd911f58561fd056dbac7b55af9cd\"},\"headline\":\"D\u00eda sin carro y moto en Neiva ser\u00e1 hasta las 7 de la noche\",\"datePublished\":\"2022-10-26T19:12:20+00:00\",\"mainEntityOfPage\":{\"@id\":\"https:\/\/luchonoticias.com\/editor\/dia-sin-carro-y-moto-en-neiva-sera-hasta-las-7-de-la-noche\/\"},\"wordCount\":1067,\"commentCount\":0,\"publisher\":{\"@id\":\"https:\/\/luchonoticias.com\/editor\/#\/schema\/person\/7a7fd911f58561fd056dbac7b55af9cd\"},\"image\":{\"@id\":\"https:\/\/luchonoticias.com\/editor\/dia-sin-carro-y-moto-en-neiva-sera-hasta-las-7-de-la-noche\/#primaryimage\"},\"thumbnailUrl\":\"https:\/\/luchonoticias.com\/wp-content\/uploads\/2022\/10\/WhatsApp-Image-2022-10-26-at-1.37.21-PM-1024x683.jpeg\",\"articleSection\":[\"Destacado\",\"Neiva\"],\"inLanguage\":\"es\",\"potentialAction\":[{\"@type\":\"CommentAction\",\"name\":\"Comment\",\"target\":[\"https:\/\/luchonoticias.com\/editor\/dia-sin-carro-y-moto-en-neiva-sera-hasta-las-7-de-la-noche\/#respond\"]}]},{\"@type\":\"WebPage\",\"@id\":\"https:\/\/luchonoticias.com\/editor\/dia-sin-carro-y-moto-en-neiva-sera-hasta-las-7-de-la-noche\/\",\"url\":\"https:\/\/luchonoticias.com\/editor\/dia-sin-carro-y-moto-en-neiva-sera-hasta-las-7-de-la-noche\/\",\"name\":\"D\u00eda sin carro y moto en Neiva ser\u00e1 hasta las 7 de la noche -\",\"isPartOf\":{\"@id\":\"https:\/\/luchonoticias.com\/editor\/#website\"},\"primaryImageOfPage\":{\"@id\":\"https:\/\/luchonoticias.com\/editor\/dia-sin-carro-y-moto-en-neiva-sera-hasta-las-7-de-la-noche\/#primaryimage\"},\"image\":{\"@id\":\"https:\/\/luchonoticias.com\/editor\/dia-sin-carro-y-moto-en-neiva-sera-hasta-las-7-de-la-noche\/#primaryimage\"},\"thumbnailUrl\":\"https:\/\/luchonoticias.com\/wp-content\/uploads\/2022\/10\/WhatsApp-Image-2022-10-26-at-1.37.21-PM-1024x683.jpeg\",\"datePublished\":\"2022-10-26T19:12:20+00:00\",\"breadcrumb\":{\"@id\":\"https:\/\/luchonoticias.com\/editor\/dia-sin-carro-y-moto-en-neiva-sera-hasta-las-7-de-la-noche\/#breadcrumb\"},\"inLanguage\":\"es\",\"potentialAction\":[{\"@type\":\"ReadAction\",\"target\":[\"https:\/\/luchonoticias.com\/editor\/dia-sin-carro-y-moto-en-neiva-sera-hasta-las-7-de-la-noche\/\"]}]},{\"@type\":\"ImageObject\",\"inLanguage\":\"es\",\"@id\":\"https:\/\/luchonoticias.com\/editor\/dia-sin-carro-y-moto-en-neiva-sera-hasta-las-7-de-la-noche\/#primaryimage\",\"url\":\"https:\/\/luchonoticias.com\/wp-content\/uploads\/2022\/10\/WhatsApp-Image-2022-10-26-at-1.37.21-PM-1024x683.jpeg\",\"contentUrl\":\"https:\/\/luchonoticias.com\/wp-content\/uploads\/2022\/10\/WhatsApp-Image-2022-10-26-at-1.37.21-PM-1024x683.jpeg\"},{\"@type\":\"BreadcrumbList\",\"@id\":\"https:\/\/luchonoticias.com\/editor\/dia-sin-carro-y-moto-en-neiva-sera-hasta-las-7-de-la-noche\/#breadcrumb\",\"itemListElement\":[{\"@type\":\"ListItem\",\"position\":1,\"name\":\"Portada\",\"item\":\"https:\/\/luchonoticias.com\/editor\/\"},{\"@type\":\"ListItem\",\"position\":2,\"name\":\"D\u00eda sin carro y moto en Neiva ser\u00e1 hasta las 7 de la noche\"}]},{\"@type\":\"WebSite\",\"@id\":\"https:\/\/luchonoticias.com\/editor\/#website\",\"url\":\"https:\/\/luchonoticias.com\/editor\/\",\"name\":\"\",\"description\":\"\",\"publisher\":{\"@id\":\"https:\/\/luchonoticias.com\/editor\/#\/schema\/person\/7a7fd911f58561fd056dbac7b55af9cd\"},\"potentialAction\":[{\"@type\":\"SearchAction\",\"target\":{\"@type\":\"EntryPoint\",\"urlTemplate\":\"https:\/\/luchonoticias.com\/editor\/?s={search_term_string}\"},\"query-input\":{\"@type\":\"PropertyValueSpecification\",\"valueRequired\":true,\"valueName\":\"search_term_string\"}}],\"inLanguage\":\"es\"},{\"@type\":[\"Person\",\"Organization\"],\"@id\":\"https:\/\/luchonoticias.com\/editor\/#\/schema\/person\/7a7fd911f58561fd056dbac7b55af9cd\",\"name\":\"admin\",\"image\":{\"@type\":\"ImageObject\",\"inLanguage\":\"es\",\"@id\":\"https:\/\/luchonoticias.com\/editor\/#\/schema\/person\/image\/\",\"url\":\"https:\/\/luchonoticias.com\/editor\/wp-content\/uploads\/2024\/02\/cropped-cropped-logolu.webp\",\"contentUrl\":\"https:\/\/luchonoticias.com\/editor\/wp-content\/uploads\/2024\/02\/cropped-cropped-logolu.webp\",\"width\":382,\"height\":170,\"caption\":\"admin\"},\"logo\":{\"@id\":\"https:\/\/luchonoticias.com\/editor\/#\/schema\/person\/image\/\"},\"sameAs\":[\"https:\/\/www.facebook.com\/luchonoticiasneiva\"],\"url\":\"https:\/\/luchonoticias.com\/editor\/author\/admin\/\"}]}<\/script>\n<!-- \/ Yoast SEO plugin. -->","yoast_head_json":{"title":"D\u00eda sin carro y moto en Neiva ser\u00e1 hasta las 7 de la noche -","robots":{"index":"index","follow":"follow","max-snippet":"max-snippet:-1","max-image-preview":"max-image-preview:large","max-video-preview":"max-video-preview:-1"},"canonical":"https:\/\/luchonoticias.com\/editor\/dia-sin-carro-y-moto-en-neiva-sera-hasta-las-7-de-la-noche\/","og_locale":"es_ES","og_type":"article","og_title":"D\u00eda sin carro y moto en Neiva ser\u00e1 hasta las 7 de la noche -","og_url":"https:\/\/luchonoticias.com\/editor\/dia-sin-carro-y-moto-en-neiva-sera-hasta-las-7-de-la-noche\/","article_publisher":"https:\/\/www.facebook.com\/luchonoticiasneiva","article_author":"https:\/\/www.facebook.com\/luchonoticiasneiva","article_published_time":"2022-10-26T19:12:20+00:00","og_image":[{"url":"https:\/\/luchonoticias.com\/wp-content\/uploads\/2022\/10\/WhatsApp-Image-2022-10-26-at-1.37.21-PM-1024x683.jpeg","type":"","width":"","height":""}],"author":"admin","twitter_card":"summary_large_image","twitter_misc":{"Escrito por":"admin","Tiempo de lectura":"5 minutos"},"schema":{"@context":"https:\/\/schema.org","@graph":[{"@type":"Article","@id":"https:\/\/luchonoticias.com\/editor\/dia-sin-carro-y-moto-en-neiva-sera-hasta-las-7-de-la-noche\/#article","isPartOf":{"@id":"https:\/\/luchonoticias.com\/editor\/dia-sin-carro-y-moto-en-neiva-sera-hasta-las-7-de-la-noche\/"},"author":{"name":"admin","@id":"https:\/\/luchonoticias.com\/editor\/#\/schema\/person\/7a7fd911f58561fd056dbac7b55af9cd"},"headline":"D\u00eda sin carro y moto en Neiva ser\u00e1 hasta las 7 de la noche","datePublished":"2022-10-26T19:12:20+00:00","mainEntityOfPage":{"@id":"https:\/\/luchonoticias.com\/editor\/dia-sin-carro-y-moto-en-neiva-sera-hasta-las-7-de-la-noche\/"},"wordCount":1067,"commentCount":0,"publisher":{"@id":"https:\/\/luchonoticias.com\/editor\/#\/schema\/person\/7a7fd911f58561fd056dbac7b55af9cd"},"image":{"@id":"https:\/\/luchonoticias.com\/editor\/dia-sin-carro-y-moto-en-neiva-sera-hasta-las-7-de-la-noche\/#primaryimage"},"thumbnailUrl":"https:\/\/luchonoticias.com\/wp-content\/uploads\/2022\/10\/WhatsApp-Image-2022-10-26-at-1.37.21-PM-1024x683.jpeg","articleSection":["Destacado","Neiva"],"inLanguage":"es","potentialAction":[{"@type":"CommentAction","name":"Comment","target":["https:\/\/luchonoticias.com\/editor\/dia-sin-carro-y-moto-en-neiva-sera-hasta-las-7-de-la-noche\/#respond"]}]},{"@type":"WebPage","@id":"https:\/\/luchonoticias.com\/editor\/dia-sin-carro-y-moto-en-neiva-sera-hasta-las-7-de-la-noche\/","url":"https:\/\/luchonoticias.com\/editor\/dia-sin-carro-y-moto-en-neiva-sera-hasta-las-7-de-la-noche\/","name":"D\u00eda sin carro y moto en Neiva ser\u00e1 hasta las 7 de la noche -","isPartOf":{"@id":"https:\/\/luchonoticias.com\/editor\/#website"},"primaryImageOfPage":{"@id":"https:\/\/luchonoticias.com\/editor\/dia-sin-carro-y-moto-en-neiva-sera-hasta-las-7-de-la-noche\/#primaryimage"},"image":{"@id":"https:\/\/luchonoticias.com\/editor\/dia-sin-carro-y-moto-en-neiva-sera-hasta-las-7-de-la-noche\/#primaryimage"},"thumbnailUrl":"https:\/\/luchonoticias.com\/wp-content\/uploads\/2022\/10\/WhatsApp-Image-2022-10-26-at-1.37.21-PM-1024x683.jpeg","datePublished":"2022-10-26T19:12:20+00:00","breadcrumb":{"@id":"https:\/\/luchonoticias.com\/editor\/dia-sin-carro-y-moto-en-neiva-sera-hasta-las-7-de-la-noche\/#breadcrumb"},"inLanguage":"es","potentialAction":[{"@type":"ReadAction","target":["https:\/\/luchonoticias.com\/editor\/dia-sin-carro-y-moto-en-neiva-sera-hasta-las-7-de-la-noche\/"]}]},{"@type":"ImageObject","inLanguage":"es","@id":"https:\/\/luchonoticias.com\/editor\/dia-sin-carro-y-moto-en-neiva-sera-hasta-las-7-de-la-noche\/#primaryimage","url":"https:\/\/luchonoticias.com\/wp-content\/uploads\/2022\/10\/WhatsApp-Image-2022-10-26-at-1.37.21-PM-1024x683.jpeg","contentUrl":"https:\/\/luchonoticias.com\/wp-content\/uploads\/2022\/10\/WhatsApp-Image-2022-10-26-at-1.37.21-PM-1024x683.jpeg"},{"@type":"BreadcrumbList","@id":"https:\/\/luchonoticias.com\/editor\/dia-sin-carro-y-moto-en-neiva-sera-hasta-las-7-de-la-noche\/#breadcrumb","itemListElement":[{"@type":"ListItem","position":1,"name":"Portada","item":"https:\/\/luchonoticias.com\/editor\/"},{"@type":"ListItem","position":2,"name":"D\u00eda sin carro y moto en Neiva ser\u00e1 hasta las 7 de la noche"}]},{"@type":"WebSite","@id":"https:\/\/luchonoticias.com\/editor\/#website","url":"https:\/\/luchonoticias.com\/editor\/","name":"","description":"","publisher":{"@id":"https:\/\/luchonoticias.com\/editor\/#\/schema\/person\/7a7fd911f58561fd056dbac7b55af9cd"},"potentialAction":[{"@type":"SearchAction","target":{"@type":"EntryPoint","urlTemplate":"https:\/\/luchonoticias.com\/editor\/?s={search_term_string}"},"query-input":{"@type":"PropertyValueSpecification","valueRequired":true,"valueName":"search_term_string"}}],"inLanguage":"es"},{"@type":["Person","Organization"],"@id":"https:\/\/luchonoticias.com\/editor\/#\/schema\/person\/7a7fd911f58561fd056dbac7b55af9cd","name":"admin","image":{"@type":"ImageObject","inLanguage":"es","@id":"https:\/\/luchonoticias.com\/editor\/#\/schema\/person\/image\/","url":"https:\/\/luchonoticias.com\/editor\/wp-content\/uploads\/2024\/02\/cropped-cropped-logolu.webp","contentUrl":"https:\/\/luchonoticias.com\/editor\/wp-content\/uploads\/2024\/02\/cropped-cropped-logolu.webp","width":382,"height":170,"caption":"admin"},"logo":{"@id":"https:\/\/luchonoticias.com\/editor\/#\/schema\/person\/image\/"},"sameAs":["https:\/\/www.facebook.com\/luchonoticiasneiva"],"url":"https:\/\/luchonoticias.com\/editor\/author\/admin\/"}]}},"_links":{"self":[{"href":"https:\/\/luchonoticias.com\/editor\/wp-json\/wp\/v2\/posts\/37879","targetHints":{"allow":["GET"]}}],"collection":[{"href":"https:\/\/luchonoticias.com\/editor\/wp-json\/wp\/v2\/posts"}],"about":[{"href":"https:\/\/luchonoticias.com\/editor\/wp-json\/wp\/v2\/types\/post"}],"author":[{"embeddable":true,"href":"https:\/\/luchonoticias.com\/editor\/wp-json\/wp\/v2\/users\/1"}],"replies":[{"embeddable":true,"href":"https:\/\/luchonoticias.com\/editor\/wp-json\/wp\/v2\/comments?post=37879"}],"version-history":[{"count":0,"href":"https:\/\/luchonoticias.com\/editor\/wp-json\/wp\/v2\/posts\/37879\/revisions"}],"wp:attachment":[{"href":"https:\/\/luchonoticias.com\/editor\/wp-json\/wp\/v2\/media?parent=37879"}],"wp:term":[{"taxonomy":"category","embeddable":true,"href":"https:\/\/luchonoticias.com\/editor\/wp-json\/wp\/v2\/categories?post=37879"},{"taxonomy":"post_tag","embeddable":true,"href":"https:\/\/luchonoticias.com\/editor\/wp-json\/wp\/v2\/tags?post=37879"}],"curies":[{"name":"wp","href":"https:\/\/api.w.org\/{rel}","templated":true}]}}