{"id":38315,"date":"2022-10-31T14:14:47","date_gmt":"2022-10-31T19:14:47","guid":{"rendered":"https:\/\/luchonoticias.com\/?p=38315"},"modified":"2022-10-31T14:14:48","modified_gmt":"2022-10-31T19:14:48","slug":"pavimentaciones-de-la-gobernacion-del-huila-en-neiva-estaran-listas-al-finalizar-el-ano","status":"publish","type":"post","link":"https:\/\/luchonoticias.com\/editor\/pavimentaciones-de-la-gobernacion-del-huila-en-neiva-estaran-listas-al-finalizar-el-ano\/","title":{"rendered":"Pavimentaciones de la Gobernaci\u00f3n del Huila en Neiva estar\u00e1n listas al finalizar el a\u00f1o"},"content":{"rendered":"\n<p>Son 15 las v\u00edas que ya han sido pavimentadas por parte de la Gobernaci\u00f3n del Huila en la ciudad de Neiva y se trabaja en terminar las tres faltantes, del compromiso establecido en el contrato 1348 ubicadas en la calle 18 en pleno centro de Neiva, la calle 51 en el barrio \u00c1lamos y otra en el barrio Las Palmas.<\/p>\n\n\n\n<p>Para la secretaria de V\u00edas e Infraestructura del Huila, Eliana Paola Conde Guti\u00e9rrez, el inter\u00e9s del Gobierno Departamental es culminar pronto y con \u00e9xito las obras.<\/p>\n\n\n\n<p>\u201cCon respecto a las v\u00edas anteriormente mencionadas, venimos haciendo unos ejercicios en unos comit\u00e9s t\u00e9cnicos\u00a0 evaluando todos estos inconvenientes que se han presentado\u00a0 en el desarrollo del contrato, es importante mencionar que de las 18 v\u00edas\u00a0 contratadas, ya solamente nos quedan tres por\u00a0 recibir a entera satisfacci\u00f3n y se han venido haciendo las obras muy juiciosamente , en especial ya se tienen importantes avances en la calle 18, est\u00e1n trabajando sobre la calle 51, pero\u00a0 la idea es que se aceleren y pr\u00f3ximamente estaremos iniciando con la v\u00eda del barrio las Palmas. Es importante destacar que el se\u00f1or gobernador va a terminar con \u00e9xito estas obras y las va a entregar al servicio de la comunidad, porque sabemos de la necesidad que existe en la ciudad de Neiva para mejorar la movilidad de la misma\u201d, expres\u00f3 la funcionaria.<\/p>\n\n\n\n<figure class=\"wp-block-gallery has-nested-images columns-default is-cropped wp-block-gallery-1 is-layout-flex wp-block-gallery-is-layout-flex\">\n<figure class=\"wp-block-image size-large\"><img decoding=\"async\" data-id=\"38319\" src=\"https:\/\/luchonoticias.com\/wp-content\/uploads\/2022\/10\/WhatsApp-Image-2022-10-30-at-3.13.36-PM-1-1024x678.jpeg\" alt=\"\" class=\"wp-image-38319\"\/><\/figure>\n\n\n\n<figure class=\"wp-block-image size-large\"><img decoding=\"async\" data-id=\"38318\" src=\"https:\/\/luchonoticias.com\/wp-content\/uploads\/2022\/10\/WhatsApp-Image-2022-10-30-at-3.13.36-PM-1024x678.jpeg\" alt=\"\" class=\"wp-image-38318\"\/><\/figure>\n\n\n\n<figure class=\"wp-block-image size-large\"><img decoding=\"async\" data-id=\"38317\" src=\"https:\/\/luchonoticias.com\/wp-content\/uploads\/2022\/10\/WhatsApp-Image-2022-10-30-at-3.13.03-PM-1024x461.jpeg\" alt=\"\" class=\"wp-image-38317\"\/><\/figure>\n<\/figure>\n\n\n\n<p>En la evaluaci\u00f3n de las obras, revisti\u00f3 especial atenci\u00f3n el avance en la ejecuci\u00f3n de la pavimentaci\u00f3n de la calle 51 en el barrio \u00c1lamos. De acuerdo al interventor de la obra, Ingeniero Carlos Andr\u00e9s Chavarro Castro, representante legal de la interventor\u00eda, los inconvenientes t\u00e9cnicos, jur\u00eddicos y administrativos por parte de la Gobernaci\u00f3n ya fueron superados y se avanza en la conclusi\u00f3n de las obras.<\/p>\n\n\n\n<p>\u201cManifestarle a toda la comunidad que ya se superaron todos los inconvenientes t\u00e9cnicos, jur\u00eddicos, administrativos y ya se firm\u00f3 el otros\u00ed desde el 5 de octubre donde fueron aprobadas las p\u00f3lizas del del contrato, de mayor recurso y mayor plazo. Con relaci\u00f3n al tema de las metas f\u00edsicas hay que manifestar que el objeto del contrato son 18 v\u00edas por pavimentar de las cuales hasta la fecha hay 15 v\u00edas pavimentadas , se est\u00e1 terminando de pavimentar una que es la de la calle 18 , la del Invias que estamos en ese proceso de ejecuci\u00f3n en este momento y paralelamente se est\u00e1 interviniendo la calle 51 con la construcci\u00f3n de sumideros, instalaci\u00f3n de tuber\u00edas de aguas lluvias, que son las actividades previas&nbsp; y ya se hizo desde junio hasta la fecha todo el cajeo total de la calle&nbsp; 51 desde la carrera 22&nbsp; hasta la avenida 16 , nosotros en la parte alta desde la 19 hasta la 22 ya tenemos certificado por empresas p\u00fablicas&nbsp; de que el proyecto est\u00e1 cumpliendo con relaci\u00f3n&nbsp; al tema de redes de aguas lluvias, potable, etc.\u201d, explic\u00f3.<\/p>\n\n\n\n<p>Agreg\u00f3 que solo faltaba un tema pendiente en la carrera 19 a la 16, \u201cEs una tuber\u00eda de aguas lluvias que\u00a0 est\u00e1 recalzada, creo que es de 24-26 pulgadas , el cual tiene unos niveles\u00a0 superiores considerables,\u00a0 nosotros le expusimos a empresas p\u00fablicas que\u00a0 frente a esa situaci\u00f3n cual ser\u00eda ese diagn\u00f3stico de soluci\u00f3n o replanteo\u00a0 con base a esa red, ellos nos han contestado a trav\u00e9s de la subgerencia t\u00e9cnica, donde no hay posibilidad por parte de empresas p\u00fablicas de recurso t\u00e9cnico ni financiero para hacer un replanteo de eso y nos est\u00e1 manifestando que tenemos que construir la v\u00eda\u00a0 en las condiciones existentes que hay, entonces all\u00ed estamos tomando decisiones con la consultor\u00eda y definiciones t\u00e9cnicas\u00a0 con el contratista de obra , los profesionales de de la interventor\u00eda, para que con base en esa particularidad hacer el redise\u00f1o geom\u00e9trico del pavimento que va desde la 19 hasta la\u00a0 26 y digamos que los bajos avances que hay en proceso constructivo en la calle 51\u00a0 obedece a las altas lluvias que se\u00a0 han venido presentando\u201d.<\/p>\n\n\n\n<figure class=\"wp-block-gallery has-nested-images columns-default is-cropped wp-block-gallery-2 is-layout-flex wp-block-gallery-is-layout-flex\">\n<figure class=\"wp-block-image size-large\"><img decoding=\"async\" data-id=\"38320\" src=\"https:\/\/luchonoticias.com\/wp-content\/uploads\/2022\/10\/WhatsApp-Image-2022-10-30-at-3.12.33-PM-1-1024x768.jpeg\" alt=\"\" class=\"wp-image-38320\"\/><\/figure>\n\n\n\n<figure class=\"wp-block-image size-large\"><img decoding=\"async\" data-id=\"38321\" src=\"https:\/\/luchonoticias.com\/wp-content\/uploads\/2022\/10\/WhatsApp-Image-2022-10-30-at-3.12.32-PM-1024x768.jpeg\" alt=\"\" class=\"wp-image-38321\"\/><\/figure>\n<\/figure>\n\n\n\n<p>Por su parte, el ingeniero Carlos Manrique, director de la Obra en la Calle 51, manifest\u00f3 que intervenir la obra con las fuertes lluvias incrementa desestabilizaci\u00f3n del terreno y aumento de costos.<\/p>\n\n\n\n<p>\u201cUna vez firmado el otros\u00ed, la demora ha sido t\u00e9cnicamente las lluvia, porque estamos trabajando sobre nivel de subrasante y al intervenirla por las lluvias, valdr\u00eda mucha plata, entonces nos toca esperar que se estabilice el clima unos tres, cuatro d\u00edas, para empezar la intervenci\u00f3n. Al igual all\u00e1 hay maquinaria disponible, apenas mejore el clima reiniciar\u00edamos, En este momento estamos terminando la 18, la terminar\u00edamos ma\u00f1ana, que es la famosa calle de los marihuaneros, quedan dos tramos pendientes, que es la 51 y la palmas que estar\u00edamos por ah\u00ed en 8 d\u00edas iniciando la intervenci\u00f3n all\u00e1, son aproximadamente 450 metros y durar\u00eda aproximadamente dos meses la ejecuci\u00f3n\u201d, puntualiz\u00f3.<\/p>\n\n\n\n<p>Por su parte, el diputado Orlando Ibag\u00f3n, quien asisti\u00f3 al comit\u00e9 t\u00e9cnico en representaci\u00f3n de la comunidad, aval\u00f3 la calidad de los contratistas y la voluntad del gobierno departamental para culminar las obras.<\/p>\n\n\n\n<p>\u201cTan pronto terminen las lluvias, reinician las obras para terminarla a la mayor brevedad posible, son 766 metros, donde hace casi cuatro a\u00f1os la comunidad est\u00e1 pidiendo a gritos que le terminen la obra, reitero, todos los problemas de adiciones, de otros\u00ed, ya est\u00e1n solucionados, hoy en d\u00eda ya, no tiene ning\u00fan reparo el contratista para terminar la obra, la comunidad de la 51 de \u00c1lamos Norte\u201d, indic\u00f3.<\/p>\n","protected":false},"excerpt":{"rendered":"<p>Son 15 las v\u00edas que ya han sido pavimentadas por parte de la Gobernaci\u00f3n del Huila en la ciudad de Neiva y se trabaja en terminar las tres faltantes, del compromiso establecido en el contrato 1348 ubicadas en la calle 18 en pleno centro de Neiva, la calle 51 en el barrio \u00c1lamos y otra [&hellip;]<\/p>\n","protected":false},"author":1,"featured_media":0,"comment_status":"open","ping_status":"open","sticky":false,"template":"","format":"standard","meta":{"footnotes":""},"categories":[36,53],"tags":[],"class_list":["post-38315","post","type-post","status-publish","format-standard","hentry","category-destacado","category-neiva"],"yoast_head":"<!-- This site is optimized with the Yoast SEO plugin v26.6 - https:\/\/yoast.com\/wordpress\/plugins\/seo\/ -->\n<title>Pavimentaciones de la Gobernaci\u00f3n del Huila en Neiva estar\u00e1n listas al finalizar el a\u00f1o -<\/title>\n<meta name=\"robots\" content=\"index, follow, max-snippet:-1, max-image-preview:large, max-video-preview:-1\" \/>\n<link rel=\"canonical\" href=\"https:\/\/luchonoticias.com\/editor\/pavimentaciones-de-la-gobernacion-del-huila-en-neiva-estaran-listas-al-finalizar-el-ano\/\" \/>\n<meta property=\"og:locale\" content=\"es_ES\" \/>\n<meta property=\"og:type\" content=\"article\" \/>\n<meta property=\"og:title\" content=\"Pavimentaciones de la Gobernaci\u00f3n del Huila en Neiva estar\u00e1n listas al finalizar el a\u00f1o -\" \/>\n<meta property=\"og:url\" content=\"https:\/\/luchonoticias.com\/editor\/pavimentaciones-de-la-gobernacion-del-huila-en-neiva-estaran-listas-al-finalizar-el-ano\/\" \/>\n<meta property=\"article:publisher\" content=\"https:\/\/www.facebook.com\/luchonoticiasneiva\" \/>\n<meta property=\"article:author\" content=\"https:\/\/www.facebook.com\/luchonoticiasneiva\" \/>\n<meta property=\"article:published_time\" content=\"2022-10-31T19:14:47+00:00\" \/>\n<meta property=\"article:modified_time\" content=\"2022-10-31T19:14:48+00:00\" \/>\n<meta property=\"og:image\" content=\"https:\/\/luchonoticias.com\/wp-content\/uploads\/2022\/10\/WhatsApp-Image-2022-10-30-at-3.13.36-PM-1-1024x678.jpeg\" \/>\n<meta name=\"author\" content=\"admin\" \/>\n<meta name=\"twitter:card\" content=\"summary_large_image\" \/>\n<meta name=\"twitter:label1\" content=\"Escrito por\" \/>\n\t<meta name=\"twitter:data1\" content=\"admin\" \/>\n\t<meta name=\"twitter:label2\" content=\"Tiempo de lectura\" \/>\n\t<meta name=\"twitter:data2\" content=\"5 minutos\" \/>\n<script type=\"application\/ld+json\" class=\"yoast-schema-graph\">{\"@context\":\"https:\/\/schema.org\",\"@graph\":[{\"@type\":\"Article\",\"@id\":\"https:\/\/luchonoticias.com\/editor\/pavimentaciones-de-la-gobernacion-del-huila-en-neiva-estaran-listas-al-finalizar-el-ano\/#article\",\"isPartOf\":{\"@id\":\"https:\/\/luchonoticias.com\/editor\/pavimentaciones-de-la-gobernacion-del-huila-en-neiva-estaran-listas-al-finalizar-el-ano\/\"},\"author\":{\"name\":\"admin\",\"@id\":\"https:\/\/luchonoticias.com\/editor\/#\/schema\/person\/7a7fd911f58561fd056dbac7b55af9cd\"},\"headline\":\"Pavimentaciones de la Gobernaci\u00f3n del Huila en Neiva estar\u00e1n listas al finalizar el a\u00f1o\",\"datePublished\":\"2022-10-31T19:14:47+00:00\",\"dateModified\":\"2022-10-31T19:14:48+00:00\",\"mainEntityOfPage\":{\"@id\":\"https:\/\/luchonoticias.com\/editor\/pavimentaciones-de-la-gobernacion-del-huila-en-neiva-estaran-listas-al-finalizar-el-ano\/\"},\"wordCount\":949,\"commentCount\":0,\"publisher\":{\"@id\":\"https:\/\/luchonoticias.com\/editor\/#\/schema\/person\/7a7fd911f58561fd056dbac7b55af9cd\"},\"image\":{\"@id\":\"https:\/\/luchonoticias.com\/editor\/pavimentaciones-de-la-gobernacion-del-huila-en-neiva-estaran-listas-al-finalizar-el-ano\/#primaryimage\"},\"thumbnailUrl\":\"https:\/\/luchonoticias.com\/wp-content\/uploads\/2022\/10\/WhatsApp-Image-2022-10-30-at-3.13.36-PM-1-1024x678.jpeg\",\"articleSection\":[\"Destacado\",\"Neiva\"],\"inLanguage\":\"es\",\"potentialAction\":[{\"@type\":\"CommentAction\",\"name\":\"Comment\",\"target\":[\"https:\/\/luchonoticias.com\/editor\/pavimentaciones-de-la-gobernacion-del-huila-en-neiva-estaran-listas-al-finalizar-el-ano\/#respond\"]}]},{\"@type\":\"WebPage\",\"@id\":\"https:\/\/luchonoticias.com\/editor\/pavimentaciones-de-la-gobernacion-del-huila-en-neiva-estaran-listas-al-finalizar-el-ano\/\",\"url\":\"https:\/\/luchonoticias.com\/editor\/pavimentaciones-de-la-gobernacion-del-huila-en-neiva-estaran-listas-al-finalizar-el-ano\/\",\"name\":\"Pavimentaciones de la Gobernaci\u00f3n del Huila en Neiva estar\u00e1n listas al finalizar el a\u00f1o -\",\"isPartOf\":{\"@id\":\"https:\/\/luchonoticias.com\/editor\/#website\"},\"primaryImageOfPage\":{\"@id\":\"https:\/\/luchonoticias.com\/editor\/pavimentaciones-de-la-gobernacion-del-huila-en-neiva-estaran-listas-al-finalizar-el-ano\/#primaryimage\"},\"image\":{\"@id\":\"https:\/\/luchonoticias.com\/editor\/pavimentaciones-de-la-gobernacion-del-huila-en-neiva-estaran-listas-al-finalizar-el-ano\/#primaryimage\"},\"thumbnailUrl\":\"https:\/\/luchonoticias.com\/wp-content\/uploads\/2022\/10\/WhatsApp-Image-2022-10-30-at-3.13.36-PM-1-1024x678.jpeg\",\"datePublished\":\"2022-10-31T19:14:47+00:00\",\"dateModified\":\"2022-10-31T19:14:48+00:00\",\"breadcrumb\":{\"@id\":\"https:\/\/luchonoticias.com\/editor\/pavimentaciones-de-la-gobernacion-del-huila-en-neiva-estaran-listas-al-finalizar-el-ano\/#breadcrumb\"},\"inLanguage\":\"es\",\"potentialAction\":[{\"@type\":\"ReadAction\",\"target\":[\"https:\/\/luchonoticias.com\/editor\/pavimentaciones-de-la-gobernacion-del-huila-en-neiva-estaran-listas-al-finalizar-el-ano\/\"]}]},{\"@type\":\"ImageObject\",\"inLanguage\":\"es\",\"@id\":\"https:\/\/luchonoticias.com\/editor\/pavimentaciones-de-la-gobernacion-del-huila-en-neiva-estaran-listas-al-finalizar-el-ano\/#primaryimage\",\"url\":\"https:\/\/luchonoticias.com\/wp-content\/uploads\/2022\/10\/WhatsApp-Image-2022-10-30-at-3.13.36-PM-1-1024x678.jpeg\",\"contentUrl\":\"https:\/\/luchonoticias.com\/wp-content\/uploads\/2022\/10\/WhatsApp-Image-2022-10-30-at-3.13.36-PM-1-1024x678.jpeg\"},{\"@type\":\"BreadcrumbList\",\"@id\":\"https:\/\/luchonoticias.com\/editor\/pavimentaciones-de-la-gobernacion-del-huila-en-neiva-estaran-listas-al-finalizar-el-ano\/#breadcrumb\",\"itemListElement\":[{\"@type\":\"ListItem\",\"position\":1,\"name\":\"Portada\",\"item\":\"https:\/\/luchonoticias.com\/editor\/\"},{\"@type\":\"ListItem\",\"position\":2,\"name\":\"Pavimentaciones de la Gobernaci\u00f3n del Huila en Neiva estar\u00e1n listas al finalizar el a\u00f1o\"}]},{\"@type\":\"WebSite\",\"@id\":\"https:\/\/luchonoticias.com\/editor\/#website\",\"url\":\"https:\/\/luchonoticias.com\/editor\/\",\"name\":\"\",\"description\":\"\",\"publisher\":{\"@id\":\"https:\/\/luchonoticias.com\/editor\/#\/schema\/person\/7a7fd911f58561fd056dbac7b55af9cd\"},\"potentialAction\":[{\"@type\":\"SearchAction\",\"target\":{\"@type\":\"EntryPoint\",\"urlTemplate\":\"https:\/\/luchonoticias.com\/editor\/?s={search_term_string}\"},\"query-input\":{\"@type\":\"PropertyValueSpecification\",\"valueRequired\":true,\"valueName\":\"search_term_string\"}}],\"inLanguage\":\"es\"},{\"@type\":[\"Person\",\"Organization\"],\"@id\":\"https:\/\/luchonoticias.com\/editor\/#\/schema\/person\/7a7fd911f58561fd056dbac7b55af9cd\",\"name\":\"admin\",\"image\":{\"@type\":\"ImageObject\",\"inLanguage\":\"es\",\"@id\":\"https:\/\/luchonoticias.com\/editor\/#\/schema\/person\/image\/\",\"url\":\"https:\/\/luchonoticias.com\/editor\/wp-content\/uploads\/2024\/02\/cropped-cropped-logolu.webp\",\"contentUrl\":\"https:\/\/luchonoticias.com\/editor\/wp-content\/uploads\/2024\/02\/cropped-cropped-logolu.webp\",\"width\":382,\"height\":170,\"caption\":\"admin\"},\"logo\":{\"@id\":\"https:\/\/luchonoticias.com\/editor\/#\/schema\/person\/image\/\"},\"sameAs\":[\"https:\/\/www.facebook.com\/luchonoticiasneiva\"],\"url\":\"https:\/\/luchonoticias.com\/editor\/author\/admin\/\"}]}<\/script>\n<!-- \/ Yoast SEO plugin. -->","yoast_head_json":{"title":"Pavimentaciones de la Gobernaci\u00f3n del Huila en Neiva estar\u00e1n listas al finalizar el a\u00f1o -","robots":{"index":"index","follow":"follow","max-snippet":"max-snippet:-1","max-image-preview":"max-image-preview:large","max-video-preview":"max-video-preview:-1"},"canonical":"https:\/\/luchonoticias.com\/editor\/pavimentaciones-de-la-gobernacion-del-huila-en-neiva-estaran-listas-al-finalizar-el-ano\/","og_locale":"es_ES","og_type":"article","og_title":"Pavimentaciones de la Gobernaci\u00f3n del Huila en Neiva estar\u00e1n listas al finalizar el a\u00f1o -","og_url":"https:\/\/luchonoticias.com\/editor\/pavimentaciones-de-la-gobernacion-del-huila-en-neiva-estaran-listas-al-finalizar-el-ano\/","article_publisher":"https:\/\/www.facebook.com\/luchonoticiasneiva","article_author":"https:\/\/www.facebook.com\/luchonoticiasneiva","article_published_time":"2022-10-31T19:14:47+00:00","article_modified_time":"2022-10-31T19:14:48+00:00","og_image":[{"url":"https:\/\/luchonoticias.com\/wp-content\/uploads\/2022\/10\/WhatsApp-Image-2022-10-30-at-3.13.36-PM-1-1024x678.jpeg","type":"","width":"","height":""}],"author":"admin","twitter_card":"summary_large_image","twitter_misc":{"Escrito por":"admin","Tiempo de lectura":"5 minutos"},"schema":{"@context":"https:\/\/schema.org","@graph":[{"@type":"Article","@id":"https:\/\/luchonoticias.com\/editor\/pavimentaciones-de-la-gobernacion-del-huila-en-neiva-estaran-listas-al-finalizar-el-ano\/#article","isPartOf":{"@id":"https:\/\/luchonoticias.com\/editor\/pavimentaciones-de-la-gobernacion-del-huila-en-neiva-estaran-listas-al-finalizar-el-ano\/"},"author":{"name":"admin","@id":"https:\/\/luchonoticias.com\/editor\/#\/schema\/person\/7a7fd911f58561fd056dbac7b55af9cd"},"headline":"Pavimentaciones de la Gobernaci\u00f3n del Huila en Neiva estar\u00e1n listas al finalizar el a\u00f1o","datePublished":"2022-10-31T19:14:47+00:00","dateModified":"2022-10-31T19:14:48+00:00","mainEntityOfPage":{"@id":"https:\/\/luchonoticias.com\/editor\/pavimentaciones-de-la-gobernacion-del-huila-en-neiva-estaran-listas-al-finalizar-el-ano\/"},"wordCount":949,"commentCount":0,"publisher":{"@id":"https:\/\/luchonoticias.com\/editor\/#\/schema\/person\/7a7fd911f58561fd056dbac7b55af9cd"},"image":{"@id":"https:\/\/luchonoticias.com\/editor\/pavimentaciones-de-la-gobernacion-del-huila-en-neiva-estaran-listas-al-finalizar-el-ano\/#primaryimage"},"thumbnailUrl":"https:\/\/luchonoticias.com\/wp-content\/uploads\/2022\/10\/WhatsApp-Image-2022-10-30-at-3.13.36-PM-1-1024x678.jpeg","articleSection":["Destacado","Neiva"],"inLanguage":"es","potentialAction":[{"@type":"CommentAction","name":"Comment","target":["https:\/\/luchonoticias.com\/editor\/pavimentaciones-de-la-gobernacion-del-huila-en-neiva-estaran-listas-al-finalizar-el-ano\/#respond"]}]},{"@type":"WebPage","@id":"https:\/\/luchonoticias.com\/editor\/pavimentaciones-de-la-gobernacion-del-huila-en-neiva-estaran-listas-al-finalizar-el-ano\/","url":"https:\/\/luchonoticias.com\/editor\/pavimentaciones-de-la-gobernacion-del-huila-en-neiva-estaran-listas-al-finalizar-el-ano\/","name":"Pavimentaciones de la Gobernaci\u00f3n del Huila en Neiva estar\u00e1n listas al finalizar el a\u00f1o -","isPartOf":{"@id":"https:\/\/luchonoticias.com\/editor\/#website"},"primaryImageOfPage":{"@id":"https:\/\/luchonoticias.com\/editor\/pavimentaciones-de-la-gobernacion-del-huila-en-neiva-estaran-listas-al-finalizar-el-ano\/#primaryimage"},"image":{"@id":"https:\/\/luchonoticias.com\/editor\/pavimentaciones-de-la-gobernacion-del-huila-en-neiva-estaran-listas-al-finalizar-el-ano\/#primaryimage"},"thumbnailUrl":"https:\/\/luchonoticias.com\/wp-content\/uploads\/2022\/10\/WhatsApp-Image-2022-10-30-at-3.13.36-PM-1-1024x678.jpeg","datePublished":"2022-10-31T19:14:47+00:00","dateModified":"2022-10-31T19:14:48+00:00","breadcrumb":{"@id":"https:\/\/luchonoticias.com\/editor\/pavimentaciones-de-la-gobernacion-del-huila-en-neiva-estaran-listas-al-finalizar-el-ano\/#breadcrumb"},"inLanguage":"es","potentialAction":[{"@type":"ReadAction","target":["https:\/\/luchonoticias.com\/editor\/pavimentaciones-de-la-gobernacion-del-huila-en-neiva-estaran-listas-al-finalizar-el-ano\/"]}]},{"@type":"ImageObject","inLanguage":"es","@id":"https:\/\/luchonoticias.com\/editor\/pavimentaciones-de-la-gobernacion-del-huila-en-neiva-estaran-listas-al-finalizar-el-ano\/#primaryimage","url":"https:\/\/luchonoticias.com\/wp-content\/uploads\/2022\/10\/WhatsApp-Image-2022-10-30-at-3.13.36-PM-1-1024x678.jpeg","contentUrl":"https:\/\/luchonoticias.com\/wp-content\/uploads\/2022\/10\/WhatsApp-Image-2022-10-30-at-3.13.36-PM-1-1024x678.jpeg"},{"@type":"BreadcrumbList","@id":"https:\/\/luchonoticias.com\/editor\/pavimentaciones-de-la-gobernacion-del-huila-en-neiva-estaran-listas-al-finalizar-el-ano\/#breadcrumb","itemListElement":[{"@type":"ListItem","position":1,"name":"Portada","item":"https:\/\/luchonoticias.com\/editor\/"},{"@type":"ListItem","position":2,"name":"Pavimentaciones de la Gobernaci\u00f3n del Huila en Neiva estar\u00e1n listas al finalizar el a\u00f1o"}]},{"@type":"WebSite","@id":"https:\/\/luchonoticias.com\/editor\/#website","url":"https:\/\/luchonoticias.com\/editor\/","name":"","description":"","publisher":{"@id":"https:\/\/luchonoticias.com\/editor\/#\/schema\/person\/7a7fd911f58561fd056dbac7b55af9cd"},"potentialAction":[{"@type":"SearchAction","target":{"@type":"EntryPoint","urlTemplate":"https:\/\/luchonoticias.com\/editor\/?s={search_term_string}"},"query-input":{"@type":"PropertyValueSpecification","valueRequired":true,"valueName":"search_term_string"}}],"inLanguage":"es"},{"@type":["Person","Organization"],"@id":"https:\/\/luchonoticias.com\/editor\/#\/schema\/person\/7a7fd911f58561fd056dbac7b55af9cd","name":"admin","image":{"@type":"ImageObject","inLanguage":"es","@id":"https:\/\/luchonoticias.com\/editor\/#\/schema\/person\/image\/","url":"https:\/\/luchonoticias.com\/editor\/wp-content\/uploads\/2024\/02\/cropped-cropped-logolu.webp","contentUrl":"https:\/\/luchonoticias.com\/editor\/wp-content\/uploads\/2024\/02\/cropped-cropped-logolu.webp","width":382,"height":170,"caption":"admin"},"logo":{"@id":"https:\/\/luchonoticias.com\/editor\/#\/schema\/person\/image\/"},"sameAs":["https:\/\/www.facebook.com\/luchonoticiasneiva"],"url":"https:\/\/luchonoticias.com\/editor\/author\/admin\/"}]}},"_links":{"self":[{"href":"https:\/\/luchonoticias.com\/editor\/wp-json\/wp\/v2\/posts\/38315","targetHints":{"allow":["GET"]}}],"collection":[{"href":"https:\/\/luchonoticias.com\/editor\/wp-json\/wp\/v2\/posts"}],"about":[{"href":"https:\/\/luchonoticias.com\/editor\/wp-json\/wp\/v2\/types\/post"}],"author":[{"embeddable":true,"href":"https:\/\/luchonoticias.com\/editor\/wp-json\/wp\/v2\/users\/1"}],"replies":[{"embeddable":true,"href":"https:\/\/luchonoticias.com\/editor\/wp-json\/wp\/v2\/comments?post=38315"}],"version-history":[{"count":0,"href":"https:\/\/luchonoticias.com\/editor\/wp-json\/wp\/v2\/posts\/38315\/revisions"}],"wp:attachment":[{"href":"https:\/\/luchonoticias.com\/editor\/wp-json\/wp\/v2\/media?parent=38315"}],"wp:term":[{"taxonomy":"category","embeddable":true,"href":"https:\/\/luchonoticias.com\/editor\/wp-json\/wp\/v2\/categories?post=38315"},{"taxonomy":"post_tag","embeddable":true,"href":"https:\/\/luchonoticias.com\/editor\/wp-json\/wp\/v2\/tags?post=38315"}],"curies":[{"name":"wp","href":"https:\/\/api.w.org\/{rel}","templated":true}]}}