{"id":38704,"date":"2022-11-04T08:37:41","date_gmt":"2022-11-04T13:37:41","guid":{"rendered":"https:\/\/luchonoticias.com\/?p=38704"},"modified":"2022-11-04T08:37:42","modified_gmt":"2022-11-04T13:37:42","slug":"trabajos-de-rehabilitacion-en-la-via-garzon-el-pital","status":"publish","type":"post","link":"https:\/\/luchonoticias.com\/editor\/trabajos-de-rehabilitacion-en-la-via-garzon-el-pital\/","title":{"rendered":"Trabajos de rehabilitaci\u00f3n en la v\u00eda Garz\u00f3n &#8211; El Pital"},"content":{"rendered":"\n<p>A buen ritmo avanza la&nbsp;<strong>rehabilitaci\u00f3n de la v\u00eda Garz\u00f3n \u2013 Agrado \u2013 El Pital<\/strong>, donde se han invertido mas de $3.300 millones en la rehabilitaci\u00f3n de los tramos viales contratados. Mejorar\u00e1 la movilidad para quienes transitan diariamente sobre la principal v\u00eda de comunicaci\u00f3n de los lugare\u00f1os.<\/p>\n\n\n\n<p>Son&nbsp;<strong>8 tramos viales en rehabilitaci\u00f3n,&nbsp;<\/strong>m\u00e1s de 1.300 metros de v\u00eda, de acuerdo al ingeniero Pablo Hern\u00e1n Bernal Ru\u00edz, residente del consorcio v\u00edas terciarias 2.021, donde uno de sus principales socios en la obra es la compa\u00f1\u00eda de ingenier\u00eda Masseq. \u201cEn este momento estamos haciendo la rehabilitaci\u00f3n de 8 tramos de pavimento flexible en la v\u00eda garz\u00f3n-agrado- Pital, para un tramo total de 1.341 metros lineales.&nbsp;<strong>Las obras consisten en retirar la capa asf\u00e1ltica existente para despu\u00e9s restituirla<\/strong>, se hace una excavaci\u00f3n para hacer el mejoramiento de la subrasante y poder apoyar sobre ella la carpeta asf\u00e1ltica nueva\u201d.<\/p>\n\n\n\n<p>Seg\u00fan el profesional de la ingenier\u00eda,<strong>&nbsp;el trafico por el lugar se maneja de manera intermitente<\/strong>&nbsp;y las constantes lluvias no han permitido trabajar al ritmo deseado. \u201cEs necesario respetar las normas de tr\u00e1nsito que se est\u00e1n implementando dentro del plan de manejo de tr\u00e1fico, donde se tiene el personal capacitado para dar el tr\u00e1fico intermitente y de esa manera poder realizar los trabajos correspondientes y evitar cualquier tipo de incidencia, hemos tenido una gran afectaci\u00f3n por las lluvias, ya que como es conocido en todo el pa\u00eds,&nbsp;<strong>ha llovido de una manera muy frecuente y nos ha generado retrocesos en los trabajos<\/strong>&nbsp;y hay d\u00edas en los cuales no se ha podido trabajar debido a las lluvias que se presentan\u201d.<\/p>\n\n\n\n<p>El acta de inicio de la obra fue firmada el 5 de septiembre del presente a\u00f1o y tiene un&nbsp;<strong>plazo de ejecuci\u00f3n de seis meses.<\/strong><\/p>\n","protected":false},"excerpt":{"rendered":"<p>A buen ritmo avanza la&nbsp;rehabilitaci\u00f3n de la v\u00eda Garz\u00f3n \u2013 Agrado \u2013 El Pital, donde se han invertido mas de $3.300 millones en la rehabilitaci\u00f3n de los tramos viales contratados. Mejorar\u00e1 la movilidad para quienes transitan diariamente sobre la principal v\u00eda de comunicaci\u00f3n de los lugare\u00f1os. Son&nbsp;8 tramos viales en rehabilitaci\u00f3n,&nbsp;m\u00e1s de 1.300 metros de [&hellip;]<\/p>\n","protected":false},"author":1,"featured_media":0,"comment_status":"open","ping_status":"open","sticky":false,"template":"","format":"standard","meta":{"footnotes":""},"categories":[33],"tags":[],"class_list":["post-38704","post","type-post","status-publish","format-standard","hentry","category-huila"],"yoast_head":"<!-- This site is optimized with the Yoast SEO plugin v26.6 - https:\/\/yoast.com\/wordpress\/plugins\/seo\/ -->\n<title>Trabajos de rehabilitaci\u00f3n en la v\u00eda Garz\u00f3n - El Pital -<\/title>\n<meta name=\"robots\" content=\"index, follow, max-snippet:-1, max-image-preview:large, max-video-preview:-1\" \/>\n<link rel=\"canonical\" href=\"https:\/\/luchonoticias.com\/editor\/trabajos-de-rehabilitacion-en-la-via-garzon-el-pital\/\" \/>\n<meta property=\"og:locale\" content=\"es_ES\" \/>\n<meta property=\"og:type\" content=\"article\" \/>\n<meta property=\"og:title\" content=\"Trabajos de rehabilitaci\u00f3n en la v\u00eda Garz\u00f3n - El Pital -\" \/>\n<meta property=\"og:url\" content=\"https:\/\/luchonoticias.com\/editor\/trabajos-de-rehabilitacion-en-la-via-garzon-el-pital\/\" \/>\n<meta property=\"article:publisher\" content=\"https:\/\/www.facebook.com\/luchonoticiasneiva\" \/>\n<meta property=\"article:author\" content=\"https:\/\/www.facebook.com\/luchonoticiasneiva\" \/>\n<meta property=\"article:published_time\" content=\"2022-11-04T13:37:41+00:00\" \/>\n<meta property=\"article:modified_time\" content=\"2022-11-04T13:37:42+00:00\" \/>\n<meta name=\"author\" content=\"admin\" \/>\n<meta name=\"twitter:card\" content=\"summary_large_image\" \/>\n<meta name=\"twitter:label1\" content=\"Escrito por\" \/>\n\t<meta name=\"twitter:data1\" content=\"admin\" \/>\n\t<meta name=\"twitter:label2\" content=\"Tiempo de lectura\" \/>\n\t<meta name=\"twitter:data2\" content=\"2 minutos\" \/>\n<script type=\"application\/ld+json\" class=\"yoast-schema-graph\">{\"@context\":\"https:\/\/schema.org\",\"@graph\":[{\"@type\":\"Article\",\"@id\":\"https:\/\/luchonoticias.com\/editor\/trabajos-de-rehabilitacion-en-la-via-garzon-el-pital\/#article\",\"isPartOf\":{\"@id\":\"https:\/\/luchonoticias.com\/editor\/trabajos-de-rehabilitacion-en-la-via-garzon-el-pital\/\"},\"author\":{\"name\":\"admin\",\"@id\":\"https:\/\/luchonoticias.com\/editor\/#\/schema\/person\/7a7fd911f58561fd056dbac7b55af9cd\"},\"headline\":\"Trabajos de rehabilitaci\u00f3n en la v\u00eda Garz\u00f3n &#8211; El Pital\",\"datePublished\":\"2022-11-04T13:37:41+00:00\",\"dateModified\":\"2022-11-04T13:37:42+00:00\",\"mainEntityOfPage\":{\"@id\":\"https:\/\/luchonoticias.com\/editor\/trabajos-de-rehabilitacion-en-la-via-garzon-el-pital\/\"},\"wordCount\":338,\"commentCount\":0,\"publisher\":{\"@id\":\"https:\/\/luchonoticias.com\/editor\/#\/schema\/person\/7a7fd911f58561fd056dbac7b55af9cd\"},\"articleSection\":[\"Huila\"],\"inLanguage\":\"es\",\"potentialAction\":[{\"@type\":\"CommentAction\",\"name\":\"Comment\",\"target\":[\"https:\/\/luchonoticias.com\/editor\/trabajos-de-rehabilitacion-en-la-via-garzon-el-pital\/#respond\"]}]},{\"@type\":\"WebPage\",\"@id\":\"https:\/\/luchonoticias.com\/editor\/trabajos-de-rehabilitacion-en-la-via-garzon-el-pital\/\",\"url\":\"https:\/\/luchonoticias.com\/editor\/trabajos-de-rehabilitacion-en-la-via-garzon-el-pital\/\",\"name\":\"Trabajos de rehabilitaci\u00f3n en la v\u00eda Garz\u00f3n - El Pital -\",\"isPartOf\":{\"@id\":\"https:\/\/luchonoticias.com\/editor\/#website\"},\"datePublished\":\"2022-11-04T13:37:41+00:00\",\"dateModified\":\"2022-11-04T13:37:42+00:00\",\"breadcrumb\":{\"@id\":\"https:\/\/luchonoticias.com\/editor\/trabajos-de-rehabilitacion-en-la-via-garzon-el-pital\/#breadcrumb\"},\"inLanguage\":\"es\",\"potentialAction\":[{\"@type\":\"ReadAction\",\"target\":[\"https:\/\/luchonoticias.com\/editor\/trabajos-de-rehabilitacion-en-la-via-garzon-el-pital\/\"]}]},{\"@type\":\"BreadcrumbList\",\"@id\":\"https:\/\/luchonoticias.com\/editor\/trabajos-de-rehabilitacion-en-la-via-garzon-el-pital\/#breadcrumb\",\"itemListElement\":[{\"@type\":\"ListItem\",\"position\":1,\"name\":\"Portada\",\"item\":\"https:\/\/luchonoticias.com\/editor\/\"},{\"@type\":\"ListItem\",\"position\":2,\"name\":\"Trabajos de rehabilitaci\u00f3n en la v\u00eda Garz\u00f3n &#8211; El Pital\"}]},{\"@type\":\"WebSite\",\"@id\":\"https:\/\/luchonoticias.com\/editor\/#website\",\"url\":\"https:\/\/luchonoticias.com\/editor\/\",\"name\":\"\",\"description\":\"\",\"publisher\":{\"@id\":\"https:\/\/luchonoticias.com\/editor\/#\/schema\/person\/7a7fd911f58561fd056dbac7b55af9cd\"},\"potentialAction\":[{\"@type\":\"SearchAction\",\"target\":{\"@type\":\"EntryPoint\",\"urlTemplate\":\"https:\/\/luchonoticias.com\/editor\/?s={search_term_string}\"},\"query-input\":{\"@type\":\"PropertyValueSpecification\",\"valueRequired\":true,\"valueName\":\"search_term_string\"}}],\"inLanguage\":\"es\"},{\"@type\":[\"Person\",\"Organization\"],\"@id\":\"https:\/\/luchonoticias.com\/editor\/#\/schema\/person\/7a7fd911f58561fd056dbac7b55af9cd\",\"name\":\"admin\",\"image\":{\"@type\":\"ImageObject\",\"inLanguage\":\"es\",\"@id\":\"https:\/\/luchonoticias.com\/editor\/#\/schema\/person\/image\/\",\"url\":\"https:\/\/luchonoticias.com\/editor\/wp-content\/uploads\/2024\/02\/cropped-cropped-logolu.webp\",\"contentUrl\":\"https:\/\/luchonoticias.com\/editor\/wp-content\/uploads\/2024\/02\/cropped-cropped-logolu.webp\",\"width\":382,\"height\":170,\"caption\":\"admin\"},\"logo\":{\"@id\":\"https:\/\/luchonoticias.com\/editor\/#\/schema\/person\/image\/\"},\"sameAs\":[\"https:\/\/www.facebook.com\/luchonoticiasneiva\"],\"url\":\"https:\/\/luchonoticias.com\/editor\/author\/admin\/\"}]}<\/script>\n<!-- \/ Yoast SEO plugin. -->","yoast_head_json":{"title":"Trabajos de rehabilitaci\u00f3n en la v\u00eda Garz\u00f3n - El Pital -","robots":{"index":"index","follow":"follow","max-snippet":"max-snippet:-1","max-image-preview":"max-image-preview:large","max-video-preview":"max-video-preview:-1"},"canonical":"https:\/\/luchonoticias.com\/editor\/trabajos-de-rehabilitacion-en-la-via-garzon-el-pital\/","og_locale":"es_ES","og_type":"article","og_title":"Trabajos de rehabilitaci\u00f3n en la v\u00eda Garz\u00f3n - El Pital -","og_url":"https:\/\/luchonoticias.com\/editor\/trabajos-de-rehabilitacion-en-la-via-garzon-el-pital\/","article_publisher":"https:\/\/www.facebook.com\/luchonoticiasneiva","article_author":"https:\/\/www.facebook.com\/luchonoticiasneiva","article_published_time":"2022-11-04T13:37:41+00:00","article_modified_time":"2022-11-04T13:37:42+00:00","author":"admin","twitter_card":"summary_large_image","twitter_misc":{"Escrito por":"admin","Tiempo de lectura":"2 minutos"},"schema":{"@context":"https:\/\/schema.org","@graph":[{"@type":"Article","@id":"https:\/\/luchonoticias.com\/editor\/trabajos-de-rehabilitacion-en-la-via-garzon-el-pital\/#article","isPartOf":{"@id":"https:\/\/luchonoticias.com\/editor\/trabajos-de-rehabilitacion-en-la-via-garzon-el-pital\/"},"author":{"name":"admin","@id":"https:\/\/luchonoticias.com\/editor\/#\/schema\/person\/7a7fd911f58561fd056dbac7b55af9cd"},"headline":"Trabajos de rehabilitaci\u00f3n en la v\u00eda Garz\u00f3n &#8211; El Pital","datePublished":"2022-11-04T13:37:41+00:00","dateModified":"2022-11-04T13:37:42+00:00","mainEntityOfPage":{"@id":"https:\/\/luchonoticias.com\/editor\/trabajos-de-rehabilitacion-en-la-via-garzon-el-pital\/"},"wordCount":338,"commentCount":0,"publisher":{"@id":"https:\/\/luchonoticias.com\/editor\/#\/schema\/person\/7a7fd911f58561fd056dbac7b55af9cd"},"articleSection":["Huila"],"inLanguage":"es","potentialAction":[{"@type":"CommentAction","name":"Comment","target":["https:\/\/luchonoticias.com\/editor\/trabajos-de-rehabilitacion-en-la-via-garzon-el-pital\/#respond"]}]},{"@type":"WebPage","@id":"https:\/\/luchonoticias.com\/editor\/trabajos-de-rehabilitacion-en-la-via-garzon-el-pital\/","url":"https:\/\/luchonoticias.com\/editor\/trabajos-de-rehabilitacion-en-la-via-garzon-el-pital\/","name":"Trabajos de rehabilitaci\u00f3n en la v\u00eda Garz\u00f3n - El Pital -","isPartOf":{"@id":"https:\/\/luchonoticias.com\/editor\/#website"},"datePublished":"2022-11-04T13:37:41+00:00","dateModified":"2022-11-04T13:37:42+00:00","breadcrumb":{"@id":"https:\/\/luchonoticias.com\/editor\/trabajos-de-rehabilitacion-en-la-via-garzon-el-pital\/#breadcrumb"},"inLanguage":"es","potentialAction":[{"@type":"ReadAction","target":["https:\/\/luchonoticias.com\/editor\/trabajos-de-rehabilitacion-en-la-via-garzon-el-pital\/"]}]},{"@type":"BreadcrumbList","@id":"https:\/\/luchonoticias.com\/editor\/trabajos-de-rehabilitacion-en-la-via-garzon-el-pital\/#breadcrumb","itemListElement":[{"@type":"ListItem","position":1,"name":"Portada","item":"https:\/\/luchonoticias.com\/editor\/"},{"@type":"ListItem","position":2,"name":"Trabajos de rehabilitaci\u00f3n en la v\u00eda Garz\u00f3n &#8211; El Pital"}]},{"@type":"WebSite","@id":"https:\/\/luchonoticias.com\/editor\/#website","url":"https:\/\/luchonoticias.com\/editor\/","name":"","description":"","publisher":{"@id":"https:\/\/luchonoticias.com\/editor\/#\/schema\/person\/7a7fd911f58561fd056dbac7b55af9cd"},"potentialAction":[{"@type":"SearchAction","target":{"@type":"EntryPoint","urlTemplate":"https:\/\/luchonoticias.com\/editor\/?s={search_term_string}"},"query-input":{"@type":"PropertyValueSpecification","valueRequired":true,"valueName":"search_term_string"}}],"inLanguage":"es"},{"@type":["Person","Organization"],"@id":"https:\/\/luchonoticias.com\/editor\/#\/schema\/person\/7a7fd911f58561fd056dbac7b55af9cd","name":"admin","image":{"@type":"ImageObject","inLanguage":"es","@id":"https:\/\/luchonoticias.com\/editor\/#\/schema\/person\/image\/","url":"https:\/\/luchonoticias.com\/editor\/wp-content\/uploads\/2024\/02\/cropped-cropped-logolu.webp","contentUrl":"https:\/\/luchonoticias.com\/editor\/wp-content\/uploads\/2024\/02\/cropped-cropped-logolu.webp","width":382,"height":170,"caption":"admin"},"logo":{"@id":"https:\/\/luchonoticias.com\/editor\/#\/schema\/person\/image\/"},"sameAs":["https:\/\/www.facebook.com\/luchonoticiasneiva"],"url":"https:\/\/luchonoticias.com\/editor\/author\/admin\/"}]}},"_links":{"self":[{"href":"https:\/\/luchonoticias.com\/editor\/wp-json\/wp\/v2\/posts\/38704","targetHints":{"allow":["GET"]}}],"collection":[{"href":"https:\/\/luchonoticias.com\/editor\/wp-json\/wp\/v2\/posts"}],"about":[{"href":"https:\/\/luchonoticias.com\/editor\/wp-json\/wp\/v2\/types\/post"}],"author":[{"embeddable":true,"href":"https:\/\/luchonoticias.com\/editor\/wp-json\/wp\/v2\/users\/1"}],"replies":[{"embeddable":true,"href":"https:\/\/luchonoticias.com\/editor\/wp-json\/wp\/v2\/comments?post=38704"}],"version-history":[{"count":0,"href":"https:\/\/luchonoticias.com\/editor\/wp-json\/wp\/v2\/posts\/38704\/revisions"}],"wp:attachment":[{"href":"https:\/\/luchonoticias.com\/editor\/wp-json\/wp\/v2\/media?parent=38704"}],"wp:term":[{"taxonomy":"category","embeddable":true,"href":"https:\/\/luchonoticias.com\/editor\/wp-json\/wp\/v2\/categories?post=38704"},{"taxonomy":"post_tag","embeddable":true,"href":"https:\/\/luchonoticias.com\/editor\/wp-json\/wp\/v2\/tags?post=38704"}],"curies":[{"name":"wp","href":"https:\/\/api.w.org\/{rel}","templated":true}]}}