{"id":38712,"date":"2022-11-04T10:16:57","date_gmt":"2022-11-04T15:16:57","guid":{"rendered":"https:\/\/luchonoticias.com\/?p=38712"},"modified":"2022-11-04T10:16:58","modified_gmt":"2022-11-04T15:16:58","slug":"un-mecanico-amante-del-futbol","status":"publish","type":"post","link":"https:\/\/luchonoticias.com\/editor\/un-mecanico-amante-del-futbol\/","title":{"rendered":"Un mec\u00e1nico&#8230;amante del f\u00fatbol"},"content":{"rendered":"\n<p><em>Mart\u00edn Vargas ha sido un hombre cuya vida ha estado ligada a dos grandes pasiones, la mec\u00e1nica de motos y el f\u00fatbol, este \u00faltimo, donde lidera uno de los proyectos deportivos m\u00e1s longevos del sur de Neiva.<\/em><\/p>\n\n\n\n<p><\/p>\n\n\n\n<p><\/p>\n\n\n\n<p>Las canchas del barrio Canaima se han convertido en poco tiempo en epicentro de muchas actividades deportivas en el sur de Neiva, diversas competencias y entrenamientos de varios clubes de la zona tienen su sede en dicho escenario que a\u00f1os atr\u00e1s era una cancha de arena, hoy en d\u00eda es de c\u00e9sped artificial, delimitada y con algunas grader\u00edas.<\/p>\n\n\n\n<p>En esa zona es donde Mart\u00edn Vargas activa el Club Surnei, uno de sus proyectos personales m\u00e1s importantes y que en poco tiempo se ha convertido en un importante generador en la zona de deporte y recreaci\u00f3n, adem\u00e1s de cumplir un pilar social en la zona.<\/p>\n\n\n\n<p>\u201cEsto ha sido una labor familiar, ha sido una labor de mucho emprendimiento, de muchas ganas, Surnei para m\u00ed es la otra parte de mi vida, he aprendido a querer los ni\u00f1os, a pasar las dificultades, los momentos dif\u00edciles, las alegr\u00edas, los llantos de algunos pero Surnei es algo incomparable\u201d, dijo.<\/p>\n\n\n\n<p>Junto a sus entrenadores, tres veces a la semana Mart\u00edn aprovecha para ayudar a sus alumnos y en muchas ocasiones los congrega parea inculcarles algo de aprendizaje, no del f\u00fatbol pero si de la vida y de lo que implica el deporte mucho m\u00e1s all\u00e1 de los resultados.<\/p>\n\n\n\n<p>\u201cEs un amor que le llevo a este club desde el momento en que fui presidente y comenc\u00e9 a trabajar en el barrio Canaima a oscuras cuando era una cancha de arena y no hab\u00edan casas, gracias a Dios el proyecto va grande y esperamos seguir creciendo y mejorando\u201d, a\u00f1adi\u00f3.<\/p>\n\n\n\n<p>Sin embargo, esos momentos en el fondo son el resultado de un largo en donde hubo dos cosas que lo movieron: el amor hacia el deporte y los deseos de ser due\u00f1o de su propio destino.<\/p>\n\n\n\n<p><\/p>\n\n\n\n<figure class=\"wp-block-image size-large\"><img decoding=\"async\" src=\"https:\/\/luchonoticias.com\/wp-content\/uploads\/2022\/11\/WhatsApp-Image-2022-10-26-at-20.48.04-1024x769.jpeg\" alt=\"\" class=\"wp-image-38715\"\/><figcaption>Con su Club Surnei, Mart\u00edn viene llevando a cabo una importante labor deportiva y formativa en el sur de Neiva. <\/figcaption><\/figure>\n\n\n\n<p><\/p>\n\n\n\n<p><strong>Entre el deporte y la empresa<\/strong><\/p>\n\n\n\n<p>Mart\u00edn Vargas hoy en d\u00eda es dirigente deportivo y empresario especialista en motos pero, antes que nada, fuer un hombre de deporte y de negocios, en el primer apartado, vinculado al ciclismo, donde logr\u00f3 varias figuraciones departamentales e incluso lleg\u00f3 a estar vinculado a cuadros directivos.<\/p>\n\n\n\n<p>\u201cEsa fue una experiencia muy bonita, en el ciclismo dur\u00e9 bastante tiempo, fui varias veces campe\u00f3n departamental, vinculado a la Liga de Ciclismo del Huila, fui presidente de un club (Ciclo Bonarotti), fuera de eso tengo un hermano que fue boxeador, una sobrina que fue subcampeona panamericana en triatl\u00f3n y as\u00ed sucesivamente venimos de una familia deportiva\u201d, dijo Vargas quien se dedic\u00f3 al ciclismo durante casi todos los a\u00f1os 80\u2019s.<\/p>\n\n\n\n<p>En medio de ese proceso y ante la necesidad de conseguir ingresos, Mart\u00edn deja levemente el deporte y se dedica a trabajar, concretamente mediante el comercio, gracias a una oportunidad que le brind\u00f3 una conocida familia empresarial de la regi\u00f3n, comenz\u00f3 a hacerse camino, principalmente en empresas orientadas a la comercializaci\u00f3n de textiles y de calzado.<\/p>\n\n\n\n<p>\u201cMe dieron la oportunidad de trabajar en el comercio del Huila, con la empresa de los Jauregui, muy buena persona el se\u00f1or Gabriel y trabaj\u00e9 ah\u00ed, me dieron la oportunidad, me abrieron puertas para seguir trabajando en el comercio varios a\u00f1os y en donde tuve la posibilidad de trabajar en diversas empresas de la ciudad\u201d, se\u00f1al\u00f3.<\/p>\n\n\n\n<p><\/p>\n\n\n\n<figure class=\"wp-block-image size-full\"><img decoding=\"async\" src=\"https:\/\/luchonoticias.com\/wp-content\/uploads\/2022\/11\/IMG-20221025-WA0018.jpg\" alt=\"\" class=\"wp-image-38717\"\/><figcaption>Mart\u00edn fue ciclista durante los a\u00f1os 80&#8217;s. <\/figcaption><\/figure>\n\n\n\n<p><\/p>\n\n\n\n<p>Pero al poco tiempo Mart\u00edn volvi\u00f3 a tener una inclinaci\u00f3n, quer\u00eda seguir trabajando pero no depender de los dem\u00e1s, es as\u00ed como opt\u00f3 por independizarse y crear su propio negocio, el hecho de ser su propio jefe y no depender tanto de lo que implica ser empleado, lo hicieron tomar ese rumbo, el cual a\u00fan persiste.<\/p>\n\n\n\n<p>\u201cMe dediqu\u00e9 a ser independiente, trabaj\u00e9, puse un almac\u00e9n de bicicletas y de motos\u2026yo hab\u00eda trabajado con mi hermano por muchos a\u00f1os en las bicicletas en las motos, entonces volv\u00ed y retom\u00e9 la labor luego de mucho tiempo, quise ser independiente, me aburr\u00ed de cumplir horarios, me aburr\u00ed de los amarres que hay en una empresa\u2026yo trabaj\u00e9 en la cuarta, en la Calle 14,&nbsp; tuve negocio en Santa Isabel y ahora lo tengo en el barrio Canaima\u201d, dijo.<\/p>\n\n\n\n<p>Pero m\u00e1s que todo se hizo un nombre en el negocio de la reparaci\u00f3n de motos, entre herramientas, lubricantes y grada Mart\u00edn comienza a formar un sustento para su familia y tan bien le va que logra montar su empresa en diversas partes de la ciudad con relativo \u00e9xito, ahora sigue con su emprendimiento pero en el sur de Neiva, donde no solo vive, tambi\u00e9n donde naci\u00f3 su otra gran pasi\u00f3n.<\/p>\n\n\n\n<p><strong>El regreso al deporte<\/strong><\/p>\n\n\n\n<p>En su intenci\u00f3n de hacer del deporte el estilo de vida de su hijo, Mart\u00edn procedi\u00f3 a comprarle una bicicleta y el equipo necesario para su pr\u00e1ctica, pero a su reto\u00f1o le pic\u00f3 \u2018el bicho\u2019 del f\u00fatbol, ese episodio fue el punto de partida para que naciera su otra pasi\u00f3n: el Club Surnei.<\/p>\n\n\n\n<p>\u201cLa motivaci\u00f3n para crear la escuela fue mi hijo, mi hijo porque yo fui deportista, no tuve un gran apoyo y yo quise apoyarlo en el ciclismo en principio y la verdad \u00e9l se inclin\u00f3 por el f\u00fatbol y me dediqu\u00e9 a darle el apoyo, el respaldo y gracias a Dios fuimos compensado, estuvo en microciclo en selecci\u00f3n Colombia, estuvo en la cantera del Uni\u00f3n Magdalena pero ahora forma parte de los entrenadores del club y estudia para poder superarse y ah\u00ed vamos en el tema\u201d, record\u00f3.<\/p>\n\n\n\n<p><\/p>\n\n\n\n<figure class=\"wp-block-image size-full\"><img decoding=\"async\" src=\"https:\/\/luchonoticias.com\/wp-content\/uploads\/2022\/11\/martin-vargas-2.jpg\" alt=\"\" class=\"wp-image-38718\"\/><figcaption>Pese a que tiene sus entrenadores, en ocasiones Mart\u00edn hace reuniones con los alumnos del club buscando inculcarles cosas tanto deportivas como formativas. <\/figcaption><\/figure>\n\n\n\n<p><\/p>\n\n\n\n<p>Llamado as\u00ed por el hecho de congregarse en el sur de la ciudad, Surnei ha sido el fiel reflejo de la evoluci\u00f3n de la zona, ya que, de pasar a entrar con unos cuantos en una cancha de arena, ahora son muchos quienes trabajan en cancha sint\u00e9tica.<\/p>\n\n\n\n<p>\u201cLa organizaci\u00f3n es importante, nosotros cuando comenzamos, eran 70 ni\u00f1os y no quer\u00eda ser el instructor sino el administrador para trabajar mejor y los deportistas recibieran lo mejor\u201d, dijo.<\/p>\n\n\n\n<p>Al principio Mart\u00edn entrenaba pero al poco tiempo su hijo se encarg\u00f3 de esa labor y de a poco llegaron nuevos elementos para asistirle, actualmente se encarga de la parte administrativa del club pero no deja de seguir a sus muchachos y de acompa\u00f1arlos en los partidos o en uno que otro entrenamiento.<\/p>\n\n\n\n<p><\/p>\n\n\n\n<figure class=\"wp-block-image size-full\"><img decoding=\"async\" src=\"https:\/\/luchonoticias.com\/wp-content\/uploads\/2022\/11\/18581925_647516735455599_8700711428538272971_n.jpg\" alt=\"\" class=\"wp-image-38722\"\/><figcaption>Pese a los t\u00edtulos, para Mart\u00edn lo m\u00e1s importante es dar su grano de arena para que sus alumnos sean personas de bien, sea en el f\u00fatbol o en otras facetas, a tal punto que tambi\u00e9n los considera como parte de su familia. <\/figcaption><\/figure>\n\n\n\n<p><\/p>\n\n\n\n<p><strong>La satisfacci\u00f3n del club<\/strong><\/p>\n\n\n\n<p>Y el buen trabajo como siempre, deja sus frutos y en el caso del Club Surnei, Mart\u00edn ha sido testigo de c\u00f3mo su \u2018creaci\u00f3n\u2019 ha ganado m\u00e1s de 100 trofeos a lo largo de su historia.<\/p>\n\n\n\n<p>\u201cHemos tenido la oportunidad de que los trofeos no caben en la oficina y lo rifamos entre los j\u00f3venes de d\u00e1rselos u otros que se nos han ca\u00eddo\u201d, declara de forma jocosa.<\/p>\n\n\n\n<p>T\u00edtulos de liga, festivales, torneos nacionales aficionados, reconocimientos regionales, todo eso forma parte de la vitrina del club, no obstante y m\u00e1s all\u00e1 de lo deportivo, Mart\u00edn valora mucho algo que no se puede medir de forma material: el legado inculcado en varios de los que fueron sus ex alumnos y que hoy en d\u00eda no lo olvidan.<\/p>\n\n\n\n<p>\u201cEn materia de satisfacciones, la m\u00e1s importante ver d\u00eda tras d\u00eda a j\u00f3venes que han hecho parte de nuestro club, que han llegado al f\u00fatbol, han salido bien y lo m\u00e1s importante, algunos que han salido buenas personas: algunos han salido como oficiales de la Polic\u00eda, el Ej\u00e9rcito, otros han salido ingenieros, muchachos que a\u00fan siguen con sus carreras, eso lo llena a uno de orgullo porque uno de los encuentra le dan un saludo o un abrazo y esa es la mayor satisfacci\u00f3n como dirigente deportivo\u201d, dijo.<\/p>\n\n\n\n<p><\/p>\n\n\n\n<figure class=\"wp-block-image size-full\"><img decoding=\"async\" src=\"https:\/\/luchonoticias.com\/wp-content\/uploads\/2022\/11\/martin-vargas-3.jpg\" alt=\"\" class=\"wp-image-38720\"\/><figcaption>Como todos los dem\u00e1s clubes, Mart\u00edn siempre organiza con su club un evento de fin de a\u00f1o para destacar a los mejores durante el a\u00f1o. <\/figcaption><\/figure>\n\n\n\n<p><\/p>\n\n\n\n<p><strong>Su labor social<\/strong><\/p>\n\n\n\n<p>Vargas es consciente del trabajo que viene llevando a cabo su club, no solo en ofrecer un espacio para los menores del sur de Neiva, tambi\u00e9n busca darles las condiciones para que esos infantes lo puedan disfrutar, as\u00ed eso no signifique dinero; es por eso que en muchas ocasiones acogen a ni\u00f1os que muchas veces no cuentan con los elementos necesarios y busca que puedan seguir jugando, prefiriendo eso y que no tengan c\u00f3mo, a que se pierdan en flagelos como la delincuencia o la drogadicci\u00f3n.<\/p>\n\n\n\n<p>\u201cYo he sido muy esquivo en eso, no me gusta vociferar mucho de las cosas\u2026no solo somos nosotros, muchos clubes en Neiva hacemos una labor social que no hacen las autoridades, aportamos el granito de arena porque hay mucho jugador que no tienen el recurso, algunos llegan a los partidos sin el recurso para desayunar y el profe les comparte con ellos\u2026nos hacemos cargo de algunos jugadores que no tienen c\u00f3mo para estar a tope con las obligaciones con el club\u2026muchos hacemos esta labor social que no es para mostrarla, solo para trabajarla y robarle al mundo de la delincuencia, la drogadicci\u00f3n o la prostituci\u00f3n, esas personas que pueden ser parte de ella\u201d, dijo.<\/p>\n\n\n\n<p>Pese a los a\u00f1os y los t\u00edtulos, Mart\u00edn busca grandes cosas para su club, anhela a futuro su propia sede, su transporte e incluso otras divisiones, algo que espera estar vivo para experimentarlo y seguir con esa labor social de formar gente mediante el f\u00fatbol y \u00bfporque no?, que alguien de su club, pronto llegue al f\u00fatbol profesional.<\/p>\n","protected":false},"excerpt":{"rendered":"<p>Mart\u00edn Vargas ha sido un hombre cuya vida ha estado ligada a dos grandes pasiones, la mec\u00e1nica de motos y el f\u00fatbol, este \u00faltimo, donde lidera uno de los proyectos deportivos m\u00e1s longevos del sur de Neiva. Las canchas del barrio Canaima se han convertido en poco tiempo en epicentro de muchas actividades deportivas en [&hellip;]<\/p>\n","protected":false},"author":1,"featured_media":0,"comment_status":"open","ping_status":"open","sticky":false,"template":"","format":"standard","meta":{"footnotes":""},"categories":[34],"tags":[3974,3976,3977,3975],"class_list":["post-38712","post","type-post","status-publish","format-standard","hentry","category-deportes","tag-club-surnei","tag-especial","tag-futbol-formativo","tag-perfiles"],"yoast_head":"<!-- This site is optimized with the Yoast SEO plugin v26.6 - https:\/\/yoast.com\/wordpress\/plugins\/seo\/ -->\n<title>Un mec\u00e1nico...amante del f\u00fatbol -<\/title>\n<meta name=\"robots\" content=\"index, follow, max-snippet:-1, max-image-preview:large, max-video-preview:-1\" \/>\n<link rel=\"canonical\" href=\"https:\/\/luchonoticias.com\/editor\/un-mecanico-amante-del-futbol\/\" \/>\n<meta property=\"og:locale\" content=\"es_ES\" \/>\n<meta property=\"og:type\" content=\"article\" \/>\n<meta property=\"og:title\" content=\"Un mec\u00e1nico...amante del f\u00fatbol -\" \/>\n<meta property=\"og:url\" content=\"https:\/\/luchonoticias.com\/editor\/un-mecanico-amante-del-futbol\/\" \/>\n<meta property=\"article:publisher\" content=\"https:\/\/www.facebook.com\/luchonoticiasneiva\" \/>\n<meta property=\"article:author\" content=\"https:\/\/www.facebook.com\/luchonoticiasneiva\" \/>\n<meta property=\"article:published_time\" content=\"2022-11-04T15:16:57+00:00\" \/>\n<meta property=\"article:modified_time\" content=\"2022-11-04T15:16:58+00:00\" \/>\n<meta property=\"og:image\" content=\"https:\/\/luchonoticias.com\/wp-content\/uploads\/2022\/11\/WhatsApp-Image-2022-10-26-at-20.48.04-1024x769.jpeg\" \/>\n<meta name=\"author\" content=\"admin\" \/>\n<meta name=\"twitter:card\" content=\"summary_large_image\" \/>\n<meta name=\"twitter:label1\" content=\"Escrito por\" \/>\n\t<meta name=\"twitter:data1\" content=\"admin\" \/>\n\t<meta name=\"twitter:label2\" content=\"Tiempo de lectura\" \/>\n\t<meta name=\"twitter:data2\" content=\"9 minutos\" \/>\n<script type=\"application\/ld+json\" class=\"yoast-schema-graph\">{\"@context\":\"https:\/\/schema.org\",\"@graph\":[{\"@type\":\"Article\",\"@id\":\"https:\/\/luchonoticias.com\/editor\/un-mecanico-amante-del-futbol\/#article\",\"isPartOf\":{\"@id\":\"https:\/\/luchonoticias.com\/editor\/un-mecanico-amante-del-futbol\/\"},\"author\":{\"name\":\"admin\",\"@id\":\"https:\/\/luchonoticias.com\/editor\/#\/schema\/person\/7a7fd911f58561fd056dbac7b55af9cd\"},\"headline\":\"Un mec\u00e1nico&#8230;amante del f\u00fatbol\",\"datePublished\":\"2022-11-04T15:16:57+00:00\",\"dateModified\":\"2022-11-04T15:16:58+00:00\",\"mainEntityOfPage\":{\"@id\":\"https:\/\/luchonoticias.com\/editor\/un-mecanico-amante-del-futbol\/\"},\"wordCount\":1755,\"commentCount\":0,\"publisher\":{\"@id\":\"https:\/\/luchonoticias.com\/editor\/#\/schema\/person\/7a7fd911f58561fd056dbac7b55af9cd\"},\"image\":{\"@id\":\"https:\/\/luchonoticias.com\/editor\/un-mecanico-amante-del-futbol\/#primaryimage\"},\"thumbnailUrl\":\"https:\/\/luchonoticias.com\/wp-content\/uploads\/2022\/11\/WhatsApp-Image-2022-10-26-at-20.48.04-1024x769.jpeg\",\"keywords\":[\"Club Surnei\",\"especial\",\"f\u00fatbol formativo\",\"perfiles\"],\"articleSection\":[\"Deportes\"],\"inLanguage\":\"es\",\"potentialAction\":[{\"@type\":\"CommentAction\",\"name\":\"Comment\",\"target\":[\"https:\/\/luchonoticias.com\/editor\/un-mecanico-amante-del-futbol\/#respond\"]}]},{\"@type\":\"WebPage\",\"@id\":\"https:\/\/luchonoticias.com\/editor\/un-mecanico-amante-del-futbol\/\",\"url\":\"https:\/\/luchonoticias.com\/editor\/un-mecanico-amante-del-futbol\/\",\"name\":\"Un mec\u00e1nico...amante del f\u00fatbol -\",\"isPartOf\":{\"@id\":\"https:\/\/luchonoticias.com\/editor\/#website\"},\"primaryImageOfPage\":{\"@id\":\"https:\/\/luchonoticias.com\/editor\/un-mecanico-amante-del-futbol\/#primaryimage\"},\"image\":{\"@id\":\"https:\/\/luchonoticias.com\/editor\/un-mecanico-amante-del-futbol\/#primaryimage\"},\"thumbnailUrl\":\"https:\/\/luchonoticias.com\/wp-content\/uploads\/2022\/11\/WhatsApp-Image-2022-10-26-at-20.48.04-1024x769.jpeg\",\"datePublished\":\"2022-11-04T15:16:57+00:00\",\"dateModified\":\"2022-11-04T15:16:58+00:00\",\"breadcrumb\":{\"@id\":\"https:\/\/luchonoticias.com\/editor\/un-mecanico-amante-del-futbol\/#breadcrumb\"},\"inLanguage\":\"es\",\"potentialAction\":[{\"@type\":\"ReadAction\",\"target\":[\"https:\/\/luchonoticias.com\/editor\/un-mecanico-amante-del-futbol\/\"]}]},{\"@type\":\"ImageObject\",\"inLanguage\":\"es\",\"@id\":\"https:\/\/luchonoticias.com\/editor\/un-mecanico-amante-del-futbol\/#primaryimage\",\"url\":\"https:\/\/luchonoticias.com\/wp-content\/uploads\/2022\/11\/WhatsApp-Image-2022-10-26-at-20.48.04-1024x769.jpeg\",\"contentUrl\":\"https:\/\/luchonoticias.com\/wp-content\/uploads\/2022\/11\/WhatsApp-Image-2022-10-26-at-20.48.04-1024x769.jpeg\"},{\"@type\":\"BreadcrumbList\",\"@id\":\"https:\/\/luchonoticias.com\/editor\/un-mecanico-amante-del-futbol\/#breadcrumb\",\"itemListElement\":[{\"@type\":\"ListItem\",\"position\":1,\"name\":\"Portada\",\"item\":\"https:\/\/luchonoticias.com\/editor\/\"},{\"@type\":\"ListItem\",\"position\":2,\"name\":\"Un mec\u00e1nico&#8230;amante del f\u00fatbol\"}]},{\"@type\":\"WebSite\",\"@id\":\"https:\/\/luchonoticias.com\/editor\/#website\",\"url\":\"https:\/\/luchonoticias.com\/editor\/\",\"name\":\"\",\"description\":\"\",\"publisher\":{\"@id\":\"https:\/\/luchonoticias.com\/editor\/#\/schema\/person\/7a7fd911f58561fd056dbac7b55af9cd\"},\"potentialAction\":[{\"@type\":\"SearchAction\",\"target\":{\"@type\":\"EntryPoint\",\"urlTemplate\":\"https:\/\/luchonoticias.com\/editor\/?s={search_term_string}\"},\"query-input\":{\"@type\":\"PropertyValueSpecification\",\"valueRequired\":true,\"valueName\":\"search_term_string\"}}],\"inLanguage\":\"es\"},{\"@type\":[\"Person\",\"Organization\"],\"@id\":\"https:\/\/luchonoticias.com\/editor\/#\/schema\/person\/7a7fd911f58561fd056dbac7b55af9cd\",\"name\":\"admin\",\"image\":{\"@type\":\"ImageObject\",\"inLanguage\":\"es\",\"@id\":\"https:\/\/luchonoticias.com\/editor\/#\/schema\/person\/image\/\",\"url\":\"https:\/\/luchonoticias.com\/editor\/wp-content\/uploads\/2024\/02\/cropped-cropped-logolu.webp\",\"contentUrl\":\"https:\/\/luchonoticias.com\/editor\/wp-content\/uploads\/2024\/02\/cropped-cropped-logolu.webp\",\"width\":382,\"height\":170,\"caption\":\"admin\"},\"logo\":{\"@id\":\"https:\/\/luchonoticias.com\/editor\/#\/schema\/person\/image\/\"},\"sameAs\":[\"https:\/\/www.facebook.com\/luchonoticiasneiva\"],\"url\":\"https:\/\/luchonoticias.com\/editor\/author\/admin\/\"}]}<\/script>\n<!-- \/ Yoast SEO plugin. -->","yoast_head_json":{"title":"Un mec\u00e1nico...amante del f\u00fatbol -","robots":{"index":"index","follow":"follow","max-snippet":"max-snippet:-1","max-image-preview":"max-image-preview:large","max-video-preview":"max-video-preview:-1"},"canonical":"https:\/\/luchonoticias.com\/editor\/un-mecanico-amante-del-futbol\/","og_locale":"es_ES","og_type":"article","og_title":"Un mec\u00e1nico...amante del f\u00fatbol -","og_url":"https:\/\/luchonoticias.com\/editor\/un-mecanico-amante-del-futbol\/","article_publisher":"https:\/\/www.facebook.com\/luchonoticiasneiva","article_author":"https:\/\/www.facebook.com\/luchonoticiasneiva","article_published_time":"2022-11-04T15:16:57+00:00","article_modified_time":"2022-11-04T15:16:58+00:00","og_image":[{"url":"https:\/\/luchonoticias.com\/wp-content\/uploads\/2022\/11\/WhatsApp-Image-2022-10-26-at-20.48.04-1024x769.jpeg","type":"","width":"","height":""}],"author":"admin","twitter_card":"summary_large_image","twitter_misc":{"Escrito por":"admin","Tiempo de lectura":"9 minutos"},"schema":{"@context":"https:\/\/schema.org","@graph":[{"@type":"Article","@id":"https:\/\/luchonoticias.com\/editor\/un-mecanico-amante-del-futbol\/#article","isPartOf":{"@id":"https:\/\/luchonoticias.com\/editor\/un-mecanico-amante-del-futbol\/"},"author":{"name":"admin","@id":"https:\/\/luchonoticias.com\/editor\/#\/schema\/person\/7a7fd911f58561fd056dbac7b55af9cd"},"headline":"Un mec\u00e1nico&#8230;amante del f\u00fatbol","datePublished":"2022-11-04T15:16:57+00:00","dateModified":"2022-11-04T15:16:58+00:00","mainEntityOfPage":{"@id":"https:\/\/luchonoticias.com\/editor\/un-mecanico-amante-del-futbol\/"},"wordCount":1755,"commentCount":0,"publisher":{"@id":"https:\/\/luchonoticias.com\/editor\/#\/schema\/person\/7a7fd911f58561fd056dbac7b55af9cd"},"image":{"@id":"https:\/\/luchonoticias.com\/editor\/un-mecanico-amante-del-futbol\/#primaryimage"},"thumbnailUrl":"https:\/\/luchonoticias.com\/wp-content\/uploads\/2022\/11\/WhatsApp-Image-2022-10-26-at-20.48.04-1024x769.jpeg","keywords":["Club Surnei","especial","f\u00fatbol formativo","perfiles"],"articleSection":["Deportes"],"inLanguage":"es","potentialAction":[{"@type":"CommentAction","name":"Comment","target":["https:\/\/luchonoticias.com\/editor\/un-mecanico-amante-del-futbol\/#respond"]}]},{"@type":"WebPage","@id":"https:\/\/luchonoticias.com\/editor\/un-mecanico-amante-del-futbol\/","url":"https:\/\/luchonoticias.com\/editor\/un-mecanico-amante-del-futbol\/","name":"Un mec\u00e1nico...amante del f\u00fatbol -","isPartOf":{"@id":"https:\/\/luchonoticias.com\/editor\/#website"},"primaryImageOfPage":{"@id":"https:\/\/luchonoticias.com\/editor\/un-mecanico-amante-del-futbol\/#primaryimage"},"image":{"@id":"https:\/\/luchonoticias.com\/editor\/un-mecanico-amante-del-futbol\/#primaryimage"},"thumbnailUrl":"https:\/\/luchonoticias.com\/wp-content\/uploads\/2022\/11\/WhatsApp-Image-2022-10-26-at-20.48.04-1024x769.jpeg","datePublished":"2022-11-04T15:16:57+00:00","dateModified":"2022-11-04T15:16:58+00:00","breadcrumb":{"@id":"https:\/\/luchonoticias.com\/editor\/un-mecanico-amante-del-futbol\/#breadcrumb"},"inLanguage":"es","potentialAction":[{"@type":"ReadAction","target":["https:\/\/luchonoticias.com\/editor\/un-mecanico-amante-del-futbol\/"]}]},{"@type":"ImageObject","inLanguage":"es","@id":"https:\/\/luchonoticias.com\/editor\/un-mecanico-amante-del-futbol\/#primaryimage","url":"https:\/\/luchonoticias.com\/wp-content\/uploads\/2022\/11\/WhatsApp-Image-2022-10-26-at-20.48.04-1024x769.jpeg","contentUrl":"https:\/\/luchonoticias.com\/wp-content\/uploads\/2022\/11\/WhatsApp-Image-2022-10-26-at-20.48.04-1024x769.jpeg"},{"@type":"BreadcrumbList","@id":"https:\/\/luchonoticias.com\/editor\/un-mecanico-amante-del-futbol\/#breadcrumb","itemListElement":[{"@type":"ListItem","position":1,"name":"Portada","item":"https:\/\/luchonoticias.com\/editor\/"},{"@type":"ListItem","position":2,"name":"Un mec\u00e1nico&#8230;amante del f\u00fatbol"}]},{"@type":"WebSite","@id":"https:\/\/luchonoticias.com\/editor\/#website","url":"https:\/\/luchonoticias.com\/editor\/","name":"","description":"","publisher":{"@id":"https:\/\/luchonoticias.com\/editor\/#\/schema\/person\/7a7fd911f58561fd056dbac7b55af9cd"},"potentialAction":[{"@type":"SearchAction","target":{"@type":"EntryPoint","urlTemplate":"https:\/\/luchonoticias.com\/editor\/?s={search_term_string}"},"query-input":{"@type":"PropertyValueSpecification","valueRequired":true,"valueName":"search_term_string"}}],"inLanguage":"es"},{"@type":["Person","Organization"],"@id":"https:\/\/luchonoticias.com\/editor\/#\/schema\/person\/7a7fd911f58561fd056dbac7b55af9cd","name":"admin","image":{"@type":"ImageObject","inLanguage":"es","@id":"https:\/\/luchonoticias.com\/editor\/#\/schema\/person\/image\/","url":"https:\/\/luchonoticias.com\/editor\/wp-content\/uploads\/2024\/02\/cropped-cropped-logolu.webp","contentUrl":"https:\/\/luchonoticias.com\/editor\/wp-content\/uploads\/2024\/02\/cropped-cropped-logolu.webp","width":382,"height":170,"caption":"admin"},"logo":{"@id":"https:\/\/luchonoticias.com\/editor\/#\/schema\/person\/image\/"},"sameAs":["https:\/\/www.facebook.com\/luchonoticiasneiva"],"url":"https:\/\/luchonoticias.com\/editor\/author\/admin\/"}]}},"_links":{"self":[{"href":"https:\/\/luchonoticias.com\/editor\/wp-json\/wp\/v2\/posts\/38712","targetHints":{"allow":["GET"]}}],"collection":[{"href":"https:\/\/luchonoticias.com\/editor\/wp-json\/wp\/v2\/posts"}],"about":[{"href":"https:\/\/luchonoticias.com\/editor\/wp-json\/wp\/v2\/types\/post"}],"author":[{"embeddable":true,"href":"https:\/\/luchonoticias.com\/editor\/wp-json\/wp\/v2\/users\/1"}],"replies":[{"embeddable":true,"href":"https:\/\/luchonoticias.com\/editor\/wp-json\/wp\/v2\/comments?post=38712"}],"version-history":[{"count":0,"href":"https:\/\/luchonoticias.com\/editor\/wp-json\/wp\/v2\/posts\/38712\/revisions"}],"wp:attachment":[{"href":"https:\/\/luchonoticias.com\/editor\/wp-json\/wp\/v2\/media?parent=38712"}],"wp:term":[{"taxonomy":"category","embeddable":true,"href":"https:\/\/luchonoticias.com\/editor\/wp-json\/wp\/v2\/categories?post=38712"},{"taxonomy":"post_tag","embeddable":true,"href":"https:\/\/luchonoticias.com\/editor\/wp-json\/wp\/v2\/tags?post=38712"}],"curies":[{"name":"wp","href":"https:\/\/api.w.org\/{rel}","templated":true}]}}