{"id":38724,"date":"2022-11-04T11:38:09","date_gmt":"2022-11-04T16:38:09","guid":{"rendered":"https:\/\/luchonoticias.com\/?p=38724"},"modified":"2022-11-04T11:38:11","modified_gmt":"2022-11-04T16:38:11","slug":"capturados-los-del-hueco-en-la-comuna-7-de-neiva","status":"publish","type":"post","link":"https:\/\/luchonoticias.com\/editor\/capturados-los-del-hueco-en-la-comuna-7-de-neiva\/","title":{"rendered":"Capturados \u2018Los del Hueco\u2019, en la comuna 7 de Neiva"},"content":{"rendered":"\n<p>Por solicitud de un fiscal adscrito la Seccional Huila, un juez de control de garant\u00edas priv\u00f3 de la libertad a cinco presuntos integrantes de la estructura delincuencial denominada Los del Hueco, por su responsabilidad en los delitos de concierto para delinquir y tr\u00e1fico, fabricaci\u00f3n o porte de estupefacientes, los cuales no aceptaron cargos.<\/p>\n\n\n\n<p>Se trata de Mauro Augusto Mosquera S\u00e1nchez, alias el Gordo; Jos\u00e9 Manuel Ram\u00edrez Facundo, alias el Flaco; Rodolfo G\u00f3mez Valencia, alias Rey; Jaider Daniel V\u00e1squez Erazo, alias el Enano; y Ana Mar\u00eda Mosquera Bocanegra, alias Mar\u00eda, capturada en flagrancia.<\/p>\n\n\n\n<p>Los procesados fueron capturados por uniformados de la Sijin en tres diligencias de allanamiento y registro adelantadas en sus viviendas, ubicadas en el barrio San Mart\u00edn de la Comuna 7 y uno m\u00e1s en el barrio Diego de Ospina de Neiva (Huila).<\/p>\n\n\n\n<p>De acuerdo con las investigaciones adelantadas, &#8216;Los del Hueco&#8217; se dedicar\u00edan al expendio de sustancias estupefacientes desde los inmuebles en los que habitaban. En uno de estos funciona un lavadero de carros y motos hasta donde acud\u00edan personas para adquirir marihuana o bazuco por un precio de 1.000 o 2.000 pesos por unidad.<\/p>\n\n\n\n<p>Labores investigativas desarrolladas por agente encubierto, permitieron establecer que estas personas estar\u00edan implicadas en al menos 56 eventos de tr\u00e1fico de estupefacientes en peque\u00f1as dosis en barrio San Mart\u00edn de la Comuna 7 de la capital huilense.<\/p>\n\n\n\n<p>Durante las audiencias concentradas, los procesados fueron afectados con medida de aseguramiento en centro carcelario a excepci\u00f3n de Mosquera Bocanegra, a quien le fue impuesta medida privativa de la libertad en lugar de residencia.<\/p>\n\n\n\n<p>En el operativo se incaut\u00f3 37 papeletas de derivados de la coca\u00edna (bazuco), 65 cigarrillos artesanales de marihuana, una gramera y 197.200 pesos en efectivo que ser\u00edan producto de la venta del estupefaciente.<\/p>\n","protected":false},"excerpt":{"rendered":"<p>Por solicitud de un fiscal adscrito la Seccional Huila, un juez de control de garant\u00edas priv\u00f3 de la libertad a cinco presuntos integrantes de la estructura delincuencial denominada Los del Hueco, por su responsabilidad en los delitos de concierto para delinquir y tr\u00e1fico, fabricaci\u00f3n o porte de estupefacientes, los cuales no aceptaron cargos. Se trata [&hellip;]<\/p>\n","protected":false},"author":1,"featured_media":0,"comment_status":"open","ping_status":"open","sticky":false,"template":"","format":"standard","meta":{"footnotes":""},"categories":[36,29],"tags":[],"class_list":["post-38724","post","type-post","status-publish","format-standard","hentry","category-destacado","category-judicial"],"yoast_head":"<!-- This site is optimized with the Yoast SEO plugin v26.6 - https:\/\/yoast.com\/wordpress\/plugins\/seo\/ -->\n<title>Capturados \u2018Los del Hueco\u2019, en la comuna 7 de Neiva -<\/title>\n<meta name=\"robots\" content=\"index, follow, max-snippet:-1, max-image-preview:large, max-video-preview:-1\" \/>\n<link rel=\"canonical\" href=\"https:\/\/luchonoticias.com\/editor\/capturados-los-del-hueco-en-la-comuna-7-de-neiva\/\" \/>\n<meta property=\"og:locale\" content=\"es_ES\" \/>\n<meta property=\"og:type\" content=\"article\" \/>\n<meta property=\"og:title\" content=\"Capturados \u2018Los del Hueco\u2019, en la comuna 7 de Neiva -\" \/>\n<meta property=\"og:url\" content=\"https:\/\/luchonoticias.com\/editor\/capturados-los-del-hueco-en-la-comuna-7-de-neiva\/\" \/>\n<meta property=\"article:publisher\" content=\"https:\/\/www.facebook.com\/luchonoticiasneiva\" \/>\n<meta property=\"article:author\" content=\"https:\/\/www.facebook.com\/luchonoticiasneiva\" \/>\n<meta property=\"article:published_time\" content=\"2022-11-04T16:38:09+00:00\" \/>\n<meta property=\"article:modified_time\" content=\"2022-11-04T16:38:11+00:00\" \/>\n<meta name=\"author\" content=\"admin\" \/>\n<meta name=\"twitter:card\" content=\"summary_large_image\" \/>\n<meta name=\"twitter:label1\" content=\"Escrito por\" \/>\n\t<meta name=\"twitter:data1\" content=\"admin\" \/>\n\t<meta name=\"twitter:label2\" content=\"Tiempo de lectura\" \/>\n\t<meta name=\"twitter:data2\" content=\"2 minutos\" \/>\n<script type=\"application\/ld+json\" class=\"yoast-schema-graph\">{\"@context\":\"https:\/\/schema.org\",\"@graph\":[{\"@type\":\"Article\",\"@id\":\"https:\/\/luchonoticias.com\/editor\/capturados-los-del-hueco-en-la-comuna-7-de-neiva\/#article\",\"isPartOf\":{\"@id\":\"https:\/\/luchonoticias.com\/editor\/capturados-los-del-hueco-en-la-comuna-7-de-neiva\/\"},\"author\":{\"name\":\"admin\",\"@id\":\"https:\/\/luchonoticias.com\/editor\/#\/schema\/person\/7a7fd911f58561fd056dbac7b55af9cd\"},\"headline\":\"Capturados \u2018Los del Hueco\u2019, en la comuna 7 de Neiva\",\"datePublished\":\"2022-11-04T16:38:09+00:00\",\"dateModified\":\"2022-11-04T16:38:11+00:00\",\"mainEntityOfPage\":{\"@id\":\"https:\/\/luchonoticias.com\/editor\/capturados-los-del-hueco-en-la-comuna-7-de-neiva\/\"},\"wordCount\":312,\"commentCount\":0,\"publisher\":{\"@id\":\"https:\/\/luchonoticias.com\/editor\/#\/schema\/person\/7a7fd911f58561fd056dbac7b55af9cd\"},\"articleSection\":[\"Destacado\",\"Judicial\"],\"inLanguage\":\"es\",\"potentialAction\":[{\"@type\":\"CommentAction\",\"name\":\"Comment\",\"target\":[\"https:\/\/luchonoticias.com\/editor\/capturados-los-del-hueco-en-la-comuna-7-de-neiva\/#respond\"]}]},{\"@type\":\"WebPage\",\"@id\":\"https:\/\/luchonoticias.com\/editor\/capturados-los-del-hueco-en-la-comuna-7-de-neiva\/\",\"url\":\"https:\/\/luchonoticias.com\/editor\/capturados-los-del-hueco-en-la-comuna-7-de-neiva\/\",\"name\":\"Capturados \u2018Los del Hueco\u2019, en la comuna 7 de Neiva -\",\"isPartOf\":{\"@id\":\"https:\/\/luchonoticias.com\/editor\/#website\"},\"datePublished\":\"2022-11-04T16:38:09+00:00\",\"dateModified\":\"2022-11-04T16:38:11+00:00\",\"breadcrumb\":{\"@id\":\"https:\/\/luchonoticias.com\/editor\/capturados-los-del-hueco-en-la-comuna-7-de-neiva\/#breadcrumb\"},\"inLanguage\":\"es\",\"potentialAction\":[{\"@type\":\"ReadAction\",\"target\":[\"https:\/\/luchonoticias.com\/editor\/capturados-los-del-hueco-en-la-comuna-7-de-neiva\/\"]}]},{\"@type\":\"BreadcrumbList\",\"@id\":\"https:\/\/luchonoticias.com\/editor\/capturados-los-del-hueco-en-la-comuna-7-de-neiva\/#breadcrumb\",\"itemListElement\":[{\"@type\":\"ListItem\",\"position\":1,\"name\":\"Portada\",\"item\":\"https:\/\/luchonoticias.com\/editor\/\"},{\"@type\":\"ListItem\",\"position\":2,\"name\":\"Capturados \u2018Los del Hueco\u2019, en la comuna 7 de Neiva\"}]},{\"@type\":\"WebSite\",\"@id\":\"https:\/\/luchonoticias.com\/editor\/#website\",\"url\":\"https:\/\/luchonoticias.com\/editor\/\",\"name\":\"\",\"description\":\"\",\"publisher\":{\"@id\":\"https:\/\/luchonoticias.com\/editor\/#\/schema\/person\/7a7fd911f58561fd056dbac7b55af9cd\"},\"potentialAction\":[{\"@type\":\"SearchAction\",\"target\":{\"@type\":\"EntryPoint\",\"urlTemplate\":\"https:\/\/luchonoticias.com\/editor\/?s={search_term_string}\"},\"query-input\":{\"@type\":\"PropertyValueSpecification\",\"valueRequired\":true,\"valueName\":\"search_term_string\"}}],\"inLanguage\":\"es\"},{\"@type\":[\"Person\",\"Organization\"],\"@id\":\"https:\/\/luchonoticias.com\/editor\/#\/schema\/person\/7a7fd911f58561fd056dbac7b55af9cd\",\"name\":\"admin\",\"image\":{\"@type\":\"ImageObject\",\"inLanguage\":\"es\",\"@id\":\"https:\/\/luchonoticias.com\/editor\/#\/schema\/person\/image\/\",\"url\":\"https:\/\/luchonoticias.com\/editor\/wp-content\/uploads\/2024\/02\/cropped-cropped-logolu.webp\",\"contentUrl\":\"https:\/\/luchonoticias.com\/editor\/wp-content\/uploads\/2024\/02\/cropped-cropped-logolu.webp\",\"width\":382,\"height\":170,\"caption\":\"admin\"},\"logo\":{\"@id\":\"https:\/\/luchonoticias.com\/editor\/#\/schema\/person\/image\/\"},\"sameAs\":[\"https:\/\/www.facebook.com\/luchonoticiasneiva\"],\"url\":\"https:\/\/luchonoticias.com\/editor\/author\/admin\/\"}]}<\/script>\n<!-- \/ Yoast SEO plugin. -->","yoast_head_json":{"title":"Capturados \u2018Los del Hueco\u2019, en la comuna 7 de Neiva -","robots":{"index":"index","follow":"follow","max-snippet":"max-snippet:-1","max-image-preview":"max-image-preview:large","max-video-preview":"max-video-preview:-1"},"canonical":"https:\/\/luchonoticias.com\/editor\/capturados-los-del-hueco-en-la-comuna-7-de-neiva\/","og_locale":"es_ES","og_type":"article","og_title":"Capturados \u2018Los del Hueco\u2019, en la comuna 7 de Neiva -","og_url":"https:\/\/luchonoticias.com\/editor\/capturados-los-del-hueco-en-la-comuna-7-de-neiva\/","article_publisher":"https:\/\/www.facebook.com\/luchonoticiasneiva","article_author":"https:\/\/www.facebook.com\/luchonoticiasneiva","article_published_time":"2022-11-04T16:38:09+00:00","article_modified_time":"2022-11-04T16:38:11+00:00","author":"admin","twitter_card":"summary_large_image","twitter_misc":{"Escrito por":"admin","Tiempo de lectura":"2 minutos"},"schema":{"@context":"https:\/\/schema.org","@graph":[{"@type":"Article","@id":"https:\/\/luchonoticias.com\/editor\/capturados-los-del-hueco-en-la-comuna-7-de-neiva\/#article","isPartOf":{"@id":"https:\/\/luchonoticias.com\/editor\/capturados-los-del-hueco-en-la-comuna-7-de-neiva\/"},"author":{"name":"admin","@id":"https:\/\/luchonoticias.com\/editor\/#\/schema\/person\/7a7fd911f58561fd056dbac7b55af9cd"},"headline":"Capturados \u2018Los del Hueco\u2019, en la comuna 7 de Neiva","datePublished":"2022-11-04T16:38:09+00:00","dateModified":"2022-11-04T16:38:11+00:00","mainEntityOfPage":{"@id":"https:\/\/luchonoticias.com\/editor\/capturados-los-del-hueco-en-la-comuna-7-de-neiva\/"},"wordCount":312,"commentCount":0,"publisher":{"@id":"https:\/\/luchonoticias.com\/editor\/#\/schema\/person\/7a7fd911f58561fd056dbac7b55af9cd"},"articleSection":["Destacado","Judicial"],"inLanguage":"es","potentialAction":[{"@type":"CommentAction","name":"Comment","target":["https:\/\/luchonoticias.com\/editor\/capturados-los-del-hueco-en-la-comuna-7-de-neiva\/#respond"]}]},{"@type":"WebPage","@id":"https:\/\/luchonoticias.com\/editor\/capturados-los-del-hueco-en-la-comuna-7-de-neiva\/","url":"https:\/\/luchonoticias.com\/editor\/capturados-los-del-hueco-en-la-comuna-7-de-neiva\/","name":"Capturados \u2018Los del Hueco\u2019, en la comuna 7 de Neiva -","isPartOf":{"@id":"https:\/\/luchonoticias.com\/editor\/#website"},"datePublished":"2022-11-04T16:38:09+00:00","dateModified":"2022-11-04T16:38:11+00:00","breadcrumb":{"@id":"https:\/\/luchonoticias.com\/editor\/capturados-los-del-hueco-en-la-comuna-7-de-neiva\/#breadcrumb"},"inLanguage":"es","potentialAction":[{"@type":"ReadAction","target":["https:\/\/luchonoticias.com\/editor\/capturados-los-del-hueco-en-la-comuna-7-de-neiva\/"]}]},{"@type":"BreadcrumbList","@id":"https:\/\/luchonoticias.com\/editor\/capturados-los-del-hueco-en-la-comuna-7-de-neiva\/#breadcrumb","itemListElement":[{"@type":"ListItem","position":1,"name":"Portada","item":"https:\/\/luchonoticias.com\/editor\/"},{"@type":"ListItem","position":2,"name":"Capturados \u2018Los del Hueco\u2019, en la comuna 7 de Neiva"}]},{"@type":"WebSite","@id":"https:\/\/luchonoticias.com\/editor\/#website","url":"https:\/\/luchonoticias.com\/editor\/","name":"","description":"","publisher":{"@id":"https:\/\/luchonoticias.com\/editor\/#\/schema\/person\/7a7fd911f58561fd056dbac7b55af9cd"},"potentialAction":[{"@type":"SearchAction","target":{"@type":"EntryPoint","urlTemplate":"https:\/\/luchonoticias.com\/editor\/?s={search_term_string}"},"query-input":{"@type":"PropertyValueSpecification","valueRequired":true,"valueName":"search_term_string"}}],"inLanguage":"es"},{"@type":["Person","Organization"],"@id":"https:\/\/luchonoticias.com\/editor\/#\/schema\/person\/7a7fd911f58561fd056dbac7b55af9cd","name":"admin","image":{"@type":"ImageObject","inLanguage":"es","@id":"https:\/\/luchonoticias.com\/editor\/#\/schema\/person\/image\/","url":"https:\/\/luchonoticias.com\/editor\/wp-content\/uploads\/2024\/02\/cropped-cropped-logolu.webp","contentUrl":"https:\/\/luchonoticias.com\/editor\/wp-content\/uploads\/2024\/02\/cropped-cropped-logolu.webp","width":382,"height":170,"caption":"admin"},"logo":{"@id":"https:\/\/luchonoticias.com\/editor\/#\/schema\/person\/image\/"},"sameAs":["https:\/\/www.facebook.com\/luchonoticiasneiva"],"url":"https:\/\/luchonoticias.com\/editor\/author\/admin\/"}]}},"_links":{"self":[{"href":"https:\/\/luchonoticias.com\/editor\/wp-json\/wp\/v2\/posts\/38724","targetHints":{"allow":["GET"]}}],"collection":[{"href":"https:\/\/luchonoticias.com\/editor\/wp-json\/wp\/v2\/posts"}],"about":[{"href":"https:\/\/luchonoticias.com\/editor\/wp-json\/wp\/v2\/types\/post"}],"author":[{"embeddable":true,"href":"https:\/\/luchonoticias.com\/editor\/wp-json\/wp\/v2\/users\/1"}],"replies":[{"embeddable":true,"href":"https:\/\/luchonoticias.com\/editor\/wp-json\/wp\/v2\/comments?post=38724"}],"version-history":[{"count":0,"href":"https:\/\/luchonoticias.com\/editor\/wp-json\/wp\/v2\/posts\/38724\/revisions"}],"wp:attachment":[{"href":"https:\/\/luchonoticias.com\/editor\/wp-json\/wp\/v2\/media?parent=38724"}],"wp:term":[{"taxonomy":"category","embeddable":true,"href":"https:\/\/luchonoticias.com\/editor\/wp-json\/wp\/v2\/categories?post=38724"},{"taxonomy":"post_tag","embeddable":true,"href":"https:\/\/luchonoticias.com\/editor\/wp-json\/wp\/v2\/tags?post=38724"}],"curies":[{"name":"wp","href":"https:\/\/api.w.org\/{rel}","templated":true}]}}