{"id":38918,"date":"2022-11-07T13:47:29","date_gmt":"2022-11-07T18:47:29","guid":{"rendered":"https:\/\/luchonoticias.com\/?p=38918"},"modified":"2022-11-07T13:47:32","modified_gmt":"2022-11-07T18:47:32","slug":"muere-hombre-tras-chocar-su-motocicleta-contra-un-vehiculo-de-servicio-publico","status":"publish","type":"post","link":"https:\/\/luchonoticias.com\/editor\/muere-hombre-tras-chocar-su-motocicleta-contra-un-vehiculo-de-servicio-publico\/","title":{"rendered":"Muere hombre tras chocar su motocicleta contra un veh\u00edculo de servicio p\u00fablico"},"content":{"rendered":"\n<p>Como \u00c1lvaro Calder\u00f3n Leiva de 54 a\u00f1os de edad, fue identificado la \u00fanica v\u00edctima del percance vial que sucedi\u00f3 hoy en horas de la madrugada, en la v\u00eda que conduce del Valle de Laboyos al municipio de Timana, sur del Huila.<\/p>\n\n\n\n<p>Seg\u00fan lo establecido por este medio de comunicaci\u00f3n, la v\u00edctima se movilizaba en una motocicleta y choc\u00f3 de frente contra un microb\u00fas de servicio p\u00fablico perdiendo la vida de manera instant\u00e1nea.<\/p>\n\n\n\n<p>Hasta el sitio arribaron miembros de Criminal\u00edstica de Transito de Transporte de la Polic\u00eda Nacional, quienes iniciaron las investigaciones pertinentes, porque al parecer, uno de los conductores invadi\u00f3 el carril contrario lo que gener\u00f3 el lamentable hecho<\/p>\n\n\n\n<p>Finalmente se estableci\u00f3 que el cuerpo permanece en las instalaciones de Medicina Legal de Pitalito y se espera que el d\u00eda de ma\u00f1ana martes 8 de noviembre, le sean entregados a sus familiares, para que le lleven a cabo su respectiva honra f\u00fanebre.<\/p>\n","protected":false},"excerpt":{"rendered":"<p>Como \u00c1lvaro Calder\u00f3n Leiva de 54 a\u00f1os de edad, fue identificado la \u00fanica v\u00edctima del percance vial que sucedi\u00f3 hoy en horas de la madrugada, en la v\u00eda que conduce del Valle de Laboyos al municipio de Timana, sur del Huila. Seg\u00fan lo establecido por este medio de comunicaci\u00f3n, la v\u00edctima se movilizaba en una [&hellip;]<\/p>\n","protected":false},"author":1,"featured_media":0,"comment_status":"open","ping_status":"open","sticky":false,"template":"","format":"standard","meta":{"footnotes":""},"categories":[36,29],"tags":[],"class_list":["post-38918","post","type-post","status-publish","format-standard","hentry","category-destacado","category-judicial"],"yoast_head":"<!-- This site is optimized with the Yoast SEO plugin v26.6 - https:\/\/yoast.com\/wordpress\/plugins\/seo\/ -->\n<title>Muere hombre tras chocar su motocicleta contra un veh\u00edculo de servicio p\u00fablico -<\/title>\n<meta name=\"robots\" content=\"index, follow, max-snippet:-1, max-image-preview:large, max-video-preview:-1\" \/>\n<link rel=\"canonical\" href=\"https:\/\/luchonoticias.com\/editor\/muere-hombre-tras-chocar-su-motocicleta-contra-un-vehiculo-de-servicio-publico\/\" \/>\n<meta property=\"og:locale\" content=\"es_ES\" \/>\n<meta property=\"og:type\" content=\"article\" \/>\n<meta property=\"og:title\" content=\"Muere hombre tras chocar su motocicleta contra un veh\u00edculo de servicio p\u00fablico -\" \/>\n<meta property=\"og:url\" content=\"https:\/\/luchonoticias.com\/editor\/muere-hombre-tras-chocar-su-motocicleta-contra-un-vehiculo-de-servicio-publico\/\" \/>\n<meta property=\"article:publisher\" content=\"https:\/\/www.facebook.com\/luchonoticiasneiva\" \/>\n<meta property=\"article:author\" content=\"https:\/\/www.facebook.com\/luchonoticiasneiva\" \/>\n<meta property=\"article:published_time\" content=\"2022-11-07T18:47:29+00:00\" \/>\n<meta property=\"article:modified_time\" content=\"2022-11-07T18:47:32+00:00\" \/>\n<meta name=\"author\" content=\"admin\" \/>\n<meta name=\"twitter:card\" content=\"summary_large_image\" \/>\n<meta name=\"twitter:label1\" content=\"Escrito por\" \/>\n\t<meta name=\"twitter:data1\" content=\"admin\" \/>\n\t<meta name=\"twitter:label2\" content=\"Tiempo de lectura\" \/>\n\t<meta name=\"twitter:data2\" content=\"1 minuto\" \/>\n<script type=\"application\/ld+json\" class=\"yoast-schema-graph\">{\"@context\":\"https:\/\/schema.org\",\"@graph\":[{\"@type\":\"Article\",\"@id\":\"https:\/\/luchonoticias.com\/editor\/muere-hombre-tras-chocar-su-motocicleta-contra-un-vehiculo-de-servicio-publico\/#article\",\"isPartOf\":{\"@id\":\"https:\/\/luchonoticias.com\/editor\/muere-hombre-tras-chocar-su-motocicleta-contra-un-vehiculo-de-servicio-publico\/\"},\"author\":{\"name\":\"admin\",\"@id\":\"https:\/\/luchonoticias.com\/editor\/#\/schema\/person\/7a7fd911f58561fd056dbac7b55af9cd\"},\"headline\":\"Muere hombre tras chocar su motocicleta contra un veh\u00edculo de servicio p\u00fablico\",\"datePublished\":\"2022-11-07T18:47:29+00:00\",\"dateModified\":\"2022-11-07T18:47:32+00:00\",\"mainEntityOfPage\":{\"@id\":\"https:\/\/luchonoticias.com\/editor\/muere-hombre-tras-chocar-su-motocicleta-contra-un-vehiculo-de-servicio-publico\/\"},\"wordCount\":179,\"commentCount\":0,\"publisher\":{\"@id\":\"https:\/\/luchonoticias.com\/editor\/#\/schema\/person\/7a7fd911f58561fd056dbac7b55af9cd\"},\"articleSection\":[\"Destacado\",\"Judicial\"],\"inLanguage\":\"es\",\"potentialAction\":[{\"@type\":\"CommentAction\",\"name\":\"Comment\",\"target\":[\"https:\/\/luchonoticias.com\/editor\/muere-hombre-tras-chocar-su-motocicleta-contra-un-vehiculo-de-servicio-publico\/#respond\"]}]},{\"@type\":\"WebPage\",\"@id\":\"https:\/\/luchonoticias.com\/editor\/muere-hombre-tras-chocar-su-motocicleta-contra-un-vehiculo-de-servicio-publico\/\",\"url\":\"https:\/\/luchonoticias.com\/editor\/muere-hombre-tras-chocar-su-motocicleta-contra-un-vehiculo-de-servicio-publico\/\",\"name\":\"Muere hombre tras chocar su motocicleta contra un veh\u00edculo de servicio p\u00fablico -\",\"isPartOf\":{\"@id\":\"https:\/\/luchonoticias.com\/editor\/#website\"},\"datePublished\":\"2022-11-07T18:47:29+00:00\",\"dateModified\":\"2022-11-07T18:47:32+00:00\",\"breadcrumb\":{\"@id\":\"https:\/\/luchonoticias.com\/editor\/muere-hombre-tras-chocar-su-motocicleta-contra-un-vehiculo-de-servicio-publico\/#breadcrumb\"},\"inLanguage\":\"es\",\"potentialAction\":[{\"@type\":\"ReadAction\",\"target\":[\"https:\/\/luchonoticias.com\/editor\/muere-hombre-tras-chocar-su-motocicleta-contra-un-vehiculo-de-servicio-publico\/\"]}]},{\"@type\":\"BreadcrumbList\",\"@id\":\"https:\/\/luchonoticias.com\/editor\/muere-hombre-tras-chocar-su-motocicleta-contra-un-vehiculo-de-servicio-publico\/#breadcrumb\",\"itemListElement\":[{\"@type\":\"ListItem\",\"position\":1,\"name\":\"Portada\",\"item\":\"https:\/\/luchonoticias.com\/editor\/\"},{\"@type\":\"ListItem\",\"position\":2,\"name\":\"Muere hombre tras chocar su motocicleta contra un veh\u00edculo de servicio p\u00fablico\"}]},{\"@type\":\"WebSite\",\"@id\":\"https:\/\/luchonoticias.com\/editor\/#website\",\"url\":\"https:\/\/luchonoticias.com\/editor\/\",\"name\":\"\",\"description\":\"\",\"publisher\":{\"@id\":\"https:\/\/luchonoticias.com\/editor\/#\/schema\/person\/7a7fd911f58561fd056dbac7b55af9cd\"},\"potentialAction\":[{\"@type\":\"SearchAction\",\"target\":{\"@type\":\"EntryPoint\",\"urlTemplate\":\"https:\/\/luchonoticias.com\/editor\/?s={search_term_string}\"},\"query-input\":{\"@type\":\"PropertyValueSpecification\",\"valueRequired\":true,\"valueName\":\"search_term_string\"}}],\"inLanguage\":\"es\"},{\"@type\":[\"Person\",\"Organization\"],\"@id\":\"https:\/\/luchonoticias.com\/editor\/#\/schema\/person\/7a7fd911f58561fd056dbac7b55af9cd\",\"name\":\"admin\",\"image\":{\"@type\":\"ImageObject\",\"inLanguage\":\"es\",\"@id\":\"https:\/\/luchonoticias.com\/editor\/#\/schema\/person\/image\/\",\"url\":\"https:\/\/luchonoticias.com\/editor\/wp-content\/uploads\/2024\/02\/cropped-cropped-logolu.webp\",\"contentUrl\":\"https:\/\/luchonoticias.com\/editor\/wp-content\/uploads\/2024\/02\/cropped-cropped-logolu.webp\",\"width\":382,\"height\":170,\"caption\":\"admin\"},\"logo\":{\"@id\":\"https:\/\/luchonoticias.com\/editor\/#\/schema\/person\/image\/\"},\"sameAs\":[\"https:\/\/www.facebook.com\/luchonoticiasneiva\"],\"url\":\"https:\/\/luchonoticias.com\/editor\/author\/admin\/\"}]}<\/script>\n<!-- \/ Yoast SEO plugin. -->","yoast_head_json":{"title":"Muere hombre tras chocar su motocicleta contra un veh\u00edculo de servicio p\u00fablico -","robots":{"index":"index","follow":"follow","max-snippet":"max-snippet:-1","max-image-preview":"max-image-preview:large","max-video-preview":"max-video-preview:-1"},"canonical":"https:\/\/luchonoticias.com\/editor\/muere-hombre-tras-chocar-su-motocicleta-contra-un-vehiculo-de-servicio-publico\/","og_locale":"es_ES","og_type":"article","og_title":"Muere hombre tras chocar su motocicleta contra un veh\u00edculo de servicio p\u00fablico -","og_url":"https:\/\/luchonoticias.com\/editor\/muere-hombre-tras-chocar-su-motocicleta-contra-un-vehiculo-de-servicio-publico\/","article_publisher":"https:\/\/www.facebook.com\/luchonoticiasneiva","article_author":"https:\/\/www.facebook.com\/luchonoticiasneiva","article_published_time":"2022-11-07T18:47:29+00:00","article_modified_time":"2022-11-07T18:47:32+00:00","author":"admin","twitter_card":"summary_large_image","twitter_misc":{"Escrito por":"admin","Tiempo de lectura":"1 minuto"},"schema":{"@context":"https:\/\/schema.org","@graph":[{"@type":"Article","@id":"https:\/\/luchonoticias.com\/editor\/muere-hombre-tras-chocar-su-motocicleta-contra-un-vehiculo-de-servicio-publico\/#article","isPartOf":{"@id":"https:\/\/luchonoticias.com\/editor\/muere-hombre-tras-chocar-su-motocicleta-contra-un-vehiculo-de-servicio-publico\/"},"author":{"name":"admin","@id":"https:\/\/luchonoticias.com\/editor\/#\/schema\/person\/7a7fd911f58561fd056dbac7b55af9cd"},"headline":"Muere hombre tras chocar su motocicleta contra un veh\u00edculo de servicio p\u00fablico","datePublished":"2022-11-07T18:47:29+00:00","dateModified":"2022-11-07T18:47:32+00:00","mainEntityOfPage":{"@id":"https:\/\/luchonoticias.com\/editor\/muere-hombre-tras-chocar-su-motocicleta-contra-un-vehiculo-de-servicio-publico\/"},"wordCount":179,"commentCount":0,"publisher":{"@id":"https:\/\/luchonoticias.com\/editor\/#\/schema\/person\/7a7fd911f58561fd056dbac7b55af9cd"},"articleSection":["Destacado","Judicial"],"inLanguage":"es","potentialAction":[{"@type":"CommentAction","name":"Comment","target":["https:\/\/luchonoticias.com\/editor\/muere-hombre-tras-chocar-su-motocicleta-contra-un-vehiculo-de-servicio-publico\/#respond"]}]},{"@type":"WebPage","@id":"https:\/\/luchonoticias.com\/editor\/muere-hombre-tras-chocar-su-motocicleta-contra-un-vehiculo-de-servicio-publico\/","url":"https:\/\/luchonoticias.com\/editor\/muere-hombre-tras-chocar-su-motocicleta-contra-un-vehiculo-de-servicio-publico\/","name":"Muere hombre tras chocar su motocicleta contra un veh\u00edculo de servicio p\u00fablico -","isPartOf":{"@id":"https:\/\/luchonoticias.com\/editor\/#website"},"datePublished":"2022-11-07T18:47:29+00:00","dateModified":"2022-11-07T18:47:32+00:00","breadcrumb":{"@id":"https:\/\/luchonoticias.com\/editor\/muere-hombre-tras-chocar-su-motocicleta-contra-un-vehiculo-de-servicio-publico\/#breadcrumb"},"inLanguage":"es","potentialAction":[{"@type":"ReadAction","target":["https:\/\/luchonoticias.com\/editor\/muere-hombre-tras-chocar-su-motocicleta-contra-un-vehiculo-de-servicio-publico\/"]}]},{"@type":"BreadcrumbList","@id":"https:\/\/luchonoticias.com\/editor\/muere-hombre-tras-chocar-su-motocicleta-contra-un-vehiculo-de-servicio-publico\/#breadcrumb","itemListElement":[{"@type":"ListItem","position":1,"name":"Portada","item":"https:\/\/luchonoticias.com\/editor\/"},{"@type":"ListItem","position":2,"name":"Muere hombre tras chocar su motocicleta contra un veh\u00edculo de servicio p\u00fablico"}]},{"@type":"WebSite","@id":"https:\/\/luchonoticias.com\/editor\/#website","url":"https:\/\/luchonoticias.com\/editor\/","name":"","description":"","publisher":{"@id":"https:\/\/luchonoticias.com\/editor\/#\/schema\/person\/7a7fd911f58561fd056dbac7b55af9cd"},"potentialAction":[{"@type":"SearchAction","target":{"@type":"EntryPoint","urlTemplate":"https:\/\/luchonoticias.com\/editor\/?s={search_term_string}"},"query-input":{"@type":"PropertyValueSpecification","valueRequired":true,"valueName":"search_term_string"}}],"inLanguage":"es"},{"@type":["Person","Organization"],"@id":"https:\/\/luchonoticias.com\/editor\/#\/schema\/person\/7a7fd911f58561fd056dbac7b55af9cd","name":"admin","image":{"@type":"ImageObject","inLanguage":"es","@id":"https:\/\/luchonoticias.com\/editor\/#\/schema\/person\/image\/","url":"https:\/\/luchonoticias.com\/editor\/wp-content\/uploads\/2024\/02\/cropped-cropped-logolu.webp","contentUrl":"https:\/\/luchonoticias.com\/editor\/wp-content\/uploads\/2024\/02\/cropped-cropped-logolu.webp","width":382,"height":170,"caption":"admin"},"logo":{"@id":"https:\/\/luchonoticias.com\/editor\/#\/schema\/person\/image\/"},"sameAs":["https:\/\/www.facebook.com\/luchonoticiasneiva"],"url":"https:\/\/luchonoticias.com\/editor\/author\/admin\/"}]}},"_links":{"self":[{"href":"https:\/\/luchonoticias.com\/editor\/wp-json\/wp\/v2\/posts\/38918","targetHints":{"allow":["GET"]}}],"collection":[{"href":"https:\/\/luchonoticias.com\/editor\/wp-json\/wp\/v2\/posts"}],"about":[{"href":"https:\/\/luchonoticias.com\/editor\/wp-json\/wp\/v2\/types\/post"}],"author":[{"embeddable":true,"href":"https:\/\/luchonoticias.com\/editor\/wp-json\/wp\/v2\/users\/1"}],"replies":[{"embeddable":true,"href":"https:\/\/luchonoticias.com\/editor\/wp-json\/wp\/v2\/comments?post=38918"}],"version-history":[{"count":0,"href":"https:\/\/luchonoticias.com\/editor\/wp-json\/wp\/v2\/posts\/38918\/revisions"}],"wp:attachment":[{"href":"https:\/\/luchonoticias.com\/editor\/wp-json\/wp\/v2\/media?parent=38918"}],"wp:term":[{"taxonomy":"category","embeddable":true,"href":"https:\/\/luchonoticias.com\/editor\/wp-json\/wp\/v2\/categories?post=38918"},{"taxonomy":"post_tag","embeddable":true,"href":"https:\/\/luchonoticias.com\/editor\/wp-json\/wp\/v2\/tags?post=38918"}],"curies":[{"name":"wp","href":"https:\/\/api.w.org\/{rel}","templated":true}]}}