{"id":38927,"date":"2022-11-08T04:46:47","date_gmt":"2022-11-08T09:46:47","guid":{"rendered":"https:\/\/luchonoticias.com\/?p=38927"},"modified":"2022-11-08T04:46:48","modified_gmt":"2022-11-08T09:46:48","slug":"proceso-de-rehabilitacion-en-la-via-palermo-la-y","status":"publish","type":"post","link":"https:\/\/luchonoticias.com\/editor\/proceso-de-rehabilitacion-en-la-via-palermo-la-y\/","title":{"rendered":"Proceso de rehabilitaci\u00f3n en la v\u00eda Palermo &#8211; La Y"},"content":{"rendered":"\n<p>Pese a la ola invernal que se presenta en la regi\u00f3n, las&nbsp;<strong>obras de rehabilitaci\u00f3n de la v\u00eda Palermo la Y,<\/strong>&nbsp;avanzan a buen ritmo, son 24 tramos viales donde est\u00e1n siendo&nbsp;<strong>rehabilitados 2.740 metros de v\u00eda,<\/strong>&nbsp;obras donde el gobierno \u201cHuila Crece\u201d invierte m\u00e1s de 3.200 millones de pesos.<\/p>\n\n\n\n<p>Las obras iniciadas a mediados del mes de septiembre, lideradas por la Secretar\u00eda de V\u00edas e Iinfraestructura y el Consorcio M.C. ejecutor del contrato, realizan la rehabilitaci\u00f3n vial en&nbsp;<strong>pavimento flexible en diferentes tramos viales<\/strong>, obras que por muchos a\u00f1os reclamaban los Palermunos y que en este Gobierno se convierten en realidad. De acuerdo al ingeniero Sebasti\u00e1n Rojas, director de Obra de la empresa MASSEQ, perteneciente al consorcio,&nbsp;<strong>lo intervenido hasta el momento tiene un avance del 43%.<\/strong><\/p>\n\n\n\n<p>\u201c<strong>Vamos a intervenir una longitud de 2.740 metros, los cuales est\u00e1n divididos en 24 tramos<\/strong>&nbsp;entre el kil\u00f3metro 1 + 300 y el kil\u00f3metro 10 + 690, del corredor vial Palermo la Y, la intervenci\u00f3n va a ser desde rehabilitar la infraestructura del pavimento, es decir hacer un mejoramiento de la base, de la sub base y aplicar una carpeta asf\u00e1ltica nueva en los 24 tramos que est\u00e1n contemplados, adicionalmente construir unos filtros, unas cunetas para garantizar la estabilidad de la obra y manejar las aguas lluvias y las infiltraciones que haya dentro de estas zonas, actualmente nos encontramos en el tramo 8, nosotros llevamos alrededor de 1.200 metros de conformaci\u00f3n de v\u00eda, de estructura, eso equivale m\u00e1s o menos al 43% de avance de esta actividad, esta actividad es muy importante porque luego viene la aplicaci\u00f3n del asfalto y digamos que garantizar una buena estructura es viabilizar la calidad de la obra, para garantizar una buena vida \u00fatil al corredor intervenido\u201d, expres\u00f3.<\/p>\n\n\n\n<p>El profesional de la ingenier\u00eda manifest\u00f3, que&nbsp;<strong>la ola invernal que se presenta en la regi\u00f3n ha causado traumatismos en la movilidad&nbsp;<\/strong>y el desarrollo de la obra, pero se trabaja en un plan de manejo de tr\u00e1fico vehicular y se aprovechan los d\u00edas cuando no se presentan lluvias, para poder cumplir con el periodo establecido en el contrato.<\/p>\n\n\n\n<p>Lamentablemente&nbsp;<strong>se han presentado retrasos importantes por las lluvias<\/strong>, el 40% de d\u00edas han sido de lluvias y esto ha afectado el rendimiento, se tiene un plan de manejo de tr\u00e1fico, bajo el cual dos controladoras viales en cada frente de trabajo y una se\u00f1alizaci\u00f3n dispuesta controlan el transito, los cierres son de 7.30 a 17.30 de horas,estos duran 15 minutos y cuando hay cierres totales se informa a la comunidad.<\/p>\n\n\n\n<p>La petici\u00f3n del gobierno departamental es la generaci\u00f3n de empleo en las zonas donde se realizan las obras, actualmente en el sector cerca de 40 personas fueron empleadas para el desarrollo del contrato. \u201cActualmente en el contrato tenemos 40 personas desempe\u00f1ando diferentes labores entre auxiliares viales, obreros, oficiales, operadores de maquinaria, almacenista, personal administrativo, se ha contratado gente del sector, mano de obra no calificada y calificada y todo el proceso de selecci\u00f3n se ha hecho mediante la agencia p\u00fablica de empleo de acuerdo a las normas legales vigentes\u201d. Expres\u00f3 el director de la obra de la empresa MASSEQ.<\/p>\n","protected":false},"excerpt":{"rendered":"<p>Pese a la ola invernal que se presenta en la regi\u00f3n, las&nbsp;obras de rehabilitaci\u00f3n de la v\u00eda Palermo la Y,&nbsp;avanzan a buen ritmo, son 24 tramos viales donde est\u00e1n siendo&nbsp;rehabilitados 2.740 metros de v\u00eda,&nbsp;obras donde el gobierno \u201cHuila Crece\u201d invierte m\u00e1s de 3.200 millones de pesos. Las obras iniciadas a mediados del mes de septiembre, [&hellip;]<\/p>\n","protected":false},"author":1,"featured_media":0,"comment_status":"open","ping_status":"open","sticky":false,"template":"","format":"standard","meta":{"footnotes":""},"categories":[33],"tags":[],"class_list":["post-38927","post","type-post","status-publish","format-standard","hentry","category-huila"],"yoast_head":"<!-- This site is optimized with the Yoast SEO plugin v26.6 - https:\/\/yoast.com\/wordpress\/plugins\/seo\/ -->\n<title>Proceso de rehabilitaci\u00f3n en la v\u00eda Palermo - La Y -<\/title>\n<meta name=\"robots\" content=\"index, follow, max-snippet:-1, max-image-preview:large, max-video-preview:-1\" \/>\n<link rel=\"canonical\" href=\"https:\/\/luchonoticias.com\/editor\/proceso-de-rehabilitacion-en-la-via-palermo-la-y\/\" \/>\n<meta property=\"og:locale\" content=\"es_ES\" \/>\n<meta property=\"og:type\" content=\"article\" \/>\n<meta property=\"og:title\" content=\"Proceso de rehabilitaci\u00f3n en la v\u00eda Palermo - La Y -\" \/>\n<meta property=\"og:url\" content=\"https:\/\/luchonoticias.com\/editor\/proceso-de-rehabilitacion-en-la-via-palermo-la-y\/\" \/>\n<meta property=\"article:publisher\" content=\"https:\/\/www.facebook.com\/luchonoticiasneiva\" \/>\n<meta property=\"article:author\" content=\"https:\/\/www.facebook.com\/luchonoticiasneiva\" \/>\n<meta property=\"article:published_time\" content=\"2022-11-08T09:46:47+00:00\" \/>\n<meta property=\"article:modified_time\" content=\"2022-11-08T09:46:48+00:00\" \/>\n<meta name=\"author\" content=\"admin\" \/>\n<meta name=\"twitter:card\" content=\"summary_large_image\" \/>\n<meta name=\"twitter:label1\" content=\"Escrito por\" \/>\n\t<meta name=\"twitter:data1\" content=\"admin\" \/>\n\t<meta name=\"twitter:label2\" content=\"Tiempo de lectura\" \/>\n\t<meta name=\"twitter:data2\" content=\"3 minutos\" \/>\n<script type=\"application\/ld+json\" class=\"yoast-schema-graph\">{\"@context\":\"https:\/\/schema.org\",\"@graph\":[{\"@type\":\"Article\",\"@id\":\"https:\/\/luchonoticias.com\/editor\/proceso-de-rehabilitacion-en-la-via-palermo-la-y\/#article\",\"isPartOf\":{\"@id\":\"https:\/\/luchonoticias.com\/editor\/proceso-de-rehabilitacion-en-la-via-palermo-la-y\/\"},\"author\":{\"name\":\"admin\",\"@id\":\"https:\/\/luchonoticias.com\/editor\/#\/schema\/person\/7a7fd911f58561fd056dbac7b55af9cd\"},\"headline\":\"Proceso de rehabilitaci\u00f3n en la v\u00eda Palermo &#8211; La Y\",\"datePublished\":\"2022-11-08T09:46:47+00:00\",\"dateModified\":\"2022-11-08T09:46:48+00:00\",\"mainEntityOfPage\":{\"@id\":\"https:\/\/luchonoticias.com\/editor\/proceso-de-rehabilitacion-en-la-via-palermo-la-y\/\"},\"wordCount\":556,\"commentCount\":0,\"publisher\":{\"@id\":\"https:\/\/luchonoticias.com\/editor\/#\/schema\/person\/7a7fd911f58561fd056dbac7b55af9cd\"},\"articleSection\":[\"Huila\"],\"inLanguage\":\"es\",\"potentialAction\":[{\"@type\":\"CommentAction\",\"name\":\"Comment\",\"target\":[\"https:\/\/luchonoticias.com\/editor\/proceso-de-rehabilitacion-en-la-via-palermo-la-y\/#respond\"]}]},{\"@type\":\"WebPage\",\"@id\":\"https:\/\/luchonoticias.com\/editor\/proceso-de-rehabilitacion-en-la-via-palermo-la-y\/\",\"url\":\"https:\/\/luchonoticias.com\/editor\/proceso-de-rehabilitacion-en-la-via-palermo-la-y\/\",\"name\":\"Proceso de rehabilitaci\u00f3n en la v\u00eda Palermo - La Y -\",\"isPartOf\":{\"@id\":\"https:\/\/luchonoticias.com\/editor\/#website\"},\"datePublished\":\"2022-11-08T09:46:47+00:00\",\"dateModified\":\"2022-11-08T09:46:48+00:00\",\"breadcrumb\":{\"@id\":\"https:\/\/luchonoticias.com\/editor\/proceso-de-rehabilitacion-en-la-via-palermo-la-y\/#breadcrumb\"},\"inLanguage\":\"es\",\"potentialAction\":[{\"@type\":\"ReadAction\",\"target\":[\"https:\/\/luchonoticias.com\/editor\/proceso-de-rehabilitacion-en-la-via-palermo-la-y\/\"]}]},{\"@type\":\"BreadcrumbList\",\"@id\":\"https:\/\/luchonoticias.com\/editor\/proceso-de-rehabilitacion-en-la-via-palermo-la-y\/#breadcrumb\",\"itemListElement\":[{\"@type\":\"ListItem\",\"position\":1,\"name\":\"Portada\",\"item\":\"https:\/\/luchonoticias.com\/editor\/\"},{\"@type\":\"ListItem\",\"position\":2,\"name\":\"Proceso de rehabilitaci\u00f3n en la v\u00eda Palermo &#8211; La Y\"}]},{\"@type\":\"WebSite\",\"@id\":\"https:\/\/luchonoticias.com\/editor\/#website\",\"url\":\"https:\/\/luchonoticias.com\/editor\/\",\"name\":\"\",\"description\":\"\",\"publisher\":{\"@id\":\"https:\/\/luchonoticias.com\/editor\/#\/schema\/person\/7a7fd911f58561fd056dbac7b55af9cd\"},\"potentialAction\":[{\"@type\":\"SearchAction\",\"target\":{\"@type\":\"EntryPoint\",\"urlTemplate\":\"https:\/\/luchonoticias.com\/editor\/?s={search_term_string}\"},\"query-input\":{\"@type\":\"PropertyValueSpecification\",\"valueRequired\":true,\"valueName\":\"search_term_string\"}}],\"inLanguage\":\"es\"},{\"@type\":[\"Person\",\"Organization\"],\"@id\":\"https:\/\/luchonoticias.com\/editor\/#\/schema\/person\/7a7fd911f58561fd056dbac7b55af9cd\",\"name\":\"admin\",\"image\":{\"@type\":\"ImageObject\",\"inLanguage\":\"es\",\"@id\":\"https:\/\/luchonoticias.com\/editor\/#\/schema\/person\/image\/\",\"url\":\"https:\/\/luchonoticias.com\/editor\/wp-content\/uploads\/2024\/02\/cropped-cropped-logolu.webp\",\"contentUrl\":\"https:\/\/luchonoticias.com\/editor\/wp-content\/uploads\/2024\/02\/cropped-cropped-logolu.webp\",\"width\":382,\"height\":170,\"caption\":\"admin\"},\"logo\":{\"@id\":\"https:\/\/luchonoticias.com\/editor\/#\/schema\/person\/image\/\"},\"sameAs\":[\"https:\/\/www.facebook.com\/luchonoticiasneiva\"],\"url\":\"https:\/\/luchonoticias.com\/editor\/author\/admin\/\"}]}<\/script>\n<!-- \/ Yoast SEO plugin. -->","yoast_head_json":{"title":"Proceso de rehabilitaci\u00f3n en la v\u00eda Palermo - La Y -","robots":{"index":"index","follow":"follow","max-snippet":"max-snippet:-1","max-image-preview":"max-image-preview:large","max-video-preview":"max-video-preview:-1"},"canonical":"https:\/\/luchonoticias.com\/editor\/proceso-de-rehabilitacion-en-la-via-palermo-la-y\/","og_locale":"es_ES","og_type":"article","og_title":"Proceso de rehabilitaci\u00f3n en la v\u00eda Palermo - La Y -","og_url":"https:\/\/luchonoticias.com\/editor\/proceso-de-rehabilitacion-en-la-via-palermo-la-y\/","article_publisher":"https:\/\/www.facebook.com\/luchonoticiasneiva","article_author":"https:\/\/www.facebook.com\/luchonoticiasneiva","article_published_time":"2022-11-08T09:46:47+00:00","article_modified_time":"2022-11-08T09:46:48+00:00","author":"admin","twitter_card":"summary_large_image","twitter_misc":{"Escrito por":"admin","Tiempo de lectura":"3 minutos"},"schema":{"@context":"https:\/\/schema.org","@graph":[{"@type":"Article","@id":"https:\/\/luchonoticias.com\/editor\/proceso-de-rehabilitacion-en-la-via-palermo-la-y\/#article","isPartOf":{"@id":"https:\/\/luchonoticias.com\/editor\/proceso-de-rehabilitacion-en-la-via-palermo-la-y\/"},"author":{"name":"admin","@id":"https:\/\/luchonoticias.com\/editor\/#\/schema\/person\/7a7fd911f58561fd056dbac7b55af9cd"},"headline":"Proceso de rehabilitaci\u00f3n en la v\u00eda Palermo &#8211; La Y","datePublished":"2022-11-08T09:46:47+00:00","dateModified":"2022-11-08T09:46:48+00:00","mainEntityOfPage":{"@id":"https:\/\/luchonoticias.com\/editor\/proceso-de-rehabilitacion-en-la-via-palermo-la-y\/"},"wordCount":556,"commentCount":0,"publisher":{"@id":"https:\/\/luchonoticias.com\/editor\/#\/schema\/person\/7a7fd911f58561fd056dbac7b55af9cd"},"articleSection":["Huila"],"inLanguage":"es","potentialAction":[{"@type":"CommentAction","name":"Comment","target":["https:\/\/luchonoticias.com\/editor\/proceso-de-rehabilitacion-en-la-via-palermo-la-y\/#respond"]}]},{"@type":"WebPage","@id":"https:\/\/luchonoticias.com\/editor\/proceso-de-rehabilitacion-en-la-via-palermo-la-y\/","url":"https:\/\/luchonoticias.com\/editor\/proceso-de-rehabilitacion-en-la-via-palermo-la-y\/","name":"Proceso de rehabilitaci\u00f3n en la v\u00eda Palermo - La Y -","isPartOf":{"@id":"https:\/\/luchonoticias.com\/editor\/#website"},"datePublished":"2022-11-08T09:46:47+00:00","dateModified":"2022-11-08T09:46:48+00:00","breadcrumb":{"@id":"https:\/\/luchonoticias.com\/editor\/proceso-de-rehabilitacion-en-la-via-palermo-la-y\/#breadcrumb"},"inLanguage":"es","potentialAction":[{"@type":"ReadAction","target":["https:\/\/luchonoticias.com\/editor\/proceso-de-rehabilitacion-en-la-via-palermo-la-y\/"]}]},{"@type":"BreadcrumbList","@id":"https:\/\/luchonoticias.com\/editor\/proceso-de-rehabilitacion-en-la-via-palermo-la-y\/#breadcrumb","itemListElement":[{"@type":"ListItem","position":1,"name":"Portada","item":"https:\/\/luchonoticias.com\/editor\/"},{"@type":"ListItem","position":2,"name":"Proceso de rehabilitaci\u00f3n en la v\u00eda Palermo &#8211; La Y"}]},{"@type":"WebSite","@id":"https:\/\/luchonoticias.com\/editor\/#website","url":"https:\/\/luchonoticias.com\/editor\/","name":"","description":"","publisher":{"@id":"https:\/\/luchonoticias.com\/editor\/#\/schema\/person\/7a7fd911f58561fd056dbac7b55af9cd"},"potentialAction":[{"@type":"SearchAction","target":{"@type":"EntryPoint","urlTemplate":"https:\/\/luchonoticias.com\/editor\/?s={search_term_string}"},"query-input":{"@type":"PropertyValueSpecification","valueRequired":true,"valueName":"search_term_string"}}],"inLanguage":"es"},{"@type":["Person","Organization"],"@id":"https:\/\/luchonoticias.com\/editor\/#\/schema\/person\/7a7fd911f58561fd056dbac7b55af9cd","name":"admin","image":{"@type":"ImageObject","inLanguage":"es","@id":"https:\/\/luchonoticias.com\/editor\/#\/schema\/person\/image\/","url":"https:\/\/luchonoticias.com\/editor\/wp-content\/uploads\/2024\/02\/cropped-cropped-logolu.webp","contentUrl":"https:\/\/luchonoticias.com\/editor\/wp-content\/uploads\/2024\/02\/cropped-cropped-logolu.webp","width":382,"height":170,"caption":"admin"},"logo":{"@id":"https:\/\/luchonoticias.com\/editor\/#\/schema\/person\/image\/"},"sameAs":["https:\/\/www.facebook.com\/luchonoticiasneiva"],"url":"https:\/\/luchonoticias.com\/editor\/author\/admin\/"}]}},"_links":{"self":[{"href":"https:\/\/luchonoticias.com\/editor\/wp-json\/wp\/v2\/posts\/38927","targetHints":{"allow":["GET"]}}],"collection":[{"href":"https:\/\/luchonoticias.com\/editor\/wp-json\/wp\/v2\/posts"}],"about":[{"href":"https:\/\/luchonoticias.com\/editor\/wp-json\/wp\/v2\/types\/post"}],"author":[{"embeddable":true,"href":"https:\/\/luchonoticias.com\/editor\/wp-json\/wp\/v2\/users\/1"}],"replies":[{"embeddable":true,"href":"https:\/\/luchonoticias.com\/editor\/wp-json\/wp\/v2\/comments?post=38927"}],"version-history":[{"count":0,"href":"https:\/\/luchonoticias.com\/editor\/wp-json\/wp\/v2\/posts\/38927\/revisions"}],"wp:attachment":[{"href":"https:\/\/luchonoticias.com\/editor\/wp-json\/wp\/v2\/media?parent=38927"}],"wp:term":[{"taxonomy":"category","embeddable":true,"href":"https:\/\/luchonoticias.com\/editor\/wp-json\/wp\/v2\/categories?post=38927"},{"taxonomy":"post_tag","embeddable":true,"href":"https:\/\/luchonoticias.com\/editor\/wp-json\/wp\/v2\/tags?post=38927"}],"curies":[{"name":"wp","href":"https:\/\/api.w.org\/{rel}","templated":true}]}}