{"id":38936,"date":"2022-11-08T04:58:38","date_gmt":"2022-11-08T09:58:38","guid":{"rendered":"https:\/\/luchonoticias.com\/?p=38936"},"modified":"2022-11-08T04:58:39","modified_gmt":"2022-11-08T09:58:39","slug":"teacher-berrio-se-impuso-en-la-ida-de-la-copa-departamental-sub-11","status":"publish","type":"post","link":"https:\/\/luchonoticias.com\/editor\/teacher-berrio-se-impuso-en-la-ida-de-la-copa-departamental-sub-11\/","title":{"rendered":"Teacher Berr\u00edo se impuso en la ida de la Copa Departamental sub &#8211; 11"},"content":{"rendered":"\n<p>Se llev\u00f3 a cabo en la salida a Bogot\u00e1 el&nbsp;<strong>juego de ida<\/strong>&nbsp;de la&nbsp;<strong>final&nbsp;<\/strong>de la&nbsp;<strong>Copa Departamental sub \u2013 11 de f\u00fatbol<\/strong>, organizada por la liga huilense de este deporte entre&nbsp;<strong>Teacher Berr\u00edo&nbsp;<\/strong>(en la foto)<strong>&nbsp;y Juli\u00e1n D\u00edaz.<\/strong><\/p>\n\n\n\n<p>El duelo por los clubes fundados por ex futbolistas profesionales termin\u00f3&nbsp;<strong>a favor de los primeros por 4:3<\/strong>, en un juego donde hubo dominio alterno de ambos clubes; Teacher Berr\u00edo tuvo buena parte del dominio de bal\u00f3n aunque Juli\u00e1n D\u00edaz dej\u00f3 la serie abierta en gran parte gracias a sus incursiones a bal\u00f3n parado.<\/p>\n\n\n\n<p>El juego de vuelta est\u00e1 programado para cumplirse este fin de semana en la cancha del barrio Las Granjas, aunque aun no hay hora y fecha definida, se habla de que podr\u00eda ser este domingo.<\/p>\n","protected":false},"excerpt":{"rendered":"<p>Se llev\u00f3 a cabo en la salida a Bogot\u00e1 el&nbsp;juego de ida&nbsp;de la&nbsp;final&nbsp;de la&nbsp;Copa Departamental sub \u2013 11 de f\u00fatbol, organizada por la liga huilense de este deporte entre&nbsp;Teacher Berr\u00edo&nbsp;(en la foto)&nbsp;y Juli\u00e1n D\u00edaz. El duelo por los clubes fundados por ex futbolistas profesionales termin\u00f3&nbsp;a favor de los primeros por 4:3, en un juego donde [&hellip;]<\/p>\n","protected":false},"author":1,"featured_media":0,"comment_status":"open","ping_status":"open","sticky":false,"template":"","format":"standard","meta":{"footnotes":""},"categories":[34],"tags":[],"class_list":["post-38936","post","type-post","status-publish","format-standard","hentry","category-deportes"],"yoast_head":"<!-- This site is optimized with the Yoast SEO plugin v26.6 - https:\/\/yoast.com\/wordpress\/plugins\/seo\/ -->\n<title>Teacher Berr\u00edo se impuso en la ida de la Copa Departamental sub - 11 -<\/title>\n<meta name=\"robots\" content=\"index, follow, max-snippet:-1, max-image-preview:large, max-video-preview:-1\" \/>\n<link rel=\"canonical\" href=\"https:\/\/luchonoticias.com\/editor\/teacher-berrio-se-impuso-en-la-ida-de-la-copa-departamental-sub-11\/\" \/>\n<meta property=\"og:locale\" content=\"es_ES\" \/>\n<meta property=\"og:type\" content=\"article\" \/>\n<meta property=\"og:title\" content=\"Teacher Berr\u00edo se impuso en la ida de la Copa Departamental sub - 11 -\" \/>\n<meta property=\"og:url\" content=\"https:\/\/luchonoticias.com\/editor\/teacher-berrio-se-impuso-en-la-ida-de-la-copa-departamental-sub-11\/\" \/>\n<meta property=\"article:publisher\" content=\"https:\/\/www.facebook.com\/luchonoticiasneiva\" \/>\n<meta property=\"article:author\" content=\"https:\/\/www.facebook.com\/luchonoticiasneiva\" \/>\n<meta property=\"article:published_time\" content=\"2022-11-08T09:58:38+00:00\" \/>\n<meta property=\"article:modified_time\" content=\"2022-11-08T09:58:39+00:00\" \/>\n<meta name=\"author\" content=\"admin\" \/>\n<meta name=\"twitter:card\" content=\"summary_large_image\" \/>\n<meta name=\"twitter:label1\" content=\"Escrito por\" \/>\n\t<meta name=\"twitter:data1\" content=\"admin\" \/>\n\t<meta name=\"twitter:label2\" content=\"Tiempo de lectura\" \/>\n\t<meta name=\"twitter:data2\" content=\"1 minuto\" \/>\n<script type=\"application\/ld+json\" class=\"yoast-schema-graph\">{\"@context\":\"https:\/\/schema.org\",\"@graph\":[{\"@type\":\"Article\",\"@id\":\"https:\/\/luchonoticias.com\/editor\/teacher-berrio-se-impuso-en-la-ida-de-la-copa-departamental-sub-11\/#article\",\"isPartOf\":{\"@id\":\"https:\/\/luchonoticias.com\/editor\/teacher-berrio-se-impuso-en-la-ida-de-la-copa-departamental-sub-11\/\"},\"author\":{\"name\":\"admin\",\"@id\":\"https:\/\/luchonoticias.com\/editor\/#\/schema\/person\/7a7fd911f58561fd056dbac7b55af9cd\"},\"headline\":\"Teacher Berr\u00edo se impuso en la ida de la Copa Departamental sub &#8211; 11\",\"datePublished\":\"2022-11-08T09:58:38+00:00\",\"dateModified\":\"2022-11-08T09:58:39+00:00\",\"mainEntityOfPage\":{\"@id\":\"https:\/\/luchonoticias.com\/editor\/teacher-berrio-se-impuso-en-la-ida-de-la-copa-departamental-sub-11\/\"},\"wordCount\":161,\"commentCount\":0,\"publisher\":{\"@id\":\"https:\/\/luchonoticias.com\/editor\/#\/schema\/person\/7a7fd911f58561fd056dbac7b55af9cd\"},\"articleSection\":[\"Deportes\"],\"inLanguage\":\"es\",\"potentialAction\":[{\"@type\":\"CommentAction\",\"name\":\"Comment\",\"target\":[\"https:\/\/luchonoticias.com\/editor\/teacher-berrio-se-impuso-en-la-ida-de-la-copa-departamental-sub-11\/#respond\"]}]},{\"@type\":\"WebPage\",\"@id\":\"https:\/\/luchonoticias.com\/editor\/teacher-berrio-se-impuso-en-la-ida-de-la-copa-departamental-sub-11\/\",\"url\":\"https:\/\/luchonoticias.com\/editor\/teacher-berrio-se-impuso-en-la-ida-de-la-copa-departamental-sub-11\/\",\"name\":\"Teacher Berr\u00edo se impuso en la ida de la Copa Departamental sub - 11 -\",\"isPartOf\":{\"@id\":\"https:\/\/luchonoticias.com\/editor\/#website\"},\"datePublished\":\"2022-11-08T09:58:38+00:00\",\"dateModified\":\"2022-11-08T09:58:39+00:00\",\"breadcrumb\":{\"@id\":\"https:\/\/luchonoticias.com\/editor\/teacher-berrio-se-impuso-en-la-ida-de-la-copa-departamental-sub-11\/#breadcrumb\"},\"inLanguage\":\"es\",\"potentialAction\":[{\"@type\":\"ReadAction\",\"target\":[\"https:\/\/luchonoticias.com\/editor\/teacher-berrio-se-impuso-en-la-ida-de-la-copa-departamental-sub-11\/\"]}]},{\"@type\":\"BreadcrumbList\",\"@id\":\"https:\/\/luchonoticias.com\/editor\/teacher-berrio-se-impuso-en-la-ida-de-la-copa-departamental-sub-11\/#breadcrumb\",\"itemListElement\":[{\"@type\":\"ListItem\",\"position\":1,\"name\":\"Portada\",\"item\":\"https:\/\/luchonoticias.com\/editor\/\"},{\"@type\":\"ListItem\",\"position\":2,\"name\":\"Teacher Berr\u00edo se impuso en la ida de la Copa Departamental sub &#8211; 11\"}]},{\"@type\":\"WebSite\",\"@id\":\"https:\/\/luchonoticias.com\/editor\/#website\",\"url\":\"https:\/\/luchonoticias.com\/editor\/\",\"name\":\"\",\"description\":\"\",\"publisher\":{\"@id\":\"https:\/\/luchonoticias.com\/editor\/#\/schema\/person\/7a7fd911f58561fd056dbac7b55af9cd\"},\"potentialAction\":[{\"@type\":\"SearchAction\",\"target\":{\"@type\":\"EntryPoint\",\"urlTemplate\":\"https:\/\/luchonoticias.com\/editor\/?s={search_term_string}\"},\"query-input\":{\"@type\":\"PropertyValueSpecification\",\"valueRequired\":true,\"valueName\":\"search_term_string\"}}],\"inLanguage\":\"es\"},{\"@type\":[\"Person\",\"Organization\"],\"@id\":\"https:\/\/luchonoticias.com\/editor\/#\/schema\/person\/7a7fd911f58561fd056dbac7b55af9cd\",\"name\":\"admin\",\"image\":{\"@type\":\"ImageObject\",\"inLanguage\":\"es\",\"@id\":\"https:\/\/luchonoticias.com\/editor\/#\/schema\/person\/image\/\",\"url\":\"https:\/\/luchonoticias.com\/editor\/wp-content\/uploads\/2024\/02\/cropped-cropped-logolu.webp\",\"contentUrl\":\"https:\/\/luchonoticias.com\/editor\/wp-content\/uploads\/2024\/02\/cropped-cropped-logolu.webp\",\"width\":382,\"height\":170,\"caption\":\"admin\"},\"logo\":{\"@id\":\"https:\/\/luchonoticias.com\/editor\/#\/schema\/person\/image\/\"},\"sameAs\":[\"https:\/\/www.facebook.com\/luchonoticiasneiva\"],\"url\":\"https:\/\/luchonoticias.com\/editor\/author\/admin\/\"}]}<\/script>\n<!-- \/ Yoast SEO plugin. -->","yoast_head_json":{"title":"Teacher Berr\u00edo se impuso en la ida de la Copa Departamental sub - 11 -","robots":{"index":"index","follow":"follow","max-snippet":"max-snippet:-1","max-image-preview":"max-image-preview:large","max-video-preview":"max-video-preview:-1"},"canonical":"https:\/\/luchonoticias.com\/editor\/teacher-berrio-se-impuso-en-la-ida-de-la-copa-departamental-sub-11\/","og_locale":"es_ES","og_type":"article","og_title":"Teacher Berr\u00edo se impuso en la ida de la Copa Departamental sub - 11 -","og_url":"https:\/\/luchonoticias.com\/editor\/teacher-berrio-se-impuso-en-la-ida-de-la-copa-departamental-sub-11\/","article_publisher":"https:\/\/www.facebook.com\/luchonoticiasneiva","article_author":"https:\/\/www.facebook.com\/luchonoticiasneiva","article_published_time":"2022-11-08T09:58:38+00:00","article_modified_time":"2022-11-08T09:58:39+00:00","author":"admin","twitter_card":"summary_large_image","twitter_misc":{"Escrito por":"admin","Tiempo de lectura":"1 minuto"},"schema":{"@context":"https:\/\/schema.org","@graph":[{"@type":"Article","@id":"https:\/\/luchonoticias.com\/editor\/teacher-berrio-se-impuso-en-la-ida-de-la-copa-departamental-sub-11\/#article","isPartOf":{"@id":"https:\/\/luchonoticias.com\/editor\/teacher-berrio-se-impuso-en-la-ida-de-la-copa-departamental-sub-11\/"},"author":{"name":"admin","@id":"https:\/\/luchonoticias.com\/editor\/#\/schema\/person\/7a7fd911f58561fd056dbac7b55af9cd"},"headline":"Teacher Berr\u00edo se impuso en la ida de la Copa Departamental sub &#8211; 11","datePublished":"2022-11-08T09:58:38+00:00","dateModified":"2022-11-08T09:58:39+00:00","mainEntityOfPage":{"@id":"https:\/\/luchonoticias.com\/editor\/teacher-berrio-se-impuso-en-la-ida-de-la-copa-departamental-sub-11\/"},"wordCount":161,"commentCount":0,"publisher":{"@id":"https:\/\/luchonoticias.com\/editor\/#\/schema\/person\/7a7fd911f58561fd056dbac7b55af9cd"},"articleSection":["Deportes"],"inLanguage":"es","potentialAction":[{"@type":"CommentAction","name":"Comment","target":["https:\/\/luchonoticias.com\/editor\/teacher-berrio-se-impuso-en-la-ida-de-la-copa-departamental-sub-11\/#respond"]}]},{"@type":"WebPage","@id":"https:\/\/luchonoticias.com\/editor\/teacher-berrio-se-impuso-en-la-ida-de-la-copa-departamental-sub-11\/","url":"https:\/\/luchonoticias.com\/editor\/teacher-berrio-se-impuso-en-la-ida-de-la-copa-departamental-sub-11\/","name":"Teacher Berr\u00edo se impuso en la ida de la Copa Departamental sub - 11 -","isPartOf":{"@id":"https:\/\/luchonoticias.com\/editor\/#website"},"datePublished":"2022-11-08T09:58:38+00:00","dateModified":"2022-11-08T09:58:39+00:00","breadcrumb":{"@id":"https:\/\/luchonoticias.com\/editor\/teacher-berrio-se-impuso-en-la-ida-de-la-copa-departamental-sub-11\/#breadcrumb"},"inLanguage":"es","potentialAction":[{"@type":"ReadAction","target":["https:\/\/luchonoticias.com\/editor\/teacher-berrio-se-impuso-en-la-ida-de-la-copa-departamental-sub-11\/"]}]},{"@type":"BreadcrumbList","@id":"https:\/\/luchonoticias.com\/editor\/teacher-berrio-se-impuso-en-la-ida-de-la-copa-departamental-sub-11\/#breadcrumb","itemListElement":[{"@type":"ListItem","position":1,"name":"Portada","item":"https:\/\/luchonoticias.com\/editor\/"},{"@type":"ListItem","position":2,"name":"Teacher Berr\u00edo se impuso en la ida de la Copa Departamental sub &#8211; 11"}]},{"@type":"WebSite","@id":"https:\/\/luchonoticias.com\/editor\/#website","url":"https:\/\/luchonoticias.com\/editor\/","name":"","description":"","publisher":{"@id":"https:\/\/luchonoticias.com\/editor\/#\/schema\/person\/7a7fd911f58561fd056dbac7b55af9cd"},"potentialAction":[{"@type":"SearchAction","target":{"@type":"EntryPoint","urlTemplate":"https:\/\/luchonoticias.com\/editor\/?s={search_term_string}"},"query-input":{"@type":"PropertyValueSpecification","valueRequired":true,"valueName":"search_term_string"}}],"inLanguage":"es"},{"@type":["Person","Organization"],"@id":"https:\/\/luchonoticias.com\/editor\/#\/schema\/person\/7a7fd911f58561fd056dbac7b55af9cd","name":"admin","image":{"@type":"ImageObject","inLanguage":"es","@id":"https:\/\/luchonoticias.com\/editor\/#\/schema\/person\/image\/","url":"https:\/\/luchonoticias.com\/editor\/wp-content\/uploads\/2024\/02\/cropped-cropped-logolu.webp","contentUrl":"https:\/\/luchonoticias.com\/editor\/wp-content\/uploads\/2024\/02\/cropped-cropped-logolu.webp","width":382,"height":170,"caption":"admin"},"logo":{"@id":"https:\/\/luchonoticias.com\/editor\/#\/schema\/person\/image\/"},"sameAs":["https:\/\/www.facebook.com\/luchonoticiasneiva"],"url":"https:\/\/luchonoticias.com\/editor\/author\/admin\/"}]}},"_links":{"self":[{"href":"https:\/\/luchonoticias.com\/editor\/wp-json\/wp\/v2\/posts\/38936","targetHints":{"allow":["GET"]}}],"collection":[{"href":"https:\/\/luchonoticias.com\/editor\/wp-json\/wp\/v2\/posts"}],"about":[{"href":"https:\/\/luchonoticias.com\/editor\/wp-json\/wp\/v2\/types\/post"}],"author":[{"embeddable":true,"href":"https:\/\/luchonoticias.com\/editor\/wp-json\/wp\/v2\/users\/1"}],"replies":[{"embeddable":true,"href":"https:\/\/luchonoticias.com\/editor\/wp-json\/wp\/v2\/comments?post=38936"}],"version-history":[{"count":0,"href":"https:\/\/luchonoticias.com\/editor\/wp-json\/wp\/v2\/posts\/38936\/revisions"}],"wp:attachment":[{"href":"https:\/\/luchonoticias.com\/editor\/wp-json\/wp\/v2\/media?parent=38936"}],"wp:term":[{"taxonomy":"category","embeddable":true,"href":"https:\/\/luchonoticias.com\/editor\/wp-json\/wp\/v2\/categories?post=38936"},{"taxonomy":"post_tag","embeddable":true,"href":"https:\/\/luchonoticias.com\/editor\/wp-json\/wp\/v2\/tags?post=38936"}],"curies":[{"name":"wp","href":"https:\/\/api.w.org\/{rel}","templated":true}]}}