{"id":39061,"date":"2022-11-09T14:06:53","date_gmt":"2022-11-09T19:06:53","guid":{"rendered":"https:\/\/luchonoticias.com\/?p=39061"},"modified":"2022-11-09T14:06:54","modified_gmt":"2022-11-09T19:06:54","slug":"cumplida-jornada-de-socializacion-del-proyecto-de-ordenanza-del-presupuesto-para-el-ano-2023-del-huila","status":"publish","type":"post","link":"https:\/\/luchonoticias.com\/editor\/cumplida-jornada-de-socializacion-del-proyecto-de-ordenanza-del-presupuesto-para-el-ano-2023-del-huila\/","title":{"rendered":"Cumplida jornada de socializaci\u00f3n del proyecto de ordenanza del presupuesto para el a\u00f1o 2023 del Huila"},"content":{"rendered":"\n<p>En Comisi\u00f3n de Hacienda y Asuntos Econ\u00f3micos del periodo de sesiones ordinarias en la Asamblea del Huila, el secretario de Hacienda del Departamento, Andr\u00e9s Mauricio Mu\u00f1oz, socializ\u00f3 con los diputados el Proyecto de Ordenanza No. 51 \u201cSobre presupuesto de rentas y recursos de capital y Ordenanza de apropiaciones para la vigencia fiscal del 1\u00b0 de enero al 31 de diciembre de 2023\u201d.<\/p>\n\n\n\n<p>En medio de su intervenci\u00f3n el funcionario, argument\u00f3 que el presupuesto presentado en este proyecto est\u00e1 aforado en $1.016.528 billones, en donde el 81,1% de estos recursos ser\u00e1n destinados para la inversi\u00f3n en programas y proyectos estrat\u00e9gicos, el 14,7% para gastos de funcionamiento y el 1,8% para el pago de servicio a la deuda.<\/p>\n\n\n\n<p>De igual forma el secretario destac\u00f3 la duplicidad de recursos en Educaci\u00f3n, Salud, Cultura, Turismo y Deporte.&nbsp;<\/p>\n\n\n\n<p>\u201cEstamos cambiando la forma de presupuestar\u2026 En cuanto a los ingresos, el comportamiento sigue siendo positivo, estamos proyectando un recaudo cercano a los $170.000 millones, que nos va a permitir estar al borde de la categor\u00eda primera, que ser\u00eda algo hist\u00f3rico para el Departamento\u201d, indic\u00f3 el funcionario.<\/p>\n\n\n\n<p>En cuanto a los ingresos corrientes tributarios, el secretario resalt\u00f3 el buen comportamiento de los pagos del impuesto vehicular, calculando un recaudo cercano a los $45.000 millones por este concepto.<\/p>\n\n\n\n<p>Otro de los ingresos fuertes, seg\u00fan manifest\u00f3, son los pagos por impuesto de registro y anotaci\u00f3n, los cuales oscilar\u00edan los $20.000 millones.<\/p>\n\n\n\n<p>Finalmente, mencion\u00f3 que a FONVIHUILA e INDERHUILA, establecimientos p\u00fablicos del orden departamental, se les designar\u00e1 una partida espec\u00edfica de recursos, dej\u00e1ndoles un ingreso del orden propio para gastos de funcionamiento.&nbsp;<\/p>\n\n\n\n<p>\u201cTenemos un presupuesto fuerte, que viene creciendo en t\u00e9rminos generales, el 17% comparado con el de la vigencia anterior\u201d, puntualiz\u00f3.&nbsp;<\/p>\n\n\n\n<p>Durante estas dos jornadas de socializaci\u00f3n, han participado las Secretar\u00edas de V\u00edas, General, Salud, Educaci\u00f3n, Agricultura, Cultura, de Tr\u00e1nsito y Transporte, de Gobierno, de Hacienda y de Planeaci\u00f3n.<\/p>\n\n\n\n<p>\u201cEstamos presentando el presupuesto de la Secretar\u00eda General, el cual asciende a los $55.000 millones de pesos, de los cuales el 94% es de funcionamiento y el 6% es de inversi\u00f3n\u201d, manifest\u00f3 la jefe de esta cartera, Liza Adriana Carvajal Franco.<\/p>\n\n\n\n<p>Las dem\u00e1s dependencias, explicaron que sus presupuestos tienen un alto componente para inversi\u00f3n, destac\u00e1ndose la adecuaci\u00f3n y construcci\u00f3n de la infraestructura hospitalaria de la red p\u00fablica en el Departamento, as\u00ed como el mejoramiento, rehabilitaci\u00f3n y mantenimiento de la red vial primaria y secundaria del Huila, entre otros.<\/p>\n\n\n\n<p><strong>Estudio y aprobaci\u00f3n<\/strong><\/p>\n\n\n\n<p>La diputada Clara In\u00e9s Vega, vicepresidenta de la Comisi\u00f3n de Hacienda y Asuntos Econ\u00f3micos de la Duma Departamental, explic\u00f3 que el enfoque de estas jornadas de socializaci\u00f3n, ha sido conocer el Marco fiscal de mediano plazo, el presupuesto por resultados y los resultados brindados por el POAI, con el previo resumen de lo que se ha ejecutado, las proyecciones a futuro y las garant\u00edas que deben existir en las comisiones de estudio y plenaria.<\/p>\n\n\n\n<p>El pr\u00f3ximo jueves, se estar\u00eda surtiendo primer debate al Proyecto de Ordenanza No. 51 de 2022.<\/p>\n","protected":false},"excerpt":{"rendered":"<p>En Comisi\u00f3n de Hacienda y Asuntos Econ\u00f3micos del periodo de sesiones ordinarias en la Asamblea del Huila, el secretario de Hacienda del Departamento, Andr\u00e9s Mauricio Mu\u00f1oz, socializ\u00f3 con los diputados el Proyecto de Ordenanza No. 51 \u201cSobre presupuesto de rentas y recursos de capital y Ordenanza de apropiaciones para la vigencia fiscal del 1\u00b0 de [&hellip;]<\/p>\n","protected":false},"author":1,"featured_media":0,"comment_status":"open","ping_status":"open","sticky":false,"template":"","format":"standard","meta":{"footnotes":""},"categories":[36,617],"tags":[],"class_list":["post-39061","post","type-post","status-publish","format-standard","hentry","category-destacado","category-politica"],"yoast_head":"<!-- This site is optimized with the Yoast SEO plugin v26.6 - https:\/\/yoast.com\/wordpress\/plugins\/seo\/ -->\n<title>Cumplida jornada de socializaci\u00f3n del proyecto de ordenanza del presupuesto para el a\u00f1o 2023 del Huila -<\/title>\n<meta name=\"robots\" content=\"index, follow, max-snippet:-1, max-image-preview:large, max-video-preview:-1\" \/>\n<link rel=\"canonical\" href=\"https:\/\/luchonoticias.com\/editor\/cumplida-jornada-de-socializacion-del-proyecto-de-ordenanza-del-presupuesto-para-el-ano-2023-del-huila\/\" \/>\n<meta property=\"og:locale\" content=\"es_ES\" \/>\n<meta property=\"og:type\" content=\"article\" \/>\n<meta property=\"og:title\" content=\"Cumplida jornada de socializaci\u00f3n del proyecto de ordenanza del presupuesto para el a\u00f1o 2023 del Huila -\" \/>\n<meta property=\"og:url\" content=\"https:\/\/luchonoticias.com\/editor\/cumplida-jornada-de-socializacion-del-proyecto-de-ordenanza-del-presupuesto-para-el-ano-2023-del-huila\/\" \/>\n<meta property=\"article:publisher\" content=\"https:\/\/www.facebook.com\/luchonoticiasneiva\" \/>\n<meta property=\"article:author\" content=\"https:\/\/www.facebook.com\/luchonoticiasneiva\" \/>\n<meta property=\"article:published_time\" content=\"2022-11-09T19:06:53+00:00\" \/>\n<meta property=\"article:modified_time\" content=\"2022-11-09T19:06:54+00:00\" \/>\n<meta name=\"author\" content=\"admin\" \/>\n<meta name=\"twitter:card\" content=\"summary_large_image\" \/>\n<meta name=\"twitter:label1\" content=\"Escrito por\" \/>\n\t<meta name=\"twitter:data1\" content=\"admin\" \/>\n\t<meta name=\"twitter:label2\" content=\"Tiempo de lectura\" \/>\n\t<meta name=\"twitter:data2\" content=\"3 minutos\" \/>\n<script type=\"application\/ld+json\" class=\"yoast-schema-graph\">{\"@context\":\"https:\/\/schema.org\",\"@graph\":[{\"@type\":\"Article\",\"@id\":\"https:\/\/luchonoticias.com\/editor\/cumplida-jornada-de-socializacion-del-proyecto-de-ordenanza-del-presupuesto-para-el-ano-2023-del-huila\/#article\",\"isPartOf\":{\"@id\":\"https:\/\/luchonoticias.com\/editor\/cumplida-jornada-de-socializacion-del-proyecto-de-ordenanza-del-presupuesto-para-el-ano-2023-del-huila\/\"},\"author\":{\"name\":\"admin\",\"@id\":\"https:\/\/luchonoticias.com\/editor\/#\/schema\/person\/7a7fd911f58561fd056dbac7b55af9cd\"},\"headline\":\"Cumplida jornada de socializaci\u00f3n del proyecto de ordenanza del presupuesto para el a\u00f1o 2023 del Huila\",\"datePublished\":\"2022-11-09T19:06:53+00:00\",\"dateModified\":\"2022-11-09T19:06:54+00:00\",\"mainEntityOfPage\":{\"@id\":\"https:\/\/luchonoticias.com\/editor\/cumplida-jornada-de-socializacion-del-proyecto-de-ordenanza-del-presupuesto-para-el-ano-2023-del-huila\/\"},\"wordCount\":536,\"commentCount\":0,\"publisher\":{\"@id\":\"https:\/\/luchonoticias.com\/editor\/#\/schema\/person\/7a7fd911f58561fd056dbac7b55af9cd\"},\"articleSection\":[\"Destacado\",\"Pol\u00edtica\"],\"inLanguage\":\"es\",\"potentialAction\":[{\"@type\":\"CommentAction\",\"name\":\"Comment\",\"target\":[\"https:\/\/luchonoticias.com\/editor\/cumplida-jornada-de-socializacion-del-proyecto-de-ordenanza-del-presupuesto-para-el-ano-2023-del-huila\/#respond\"]}]},{\"@type\":\"WebPage\",\"@id\":\"https:\/\/luchonoticias.com\/editor\/cumplida-jornada-de-socializacion-del-proyecto-de-ordenanza-del-presupuesto-para-el-ano-2023-del-huila\/\",\"url\":\"https:\/\/luchonoticias.com\/editor\/cumplida-jornada-de-socializacion-del-proyecto-de-ordenanza-del-presupuesto-para-el-ano-2023-del-huila\/\",\"name\":\"Cumplida jornada de socializaci\u00f3n del proyecto de ordenanza del presupuesto para el a\u00f1o 2023 del Huila -\",\"isPartOf\":{\"@id\":\"https:\/\/luchonoticias.com\/editor\/#website\"},\"datePublished\":\"2022-11-09T19:06:53+00:00\",\"dateModified\":\"2022-11-09T19:06:54+00:00\",\"breadcrumb\":{\"@id\":\"https:\/\/luchonoticias.com\/editor\/cumplida-jornada-de-socializacion-del-proyecto-de-ordenanza-del-presupuesto-para-el-ano-2023-del-huila\/#breadcrumb\"},\"inLanguage\":\"es\",\"potentialAction\":[{\"@type\":\"ReadAction\",\"target\":[\"https:\/\/luchonoticias.com\/editor\/cumplida-jornada-de-socializacion-del-proyecto-de-ordenanza-del-presupuesto-para-el-ano-2023-del-huila\/\"]}]},{\"@type\":\"BreadcrumbList\",\"@id\":\"https:\/\/luchonoticias.com\/editor\/cumplida-jornada-de-socializacion-del-proyecto-de-ordenanza-del-presupuesto-para-el-ano-2023-del-huila\/#breadcrumb\",\"itemListElement\":[{\"@type\":\"ListItem\",\"position\":1,\"name\":\"Portada\",\"item\":\"https:\/\/luchonoticias.com\/editor\/\"},{\"@type\":\"ListItem\",\"position\":2,\"name\":\"Cumplida jornada de socializaci\u00f3n del proyecto de ordenanza del presupuesto para el a\u00f1o 2023 del Huila\"}]},{\"@type\":\"WebSite\",\"@id\":\"https:\/\/luchonoticias.com\/editor\/#website\",\"url\":\"https:\/\/luchonoticias.com\/editor\/\",\"name\":\"\",\"description\":\"\",\"publisher\":{\"@id\":\"https:\/\/luchonoticias.com\/editor\/#\/schema\/person\/7a7fd911f58561fd056dbac7b55af9cd\"},\"potentialAction\":[{\"@type\":\"SearchAction\",\"target\":{\"@type\":\"EntryPoint\",\"urlTemplate\":\"https:\/\/luchonoticias.com\/editor\/?s={search_term_string}\"},\"query-input\":{\"@type\":\"PropertyValueSpecification\",\"valueRequired\":true,\"valueName\":\"search_term_string\"}}],\"inLanguage\":\"es\"},{\"@type\":[\"Person\",\"Organization\"],\"@id\":\"https:\/\/luchonoticias.com\/editor\/#\/schema\/person\/7a7fd911f58561fd056dbac7b55af9cd\",\"name\":\"admin\",\"image\":{\"@type\":\"ImageObject\",\"inLanguage\":\"es\",\"@id\":\"https:\/\/luchonoticias.com\/editor\/#\/schema\/person\/image\/\",\"url\":\"https:\/\/luchonoticias.com\/editor\/wp-content\/uploads\/2024\/02\/cropped-cropped-logolu.webp\",\"contentUrl\":\"https:\/\/luchonoticias.com\/editor\/wp-content\/uploads\/2024\/02\/cropped-cropped-logolu.webp\",\"width\":382,\"height\":170,\"caption\":\"admin\"},\"logo\":{\"@id\":\"https:\/\/luchonoticias.com\/editor\/#\/schema\/person\/image\/\"},\"sameAs\":[\"https:\/\/www.facebook.com\/luchonoticiasneiva\"],\"url\":\"https:\/\/luchonoticias.com\/editor\/author\/admin\/\"}]}<\/script>\n<!-- \/ Yoast SEO plugin. -->","yoast_head_json":{"title":"Cumplida jornada de socializaci\u00f3n del proyecto de ordenanza del presupuesto para el a\u00f1o 2023 del Huila -","robots":{"index":"index","follow":"follow","max-snippet":"max-snippet:-1","max-image-preview":"max-image-preview:large","max-video-preview":"max-video-preview:-1"},"canonical":"https:\/\/luchonoticias.com\/editor\/cumplida-jornada-de-socializacion-del-proyecto-de-ordenanza-del-presupuesto-para-el-ano-2023-del-huila\/","og_locale":"es_ES","og_type":"article","og_title":"Cumplida jornada de socializaci\u00f3n del proyecto de ordenanza del presupuesto para el a\u00f1o 2023 del Huila -","og_url":"https:\/\/luchonoticias.com\/editor\/cumplida-jornada-de-socializacion-del-proyecto-de-ordenanza-del-presupuesto-para-el-ano-2023-del-huila\/","article_publisher":"https:\/\/www.facebook.com\/luchonoticiasneiva","article_author":"https:\/\/www.facebook.com\/luchonoticiasneiva","article_published_time":"2022-11-09T19:06:53+00:00","article_modified_time":"2022-11-09T19:06:54+00:00","author":"admin","twitter_card":"summary_large_image","twitter_misc":{"Escrito por":"admin","Tiempo de lectura":"3 minutos"},"schema":{"@context":"https:\/\/schema.org","@graph":[{"@type":"Article","@id":"https:\/\/luchonoticias.com\/editor\/cumplida-jornada-de-socializacion-del-proyecto-de-ordenanza-del-presupuesto-para-el-ano-2023-del-huila\/#article","isPartOf":{"@id":"https:\/\/luchonoticias.com\/editor\/cumplida-jornada-de-socializacion-del-proyecto-de-ordenanza-del-presupuesto-para-el-ano-2023-del-huila\/"},"author":{"name":"admin","@id":"https:\/\/luchonoticias.com\/editor\/#\/schema\/person\/7a7fd911f58561fd056dbac7b55af9cd"},"headline":"Cumplida jornada de socializaci\u00f3n del proyecto de ordenanza del presupuesto para el a\u00f1o 2023 del Huila","datePublished":"2022-11-09T19:06:53+00:00","dateModified":"2022-11-09T19:06:54+00:00","mainEntityOfPage":{"@id":"https:\/\/luchonoticias.com\/editor\/cumplida-jornada-de-socializacion-del-proyecto-de-ordenanza-del-presupuesto-para-el-ano-2023-del-huila\/"},"wordCount":536,"commentCount":0,"publisher":{"@id":"https:\/\/luchonoticias.com\/editor\/#\/schema\/person\/7a7fd911f58561fd056dbac7b55af9cd"},"articleSection":["Destacado","Pol\u00edtica"],"inLanguage":"es","potentialAction":[{"@type":"CommentAction","name":"Comment","target":["https:\/\/luchonoticias.com\/editor\/cumplida-jornada-de-socializacion-del-proyecto-de-ordenanza-del-presupuesto-para-el-ano-2023-del-huila\/#respond"]}]},{"@type":"WebPage","@id":"https:\/\/luchonoticias.com\/editor\/cumplida-jornada-de-socializacion-del-proyecto-de-ordenanza-del-presupuesto-para-el-ano-2023-del-huila\/","url":"https:\/\/luchonoticias.com\/editor\/cumplida-jornada-de-socializacion-del-proyecto-de-ordenanza-del-presupuesto-para-el-ano-2023-del-huila\/","name":"Cumplida jornada de socializaci\u00f3n del proyecto de ordenanza del presupuesto para el a\u00f1o 2023 del Huila -","isPartOf":{"@id":"https:\/\/luchonoticias.com\/editor\/#website"},"datePublished":"2022-11-09T19:06:53+00:00","dateModified":"2022-11-09T19:06:54+00:00","breadcrumb":{"@id":"https:\/\/luchonoticias.com\/editor\/cumplida-jornada-de-socializacion-del-proyecto-de-ordenanza-del-presupuesto-para-el-ano-2023-del-huila\/#breadcrumb"},"inLanguage":"es","potentialAction":[{"@type":"ReadAction","target":["https:\/\/luchonoticias.com\/editor\/cumplida-jornada-de-socializacion-del-proyecto-de-ordenanza-del-presupuesto-para-el-ano-2023-del-huila\/"]}]},{"@type":"BreadcrumbList","@id":"https:\/\/luchonoticias.com\/editor\/cumplida-jornada-de-socializacion-del-proyecto-de-ordenanza-del-presupuesto-para-el-ano-2023-del-huila\/#breadcrumb","itemListElement":[{"@type":"ListItem","position":1,"name":"Portada","item":"https:\/\/luchonoticias.com\/editor\/"},{"@type":"ListItem","position":2,"name":"Cumplida jornada de socializaci\u00f3n del proyecto de ordenanza del presupuesto para el a\u00f1o 2023 del Huila"}]},{"@type":"WebSite","@id":"https:\/\/luchonoticias.com\/editor\/#website","url":"https:\/\/luchonoticias.com\/editor\/","name":"","description":"","publisher":{"@id":"https:\/\/luchonoticias.com\/editor\/#\/schema\/person\/7a7fd911f58561fd056dbac7b55af9cd"},"potentialAction":[{"@type":"SearchAction","target":{"@type":"EntryPoint","urlTemplate":"https:\/\/luchonoticias.com\/editor\/?s={search_term_string}"},"query-input":{"@type":"PropertyValueSpecification","valueRequired":true,"valueName":"search_term_string"}}],"inLanguage":"es"},{"@type":["Person","Organization"],"@id":"https:\/\/luchonoticias.com\/editor\/#\/schema\/person\/7a7fd911f58561fd056dbac7b55af9cd","name":"admin","image":{"@type":"ImageObject","inLanguage":"es","@id":"https:\/\/luchonoticias.com\/editor\/#\/schema\/person\/image\/","url":"https:\/\/luchonoticias.com\/editor\/wp-content\/uploads\/2024\/02\/cropped-cropped-logolu.webp","contentUrl":"https:\/\/luchonoticias.com\/editor\/wp-content\/uploads\/2024\/02\/cropped-cropped-logolu.webp","width":382,"height":170,"caption":"admin"},"logo":{"@id":"https:\/\/luchonoticias.com\/editor\/#\/schema\/person\/image\/"},"sameAs":["https:\/\/www.facebook.com\/luchonoticiasneiva"],"url":"https:\/\/luchonoticias.com\/editor\/author\/admin\/"}]}},"_links":{"self":[{"href":"https:\/\/luchonoticias.com\/editor\/wp-json\/wp\/v2\/posts\/39061","targetHints":{"allow":["GET"]}}],"collection":[{"href":"https:\/\/luchonoticias.com\/editor\/wp-json\/wp\/v2\/posts"}],"about":[{"href":"https:\/\/luchonoticias.com\/editor\/wp-json\/wp\/v2\/types\/post"}],"author":[{"embeddable":true,"href":"https:\/\/luchonoticias.com\/editor\/wp-json\/wp\/v2\/users\/1"}],"replies":[{"embeddable":true,"href":"https:\/\/luchonoticias.com\/editor\/wp-json\/wp\/v2\/comments?post=39061"}],"version-history":[{"count":0,"href":"https:\/\/luchonoticias.com\/editor\/wp-json\/wp\/v2\/posts\/39061\/revisions"}],"wp:attachment":[{"href":"https:\/\/luchonoticias.com\/editor\/wp-json\/wp\/v2\/media?parent=39061"}],"wp:term":[{"taxonomy":"category","embeddable":true,"href":"https:\/\/luchonoticias.com\/editor\/wp-json\/wp\/v2\/categories?post=39061"},{"taxonomy":"post_tag","embeddable":true,"href":"https:\/\/luchonoticias.com\/editor\/wp-json\/wp\/v2\/tags?post=39061"}],"curies":[{"name":"wp","href":"https:\/\/api.w.org\/{rel}","templated":true}]}}