{"id":39064,"date":"2022-11-09T14:10:09","date_gmt":"2022-11-09T19:10:09","guid":{"rendered":"https:\/\/luchonoticias.com\/?p=39064"},"modified":"2022-11-09T14:10:10","modified_gmt":"2022-11-09T19:10:10","slug":"en-tres-dias-fiscalia-libero-a-menor-de-4-anos-que-habia-sido-secuestrado-por-su-tio","status":"publish","type":"post","link":"https:\/\/luchonoticias.com\/editor\/en-tres-dias-fiscalia-libero-a-menor-de-4-anos-que-habia-sido-secuestrado-por-su-tio\/","title":{"rendered":"En tres d\u00edas Fiscal\u00eda liber\u00f3 a menor de 4 a\u00f1os que hab\u00eda sido secuestrado por su t\u00edo"},"content":{"rendered":"\n<p>La r\u00e1pida acci\u00f3n de servidores del Cuerpo T\u00e9cnico de Investigaci\u00f3n (CTI) de la Fiscal\u00eda permiti\u00f3 la pronta liberaci\u00f3n, sano y salvo, de un menor de 4 a\u00f1os que hab\u00eda sido secuestrado por un familiar.<\/p>\n\n\n\n<p>Seg\u00fan la investigaci\u00f3n, la noche del pasado 31 de octubre un hombre de 33 a\u00f1os, t\u00edo de la v\u00edctima, ingres\u00f3 a la casa donde el menor viv\u00eda junto con su madre para, al parecer, llevarse al infante sin rumbo conocido.<\/p>\n\n\n\n<p>A trav\u00e9s de videos, mensajes de texto y llamadas el procesado habr\u00eda intimidado a la mujer. Se presume que el hombre habr\u00eda mencionado como \u00fanica forma para retornar al menor a su hogar, que su madre aceptara vivir con \u00e9l.<\/p>\n\n\n\n<p>Una vez denunciado el secuestro por parte de la mujer, de 20 a\u00f1os, servidores del CTI de la Fiscal\u00eda, apoyados por militares del grupo Gaula de la S\u00e9ptima Brigada del Ej\u00e9rcito Nacional ubicaron, el 3 de noviembre, una vivienda en el barrio Maracos, sur de Villavicencio, donde encontrado el ni\u00f1o y capturaron al presunto secuestrador.<\/p>\n\n\n\n<p>El menor fue entregado a su madre para que le fueran restablecidos sus derechos. La Fiscal\u00eda imput\u00f3 al capturado el delito de secuestro simple agravado, el cual no fue aceptado. Por solicitud de la Fiscal\u00eda un juez de control de garant\u00edas el hombre fue cobijado con medida<\/p>\n\n\n\n<p>de aseguramiento en centro carcelario.<\/p>\n","protected":false},"excerpt":{"rendered":"<p>La r\u00e1pida acci\u00f3n de servidores del Cuerpo T\u00e9cnico de Investigaci\u00f3n (CTI) de la Fiscal\u00eda permiti\u00f3 la pronta liberaci\u00f3n, sano y salvo, de un menor de 4 a\u00f1os que hab\u00eda sido secuestrado por un familiar. Seg\u00fan la investigaci\u00f3n, la noche del pasado 31 de octubre un hombre de 33 a\u00f1os, t\u00edo de la v\u00edctima, ingres\u00f3 a [&hellip;]<\/p>\n","protected":false},"author":1,"featured_media":0,"comment_status":"open","ping_status":"open","sticky":false,"template":"","format":"standard","meta":{"footnotes":""},"categories":[36,29],"tags":[],"class_list":["post-39064","post","type-post","status-publish","format-standard","hentry","category-destacado","category-judicial"],"yoast_head":"<!-- This site is optimized with the Yoast SEO plugin v26.6 - https:\/\/yoast.com\/wordpress\/plugins\/seo\/ -->\n<title>En tres d\u00edas Fiscal\u00eda liber\u00f3 a menor de 4 a\u00f1os que hab\u00eda sido secuestrado por su t\u00edo -<\/title>\n<meta name=\"robots\" content=\"index, follow, max-snippet:-1, max-image-preview:large, max-video-preview:-1\" \/>\n<link rel=\"canonical\" href=\"https:\/\/luchonoticias.com\/editor\/en-tres-dias-fiscalia-libero-a-menor-de-4-anos-que-habia-sido-secuestrado-por-su-tio\/\" \/>\n<meta property=\"og:locale\" content=\"es_ES\" \/>\n<meta property=\"og:type\" content=\"article\" \/>\n<meta property=\"og:title\" content=\"En tres d\u00edas Fiscal\u00eda liber\u00f3 a menor de 4 a\u00f1os que hab\u00eda sido secuestrado por su t\u00edo -\" \/>\n<meta property=\"og:url\" content=\"https:\/\/luchonoticias.com\/editor\/en-tres-dias-fiscalia-libero-a-menor-de-4-anos-que-habia-sido-secuestrado-por-su-tio\/\" \/>\n<meta property=\"article:publisher\" content=\"https:\/\/www.facebook.com\/luchonoticiasneiva\" \/>\n<meta property=\"article:author\" content=\"https:\/\/www.facebook.com\/luchonoticiasneiva\" \/>\n<meta property=\"article:published_time\" content=\"2022-11-09T19:10:09+00:00\" \/>\n<meta property=\"article:modified_time\" content=\"2022-11-09T19:10:10+00:00\" \/>\n<meta name=\"author\" content=\"admin\" \/>\n<meta name=\"twitter:card\" content=\"summary_large_image\" \/>\n<meta name=\"twitter:label1\" content=\"Escrito por\" \/>\n\t<meta name=\"twitter:data1\" content=\"admin\" \/>\n\t<meta name=\"twitter:label2\" content=\"Tiempo de lectura\" \/>\n\t<meta name=\"twitter:data2\" content=\"1 minuto\" \/>\n<script type=\"application\/ld+json\" class=\"yoast-schema-graph\">{\"@context\":\"https:\/\/schema.org\",\"@graph\":[{\"@type\":\"Article\",\"@id\":\"https:\/\/luchonoticias.com\/editor\/en-tres-dias-fiscalia-libero-a-menor-de-4-anos-que-habia-sido-secuestrado-por-su-tio\/#article\",\"isPartOf\":{\"@id\":\"https:\/\/luchonoticias.com\/editor\/en-tres-dias-fiscalia-libero-a-menor-de-4-anos-que-habia-sido-secuestrado-por-su-tio\/\"},\"author\":{\"name\":\"admin\",\"@id\":\"https:\/\/luchonoticias.com\/editor\/#\/schema\/person\/7a7fd911f58561fd056dbac7b55af9cd\"},\"headline\":\"En tres d\u00edas Fiscal\u00eda liber\u00f3 a menor de 4 a\u00f1os que hab\u00eda sido secuestrado por su t\u00edo\",\"datePublished\":\"2022-11-09T19:10:09+00:00\",\"dateModified\":\"2022-11-09T19:10:10+00:00\",\"mainEntityOfPage\":{\"@id\":\"https:\/\/luchonoticias.com\/editor\/en-tres-dias-fiscalia-libero-a-menor-de-4-anos-que-habia-sido-secuestrado-por-su-tio\/\"},\"wordCount\":262,\"commentCount\":0,\"publisher\":{\"@id\":\"https:\/\/luchonoticias.com\/editor\/#\/schema\/person\/7a7fd911f58561fd056dbac7b55af9cd\"},\"articleSection\":[\"Destacado\",\"Judicial\"],\"inLanguage\":\"es\",\"potentialAction\":[{\"@type\":\"CommentAction\",\"name\":\"Comment\",\"target\":[\"https:\/\/luchonoticias.com\/editor\/en-tres-dias-fiscalia-libero-a-menor-de-4-anos-que-habia-sido-secuestrado-por-su-tio\/#respond\"]}]},{\"@type\":\"WebPage\",\"@id\":\"https:\/\/luchonoticias.com\/editor\/en-tres-dias-fiscalia-libero-a-menor-de-4-anos-que-habia-sido-secuestrado-por-su-tio\/\",\"url\":\"https:\/\/luchonoticias.com\/editor\/en-tres-dias-fiscalia-libero-a-menor-de-4-anos-que-habia-sido-secuestrado-por-su-tio\/\",\"name\":\"En tres d\u00edas Fiscal\u00eda liber\u00f3 a menor de 4 a\u00f1os que hab\u00eda sido secuestrado por su t\u00edo -\",\"isPartOf\":{\"@id\":\"https:\/\/luchonoticias.com\/editor\/#website\"},\"datePublished\":\"2022-11-09T19:10:09+00:00\",\"dateModified\":\"2022-11-09T19:10:10+00:00\",\"breadcrumb\":{\"@id\":\"https:\/\/luchonoticias.com\/editor\/en-tres-dias-fiscalia-libero-a-menor-de-4-anos-que-habia-sido-secuestrado-por-su-tio\/#breadcrumb\"},\"inLanguage\":\"es\",\"potentialAction\":[{\"@type\":\"ReadAction\",\"target\":[\"https:\/\/luchonoticias.com\/editor\/en-tres-dias-fiscalia-libero-a-menor-de-4-anos-que-habia-sido-secuestrado-por-su-tio\/\"]}]},{\"@type\":\"BreadcrumbList\",\"@id\":\"https:\/\/luchonoticias.com\/editor\/en-tres-dias-fiscalia-libero-a-menor-de-4-anos-que-habia-sido-secuestrado-por-su-tio\/#breadcrumb\",\"itemListElement\":[{\"@type\":\"ListItem\",\"position\":1,\"name\":\"Portada\",\"item\":\"https:\/\/luchonoticias.com\/editor\/\"},{\"@type\":\"ListItem\",\"position\":2,\"name\":\"En tres d\u00edas Fiscal\u00eda liber\u00f3 a menor de 4 a\u00f1os que hab\u00eda sido secuestrado por su t\u00edo\"}]},{\"@type\":\"WebSite\",\"@id\":\"https:\/\/luchonoticias.com\/editor\/#website\",\"url\":\"https:\/\/luchonoticias.com\/editor\/\",\"name\":\"\",\"description\":\"\",\"publisher\":{\"@id\":\"https:\/\/luchonoticias.com\/editor\/#\/schema\/person\/7a7fd911f58561fd056dbac7b55af9cd\"},\"potentialAction\":[{\"@type\":\"SearchAction\",\"target\":{\"@type\":\"EntryPoint\",\"urlTemplate\":\"https:\/\/luchonoticias.com\/editor\/?s={search_term_string}\"},\"query-input\":{\"@type\":\"PropertyValueSpecification\",\"valueRequired\":true,\"valueName\":\"search_term_string\"}}],\"inLanguage\":\"es\"},{\"@type\":[\"Person\",\"Organization\"],\"@id\":\"https:\/\/luchonoticias.com\/editor\/#\/schema\/person\/7a7fd911f58561fd056dbac7b55af9cd\",\"name\":\"admin\",\"image\":{\"@type\":\"ImageObject\",\"inLanguage\":\"es\",\"@id\":\"https:\/\/luchonoticias.com\/editor\/#\/schema\/person\/image\/\",\"url\":\"https:\/\/luchonoticias.com\/editor\/wp-content\/uploads\/2024\/02\/cropped-cropped-logolu.webp\",\"contentUrl\":\"https:\/\/luchonoticias.com\/editor\/wp-content\/uploads\/2024\/02\/cropped-cropped-logolu.webp\",\"width\":382,\"height\":170,\"caption\":\"admin\"},\"logo\":{\"@id\":\"https:\/\/luchonoticias.com\/editor\/#\/schema\/person\/image\/\"},\"sameAs\":[\"https:\/\/www.facebook.com\/luchonoticiasneiva\"],\"url\":\"https:\/\/luchonoticias.com\/editor\/author\/admin\/\"}]}<\/script>\n<!-- \/ Yoast SEO plugin. -->","yoast_head_json":{"title":"En tres d\u00edas Fiscal\u00eda liber\u00f3 a menor de 4 a\u00f1os que hab\u00eda sido secuestrado por su t\u00edo -","robots":{"index":"index","follow":"follow","max-snippet":"max-snippet:-1","max-image-preview":"max-image-preview:large","max-video-preview":"max-video-preview:-1"},"canonical":"https:\/\/luchonoticias.com\/editor\/en-tres-dias-fiscalia-libero-a-menor-de-4-anos-que-habia-sido-secuestrado-por-su-tio\/","og_locale":"es_ES","og_type":"article","og_title":"En tres d\u00edas Fiscal\u00eda liber\u00f3 a menor de 4 a\u00f1os que hab\u00eda sido secuestrado por su t\u00edo -","og_url":"https:\/\/luchonoticias.com\/editor\/en-tres-dias-fiscalia-libero-a-menor-de-4-anos-que-habia-sido-secuestrado-por-su-tio\/","article_publisher":"https:\/\/www.facebook.com\/luchonoticiasneiva","article_author":"https:\/\/www.facebook.com\/luchonoticiasneiva","article_published_time":"2022-11-09T19:10:09+00:00","article_modified_time":"2022-11-09T19:10:10+00:00","author":"admin","twitter_card":"summary_large_image","twitter_misc":{"Escrito por":"admin","Tiempo de lectura":"1 minuto"},"schema":{"@context":"https:\/\/schema.org","@graph":[{"@type":"Article","@id":"https:\/\/luchonoticias.com\/editor\/en-tres-dias-fiscalia-libero-a-menor-de-4-anos-que-habia-sido-secuestrado-por-su-tio\/#article","isPartOf":{"@id":"https:\/\/luchonoticias.com\/editor\/en-tres-dias-fiscalia-libero-a-menor-de-4-anos-que-habia-sido-secuestrado-por-su-tio\/"},"author":{"name":"admin","@id":"https:\/\/luchonoticias.com\/editor\/#\/schema\/person\/7a7fd911f58561fd056dbac7b55af9cd"},"headline":"En tres d\u00edas Fiscal\u00eda liber\u00f3 a menor de 4 a\u00f1os que hab\u00eda sido secuestrado por su t\u00edo","datePublished":"2022-11-09T19:10:09+00:00","dateModified":"2022-11-09T19:10:10+00:00","mainEntityOfPage":{"@id":"https:\/\/luchonoticias.com\/editor\/en-tres-dias-fiscalia-libero-a-menor-de-4-anos-que-habia-sido-secuestrado-por-su-tio\/"},"wordCount":262,"commentCount":0,"publisher":{"@id":"https:\/\/luchonoticias.com\/editor\/#\/schema\/person\/7a7fd911f58561fd056dbac7b55af9cd"},"articleSection":["Destacado","Judicial"],"inLanguage":"es","potentialAction":[{"@type":"CommentAction","name":"Comment","target":["https:\/\/luchonoticias.com\/editor\/en-tres-dias-fiscalia-libero-a-menor-de-4-anos-que-habia-sido-secuestrado-por-su-tio\/#respond"]}]},{"@type":"WebPage","@id":"https:\/\/luchonoticias.com\/editor\/en-tres-dias-fiscalia-libero-a-menor-de-4-anos-que-habia-sido-secuestrado-por-su-tio\/","url":"https:\/\/luchonoticias.com\/editor\/en-tres-dias-fiscalia-libero-a-menor-de-4-anos-que-habia-sido-secuestrado-por-su-tio\/","name":"En tres d\u00edas Fiscal\u00eda liber\u00f3 a menor de 4 a\u00f1os que hab\u00eda sido secuestrado por su t\u00edo -","isPartOf":{"@id":"https:\/\/luchonoticias.com\/editor\/#website"},"datePublished":"2022-11-09T19:10:09+00:00","dateModified":"2022-11-09T19:10:10+00:00","breadcrumb":{"@id":"https:\/\/luchonoticias.com\/editor\/en-tres-dias-fiscalia-libero-a-menor-de-4-anos-que-habia-sido-secuestrado-por-su-tio\/#breadcrumb"},"inLanguage":"es","potentialAction":[{"@type":"ReadAction","target":["https:\/\/luchonoticias.com\/editor\/en-tres-dias-fiscalia-libero-a-menor-de-4-anos-que-habia-sido-secuestrado-por-su-tio\/"]}]},{"@type":"BreadcrumbList","@id":"https:\/\/luchonoticias.com\/editor\/en-tres-dias-fiscalia-libero-a-menor-de-4-anos-que-habia-sido-secuestrado-por-su-tio\/#breadcrumb","itemListElement":[{"@type":"ListItem","position":1,"name":"Portada","item":"https:\/\/luchonoticias.com\/editor\/"},{"@type":"ListItem","position":2,"name":"En tres d\u00edas Fiscal\u00eda liber\u00f3 a menor de 4 a\u00f1os que hab\u00eda sido secuestrado por su t\u00edo"}]},{"@type":"WebSite","@id":"https:\/\/luchonoticias.com\/editor\/#website","url":"https:\/\/luchonoticias.com\/editor\/","name":"","description":"","publisher":{"@id":"https:\/\/luchonoticias.com\/editor\/#\/schema\/person\/7a7fd911f58561fd056dbac7b55af9cd"},"potentialAction":[{"@type":"SearchAction","target":{"@type":"EntryPoint","urlTemplate":"https:\/\/luchonoticias.com\/editor\/?s={search_term_string}"},"query-input":{"@type":"PropertyValueSpecification","valueRequired":true,"valueName":"search_term_string"}}],"inLanguage":"es"},{"@type":["Person","Organization"],"@id":"https:\/\/luchonoticias.com\/editor\/#\/schema\/person\/7a7fd911f58561fd056dbac7b55af9cd","name":"admin","image":{"@type":"ImageObject","inLanguage":"es","@id":"https:\/\/luchonoticias.com\/editor\/#\/schema\/person\/image\/","url":"https:\/\/luchonoticias.com\/editor\/wp-content\/uploads\/2024\/02\/cropped-cropped-logolu.webp","contentUrl":"https:\/\/luchonoticias.com\/editor\/wp-content\/uploads\/2024\/02\/cropped-cropped-logolu.webp","width":382,"height":170,"caption":"admin"},"logo":{"@id":"https:\/\/luchonoticias.com\/editor\/#\/schema\/person\/image\/"},"sameAs":["https:\/\/www.facebook.com\/luchonoticiasneiva"],"url":"https:\/\/luchonoticias.com\/editor\/author\/admin\/"}]}},"_links":{"self":[{"href":"https:\/\/luchonoticias.com\/editor\/wp-json\/wp\/v2\/posts\/39064","targetHints":{"allow":["GET"]}}],"collection":[{"href":"https:\/\/luchonoticias.com\/editor\/wp-json\/wp\/v2\/posts"}],"about":[{"href":"https:\/\/luchonoticias.com\/editor\/wp-json\/wp\/v2\/types\/post"}],"author":[{"embeddable":true,"href":"https:\/\/luchonoticias.com\/editor\/wp-json\/wp\/v2\/users\/1"}],"replies":[{"embeddable":true,"href":"https:\/\/luchonoticias.com\/editor\/wp-json\/wp\/v2\/comments?post=39064"}],"version-history":[{"count":0,"href":"https:\/\/luchonoticias.com\/editor\/wp-json\/wp\/v2\/posts\/39064\/revisions"}],"wp:attachment":[{"href":"https:\/\/luchonoticias.com\/editor\/wp-json\/wp\/v2\/media?parent=39064"}],"wp:term":[{"taxonomy":"category","embeddable":true,"href":"https:\/\/luchonoticias.com\/editor\/wp-json\/wp\/v2\/categories?post=39064"},{"taxonomy":"post_tag","embeddable":true,"href":"https:\/\/luchonoticias.com\/editor\/wp-json\/wp\/v2\/tags?post=39064"}],"curies":[{"name":"wp","href":"https:\/\/api.w.org\/{rel}","templated":true}]}}