{"id":39073,"date":"2022-11-09T17:15:53","date_gmt":"2022-11-09T22:15:53","guid":{"rendered":"https:\/\/luchonoticias.com\/?p=39073"},"modified":"2022-11-09T17:15:54","modified_gmt":"2022-11-09T22:15:54","slug":"en-huila-se-pinta-el-mural-mas-grande-de-fauna-silvestre-de-colombia","status":"publish","type":"post","link":"https:\/\/luchonoticias.com\/editor\/en-huila-se-pinta-el-mural-mas-grande-de-fauna-silvestre-de-colombia\/","title":{"rendered":"En Huila se pinta el mural m\u00e1s grande de fauna silvestre de Colombia"},"content":{"rendered":"\n<p>Con la participaci\u00f3n del artista naturalista laboyano Fher Murcia, empresas del municipio de Pitalito, reclusos del centro penitenciario de esa localidad, personal del Inpec y la Corporaci\u00f3n Aut\u00f3noma Regional del Alto Magdalena &#8211; CAM se est\u00e1 creando, en el sur del Huila, el mural m\u00e1s grande de Colombia, con el que se busca dar un mensaje de conservaci\u00f3n y protecci\u00f3n de la fauna silvestre.<\/p>\n\n\n\n<p>\u00a0El proyecto que se desarrolla en una de las paredes del Centro de Reclusi\u00f3n de Pitalito y que abarca cerca de 800 metros, tiene como eje tem\u00e1tico los mam\u00edferos m\u00e1s grandes del macizo colombiano, representando aqu\u00ed la intervenci\u00f3n que ha tenido el hombre en el h\u00e1bitat y en la vida de estos animales silvestres que habitan en el departamento.<\/p>\n\n\n\n<figure class=\"wp-block-gallery has-nested-images columns-default is-cropped wp-block-gallery-1 is-layout-flex wp-block-gallery-is-layout-flex\">\n<figure class=\"wp-block-image size-large\"><img decoding=\"async\" data-id=\"39075\" src=\"https:\/\/luchonoticias.com\/wp-content\/uploads\/2022\/11\/WhatsApp-Image-2022-11-09-at-4.26.07-PM-1-1024x682.jpeg\" alt=\"\" class=\"wp-image-39075\"\/><\/figure>\n\n\n\n<figure class=\"wp-block-image size-large\"><img decoding=\"async\" data-id=\"39076\" src=\"https:\/\/luchonoticias.com\/wp-content\/uploads\/2022\/11\/WhatsApp-Image-2022-11-09-at-4.26.06-PM-1-1024x682.jpeg\" alt=\"\" class=\"wp-image-39076\"\/><\/figure>\n<\/figure>\n\n\n\n<p>&nbsp;\u201cDesde la Corporaci\u00f3n tenemos una apuesta muy grande por los murales ambientales como estrategia de educaci\u00f3n ambiental; por eso celebramos que en esta ocasi\u00f3n varios j\u00f3venes por iniciativa propia ubicaran esta pared en la cual est\u00e1n enviando un mensaje de conservaci\u00f3n para la fauna silvestre, pero tambi\u00e9n reforzando los conocimientos de las especies que habitan en el territorio laboyano\u201d, indic\u00f3 Carlos Andr\u00e9s Gonz\u00e1lez, director Territorial Zona Sur de la CAM.<\/p>\n\n\n\n<p>&nbsp;El que ser\u00e1 el mural ambiental m\u00e1s grande de Colombia, est\u00e1 ubicado en la avenida Circunvalar de Pitalito en la v\u00eda nacional que conduce al municipio de San Agust\u00edn, desde donde los transe\u00fantes&nbsp; podr\u00e1n apreciar este mensaje visual que llama a la conservaci\u00f3n y preservaci\u00f3n de las especies que conforman el coraz\u00f3n del macizo colombiano.<\/p>\n\n\n\n<p>&nbsp;<strong>El primer mural en una c\u00e1rcel<\/strong><\/p>\n\n\n\n<p>\u201cEste es el mural m\u00e1s grande del pa\u00eds trabajado solo con mam\u00edferos, pero tambi\u00e9n es el primer mural m\u00e1s grande trabajado con un solo artista, en una pared de una c\u00e1rcel. Siendo esta la primera c\u00e1rcel en Colombia pintada con un mural ambiental\u201d, expres\u00f3 Fher Murcia, artista natural y abanderado de esta iniciativa.<\/p>\n\n\n\n<p>&nbsp;Murcia utiliza para esta obra la t\u00e9cnica del aer\u00f3grafo o pinturas de esmalte sobre pared que tiene mucha durabilidad y adem\u00e1s le da vida y color a esta zona que le da la bienvenida a los propios y turistas del sector.<\/p>\n\n\n\n<p>&nbsp;Seg\u00fan el artista, este mural tiene diferentes conceptos como mostrar lo bello&nbsp; de la fauna silvestre, pero tambi\u00e9n los flagelos que padecen.<\/p>\n\n\n\n<p>\u201cAqu\u00ed ya no queremos mostrar el animal perfecto como siempre se hace, desconociendo el da\u00f1o que nosotros le hacemos botando basuras, transitando en sus h\u00e1bitats o caz\u00e1ndolos. Tambi\u00e9n queremos representar a los reclusos en cada una de las especies que pintaremos con un concepto de calamidad o percance que lo mantiene cautivo\u201d, explic\u00f3 el muralista.<\/p>\n\n\n\n<figure class=\"wp-block-gallery has-nested-images columns-default is-cropped wp-block-gallery-2 is-layout-flex wp-block-gallery-is-layout-flex\">\n<figure class=\"wp-block-image size-large\"><img decoding=\"async\" data-id=\"39078\" src=\"https:\/\/luchonoticias.com\/wp-content\/uploads\/2022\/11\/WhatsApp-Image-2022-11-09-at-4.26.06-PM-1024x682.jpeg\" alt=\"\" class=\"wp-image-39078\"\/><\/figure>\n\n\n\n<figure class=\"wp-block-image size-large\"><img decoding=\"async\" data-id=\"39077\" src=\"https:\/\/luchonoticias.com\/wp-content\/uploads\/2022\/11\/WhatsApp-Image-2022-11-09-at-4.26.05-PM-1024x682.jpeg\" alt=\"\" class=\"wp-image-39077\"\/><\/figure>\n<\/figure>\n\n\n\n<p>&nbsp;Es as\u00ed como durante m\u00e1s de dos semanas y trabajando en jornadas de 8:00 a.m. a 5:00 de la tarde junto a reclusos y guardias del Inpec, se viene plasmando una bella obra de arte que contar\u00e1 con cerca de 20 especies nativas del macizo colombiano, con el fin de reforzar una estrategia de arte ambiental y pedagog\u00eda que busca sembrar en los ni\u00f1os, ni\u00f1as, j\u00f3venes y adultos el cuidado de las especies.<\/p>\n\n\n\n<p>&nbsp;\u201cCon un Oso de Anteojos con grilletes, la Danta de Monta\u00f1a que llora de dolor, manchando a su vez la naturaleza, una nutria mutilada y un mono aullador en un \u00e1rbol talado, mostramos como una forma de protesta a trav\u00e9s de las artes pl\u00e1sticas, una naturaleza que pide tengamos empat\u00eda y amor por lo que nos rodea\u201d, enfatiz\u00f3 Murcia.<\/p>\n\n\n\n<p>&nbsp;<strong>Muralismo ambiental<\/strong><\/p>\n\n\n\n<p>El muralismo como estrategia de educaci\u00f3n ambiental es lo que viene desarrollando la CAM con el fin de reconocer las especies focales del departamento. En el sur del Huila cerca de 150 murales se han pintado durante este plan de acci\u00f3n que busca la interpretaci\u00f3n ambiental, llevando el color, el arte y el dibujo a varias zonas donde no solo se est\u00e1n embelleciendo estos espacios sino que se han convertido en un punto de ecoturismo.<\/p>\n\n\n\n<p>&nbsp;\u201cAqu\u00ed en el sur viene haci\u00e9ndose estrategias de manera articulada con el equipo de \u00e1reas protegidas y educaci\u00f3n ambiental aprovechando sitios y paredes que est\u00e1n desperdiciadas en colegios y escuelas que est\u00e1n en las \u00e1reas con funci\u00f3n amortiguadora de las \u00e1reas protegidas de nuestro departamento, dejando un mensaje, a trav\u00e9s de estos murales, de aprendizaje y de conocimiento de las aves, los grandes mam\u00edferos y los polinizadores\u201d, puntualiz\u00f3 diciendo el Director Territorial Sur de la CAM, quien asegur\u00f3 que la construcci\u00f3n de estos murales era de manera colectiva con las comunidades, quienes adem\u00e1s de escoger la tem\u00e1tica se vinculan pintando los espacios.<\/p>\n","protected":false},"excerpt":{"rendered":"<p>Con la participaci\u00f3n del artista naturalista laboyano Fher Murcia, empresas del municipio de Pitalito, reclusos del centro penitenciario de esa localidad, personal del Inpec y la Corporaci\u00f3n Aut\u00f3noma Regional del Alto Magdalena &#8211; CAM se est\u00e1 creando, en el sur del Huila, el mural m\u00e1s grande de Colombia, con el que se busca dar un [&hellip;]<\/p>\n","protected":false},"author":1,"featured_media":0,"comment_status":"open","ping_status":"open","sticky":false,"template":"","format":"standard","meta":{"footnotes":""},"categories":[3961,36],"tags":[],"class_list":["post-39073","post","type-post","status-publish","format-standard","hentry","category-comunidad","category-destacado"],"yoast_head":"<!-- This site is optimized with the Yoast SEO plugin v26.6 - https:\/\/yoast.com\/wordpress\/plugins\/seo\/ -->\n<title>En Huila se pinta el mural m\u00e1s grande de fauna silvestre de Colombia -<\/title>\n<meta name=\"robots\" content=\"index, follow, max-snippet:-1, max-image-preview:large, max-video-preview:-1\" \/>\n<link rel=\"canonical\" href=\"https:\/\/luchonoticias.com\/editor\/en-huila-se-pinta-el-mural-mas-grande-de-fauna-silvestre-de-colombia\/\" \/>\n<meta property=\"og:locale\" content=\"es_ES\" \/>\n<meta property=\"og:type\" content=\"article\" \/>\n<meta property=\"og:title\" content=\"En Huila se pinta el mural m\u00e1s grande de fauna silvestre de Colombia -\" \/>\n<meta property=\"og:url\" content=\"https:\/\/luchonoticias.com\/editor\/en-huila-se-pinta-el-mural-mas-grande-de-fauna-silvestre-de-colombia\/\" \/>\n<meta property=\"article:publisher\" content=\"https:\/\/www.facebook.com\/luchonoticiasneiva\" \/>\n<meta property=\"article:author\" content=\"https:\/\/www.facebook.com\/luchonoticiasneiva\" \/>\n<meta property=\"article:published_time\" content=\"2022-11-09T22:15:53+00:00\" \/>\n<meta property=\"article:modified_time\" content=\"2022-11-09T22:15:54+00:00\" \/>\n<meta property=\"og:image\" content=\"https:\/\/luchonoticias.com\/wp-content\/uploads\/2022\/11\/WhatsApp-Image-2022-11-09-at-4.26.07-PM-1-1024x682.jpeg\" \/>\n<meta name=\"author\" content=\"admin\" \/>\n<meta name=\"twitter:card\" content=\"summary_large_image\" \/>\n<meta name=\"twitter:label1\" content=\"Escrito por\" \/>\n\t<meta name=\"twitter:data1\" content=\"admin\" \/>\n\t<meta name=\"twitter:label2\" content=\"Tiempo de lectura\" \/>\n\t<meta name=\"twitter:data2\" content=\"4 minutos\" \/>\n<script type=\"application\/ld+json\" class=\"yoast-schema-graph\">{\"@context\":\"https:\/\/schema.org\",\"@graph\":[{\"@type\":\"Article\",\"@id\":\"https:\/\/luchonoticias.com\/editor\/en-huila-se-pinta-el-mural-mas-grande-de-fauna-silvestre-de-colombia\/#article\",\"isPartOf\":{\"@id\":\"https:\/\/luchonoticias.com\/editor\/en-huila-se-pinta-el-mural-mas-grande-de-fauna-silvestre-de-colombia\/\"},\"author\":{\"name\":\"admin\",\"@id\":\"https:\/\/luchonoticias.com\/editor\/#\/schema\/person\/7a7fd911f58561fd056dbac7b55af9cd\"},\"headline\":\"En Huila se pinta el mural m\u00e1s grande de fauna silvestre de Colombia\",\"datePublished\":\"2022-11-09T22:15:53+00:00\",\"dateModified\":\"2022-11-09T22:15:54+00:00\",\"mainEntityOfPage\":{\"@id\":\"https:\/\/luchonoticias.com\/editor\/en-huila-se-pinta-el-mural-mas-grande-de-fauna-silvestre-de-colombia\/\"},\"wordCount\":826,\"commentCount\":0,\"publisher\":{\"@id\":\"https:\/\/luchonoticias.com\/editor\/#\/schema\/person\/7a7fd911f58561fd056dbac7b55af9cd\"},\"image\":{\"@id\":\"https:\/\/luchonoticias.com\/editor\/en-huila-se-pinta-el-mural-mas-grande-de-fauna-silvestre-de-colombia\/#primaryimage\"},\"thumbnailUrl\":\"https:\/\/luchonoticias.com\/wp-content\/uploads\/2022\/11\/WhatsApp-Image-2022-11-09-at-4.26.07-PM-1-1024x682.jpeg\",\"articleSection\":[\"Comunidad\",\"Destacado\"],\"inLanguage\":\"es\",\"potentialAction\":[{\"@type\":\"CommentAction\",\"name\":\"Comment\",\"target\":[\"https:\/\/luchonoticias.com\/editor\/en-huila-se-pinta-el-mural-mas-grande-de-fauna-silvestre-de-colombia\/#respond\"]}]},{\"@type\":\"WebPage\",\"@id\":\"https:\/\/luchonoticias.com\/editor\/en-huila-se-pinta-el-mural-mas-grande-de-fauna-silvestre-de-colombia\/\",\"url\":\"https:\/\/luchonoticias.com\/editor\/en-huila-se-pinta-el-mural-mas-grande-de-fauna-silvestre-de-colombia\/\",\"name\":\"En Huila se pinta el mural m\u00e1s grande de fauna silvestre de Colombia -\",\"isPartOf\":{\"@id\":\"https:\/\/luchonoticias.com\/editor\/#website\"},\"primaryImageOfPage\":{\"@id\":\"https:\/\/luchonoticias.com\/editor\/en-huila-se-pinta-el-mural-mas-grande-de-fauna-silvestre-de-colombia\/#primaryimage\"},\"image\":{\"@id\":\"https:\/\/luchonoticias.com\/editor\/en-huila-se-pinta-el-mural-mas-grande-de-fauna-silvestre-de-colombia\/#primaryimage\"},\"thumbnailUrl\":\"https:\/\/luchonoticias.com\/wp-content\/uploads\/2022\/11\/WhatsApp-Image-2022-11-09-at-4.26.07-PM-1-1024x682.jpeg\",\"datePublished\":\"2022-11-09T22:15:53+00:00\",\"dateModified\":\"2022-11-09T22:15:54+00:00\",\"breadcrumb\":{\"@id\":\"https:\/\/luchonoticias.com\/editor\/en-huila-se-pinta-el-mural-mas-grande-de-fauna-silvestre-de-colombia\/#breadcrumb\"},\"inLanguage\":\"es\",\"potentialAction\":[{\"@type\":\"ReadAction\",\"target\":[\"https:\/\/luchonoticias.com\/editor\/en-huila-se-pinta-el-mural-mas-grande-de-fauna-silvestre-de-colombia\/\"]}]},{\"@type\":\"ImageObject\",\"inLanguage\":\"es\",\"@id\":\"https:\/\/luchonoticias.com\/editor\/en-huila-se-pinta-el-mural-mas-grande-de-fauna-silvestre-de-colombia\/#primaryimage\",\"url\":\"https:\/\/luchonoticias.com\/wp-content\/uploads\/2022\/11\/WhatsApp-Image-2022-11-09-at-4.26.07-PM-1-1024x682.jpeg\",\"contentUrl\":\"https:\/\/luchonoticias.com\/wp-content\/uploads\/2022\/11\/WhatsApp-Image-2022-11-09-at-4.26.07-PM-1-1024x682.jpeg\"},{\"@type\":\"BreadcrumbList\",\"@id\":\"https:\/\/luchonoticias.com\/editor\/en-huila-se-pinta-el-mural-mas-grande-de-fauna-silvestre-de-colombia\/#breadcrumb\",\"itemListElement\":[{\"@type\":\"ListItem\",\"position\":1,\"name\":\"Portada\",\"item\":\"https:\/\/luchonoticias.com\/editor\/\"},{\"@type\":\"ListItem\",\"position\":2,\"name\":\"En Huila se pinta el mural m\u00e1s grande de fauna silvestre de Colombia\"}]},{\"@type\":\"WebSite\",\"@id\":\"https:\/\/luchonoticias.com\/editor\/#website\",\"url\":\"https:\/\/luchonoticias.com\/editor\/\",\"name\":\"\",\"description\":\"\",\"publisher\":{\"@id\":\"https:\/\/luchonoticias.com\/editor\/#\/schema\/person\/7a7fd911f58561fd056dbac7b55af9cd\"},\"potentialAction\":[{\"@type\":\"SearchAction\",\"target\":{\"@type\":\"EntryPoint\",\"urlTemplate\":\"https:\/\/luchonoticias.com\/editor\/?s={search_term_string}\"},\"query-input\":{\"@type\":\"PropertyValueSpecification\",\"valueRequired\":true,\"valueName\":\"search_term_string\"}}],\"inLanguage\":\"es\"},{\"@type\":[\"Person\",\"Organization\"],\"@id\":\"https:\/\/luchonoticias.com\/editor\/#\/schema\/person\/7a7fd911f58561fd056dbac7b55af9cd\",\"name\":\"admin\",\"image\":{\"@type\":\"ImageObject\",\"inLanguage\":\"es\",\"@id\":\"https:\/\/luchonoticias.com\/editor\/#\/schema\/person\/image\/\",\"url\":\"https:\/\/luchonoticias.com\/editor\/wp-content\/uploads\/2024\/02\/cropped-cropped-logolu.webp\",\"contentUrl\":\"https:\/\/luchonoticias.com\/editor\/wp-content\/uploads\/2024\/02\/cropped-cropped-logolu.webp\",\"width\":382,\"height\":170,\"caption\":\"admin\"},\"logo\":{\"@id\":\"https:\/\/luchonoticias.com\/editor\/#\/schema\/person\/image\/\"},\"sameAs\":[\"https:\/\/www.facebook.com\/luchonoticiasneiva\"],\"url\":\"https:\/\/luchonoticias.com\/editor\/author\/admin\/\"}]}<\/script>\n<!-- \/ Yoast SEO plugin. -->","yoast_head_json":{"title":"En Huila se pinta el mural m\u00e1s grande de fauna silvestre de Colombia -","robots":{"index":"index","follow":"follow","max-snippet":"max-snippet:-1","max-image-preview":"max-image-preview:large","max-video-preview":"max-video-preview:-1"},"canonical":"https:\/\/luchonoticias.com\/editor\/en-huila-se-pinta-el-mural-mas-grande-de-fauna-silvestre-de-colombia\/","og_locale":"es_ES","og_type":"article","og_title":"En Huila se pinta el mural m\u00e1s grande de fauna silvestre de Colombia -","og_url":"https:\/\/luchonoticias.com\/editor\/en-huila-se-pinta-el-mural-mas-grande-de-fauna-silvestre-de-colombia\/","article_publisher":"https:\/\/www.facebook.com\/luchonoticiasneiva","article_author":"https:\/\/www.facebook.com\/luchonoticiasneiva","article_published_time":"2022-11-09T22:15:53+00:00","article_modified_time":"2022-11-09T22:15:54+00:00","og_image":[{"url":"https:\/\/luchonoticias.com\/wp-content\/uploads\/2022\/11\/WhatsApp-Image-2022-11-09-at-4.26.07-PM-1-1024x682.jpeg","type":"","width":"","height":""}],"author":"admin","twitter_card":"summary_large_image","twitter_misc":{"Escrito por":"admin","Tiempo de lectura":"4 minutos"},"schema":{"@context":"https:\/\/schema.org","@graph":[{"@type":"Article","@id":"https:\/\/luchonoticias.com\/editor\/en-huila-se-pinta-el-mural-mas-grande-de-fauna-silvestre-de-colombia\/#article","isPartOf":{"@id":"https:\/\/luchonoticias.com\/editor\/en-huila-se-pinta-el-mural-mas-grande-de-fauna-silvestre-de-colombia\/"},"author":{"name":"admin","@id":"https:\/\/luchonoticias.com\/editor\/#\/schema\/person\/7a7fd911f58561fd056dbac7b55af9cd"},"headline":"En Huila se pinta el mural m\u00e1s grande de fauna silvestre de Colombia","datePublished":"2022-11-09T22:15:53+00:00","dateModified":"2022-11-09T22:15:54+00:00","mainEntityOfPage":{"@id":"https:\/\/luchonoticias.com\/editor\/en-huila-se-pinta-el-mural-mas-grande-de-fauna-silvestre-de-colombia\/"},"wordCount":826,"commentCount":0,"publisher":{"@id":"https:\/\/luchonoticias.com\/editor\/#\/schema\/person\/7a7fd911f58561fd056dbac7b55af9cd"},"image":{"@id":"https:\/\/luchonoticias.com\/editor\/en-huila-se-pinta-el-mural-mas-grande-de-fauna-silvestre-de-colombia\/#primaryimage"},"thumbnailUrl":"https:\/\/luchonoticias.com\/wp-content\/uploads\/2022\/11\/WhatsApp-Image-2022-11-09-at-4.26.07-PM-1-1024x682.jpeg","articleSection":["Comunidad","Destacado"],"inLanguage":"es","potentialAction":[{"@type":"CommentAction","name":"Comment","target":["https:\/\/luchonoticias.com\/editor\/en-huila-se-pinta-el-mural-mas-grande-de-fauna-silvestre-de-colombia\/#respond"]}]},{"@type":"WebPage","@id":"https:\/\/luchonoticias.com\/editor\/en-huila-se-pinta-el-mural-mas-grande-de-fauna-silvestre-de-colombia\/","url":"https:\/\/luchonoticias.com\/editor\/en-huila-se-pinta-el-mural-mas-grande-de-fauna-silvestre-de-colombia\/","name":"En Huila se pinta el mural m\u00e1s grande de fauna silvestre de Colombia -","isPartOf":{"@id":"https:\/\/luchonoticias.com\/editor\/#website"},"primaryImageOfPage":{"@id":"https:\/\/luchonoticias.com\/editor\/en-huila-se-pinta-el-mural-mas-grande-de-fauna-silvestre-de-colombia\/#primaryimage"},"image":{"@id":"https:\/\/luchonoticias.com\/editor\/en-huila-se-pinta-el-mural-mas-grande-de-fauna-silvestre-de-colombia\/#primaryimage"},"thumbnailUrl":"https:\/\/luchonoticias.com\/wp-content\/uploads\/2022\/11\/WhatsApp-Image-2022-11-09-at-4.26.07-PM-1-1024x682.jpeg","datePublished":"2022-11-09T22:15:53+00:00","dateModified":"2022-11-09T22:15:54+00:00","breadcrumb":{"@id":"https:\/\/luchonoticias.com\/editor\/en-huila-se-pinta-el-mural-mas-grande-de-fauna-silvestre-de-colombia\/#breadcrumb"},"inLanguage":"es","potentialAction":[{"@type":"ReadAction","target":["https:\/\/luchonoticias.com\/editor\/en-huila-se-pinta-el-mural-mas-grande-de-fauna-silvestre-de-colombia\/"]}]},{"@type":"ImageObject","inLanguage":"es","@id":"https:\/\/luchonoticias.com\/editor\/en-huila-se-pinta-el-mural-mas-grande-de-fauna-silvestre-de-colombia\/#primaryimage","url":"https:\/\/luchonoticias.com\/wp-content\/uploads\/2022\/11\/WhatsApp-Image-2022-11-09-at-4.26.07-PM-1-1024x682.jpeg","contentUrl":"https:\/\/luchonoticias.com\/wp-content\/uploads\/2022\/11\/WhatsApp-Image-2022-11-09-at-4.26.07-PM-1-1024x682.jpeg"},{"@type":"BreadcrumbList","@id":"https:\/\/luchonoticias.com\/editor\/en-huila-se-pinta-el-mural-mas-grande-de-fauna-silvestre-de-colombia\/#breadcrumb","itemListElement":[{"@type":"ListItem","position":1,"name":"Portada","item":"https:\/\/luchonoticias.com\/editor\/"},{"@type":"ListItem","position":2,"name":"En Huila se pinta el mural m\u00e1s grande de fauna silvestre de Colombia"}]},{"@type":"WebSite","@id":"https:\/\/luchonoticias.com\/editor\/#website","url":"https:\/\/luchonoticias.com\/editor\/","name":"","description":"","publisher":{"@id":"https:\/\/luchonoticias.com\/editor\/#\/schema\/person\/7a7fd911f58561fd056dbac7b55af9cd"},"potentialAction":[{"@type":"SearchAction","target":{"@type":"EntryPoint","urlTemplate":"https:\/\/luchonoticias.com\/editor\/?s={search_term_string}"},"query-input":{"@type":"PropertyValueSpecification","valueRequired":true,"valueName":"search_term_string"}}],"inLanguage":"es"},{"@type":["Person","Organization"],"@id":"https:\/\/luchonoticias.com\/editor\/#\/schema\/person\/7a7fd911f58561fd056dbac7b55af9cd","name":"admin","image":{"@type":"ImageObject","inLanguage":"es","@id":"https:\/\/luchonoticias.com\/editor\/#\/schema\/person\/image\/","url":"https:\/\/luchonoticias.com\/editor\/wp-content\/uploads\/2024\/02\/cropped-cropped-logolu.webp","contentUrl":"https:\/\/luchonoticias.com\/editor\/wp-content\/uploads\/2024\/02\/cropped-cropped-logolu.webp","width":382,"height":170,"caption":"admin"},"logo":{"@id":"https:\/\/luchonoticias.com\/editor\/#\/schema\/person\/image\/"},"sameAs":["https:\/\/www.facebook.com\/luchonoticiasneiva"],"url":"https:\/\/luchonoticias.com\/editor\/author\/admin\/"}]}},"_links":{"self":[{"href":"https:\/\/luchonoticias.com\/editor\/wp-json\/wp\/v2\/posts\/39073","targetHints":{"allow":["GET"]}}],"collection":[{"href":"https:\/\/luchonoticias.com\/editor\/wp-json\/wp\/v2\/posts"}],"about":[{"href":"https:\/\/luchonoticias.com\/editor\/wp-json\/wp\/v2\/types\/post"}],"author":[{"embeddable":true,"href":"https:\/\/luchonoticias.com\/editor\/wp-json\/wp\/v2\/users\/1"}],"replies":[{"embeddable":true,"href":"https:\/\/luchonoticias.com\/editor\/wp-json\/wp\/v2\/comments?post=39073"}],"version-history":[{"count":0,"href":"https:\/\/luchonoticias.com\/editor\/wp-json\/wp\/v2\/posts\/39073\/revisions"}],"wp:attachment":[{"href":"https:\/\/luchonoticias.com\/editor\/wp-json\/wp\/v2\/media?parent=39073"}],"wp:term":[{"taxonomy":"category","embeddable":true,"href":"https:\/\/luchonoticias.com\/editor\/wp-json\/wp\/v2\/categories?post=39073"},{"taxonomy":"post_tag","embeddable":true,"href":"https:\/\/luchonoticias.com\/editor\/wp-json\/wp\/v2\/tags?post=39073"}],"curies":[{"name":"wp","href":"https:\/\/api.w.org\/{rel}","templated":true}]}}