{"id":39199,"date":"2022-11-10T14:30:19","date_gmt":"2022-11-10T19:30:19","guid":{"rendered":"https:\/\/luchonoticias.com\/?p=39199"},"modified":"2022-11-10T14:30:20","modified_gmt":"2022-11-10T19:30:20","slug":"alvaro-uribe-no-sera-investigado-por-la-nenepolitica-concluyo-la-corte-suprema-de-justicia","status":"publish","type":"post","link":"https:\/\/luchonoticias.com\/editor\/alvaro-uribe-no-sera-investigado-por-la-nenepolitica-concluyo-la-corte-suprema-de-justicia\/","title":{"rendered":"\u00c1lvaro Uribe no ser\u00e1 investigado por la \u201c\u00d1e\u00f1epol\u00edtica\u201d, concluy\u00f3 la Corte Suprema de Justicia"},"content":{"rendered":"\n<p>As\u00ed lo notific\u00f3 este jueves la Corte Suprema de Justicia al informar que se abstiene de hacer dicha diligencia porque, seg\u00fan el concepto del magistrado Misael Rodr\u00edguez, no hab\u00eda elementos para adelantar dicho proceso. Sin embargo, contra la decisi\u00f3n procede recurso de reposici\u00f3n, seg\u00fan se lee en el documento.<\/p>\n\n\n\n<p>De acuerdo con el medio nacional de El Tiempo, la Corte acogi\u00f3 todos los argumentos de la defensa que argument\u00f3 que Claudia \u2018Caya\u2019 Daza, asesora de Uribe y quien hablaba con Jos\u00e9 Hern\u00e1ndez Aponte, criminal conocido como \u2018\u00d1e\u00f1e\u2019 y asesinado en Brasil en 2019, fue ligera en sus afirmaciones.<\/p>\n\n\n\n<p>El Tiempo precis\u00f3 que en la providencia de 184 p\u00e1ginas, el alto tribunal desestim\u00f3 la denuncia interpuesta en marzo de 2020 por los presuntos delitos de corrupci\u00f3n al sufragante de campa\u00f1as electorales con fuentes prohibidas.<\/p>\n\n\n\n<p>As\u00ed las cosas, por el contrario, para la Corte la evidencia apunta decididamente en contra de que Daza Castro tuviera funciones de relevancia en la campa\u00f1a o de que siguiera \u00f3rdenes de su jefe en el Congreso para participar de cualquier manera en las elecciones de 2018.<\/p>\n","protected":false},"excerpt":{"rendered":"<p>As\u00ed lo notific\u00f3 este jueves la Corte Suprema de Justicia al informar que se abstiene de hacer dicha diligencia porque, seg\u00fan el concepto del magistrado Misael Rodr\u00edguez, no hab\u00eda elementos para adelantar dicho proceso. Sin embargo, contra la decisi\u00f3n procede recurso de reposici\u00f3n, seg\u00fan se lee en el documento. De acuerdo con el medio nacional [&hellip;]<\/p>\n","protected":false},"author":1,"featured_media":0,"comment_status":"open","ping_status":"open","sticky":false,"template":"","format":"standard","meta":{"footnotes":""},"categories":[36,617],"tags":[],"class_list":["post-39199","post","type-post","status-publish","format-standard","hentry","category-destacado","category-politica"],"yoast_head":"<!-- This site is optimized with the Yoast SEO plugin v26.6 - https:\/\/yoast.com\/wordpress\/plugins\/seo\/ -->\n<title>\u00c1lvaro Uribe no ser\u00e1 investigado por la \u201c\u00d1e\u00f1epol\u00edtica\u201d, concluy\u00f3 la Corte Suprema de Justicia -<\/title>\n<meta name=\"robots\" content=\"index, follow, max-snippet:-1, max-image-preview:large, max-video-preview:-1\" \/>\n<link rel=\"canonical\" href=\"https:\/\/luchonoticias.com\/editor\/alvaro-uribe-no-sera-investigado-por-la-nenepolitica-concluyo-la-corte-suprema-de-justicia\/\" \/>\n<meta property=\"og:locale\" content=\"es_ES\" \/>\n<meta property=\"og:type\" content=\"article\" \/>\n<meta property=\"og:title\" content=\"\u00c1lvaro Uribe no ser\u00e1 investigado por la \u201c\u00d1e\u00f1epol\u00edtica\u201d, concluy\u00f3 la Corte Suprema de Justicia -\" \/>\n<meta property=\"og:url\" content=\"https:\/\/luchonoticias.com\/editor\/alvaro-uribe-no-sera-investigado-por-la-nenepolitica-concluyo-la-corte-suprema-de-justicia\/\" \/>\n<meta property=\"article:publisher\" content=\"https:\/\/www.facebook.com\/luchonoticiasneiva\" \/>\n<meta property=\"article:author\" content=\"https:\/\/www.facebook.com\/luchonoticiasneiva\" \/>\n<meta property=\"article:published_time\" content=\"2022-11-10T19:30:19+00:00\" \/>\n<meta property=\"article:modified_time\" content=\"2022-11-10T19:30:20+00:00\" \/>\n<meta name=\"author\" content=\"admin\" \/>\n<meta name=\"twitter:card\" content=\"summary_large_image\" \/>\n<meta name=\"twitter:label1\" content=\"Escrito por\" \/>\n\t<meta name=\"twitter:data1\" content=\"admin\" \/>\n\t<meta name=\"twitter:label2\" content=\"Tiempo de lectura\" \/>\n\t<meta name=\"twitter:data2\" content=\"1 minuto\" \/>\n<script type=\"application\/ld+json\" class=\"yoast-schema-graph\">{\"@context\":\"https:\/\/schema.org\",\"@graph\":[{\"@type\":\"Article\",\"@id\":\"https:\/\/luchonoticias.com\/editor\/alvaro-uribe-no-sera-investigado-por-la-nenepolitica-concluyo-la-corte-suprema-de-justicia\/#article\",\"isPartOf\":{\"@id\":\"https:\/\/luchonoticias.com\/editor\/alvaro-uribe-no-sera-investigado-por-la-nenepolitica-concluyo-la-corte-suprema-de-justicia\/\"},\"author\":{\"name\":\"admin\",\"@id\":\"https:\/\/luchonoticias.com\/editor\/#\/schema\/person\/7a7fd911f58561fd056dbac7b55af9cd\"},\"headline\":\"\u00c1lvaro Uribe no ser\u00e1 investigado por la \u201c\u00d1e\u00f1epol\u00edtica\u201d, concluy\u00f3 la Corte Suprema de Justicia\",\"datePublished\":\"2022-11-10T19:30:19+00:00\",\"dateModified\":\"2022-11-10T19:30:20+00:00\",\"mainEntityOfPage\":{\"@id\":\"https:\/\/luchonoticias.com\/editor\/alvaro-uribe-no-sera-investigado-por-la-nenepolitica-concluyo-la-corte-suprema-de-justicia\/\"},\"wordCount\":204,\"commentCount\":0,\"publisher\":{\"@id\":\"https:\/\/luchonoticias.com\/editor\/#\/schema\/person\/7a7fd911f58561fd056dbac7b55af9cd\"},\"articleSection\":[\"Destacado\",\"Pol\u00edtica\"],\"inLanguage\":\"es\",\"potentialAction\":[{\"@type\":\"CommentAction\",\"name\":\"Comment\",\"target\":[\"https:\/\/luchonoticias.com\/editor\/alvaro-uribe-no-sera-investigado-por-la-nenepolitica-concluyo-la-corte-suprema-de-justicia\/#respond\"]}]},{\"@type\":\"WebPage\",\"@id\":\"https:\/\/luchonoticias.com\/editor\/alvaro-uribe-no-sera-investigado-por-la-nenepolitica-concluyo-la-corte-suprema-de-justicia\/\",\"url\":\"https:\/\/luchonoticias.com\/editor\/alvaro-uribe-no-sera-investigado-por-la-nenepolitica-concluyo-la-corte-suprema-de-justicia\/\",\"name\":\"\u00c1lvaro Uribe no ser\u00e1 investigado por la \u201c\u00d1e\u00f1epol\u00edtica\u201d, concluy\u00f3 la Corte Suprema de Justicia -\",\"isPartOf\":{\"@id\":\"https:\/\/luchonoticias.com\/editor\/#website\"},\"datePublished\":\"2022-11-10T19:30:19+00:00\",\"dateModified\":\"2022-11-10T19:30:20+00:00\",\"breadcrumb\":{\"@id\":\"https:\/\/luchonoticias.com\/editor\/alvaro-uribe-no-sera-investigado-por-la-nenepolitica-concluyo-la-corte-suprema-de-justicia\/#breadcrumb\"},\"inLanguage\":\"es\",\"potentialAction\":[{\"@type\":\"ReadAction\",\"target\":[\"https:\/\/luchonoticias.com\/editor\/alvaro-uribe-no-sera-investigado-por-la-nenepolitica-concluyo-la-corte-suprema-de-justicia\/\"]}]},{\"@type\":\"BreadcrumbList\",\"@id\":\"https:\/\/luchonoticias.com\/editor\/alvaro-uribe-no-sera-investigado-por-la-nenepolitica-concluyo-la-corte-suprema-de-justicia\/#breadcrumb\",\"itemListElement\":[{\"@type\":\"ListItem\",\"position\":1,\"name\":\"Portada\",\"item\":\"https:\/\/luchonoticias.com\/editor\/\"},{\"@type\":\"ListItem\",\"position\":2,\"name\":\"\u00c1lvaro Uribe no ser\u00e1 investigado por la \u201c\u00d1e\u00f1epol\u00edtica\u201d, concluy\u00f3 la Corte Suprema de Justicia\"}]},{\"@type\":\"WebSite\",\"@id\":\"https:\/\/luchonoticias.com\/editor\/#website\",\"url\":\"https:\/\/luchonoticias.com\/editor\/\",\"name\":\"\",\"description\":\"\",\"publisher\":{\"@id\":\"https:\/\/luchonoticias.com\/editor\/#\/schema\/person\/7a7fd911f58561fd056dbac7b55af9cd\"},\"potentialAction\":[{\"@type\":\"SearchAction\",\"target\":{\"@type\":\"EntryPoint\",\"urlTemplate\":\"https:\/\/luchonoticias.com\/editor\/?s={search_term_string}\"},\"query-input\":{\"@type\":\"PropertyValueSpecification\",\"valueRequired\":true,\"valueName\":\"search_term_string\"}}],\"inLanguage\":\"es\"},{\"@type\":[\"Person\",\"Organization\"],\"@id\":\"https:\/\/luchonoticias.com\/editor\/#\/schema\/person\/7a7fd911f58561fd056dbac7b55af9cd\",\"name\":\"admin\",\"image\":{\"@type\":\"ImageObject\",\"inLanguage\":\"es\",\"@id\":\"https:\/\/luchonoticias.com\/editor\/#\/schema\/person\/image\/\",\"url\":\"https:\/\/luchonoticias.com\/editor\/wp-content\/uploads\/2024\/02\/cropped-cropped-logolu.webp\",\"contentUrl\":\"https:\/\/luchonoticias.com\/editor\/wp-content\/uploads\/2024\/02\/cropped-cropped-logolu.webp\",\"width\":382,\"height\":170,\"caption\":\"admin\"},\"logo\":{\"@id\":\"https:\/\/luchonoticias.com\/editor\/#\/schema\/person\/image\/\"},\"sameAs\":[\"https:\/\/www.facebook.com\/luchonoticiasneiva\"],\"url\":\"https:\/\/luchonoticias.com\/editor\/author\/admin\/\"}]}<\/script>\n<!-- \/ Yoast SEO plugin. -->","yoast_head_json":{"title":"\u00c1lvaro Uribe no ser\u00e1 investigado por la \u201c\u00d1e\u00f1epol\u00edtica\u201d, concluy\u00f3 la Corte Suprema de Justicia -","robots":{"index":"index","follow":"follow","max-snippet":"max-snippet:-1","max-image-preview":"max-image-preview:large","max-video-preview":"max-video-preview:-1"},"canonical":"https:\/\/luchonoticias.com\/editor\/alvaro-uribe-no-sera-investigado-por-la-nenepolitica-concluyo-la-corte-suprema-de-justicia\/","og_locale":"es_ES","og_type":"article","og_title":"\u00c1lvaro Uribe no ser\u00e1 investigado por la \u201c\u00d1e\u00f1epol\u00edtica\u201d, concluy\u00f3 la Corte Suprema de Justicia -","og_url":"https:\/\/luchonoticias.com\/editor\/alvaro-uribe-no-sera-investigado-por-la-nenepolitica-concluyo-la-corte-suprema-de-justicia\/","article_publisher":"https:\/\/www.facebook.com\/luchonoticiasneiva","article_author":"https:\/\/www.facebook.com\/luchonoticiasneiva","article_published_time":"2022-11-10T19:30:19+00:00","article_modified_time":"2022-11-10T19:30:20+00:00","author":"admin","twitter_card":"summary_large_image","twitter_misc":{"Escrito por":"admin","Tiempo de lectura":"1 minuto"},"schema":{"@context":"https:\/\/schema.org","@graph":[{"@type":"Article","@id":"https:\/\/luchonoticias.com\/editor\/alvaro-uribe-no-sera-investigado-por-la-nenepolitica-concluyo-la-corte-suprema-de-justicia\/#article","isPartOf":{"@id":"https:\/\/luchonoticias.com\/editor\/alvaro-uribe-no-sera-investigado-por-la-nenepolitica-concluyo-la-corte-suprema-de-justicia\/"},"author":{"name":"admin","@id":"https:\/\/luchonoticias.com\/editor\/#\/schema\/person\/7a7fd911f58561fd056dbac7b55af9cd"},"headline":"\u00c1lvaro Uribe no ser\u00e1 investigado por la \u201c\u00d1e\u00f1epol\u00edtica\u201d, concluy\u00f3 la Corte Suprema de Justicia","datePublished":"2022-11-10T19:30:19+00:00","dateModified":"2022-11-10T19:30:20+00:00","mainEntityOfPage":{"@id":"https:\/\/luchonoticias.com\/editor\/alvaro-uribe-no-sera-investigado-por-la-nenepolitica-concluyo-la-corte-suprema-de-justicia\/"},"wordCount":204,"commentCount":0,"publisher":{"@id":"https:\/\/luchonoticias.com\/editor\/#\/schema\/person\/7a7fd911f58561fd056dbac7b55af9cd"},"articleSection":["Destacado","Pol\u00edtica"],"inLanguage":"es","potentialAction":[{"@type":"CommentAction","name":"Comment","target":["https:\/\/luchonoticias.com\/editor\/alvaro-uribe-no-sera-investigado-por-la-nenepolitica-concluyo-la-corte-suprema-de-justicia\/#respond"]}]},{"@type":"WebPage","@id":"https:\/\/luchonoticias.com\/editor\/alvaro-uribe-no-sera-investigado-por-la-nenepolitica-concluyo-la-corte-suprema-de-justicia\/","url":"https:\/\/luchonoticias.com\/editor\/alvaro-uribe-no-sera-investigado-por-la-nenepolitica-concluyo-la-corte-suprema-de-justicia\/","name":"\u00c1lvaro Uribe no ser\u00e1 investigado por la \u201c\u00d1e\u00f1epol\u00edtica\u201d, concluy\u00f3 la Corte Suprema de Justicia -","isPartOf":{"@id":"https:\/\/luchonoticias.com\/editor\/#website"},"datePublished":"2022-11-10T19:30:19+00:00","dateModified":"2022-11-10T19:30:20+00:00","breadcrumb":{"@id":"https:\/\/luchonoticias.com\/editor\/alvaro-uribe-no-sera-investigado-por-la-nenepolitica-concluyo-la-corte-suprema-de-justicia\/#breadcrumb"},"inLanguage":"es","potentialAction":[{"@type":"ReadAction","target":["https:\/\/luchonoticias.com\/editor\/alvaro-uribe-no-sera-investigado-por-la-nenepolitica-concluyo-la-corte-suprema-de-justicia\/"]}]},{"@type":"BreadcrumbList","@id":"https:\/\/luchonoticias.com\/editor\/alvaro-uribe-no-sera-investigado-por-la-nenepolitica-concluyo-la-corte-suprema-de-justicia\/#breadcrumb","itemListElement":[{"@type":"ListItem","position":1,"name":"Portada","item":"https:\/\/luchonoticias.com\/editor\/"},{"@type":"ListItem","position":2,"name":"\u00c1lvaro Uribe no ser\u00e1 investigado por la \u201c\u00d1e\u00f1epol\u00edtica\u201d, concluy\u00f3 la Corte Suprema de Justicia"}]},{"@type":"WebSite","@id":"https:\/\/luchonoticias.com\/editor\/#website","url":"https:\/\/luchonoticias.com\/editor\/","name":"","description":"","publisher":{"@id":"https:\/\/luchonoticias.com\/editor\/#\/schema\/person\/7a7fd911f58561fd056dbac7b55af9cd"},"potentialAction":[{"@type":"SearchAction","target":{"@type":"EntryPoint","urlTemplate":"https:\/\/luchonoticias.com\/editor\/?s={search_term_string}"},"query-input":{"@type":"PropertyValueSpecification","valueRequired":true,"valueName":"search_term_string"}}],"inLanguage":"es"},{"@type":["Person","Organization"],"@id":"https:\/\/luchonoticias.com\/editor\/#\/schema\/person\/7a7fd911f58561fd056dbac7b55af9cd","name":"admin","image":{"@type":"ImageObject","inLanguage":"es","@id":"https:\/\/luchonoticias.com\/editor\/#\/schema\/person\/image\/","url":"https:\/\/luchonoticias.com\/editor\/wp-content\/uploads\/2024\/02\/cropped-cropped-logolu.webp","contentUrl":"https:\/\/luchonoticias.com\/editor\/wp-content\/uploads\/2024\/02\/cropped-cropped-logolu.webp","width":382,"height":170,"caption":"admin"},"logo":{"@id":"https:\/\/luchonoticias.com\/editor\/#\/schema\/person\/image\/"},"sameAs":["https:\/\/www.facebook.com\/luchonoticiasneiva"],"url":"https:\/\/luchonoticias.com\/editor\/author\/admin\/"}]}},"_links":{"self":[{"href":"https:\/\/luchonoticias.com\/editor\/wp-json\/wp\/v2\/posts\/39199","targetHints":{"allow":["GET"]}}],"collection":[{"href":"https:\/\/luchonoticias.com\/editor\/wp-json\/wp\/v2\/posts"}],"about":[{"href":"https:\/\/luchonoticias.com\/editor\/wp-json\/wp\/v2\/types\/post"}],"author":[{"embeddable":true,"href":"https:\/\/luchonoticias.com\/editor\/wp-json\/wp\/v2\/users\/1"}],"replies":[{"embeddable":true,"href":"https:\/\/luchonoticias.com\/editor\/wp-json\/wp\/v2\/comments?post=39199"}],"version-history":[{"count":0,"href":"https:\/\/luchonoticias.com\/editor\/wp-json\/wp\/v2\/posts\/39199\/revisions"}],"wp:attachment":[{"href":"https:\/\/luchonoticias.com\/editor\/wp-json\/wp\/v2\/media?parent=39199"}],"wp:term":[{"taxonomy":"category","embeddable":true,"href":"https:\/\/luchonoticias.com\/editor\/wp-json\/wp\/v2\/categories?post=39199"},{"taxonomy":"post_tag","embeddable":true,"href":"https:\/\/luchonoticias.com\/editor\/wp-json\/wp\/v2\/tags?post=39199"}],"curies":[{"name":"wp","href":"https:\/\/api.w.org\/{rel}","templated":true}]}}