{"id":39202,"date":"2022-11-10T17:08:33","date_gmt":"2022-11-10T22:08:33","guid":{"rendered":"https:\/\/luchonoticias.com\/?p=39202"},"modified":"2022-11-10T17:08:34","modified_gmt":"2022-11-10T22:08:34","slug":"benedicto-xvi-se-defendera-de-acusacion-de-encubrimiento-de-abusos-en-alemania","status":"publish","type":"post","link":"https:\/\/luchonoticias.com\/editor\/benedicto-xvi-se-defendera-de-acusacion-de-encubrimiento-de-abusos-en-alemania\/","title":{"rendered":"Benedicto XVI se defender\u00e1 de acusaci\u00f3n de encubrimiento de abusos en Alemania"},"content":{"rendered":"\n<p>El Papa Em\u00e9rito Benedicto XVI est\u00e1 dispuesto a defenderse legalmente en un posible proceso civil en Alemania, donde un hombre de 38 a\u00f1os lo acusa de haber encubierto los abusos de un sacerdote.<\/p>\n\n\n\n<p>El hombre que acusa al Papa Em\u00e9rito se\u00f1ala que el encubrimiento del sacerdote Peter Hullerman, ya condenado, se dio cuando Benedicto XVI era Arzobispo de M\u00fanich y Freising, es decir entre 1977 y 1982, hace m\u00e1s de 40 a\u00f1os.<\/p>\n\n\n\n<p>El hombre de 38 a\u00f1os acusa a Hullerman, a Benedicto XVI, al Cardenal Friedrich Wetter, de 94 a\u00f1os, y a la Arquidi\u00f3cesis de M\u00fanich y Freising. En el sistema judicial alem\u00e1n un proceso civil solo se inicia si la defensa responde. La causa procede en este caso porque Benedicto XVI y los obispos de Baviera han decidido defenderse<\/p>\n","protected":false},"excerpt":{"rendered":"<p>El Papa Em\u00e9rito Benedicto XVI est\u00e1 dispuesto a defenderse legalmente en un posible proceso civil en Alemania, donde un hombre de 38 a\u00f1os lo acusa de haber encubierto los abusos de un sacerdote. El hombre que acusa al Papa Em\u00e9rito se\u00f1ala que el encubrimiento del sacerdote Peter Hullerman, ya condenado, se dio cuando Benedicto XVI [&hellip;]<\/p>\n","protected":false},"author":1,"featured_media":0,"comment_status":"open","ping_status":"open","sticky":false,"template":"","format":"standard","meta":{"footnotes":""},"categories":[28,36],"tags":[],"class_list":["post-39202","post","type-post","status-publish","format-standard","hentry","category-actualidad","category-destacado"],"yoast_head":"<!-- This site is optimized with the Yoast SEO plugin v26.6 - https:\/\/yoast.com\/wordpress\/plugins\/seo\/ -->\n<title>Benedicto XVI se defender\u00e1 de acusaci\u00f3n de encubrimiento de abusos en Alemania -<\/title>\n<meta name=\"robots\" content=\"index, follow, max-snippet:-1, max-image-preview:large, max-video-preview:-1\" \/>\n<link rel=\"canonical\" href=\"https:\/\/luchonoticias.com\/editor\/benedicto-xvi-se-defendera-de-acusacion-de-encubrimiento-de-abusos-en-alemania\/\" \/>\n<meta property=\"og:locale\" content=\"es_ES\" \/>\n<meta property=\"og:type\" content=\"article\" \/>\n<meta property=\"og:title\" content=\"Benedicto XVI se defender\u00e1 de acusaci\u00f3n de encubrimiento de abusos en Alemania -\" \/>\n<meta property=\"og:url\" content=\"https:\/\/luchonoticias.com\/editor\/benedicto-xvi-se-defendera-de-acusacion-de-encubrimiento-de-abusos-en-alemania\/\" \/>\n<meta property=\"article:publisher\" content=\"https:\/\/www.facebook.com\/luchonoticiasneiva\" \/>\n<meta property=\"article:author\" content=\"https:\/\/www.facebook.com\/luchonoticiasneiva\" \/>\n<meta property=\"article:published_time\" content=\"2022-11-10T22:08:33+00:00\" \/>\n<meta property=\"article:modified_time\" content=\"2022-11-10T22:08:34+00:00\" \/>\n<meta name=\"author\" content=\"admin\" \/>\n<meta name=\"twitter:card\" content=\"summary_large_image\" \/>\n<meta name=\"twitter:label1\" content=\"Escrito por\" \/>\n\t<meta name=\"twitter:data1\" content=\"admin\" \/>\n\t<meta name=\"twitter:label2\" content=\"Tiempo de lectura\" \/>\n\t<meta name=\"twitter:data2\" content=\"1 minuto\" \/>\n<script type=\"application\/ld+json\" class=\"yoast-schema-graph\">{\"@context\":\"https:\/\/schema.org\",\"@graph\":[{\"@type\":\"Article\",\"@id\":\"https:\/\/luchonoticias.com\/editor\/benedicto-xvi-se-defendera-de-acusacion-de-encubrimiento-de-abusos-en-alemania\/#article\",\"isPartOf\":{\"@id\":\"https:\/\/luchonoticias.com\/editor\/benedicto-xvi-se-defendera-de-acusacion-de-encubrimiento-de-abusos-en-alemania\/\"},\"author\":{\"name\":\"admin\",\"@id\":\"https:\/\/luchonoticias.com\/editor\/#\/schema\/person\/7a7fd911f58561fd056dbac7b55af9cd\"},\"headline\":\"Benedicto XVI se defender\u00e1 de acusaci\u00f3n de encubrimiento de abusos en Alemania\",\"datePublished\":\"2022-11-10T22:08:33+00:00\",\"dateModified\":\"2022-11-10T22:08:34+00:00\",\"mainEntityOfPage\":{\"@id\":\"https:\/\/luchonoticias.com\/editor\/benedicto-xvi-se-defendera-de-acusacion-de-encubrimiento-de-abusos-en-alemania\/\"},\"wordCount\":149,\"commentCount\":0,\"publisher\":{\"@id\":\"https:\/\/luchonoticias.com\/editor\/#\/schema\/person\/7a7fd911f58561fd056dbac7b55af9cd\"},\"articleSection\":[\"Actualidad\",\"Destacado\"],\"inLanguage\":\"es\",\"potentialAction\":[{\"@type\":\"CommentAction\",\"name\":\"Comment\",\"target\":[\"https:\/\/luchonoticias.com\/editor\/benedicto-xvi-se-defendera-de-acusacion-de-encubrimiento-de-abusos-en-alemania\/#respond\"]}]},{\"@type\":\"WebPage\",\"@id\":\"https:\/\/luchonoticias.com\/editor\/benedicto-xvi-se-defendera-de-acusacion-de-encubrimiento-de-abusos-en-alemania\/\",\"url\":\"https:\/\/luchonoticias.com\/editor\/benedicto-xvi-se-defendera-de-acusacion-de-encubrimiento-de-abusos-en-alemania\/\",\"name\":\"Benedicto XVI se defender\u00e1 de acusaci\u00f3n de encubrimiento de abusos en Alemania -\",\"isPartOf\":{\"@id\":\"https:\/\/luchonoticias.com\/editor\/#website\"},\"datePublished\":\"2022-11-10T22:08:33+00:00\",\"dateModified\":\"2022-11-10T22:08:34+00:00\",\"breadcrumb\":{\"@id\":\"https:\/\/luchonoticias.com\/editor\/benedicto-xvi-se-defendera-de-acusacion-de-encubrimiento-de-abusos-en-alemania\/#breadcrumb\"},\"inLanguage\":\"es\",\"potentialAction\":[{\"@type\":\"ReadAction\",\"target\":[\"https:\/\/luchonoticias.com\/editor\/benedicto-xvi-se-defendera-de-acusacion-de-encubrimiento-de-abusos-en-alemania\/\"]}]},{\"@type\":\"BreadcrumbList\",\"@id\":\"https:\/\/luchonoticias.com\/editor\/benedicto-xvi-se-defendera-de-acusacion-de-encubrimiento-de-abusos-en-alemania\/#breadcrumb\",\"itemListElement\":[{\"@type\":\"ListItem\",\"position\":1,\"name\":\"Portada\",\"item\":\"https:\/\/luchonoticias.com\/editor\/\"},{\"@type\":\"ListItem\",\"position\":2,\"name\":\"Benedicto XVI se defender\u00e1 de acusaci\u00f3n de encubrimiento de abusos en Alemania\"}]},{\"@type\":\"WebSite\",\"@id\":\"https:\/\/luchonoticias.com\/editor\/#website\",\"url\":\"https:\/\/luchonoticias.com\/editor\/\",\"name\":\"\",\"description\":\"\",\"publisher\":{\"@id\":\"https:\/\/luchonoticias.com\/editor\/#\/schema\/person\/7a7fd911f58561fd056dbac7b55af9cd\"},\"potentialAction\":[{\"@type\":\"SearchAction\",\"target\":{\"@type\":\"EntryPoint\",\"urlTemplate\":\"https:\/\/luchonoticias.com\/editor\/?s={search_term_string}\"},\"query-input\":{\"@type\":\"PropertyValueSpecification\",\"valueRequired\":true,\"valueName\":\"search_term_string\"}}],\"inLanguage\":\"es\"},{\"@type\":[\"Person\",\"Organization\"],\"@id\":\"https:\/\/luchonoticias.com\/editor\/#\/schema\/person\/7a7fd911f58561fd056dbac7b55af9cd\",\"name\":\"admin\",\"image\":{\"@type\":\"ImageObject\",\"inLanguage\":\"es\",\"@id\":\"https:\/\/luchonoticias.com\/editor\/#\/schema\/person\/image\/\",\"url\":\"https:\/\/luchonoticias.com\/editor\/wp-content\/uploads\/2024\/02\/cropped-cropped-logolu.webp\",\"contentUrl\":\"https:\/\/luchonoticias.com\/editor\/wp-content\/uploads\/2024\/02\/cropped-cropped-logolu.webp\",\"width\":382,\"height\":170,\"caption\":\"admin\"},\"logo\":{\"@id\":\"https:\/\/luchonoticias.com\/editor\/#\/schema\/person\/image\/\"},\"sameAs\":[\"https:\/\/www.facebook.com\/luchonoticiasneiva\"],\"url\":\"https:\/\/luchonoticias.com\/editor\/author\/admin\/\"}]}<\/script>\n<!-- \/ Yoast SEO plugin. -->","yoast_head_json":{"title":"Benedicto XVI se defender\u00e1 de acusaci\u00f3n de encubrimiento de abusos en Alemania -","robots":{"index":"index","follow":"follow","max-snippet":"max-snippet:-1","max-image-preview":"max-image-preview:large","max-video-preview":"max-video-preview:-1"},"canonical":"https:\/\/luchonoticias.com\/editor\/benedicto-xvi-se-defendera-de-acusacion-de-encubrimiento-de-abusos-en-alemania\/","og_locale":"es_ES","og_type":"article","og_title":"Benedicto XVI se defender\u00e1 de acusaci\u00f3n de encubrimiento de abusos en Alemania -","og_url":"https:\/\/luchonoticias.com\/editor\/benedicto-xvi-se-defendera-de-acusacion-de-encubrimiento-de-abusos-en-alemania\/","article_publisher":"https:\/\/www.facebook.com\/luchonoticiasneiva","article_author":"https:\/\/www.facebook.com\/luchonoticiasneiva","article_published_time":"2022-11-10T22:08:33+00:00","article_modified_time":"2022-11-10T22:08:34+00:00","author":"admin","twitter_card":"summary_large_image","twitter_misc":{"Escrito por":"admin","Tiempo de lectura":"1 minuto"},"schema":{"@context":"https:\/\/schema.org","@graph":[{"@type":"Article","@id":"https:\/\/luchonoticias.com\/editor\/benedicto-xvi-se-defendera-de-acusacion-de-encubrimiento-de-abusos-en-alemania\/#article","isPartOf":{"@id":"https:\/\/luchonoticias.com\/editor\/benedicto-xvi-se-defendera-de-acusacion-de-encubrimiento-de-abusos-en-alemania\/"},"author":{"name":"admin","@id":"https:\/\/luchonoticias.com\/editor\/#\/schema\/person\/7a7fd911f58561fd056dbac7b55af9cd"},"headline":"Benedicto XVI se defender\u00e1 de acusaci\u00f3n de encubrimiento de abusos en Alemania","datePublished":"2022-11-10T22:08:33+00:00","dateModified":"2022-11-10T22:08:34+00:00","mainEntityOfPage":{"@id":"https:\/\/luchonoticias.com\/editor\/benedicto-xvi-se-defendera-de-acusacion-de-encubrimiento-de-abusos-en-alemania\/"},"wordCount":149,"commentCount":0,"publisher":{"@id":"https:\/\/luchonoticias.com\/editor\/#\/schema\/person\/7a7fd911f58561fd056dbac7b55af9cd"},"articleSection":["Actualidad","Destacado"],"inLanguage":"es","potentialAction":[{"@type":"CommentAction","name":"Comment","target":["https:\/\/luchonoticias.com\/editor\/benedicto-xvi-se-defendera-de-acusacion-de-encubrimiento-de-abusos-en-alemania\/#respond"]}]},{"@type":"WebPage","@id":"https:\/\/luchonoticias.com\/editor\/benedicto-xvi-se-defendera-de-acusacion-de-encubrimiento-de-abusos-en-alemania\/","url":"https:\/\/luchonoticias.com\/editor\/benedicto-xvi-se-defendera-de-acusacion-de-encubrimiento-de-abusos-en-alemania\/","name":"Benedicto XVI se defender\u00e1 de acusaci\u00f3n de encubrimiento de abusos en Alemania -","isPartOf":{"@id":"https:\/\/luchonoticias.com\/editor\/#website"},"datePublished":"2022-11-10T22:08:33+00:00","dateModified":"2022-11-10T22:08:34+00:00","breadcrumb":{"@id":"https:\/\/luchonoticias.com\/editor\/benedicto-xvi-se-defendera-de-acusacion-de-encubrimiento-de-abusos-en-alemania\/#breadcrumb"},"inLanguage":"es","potentialAction":[{"@type":"ReadAction","target":["https:\/\/luchonoticias.com\/editor\/benedicto-xvi-se-defendera-de-acusacion-de-encubrimiento-de-abusos-en-alemania\/"]}]},{"@type":"BreadcrumbList","@id":"https:\/\/luchonoticias.com\/editor\/benedicto-xvi-se-defendera-de-acusacion-de-encubrimiento-de-abusos-en-alemania\/#breadcrumb","itemListElement":[{"@type":"ListItem","position":1,"name":"Portada","item":"https:\/\/luchonoticias.com\/editor\/"},{"@type":"ListItem","position":2,"name":"Benedicto XVI se defender\u00e1 de acusaci\u00f3n de encubrimiento de abusos en Alemania"}]},{"@type":"WebSite","@id":"https:\/\/luchonoticias.com\/editor\/#website","url":"https:\/\/luchonoticias.com\/editor\/","name":"","description":"","publisher":{"@id":"https:\/\/luchonoticias.com\/editor\/#\/schema\/person\/7a7fd911f58561fd056dbac7b55af9cd"},"potentialAction":[{"@type":"SearchAction","target":{"@type":"EntryPoint","urlTemplate":"https:\/\/luchonoticias.com\/editor\/?s={search_term_string}"},"query-input":{"@type":"PropertyValueSpecification","valueRequired":true,"valueName":"search_term_string"}}],"inLanguage":"es"},{"@type":["Person","Organization"],"@id":"https:\/\/luchonoticias.com\/editor\/#\/schema\/person\/7a7fd911f58561fd056dbac7b55af9cd","name":"admin","image":{"@type":"ImageObject","inLanguage":"es","@id":"https:\/\/luchonoticias.com\/editor\/#\/schema\/person\/image\/","url":"https:\/\/luchonoticias.com\/editor\/wp-content\/uploads\/2024\/02\/cropped-cropped-logolu.webp","contentUrl":"https:\/\/luchonoticias.com\/editor\/wp-content\/uploads\/2024\/02\/cropped-cropped-logolu.webp","width":382,"height":170,"caption":"admin"},"logo":{"@id":"https:\/\/luchonoticias.com\/editor\/#\/schema\/person\/image\/"},"sameAs":["https:\/\/www.facebook.com\/luchonoticiasneiva"],"url":"https:\/\/luchonoticias.com\/editor\/author\/admin\/"}]}},"_links":{"self":[{"href":"https:\/\/luchonoticias.com\/editor\/wp-json\/wp\/v2\/posts\/39202","targetHints":{"allow":["GET"]}}],"collection":[{"href":"https:\/\/luchonoticias.com\/editor\/wp-json\/wp\/v2\/posts"}],"about":[{"href":"https:\/\/luchonoticias.com\/editor\/wp-json\/wp\/v2\/types\/post"}],"author":[{"embeddable":true,"href":"https:\/\/luchonoticias.com\/editor\/wp-json\/wp\/v2\/users\/1"}],"replies":[{"embeddable":true,"href":"https:\/\/luchonoticias.com\/editor\/wp-json\/wp\/v2\/comments?post=39202"}],"version-history":[{"count":0,"href":"https:\/\/luchonoticias.com\/editor\/wp-json\/wp\/v2\/posts\/39202\/revisions"}],"wp:attachment":[{"href":"https:\/\/luchonoticias.com\/editor\/wp-json\/wp\/v2\/media?parent=39202"}],"wp:term":[{"taxonomy":"category","embeddable":true,"href":"https:\/\/luchonoticias.com\/editor\/wp-json\/wp\/v2\/categories?post=39202"},{"taxonomy":"post_tag","embeddable":true,"href":"https:\/\/luchonoticias.com\/editor\/wp-json\/wp\/v2\/tags?post=39202"}],"curies":[{"name":"wp","href":"https:\/\/api.w.org\/{rel}","templated":true}]}}