{"id":39205,"date":"2022-11-11T05:18:21","date_gmt":"2022-11-11T10:18:21","guid":{"rendered":"https:\/\/luchonoticias.com\/?p=39205"},"modified":"2022-11-11T05:18:22","modified_gmt":"2022-11-11T10:18:22","slug":"huila-en-busca-del-titulo-del-segundo-semestre-de-la-b","status":"publish","type":"post","link":"https:\/\/luchonoticias.com\/editor\/huila-en-busca-del-titulo-del-segundo-semestre-de-la-b\/","title":{"rendered":"Huila en busca del t\u00edtulo del segundo semestre de la B"},"content":{"rendered":"\n<p>Hoy a las 8:00 de la noche el&nbsp;<strong>Atl\u00e9tico Huila visitar\u00e1 al Boyac\u00e1 Chic\u00f3<\/strong>&nbsp;en juego de ida de la final del segundo semestre de la Primera B.<\/p>\n\n\n\n<p>El cuadro dirigido por N\u00e9stor Craviotto llev\u00f3 a cabo el d\u00eda de ayer&nbsp;<strong>su \u00faltima jornada de entrenamiento previo<\/strong>&nbsp;al viaje a territorio boyacense, destacando que, al jugar ante el Quind\u00edo con n\u00f3mina alterna, los habituales titulares contaron con un d\u00eda m\u00e1s de preparaci\u00f3n.<\/p>\n\n\n\n<p>La gran duda en torno al equipo es la presencia o no dentro de la titular del volante Sebasti\u00e1n Hern\u00e1ndez quien ha estado en plan de recuperaci\u00f3n pensando en este compromiso.<\/p>\n\n\n\n<p>\u00abVamos a&nbsp;<strong>jugar ante un gran equipo que sabe a lo que juega, la tiene muy clara,<\/strong>&nbsp;nosotros tambi\u00e9n y tenemos que resolver pronto la situaci\u00f3n de ese partido\u2026sabemos que es un rival duro, que gan\u00f3 el torneo del primer semestre\u2026pero no hay nada imposible\u00bb, dijo al respecto el entrenador N\u00e9stor Craviotto.<\/p>\n\n\n\n<p>Aclarar que, en caso de ganar la serie el\u00a0<strong>Huila no tendr\u00eda asegurado el cupo al ascenso<\/strong>\u00a0ya que necesita ganar la final del a\u00f1o 2022.<\/p>\n","protected":false},"excerpt":{"rendered":"<p>Hoy a las 8:00 de la noche el&nbsp;Atl\u00e9tico Huila visitar\u00e1 al Boyac\u00e1 Chic\u00f3&nbsp;en juego de ida de la final del segundo semestre de la Primera B. El cuadro dirigido por N\u00e9stor Craviotto llev\u00f3 a cabo el d\u00eda de ayer&nbsp;su \u00faltima jornada de entrenamiento previo&nbsp;al viaje a territorio boyacense, destacando que, al jugar ante el Quind\u00edo [&hellip;]<\/p>\n","protected":false},"author":1,"featured_media":0,"comment_status":"open","ping_status":"open","sticky":false,"template":"","format":"standard","meta":{"footnotes":""},"categories":[34],"tags":[],"class_list":["post-39205","post","type-post","status-publish","format-standard","hentry","category-deportes"],"yoast_head":"<!-- This site is optimized with the Yoast SEO plugin v26.6 - https:\/\/yoast.com\/wordpress\/plugins\/seo\/ -->\n<title>Huila en busca del t\u00edtulo del segundo semestre de la B -<\/title>\n<meta name=\"robots\" content=\"index, follow, max-snippet:-1, max-image-preview:large, max-video-preview:-1\" \/>\n<link rel=\"canonical\" href=\"https:\/\/luchonoticias.com\/editor\/huila-en-busca-del-titulo-del-segundo-semestre-de-la-b\/\" \/>\n<meta property=\"og:locale\" content=\"es_ES\" \/>\n<meta property=\"og:type\" content=\"article\" \/>\n<meta property=\"og:title\" content=\"Huila en busca del t\u00edtulo del segundo semestre de la B -\" \/>\n<meta property=\"og:url\" content=\"https:\/\/luchonoticias.com\/editor\/huila-en-busca-del-titulo-del-segundo-semestre-de-la-b\/\" \/>\n<meta property=\"article:publisher\" content=\"https:\/\/www.facebook.com\/luchonoticiasneiva\" \/>\n<meta property=\"article:author\" content=\"https:\/\/www.facebook.com\/luchonoticiasneiva\" \/>\n<meta property=\"article:published_time\" content=\"2022-11-11T10:18:21+00:00\" \/>\n<meta property=\"article:modified_time\" content=\"2022-11-11T10:18:22+00:00\" \/>\n<meta name=\"author\" content=\"admin\" \/>\n<meta name=\"twitter:card\" content=\"summary_large_image\" \/>\n<meta name=\"twitter:label1\" content=\"Escrito por\" \/>\n\t<meta name=\"twitter:data1\" content=\"admin\" \/>\n\t<meta name=\"twitter:label2\" content=\"Tiempo de lectura\" \/>\n\t<meta name=\"twitter:data2\" content=\"1 minuto\" \/>\n<script type=\"application\/ld+json\" class=\"yoast-schema-graph\">{\"@context\":\"https:\/\/schema.org\",\"@graph\":[{\"@type\":\"Article\",\"@id\":\"https:\/\/luchonoticias.com\/editor\/huila-en-busca-del-titulo-del-segundo-semestre-de-la-b\/#article\",\"isPartOf\":{\"@id\":\"https:\/\/luchonoticias.com\/editor\/huila-en-busca-del-titulo-del-segundo-semestre-de-la-b\/\"},\"author\":{\"name\":\"admin\",\"@id\":\"https:\/\/luchonoticias.com\/editor\/#\/schema\/person\/7a7fd911f58561fd056dbac7b55af9cd\"},\"headline\":\"Huila en busca del t\u00edtulo del segundo semestre de la B\",\"datePublished\":\"2022-11-11T10:18:21+00:00\",\"dateModified\":\"2022-11-11T10:18:22+00:00\",\"mainEntityOfPage\":{\"@id\":\"https:\/\/luchonoticias.com\/editor\/huila-en-busca-del-titulo-del-segundo-semestre-de-la-b\/\"},\"wordCount\":215,\"commentCount\":0,\"publisher\":{\"@id\":\"https:\/\/luchonoticias.com\/editor\/#\/schema\/person\/7a7fd911f58561fd056dbac7b55af9cd\"},\"articleSection\":[\"Deportes\"],\"inLanguage\":\"es\",\"potentialAction\":[{\"@type\":\"CommentAction\",\"name\":\"Comment\",\"target\":[\"https:\/\/luchonoticias.com\/editor\/huila-en-busca-del-titulo-del-segundo-semestre-de-la-b\/#respond\"]}]},{\"@type\":\"WebPage\",\"@id\":\"https:\/\/luchonoticias.com\/editor\/huila-en-busca-del-titulo-del-segundo-semestre-de-la-b\/\",\"url\":\"https:\/\/luchonoticias.com\/editor\/huila-en-busca-del-titulo-del-segundo-semestre-de-la-b\/\",\"name\":\"Huila en busca del t\u00edtulo del segundo semestre de la B -\",\"isPartOf\":{\"@id\":\"https:\/\/luchonoticias.com\/editor\/#website\"},\"datePublished\":\"2022-11-11T10:18:21+00:00\",\"dateModified\":\"2022-11-11T10:18:22+00:00\",\"breadcrumb\":{\"@id\":\"https:\/\/luchonoticias.com\/editor\/huila-en-busca-del-titulo-del-segundo-semestre-de-la-b\/#breadcrumb\"},\"inLanguage\":\"es\",\"potentialAction\":[{\"@type\":\"ReadAction\",\"target\":[\"https:\/\/luchonoticias.com\/editor\/huila-en-busca-del-titulo-del-segundo-semestre-de-la-b\/\"]}]},{\"@type\":\"BreadcrumbList\",\"@id\":\"https:\/\/luchonoticias.com\/editor\/huila-en-busca-del-titulo-del-segundo-semestre-de-la-b\/#breadcrumb\",\"itemListElement\":[{\"@type\":\"ListItem\",\"position\":1,\"name\":\"Portada\",\"item\":\"https:\/\/luchonoticias.com\/editor\/\"},{\"@type\":\"ListItem\",\"position\":2,\"name\":\"Huila en busca del t\u00edtulo del segundo semestre de la B\"}]},{\"@type\":\"WebSite\",\"@id\":\"https:\/\/luchonoticias.com\/editor\/#website\",\"url\":\"https:\/\/luchonoticias.com\/editor\/\",\"name\":\"\",\"description\":\"\",\"publisher\":{\"@id\":\"https:\/\/luchonoticias.com\/editor\/#\/schema\/person\/7a7fd911f58561fd056dbac7b55af9cd\"},\"potentialAction\":[{\"@type\":\"SearchAction\",\"target\":{\"@type\":\"EntryPoint\",\"urlTemplate\":\"https:\/\/luchonoticias.com\/editor\/?s={search_term_string}\"},\"query-input\":{\"@type\":\"PropertyValueSpecification\",\"valueRequired\":true,\"valueName\":\"search_term_string\"}}],\"inLanguage\":\"es\"},{\"@type\":[\"Person\",\"Organization\"],\"@id\":\"https:\/\/luchonoticias.com\/editor\/#\/schema\/person\/7a7fd911f58561fd056dbac7b55af9cd\",\"name\":\"admin\",\"image\":{\"@type\":\"ImageObject\",\"inLanguage\":\"es\",\"@id\":\"https:\/\/luchonoticias.com\/editor\/#\/schema\/person\/image\/\",\"url\":\"https:\/\/luchonoticias.com\/editor\/wp-content\/uploads\/2024\/02\/cropped-cropped-logolu.webp\",\"contentUrl\":\"https:\/\/luchonoticias.com\/editor\/wp-content\/uploads\/2024\/02\/cropped-cropped-logolu.webp\",\"width\":382,\"height\":170,\"caption\":\"admin\"},\"logo\":{\"@id\":\"https:\/\/luchonoticias.com\/editor\/#\/schema\/person\/image\/\"},\"sameAs\":[\"https:\/\/www.facebook.com\/luchonoticiasneiva\"],\"url\":\"https:\/\/luchonoticias.com\/editor\/author\/admin\/\"}]}<\/script>\n<!-- \/ Yoast SEO plugin. -->","yoast_head_json":{"title":"Huila en busca del t\u00edtulo del segundo semestre de la B -","robots":{"index":"index","follow":"follow","max-snippet":"max-snippet:-1","max-image-preview":"max-image-preview:large","max-video-preview":"max-video-preview:-1"},"canonical":"https:\/\/luchonoticias.com\/editor\/huila-en-busca-del-titulo-del-segundo-semestre-de-la-b\/","og_locale":"es_ES","og_type":"article","og_title":"Huila en busca del t\u00edtulo del segundo semestre de la B -","og_url":"https:\/\/luchonoticias.com\/editor\/huila-en-busca-del-titulo-del-segundo-semestre-de-la-b\/","article_publisher":"https:\/\/www.facebook.com\/luchonoticiasneiva","article_author":"https:\/\/www.facebook.com\/luchonoticiasneiva","article_published_time":"2022-11-11T10:18:21+00:00","article_modified_time":"2022-11-11T10:18:22+00:00","author":"admin","twitter_card":"summary_large_image","twitter_misc":{"Escrito por":"admin","Tiempo de lectura":"1 minuto"},"schema":{"@context":"https:\/\/schema.org","@graph":[{"@type":"Article","@id":"https:\/\/luchonoticias.com\/editor\/huila-en-busca-del-titulo-del-segundo-semestre-de-la-b\/#article","isPartOf":{"@id":"https:\/\/luchonoticias.com\/editor\/huila-en-busca-del-titulo-del-segundo-semestre-de-la-b\/"},"author":{"name":"admin","@id":"https:\/\/luchonoticias.com\/editor\/#\/schema\/person\/7a7fd911f58561fd056dbac7b55af9cd"},"headline":"Huila en busca del t\u00edtulo del segundo semestre de la B","datePublished":"2022-11-11T10:18:21+00:00","dateModified":"2022-11-11T10:18:22+00:00","mainEntityOfPage":{"@id":"https:\/\/luchonoticias.com\/editor\/huila-en-busca-del-titulo-del-segundo-semestre-de-la-b\/"},"wordCount":215,"commentCount":0,"publisher":{"@id":"https:\/\/luchonoticias.com\/editor\/#\/schema\/person\/7a7fd911f58561fd056dbac7b55af9cd"},"articleSection":["Deportes"],"inLanguage":"es","potentialAction":[{"@type":"CommentAction","name":"Comment","target":["https:\/\/luchonoticias.com\/editor\/huila-en-busca-del-titulo-del-segundo-semestre-de-la-b\/#respond"]}]},{"@type":"WebPage","@id":"https:\/\/luchonoticias.com\/editor\/huila-en-busca-del-titulo-del-segundo-semestre-de-la-b\/","url":"https:\/\/luchonoticias.com\/editor\/huila-en-busca-del-titulo-del-segundo-semestre-de-la-b\/","name":"Huila en busca del t\u00edtulo del segundo semestre de la B -","isPartOf":{"@id":"https:\/\/luchonoticias.com\/editor\/#website"},"datePublished":"2022-11-11T10:18:21+00:00","dateModified":"2022-11-11T10:18:22+00:00","breadcrumb":{"@id":"https:\/\/luchonoticias.com\/editor\/huila-en-busca-del-titulo-del-segundo-semestre-de-la-b\/#breadcrumb"},"inLanguage":"es","potentialAction":[{"@type":"ReadAction","target":["https:\/\/luchonoticias.com\/editor\/huila-en-busca-del-titulo-del-segundo-semestre-de-la-b\/"]}]},{"@type":"BreadcrumbList","@id":"https:\/\/luchonoticias.com\/editor\/huila-en-busca-del-titulo-del-segundo-semestre-de-la-b\/#breadcrumb","itemListElement":[{"@type":"ListItem","position":1,"name":"Portada","item":"https:\/\/luchonoticias.com\/editor\/"},{"@type":"ListItem","position":2,"name":"Huila en busca del t\u00edtulo del segundo semestre de la B"}]},{"@type":"WebSite","@id":"https:\/\/luchonoticias.com\/editor\/#website","url":"https:\/\/luchonoticias.com\/editor\/","name":"","description":"","publisher":{"@id":"https:\/\/luchonoticias.com\/editor\/#\/schema\/person\/7a7fd911f58561fd056dbac7b55af9cd"},"potentialAction":[{"@type":"SearchAction","target":{"@type":"EntryPoint","urlTemplate":"https:\/\/luchonoticias.com\/editor\/?s={search_term_string}"},"query-input":{"@type":"PropertyValueSpecification","valueRequired":true,"valueName":"search_term_string"}}],"inLanguage":"es"},{"@type":["Person","Organization"],"@id":"https:\/\/luchonoticias.com\/editor\/#\/schema\/person\/7a7fd911f58561fd056dbac7b55af9cd","name":"admin","image":{"@type":"ImageObject","inLanguage":"es","@id":"https:\/\/luchonoticias.com\/editor\/#\/schema\/person\/image\/","url":"https:\/\/luchonoticias.com\/editor\/wp-content\/uploads\/2024\/02\/cropped-cropped-logolu.webp","contentUrl":"https:\/\/luchonoticias.com\/editor\/wp-content\/uploads\/2024\/02\/cropped-cropped-logolu.webp","width":382,"height":170,"caption":"admin"},"logo":{"@id":"https:\/\/luchonoticias.com\/editor\/#\/schema\/person\/image\/"},"sameAs":["https:\/\/www.facebook.com\/luchonoticiasneiva"],"url":"https:\/\/luchonoticias.com\/editor\/author\/admin\/"}]}},"_links":{"self":[{"href":"https:\/\/luchonoticias.com\/editor\/wp-json\/wp\/v2\/posts\/39205","targetHints":{"allow":["GET"]}}],"collection":[{"href":"https:\/\/luchonoticias.com\/editor\/wp-json\/wp\/v2\/posts"}],"about":[{"href":"https:\/\/luchonoticias.com\/editor\/wp-json\/wp\/v2\/types\/post"}],"author":[{"embeddable":true,"href":"https:\/\/luchonoticias.com\/editor\/wp-json\/wp\/v2\/users\/1"}],"replies":[{"embeddable":true,"href":"https:\/\/luchonoticias.com\/editor\/wp-json\/wp\/v2\/comments?post=39205"}],"version-history":[{"count":0,"href":"https:\/\/luchonoticias.com\/editor\/wp-json\/wp\/v2\/posts\/39205\/revisions"}],"wp:attachment":[{"href":"https:\/\/luchonoticias.com\/editor\/wp-json\/wp\/v2\/media?parent=39205"}],"wp:term":[{"taxonomy":"category","embeddable":true,"href":"https:\/\/luchonoticias.com\/editor\/wp-json\/wp\/v2\/categories?post=39205"},{"taxonomy":"post_tag","embeddable":true,"href":"https:\/\/luchonoticias.com\/editor\/wp-json\/wp\/v2\/tags?post=39205"}],"curies":[{"name":"wp","href":"https:\/\/api.w.org\/{rel}","templated":true}]}}