{"id":39253,"date":"2022-11-11T07:26:37","date_gmt":"2022-11-11T12:26:37","guid":{"rendered":"https:\/\/luchonoticias.com\/?p=39253"},"modified":"2022-11-11T07:26:38","modified_gmt":"2022-11-11T12:26:38","slug":"alcalde-gorky-aclaro-que-si-se-pagara-retroactivo-y-prima-de-navidad-a-empleados-del-municipio","status":"publish","type":"post","link":"https:\/\/luchonoticias.com\/editor\/alcalde-gorky-aclaro-que-si-se-pagara-retroactivo-y-prima-de-navidad-a-empleados-del-municipio\/","title":{"rendered":"Alcalde Gorky aclar\u00f3 que s\u00ed se pagar\u00e1 retroactivo y prima de navidad, a empleados del Municipio"},"content":{"rendered":"\n<p>El objetivo del encuentro en el despacho del mandatario Gorky Mu\u00f1oz Calder\u00f3n con los l\u00edderes del sindicato de funcionarios de planta de la Alcald\u00eda de Neiva, fue esclarecer los rumores en torno a los pagos del retroactivo salarial del a\u00f1o 2022, pues algunos sectores se\u00f1alaban que no se pagar\u00edan este a\u00f1o.<\/p>\n\n\n\n<p>No obstante el mandatario local con el secretario de Hacienda, desvirtu\u00f3 estos rumores con los que est\u00e1n convocando a una manifestaci\u00f3n, y les demostr\u00f3 a los trabajadores sindicalizados, que s\u00ed se har\u00e1n los pagos este a\u00f1o.<\/p>\n\n\n\n<p>Sandro Rodr\u00edguez, representante del sindicato de trabajadores de la Secretar\u00eda de Educaci\u00f3n, manifest\u00f3 que \u201cnos reunimos en el despacho con el se\u00f1or alcalde Gorky Mu\u00f1oz, el Secretario de Hacienda y la Secretaria General, donde nos aclararon las dudas frente a la parte presupuestal de los pagos que se adeuda a los funcionarios, entre ellos docentes. En la parte presupuestal el Secretario de Hacienda nos evidenci\u00f3 que ya est\u00e1n los recursos para hacer estos respectivos pagos\u201d.<\/p>\n\n\n\n<figure class=\"wp-block-gallery has-nested-images columns-default is-cropped wp-block-gallery-1 is-layout-flex wp-block-gallery-is-layout-flex\">\n<figure class=\"wp-block-image size-large\"><img decoding=\"async\" data-id=\"39255\" src=\"https:\/\/luchonoticias.com\/wp-content\/uploads\/2022\/11\/WhatsApp-Image-2022-11-10-at-8.31.24-PM-2-1024x768.jpeg\" alt=\"\" class=\"wp-image-39255\"\/><\/figure>\n\n\n\n<figure class=\"wp-block-image size-large\"><img decoding=\"async\" data-id=\"39256\" src=\"https:\/\/luchonoticias.com\/wp-content\/uploads\/2022\/11\/WhatsApp-Image-2022-11-10-at-8.31.23-PM-1024x768.jpeg\" alt=\"\" class=\"wp-image-39256\"\/><\/figure>\n<\/figure>\n\n\n\n<p>Es decir que, los docentes y personal de planta de la Administraci\u00f3n Municipal, pueden tener la certeza y serenidad de que se realizar\u00e1 oportunamente el pago de los retroactivos pendientes, porque ya se encuentra la disponibilidad presupuestal para estos fines, seg\u00fan indic\u00f3 el secretario de Hacienda, Jaime Ram\u00edrez Plazas.<\/p>\n\n\n\n<p>\u201cHoy en la reuni\u00f3n que se hizo con el Alcalde y su gabinete, es importante informarles que hay que tener la tranquilidad de que, s\u00ed est\u00e1 el dinero para los pagos correspondientes, tenemos en nuestras manos los decretos donde hacen los traslados presupuestales, el acuerdo ya aprobado y sancionado por el se\u00f1or Alcalde. Es todo un proceso donde se debe adelantar primero la liquidaci\u00f3n de la n\u00f3mina del mes de noviembre, y segundo la liquidaci\u00f3n del retroactivo por la prima del mes de diciembre. Nos vamos con la tranquilidad y la satisfacci\u00f3n de tener una respuesta muy objetiva, clara y real con la certificaci\u00f3n de los recursos de que s\u00ed existen y se van a cancelar los pagos\u201d, as\u00ed lo revalida, Amparo Montes, presidenta de Sintradepartamental.<\/p>\n\n\n\n<p>El mandatario Gorky Mu\u00f1oz, se\u00f1al\u00f3 que hay sectores que quieren generar zozobra a trav\u00e9s de desinformaci\u00f3n para utilizar a los trabajadores para&nbsp; fines pol\u00edticos y por eso los invit\u00f3 a informarse de primera mano, a trav\u00e9s suyo, qui\u00e9n siempre ha mantenido di\u00e1logo directo con cada uno de los 16 sindicatos que tiene el Municipio.<\/p>\n","protected":false},"excerpt":{"rendered":"<p>El objetivo del encuentro en el despacho del mandatario Gorky Mu\u00f1oz Calder\u00f3n con los l\u00edderes del sindicato de funcionarios de planta de la Alcald\u00eda de Neiva, fue esclarecer los rumores en torno a los pagos del retroactivo salarial del a\u00f1o 2022, pues algunos sectores se\u00f1alaban que no se pagar\u00edan este a\u00f1o. No obstante el mandatario [&hellip;]<\/p>\n","protected":false},"author":1,"featured_media":0,"comment_status":"open","ping_status":"open","sticky":false,"template":"","format":"standard","meta":{"footnotes":""},"categories":[36,53],"tags":[],"class_list":["post-39253","post","type-post","status-publish","format-standard","hentry","category-destacado","category-neiva"],"yoast_head":"<!-- This site is optimized with the Yoast SEO plugin v26.6 - https:\/\/yoast.com\/wordpress\/plugins\/seo\/ -->\n<title>Alcalde Gorky aclar\u00f3 que s\u00ed se pagar\u00e1 retroactivo y prima de navidad, a empleados del Municipio -<\/title>\n<meta name=\"robots\" content=\"index, follow, max-snippet:-1, max-image-preview:large, max-video-preview:-1\" \/>\n<link rel=\"canonical\" href=\"https:\/\/luchonoticias.com\/editor\/alcalde-gorky-aclaro-que-si-se-pagara-retroactivo-y-prima-de-navidad-a-empleados-del-municipio\/\" \/>\n<meta property=\"og:locale\" content=\"es_ES\" \/>\n<meta property=\"og:type\" content=\"article\" \/>\n<meta property=\"og:title\" content=\"Alcalde Gorky aclar\u00f3 que s\u00ed se pagar\u00e1 retroactivo y prima de navidad, a empleados del Municipio -\" \/>\n<meta property=\"og:url\" content=\"https:\/\/luchonoticias.com\/editor\/alcalde-gorky-aclaro-que-si-se-pagara-retroactivo-y-prima-de-navidad-a-empleados-del-municipio\/\" \/>\n<meta property=\"article:publisher\" content=\"https:\/\/www.facebook.com\/luchonoticiasneiva\" \/>\n<meta property=\"article:author\" content=\"https:\/\/www.facebook.com\/luchonoticiasneiva\" \/>\n<meta property=\"article:published_time\" content=\"2022-11-11T12:26:37+00:00\" \/>\n<meta property=\"article:modified_time\" content=\"2022-11-11T12:26:38+00:00\" \/>\n<meta property=\"og:image\" content=\"https:\/\/luchonoticias.com\/wp-content\/uploads\/2022\/11\/WhatsApp-Image-2022-11-10-at-8.31.24-PM-2-1024x768.jpeg\" \/>\n<meta name=\"author\" content=\"admin\" \/>\n<meta name=\"twitter:card\" content=\"summary_large_image\" \/>\n<meta name=\"twitter:label1\" content=\"Escrito por\" \/>\n\t<meta name=\"twitter:data1\" content=\"admin\" \/>\n\t<meta name=\"twitter:label2\" content=\"Tiempo de lectura\" \/>\n\t<meta name=\"twitter:data2\" content=\"2 minutos\" \/>\n<script type=\"application\/ld+json\" class=\"yoast-schema-graph\">{\"@context\":\"https:\/\/schema.org\",\"@graph\":[{\"@type\":\"Article\",\"@id\":\"https:\/\/luchonoticias.com\/editor\/alcalde-gorky-aclaro-que-si-se-pagara-retroactivo-y-prima-de-navidad-a-empleados-del-municipio\/#article\",\"isPartOf\":{\"@id\":\"https:\/\/luchonoticias.com\/editor\/alcalde-gorky-aclaro-que-si-se-pagara-retroactivo-y-prima-de-navidad-a-empleados-del-municipio\/\"},\"author\":{\"name\":\"admin\",\"@id\":\"https:\/\/luchonoticias.com\/editor\/#\/schema\/person\/7a7fd911f58561fd056dbac7b55af9cd\"},\"headline\":\"Alcalde Gorky aclar\u00f3 que s\u00ed se pagar\u00e1 retroactivo y prima de navidad, a empleados del Municipio\",\"datePublished\":\"2022-11-11T12:26:37+00:00\",\"dateModified\":\"2022-11-11T12:26:38+00:00\",\"mainEntityOfPage\":{\"@id\":\"https:\/\/luchonoticias.com\/editor\/alcalde-gorky-aclaro-que-si-se-pagara-retroactivo-y-prima-de-navidad-a-empleados-del-municipio\/\"},\"wordCount\":442,\"commentCount\":0,\"publisher\":{\"@id\":\"https:\/\/luchonoticias.com\/editor\/#\/schema\/person\/7a7fd911f58561fd056dbac7b55af9cd\"},\"image\":{\"@id\":\"https:\/\/luchonoticias.com\/editor\/alcalde-gorky-aclaro-que-si-se-pagara-retroactivo-y-prima-de-navidad-a-empleados-del-municipio\/#primaryimage\"},\"thumbnailUrl\":\"https:\/\/luchonoticias.com\/wp-content\/uploads\/2022\/11\/WhatsApp-Image-2022-11-10-at-8.31.24-PM-2-1024x768.jpeg\",\"articleSection\":[\"Destacado\",\"Neiva\"],\"inLanguage\":\"es\",\"potentialAction\":[{\"@type\":\"CommentAction\",\"name\":\"Comment\",\"target\":[\"https:\/\/luchonoticias.com\/editor\/alcalde-gorky-aclaro-que-si-se-pagara-retroactivo-y-prima-de-navidad-a-empleados-del-municipio\/#respond\"]}]},{\"@type\":\"WebPage\",\"@id\":\"https:\/\/luchonoticias.com\/editor\/alcalde-gorky-aclaro-que-si-se-pagara-retroactivo-y-prima-de-navidad-a-empleados-del-municipio\/\",\"url\":\"https:\/\/luchonoticias.com\/editor\/alcalde-gorky-aclaro-que-si-se-pagara-retroactivo-y-prima-de-navidad-a-empleados-del-municipio\/\",\"name\":\"Alcalde Gorky aclar\u00f3 que s\u00ed se pagar\u00e1 retroactivo y prima de navidad, a empleados del Municipio -\",\"isPartOf\":{\"@id\":\"https:\/\/luchonoticias.com\/editor\/#website\"},\"primaryImageOfPage\":{\"@id\":\"https:\/\/luchonoticias.com\/editor\/alcalde-gorky-aclaro-que-si-se-pagara-retroactivo-y-prima-de-navidad-a-empleados-del-municipio\/#primaryimage\"},\"image\":{\"@id\":\"https:\/\/luchonoticias.com\/editor\/alcalde-gorky-aclaro-que-si-se-pagara-retroactivo-y-prima-de-navidad-a-empleados-del-municipio\/#primaryimage\"},\"thumbnailUrl\":\"https:\/\/luchonoticias.com\/wp-content\/uploads\/2022\/11\/WhatsApp-Image-2022-11-10-at-8.31.24-PM-2-1024x768.jpeg\",\"datePublished\":\"2022-11-11T12:26:37+00:00\",\"dateModified\":\"2022-11-11T12:26:38+00:00\",\"breadcrumb\":{\"@id\":\"https:\/\/luchonoticias.com\/editor\/alcalde-gorky-aclaro-que-si-se-pagara-retroactivo-y-prima-de-navidad-a-empleados-del-municipio\/#breadcrumb\"},\"inLanguage\":\"es\",\"potentialAction\":[{\"@type\":\"ReadAction\",\"target\":[\"https:\/\/luchonoticias.com\/editor\/alcalde-gorky-aclaro-que-si-se-pagara-retroactivo-y-prima-de-navidad-a-empleados-del-municipio\/\"]}]},{\"@type\":\"ImageObject\",\"inLanguage\":\"es\",\"@id\":\"https:\/\/luchonoticias.com\/editor\/alcalde-gorky-aclaro-que-si-se-pagara-retroactivo-y-prima-de-navidad-a-empleados-del-municipio\/#primaryimage\",\"url\":\"https:\/\/luchonoticias.com\/wp-content\/uploads\/2022\/11\/WhatsApp-Image-2022-11-10-at-8.31.24-PM-2-1024x768.jpeg\",\"contentUrl\":\"https:\/\/luchonoticias.com\/wp-content\/uploads\/2022\/11\/WhatsApp-Image-2022-11-10-at-8.31.24-PM-2-1024x768.jpeg\"},{\"@type\":\"BreadcrumbList\",\"@id\":\"https:\/\/luchonoticias.com\/editor\/alcalde-gorky-aclaro-que-si-se-pagara-retroactivo-y-prima-de-navidad-a-empleados-del-municipio\/#breadcrumb\",\"itemListElement\":[{\"@type\":\"ListItem\",\"position\":1,\"name\":\"Portada\",\"item\":\"https:\/\/luchonoticias.com\/editor\/\"},{\"@type\":\"ListItem\",\"position\":2,\"name\":\"Alcalde Gorky aclar\u00f3 que s\u00ed se pagar\u00e1 retroactivo y prima de navidad, a empleados del Municipio\"}]},{\"@type\":\"WebSite\",\"@id\":\"https:\/\/luchonoticias.com\/editor\/#website\",\"url\":\"https:\/\/luchonoticias.com\/editor\/\",\"name\":\"\",\"description\":\"\",\"publisher\":{\"@id\":\"https:\/\/luchonoticias.com\/editor\/#\/schema\/person\/7a7fd911f58561fd056dbac7b55af9cd\"},\"potentialAction\":[{\"@type\":\"SearchAction\",\"target\":{\"@type\":\"EntryPoint\",\"urlTemplate\":\"https:\/\/luchonoticias.com\/editor\/?s={search_term_string}\"},\"query-input\":{\"@type\":\"PropertyValueSpecification\",\"valueRequired\":true,\"valueName\":\"search_term_string\"}}],\"inLanguage\":\"es\"},{\"@type\":[\"Person\",\"Organization\"],\"@id\":\"https:\/\/luchonoticias.com\/editor\/#\/schema\/person\/7a7fd911f58561fd056dbac7b55af9cd\",\"name\":\"admin\",\"image\":{\"@type\":\"ImageObject\",\"inLanguage\":\"es\",\"@id\":\"https:\/\/luchonoticias.com\/editor\/#\/schema\/person\/image\/\",\"url\":\"https:\/\/luchonoticias.com\/editor\/wp-content\/uploads\/2024\/02\/cropped-cropped-logolu.webp\",\"contentUrl\":\"https:\/\/luchonoticias.com\/editor\/wp-content\/uploads\/2024\/02\/cropped-cropped-logolu.webp\",\"width\":382,\"height\":170,\"caption\":\"admin\"},\"logo\":{\"@id\":\"https:\/\/luchonoticias.com\/editor\/#\/schema\/person\/image\/\"},\"sameAs\":[\"https:\/\/www.facebook.com\/luchonoticiasneiva\"],\"url\":\"https:\/\/luchonoticias.com\/editor\/author\/admin\/\"}]}<\/script>\n<!-- \/ Yoast SEO plugin. -->","yoast_head_json":{"title":"Alcalde Gorky aclar\u00f3 que s\u00ed se pagar\u00e1 retroactivo y prima de navidad, a empleados del Municipio -","robots":{"index":"index","follow":"follow","max-snippet":"max-snippet:-1","max-image-preview":"max-image-preview:large","max-video-preview":"max-video-preview:-1"},"canonical":"https:\/\/luchonoticias.com\/editor\/alcalde-gorky-aclaro-que-si-se-pagara-retroactivo-y-prima-de-navidad-a-empleados-del-municipio\/","og_locale":"es_ES","og_type":"article","og_title":"Alcalde Gorky aclar\u00f3 que s\u00ed se pagar\u00e1 retroactivo y prima de navidad, a empleados del Municipio -","og_url":"https:\/\/luchonoticias.com\/editor\/alcalde-gorky-aclaro-que-si-se-pagara-retroactivo-y-prima-de-navidad-a-empleados-del-municipio\/","article_publisher":"https:\/\/www.facebook.com\/luchonoticiasneiva","article_author":"https:\/\/www.facebook.com\/luchonoticiasneiva","article_published_time":"2022-11-11T12:26:37+00:00","article_modified_time":"2022-11-11T12:26:38+00:00","og_image":[{"url":"https:\/\/luchonoticias.com\/wp-content\/uploads\/2022\/11\/WhatsApp-Image-2022-11-10-at-8.31.24-PM-2-1024x768.jpeg","type":"","width":"","height":""}],"author":"admin","twitter_card":"summary_large_image","twitter_misc":{"Escrito por":"admin","Tiempo de lectura":"2 minutos"},"schema":{"@context":"https:\/\/schema.org","@graph":[{"@type":"Article","@id":"https:\/\/luchonoticias.com\/editor\/alcalde-gorky-aclaro-que-si-se-pagara-retroactivo-y-prima-de-navidad-a-empleados-del-municipio\/#article","isPartOf":{"@id":"https:\/\/luchonoticias.com\/editor\/alcalde-gorky-aclaro-que-si-se-pagara-retroactivo-y-prima-de-navidad-a-empleados-del-municipio\/"},"author":{"name":"admin","@id":"https:\/\/luchonoticias.com\/editor\/#\/schema\/person\/7a7fd911f58561fd056dbac7b55af9cd"},"headline":"Alcalde Gorky aclar\u00f3 que s\u00ed se pagar\u00e1 retroactivo y prima de navidad, a empleados del Municipio","datePublished":"2022-11-11T12:26:37+00:00","dateModified":"2022-11-11T12:26:38+00:00","mainEntityOfPage":{"@id":"https:\/\/luchonoticias.com\/editor\/alcalde-gorky-aclaro-que-si-se-pagara-retroactivo-y-prima-de-navidad-a-empleados-del-municipio\/"},"wordCount":442,"commentCount":0,"publisher":{"@id":"https:\/\/luchonoticias.com\/editor\/#\/schema\/person\/7a7fd911f58561fd056dbac7b55af9cd"},"image":{"@id":"https:\/\/luchonoticias.com\/editor\/alcalde-gorky-aclaro-que-si-se-pagara-retroactivo-y-prima-de-navidad-a-empleados-del-municipio\/#primaryimage"},"thumbnailUrl":"https:\/\/luchonoticias.com\/wp-content\/uploads\/2022\/11\/WhatsApp-Image-2022-11-10-at-8.31.24-PM-2-1024x768.jpeg","articleSection":["Destacado","Neiva"],"inLanguage":"es","potentialAction":[{"@type":"CommentAction","name":"Comment","target":["https:\/\/luchonoticias.com\/editor\/alcalde-gorky-aclaro-que-si-se-pagara-retroactivo-y-prima-de-navidad-a-empleados-del-municipio\/#respond"]}]},{"@type":"WebPage","@id":"https:\/\/luchonoticias.com\/editor\/alcalde-gorky-aclaro-que-si-se-pagara-retroactivo-y-prima-de-navidad-a-empleados-del-municipio\/","url":"https:\/\/luchonoticias.com\/editor\/alcalde-gorky-aclaro-que-si-se-pagara-retroactivo-y-prima-de-navidad-a-empleados-del-municipio\/","name":"Alcalde Gorky aclar\u00f3 que s\u00ed se pagar\u00e1 retroactivo y prima de navidad, a empleados del Municipio -","isPartOf":{"@id":"https:\/\/luchonoticias.com\/editor\/#website"},"primaryImageOfPage":{"@id":"https:\/\/luchonoticias.com\/editor\/alcalde-gorky-aclaro-que-si-se-pagara-retroactivo-y-prima-de-navidad-a-empleados-del-municipio\/#primaryimage"},"image":{"@id":"https:\/\/luchonoticias.com\/editor\/alcalde-gorky-aclaro-que-si-se-pagara-retroactivo-y-prima-de-navidad-a-empleados-del-municipio\/#primaryimage"},"thumbnailUrl":"https:\/\/luchonoticias.com\/wp-content\/uploads\/2022\/11\/WhatsApp-Image-2022-11-10-at-8.31.24-PM-2-1024x768.jpeg","datePublished":"2022-11-11T12:26:37+00:00","dateModified":"2022-11-11T12:26:38+00:00","breadcrumb":{"@id":"https:\/\/luchonoticias.com\/editor\/alcalde-gorky-aclaro-que-si-se-pagara-retroactivo-y-prima-de-navidad-a-empleados-del-municipio\/#breadcrumb"},"inLanguage":"es","potentialAction":[{"@type":"ReadAction","target":["https:\/\/luchonoticias.com\/editor\/alcalde-gorky-aclaro-que-si-se-pagara-retroactivo-y-prima-de-navidad-a-empleados-del-municipio\/"]}]},{"@type":"ImageObject","inLanguage":"es","@id":"https:\/\/luchonoticias.com\/editor\/alcalde-gorky-aclaro-que-si-se-pagara-retroactivo-y-prima-de-navidad-a-empleados-del-municipio\/#primaryimage","url":"https:\/\/luchonoticias.com\/wp-content\/uploads\/2022\/11\/WhatsApp-Image-2022-11-10-at-8.31.24-PM-2-1024x768.jpeg","contentUrl":"https:\/\/luchonoticias.com\/wp-content\/uploads\/2022\/11\/WhatsApp-Image-2022-11-10-at-8.31.24-PM-2-1024x768.jpeg"},{"@type":"BreadcrumbList","@id":"https:\/\/luchonoticias.com\/editor\/alcalde-gorky-aclaro-que-si-se-pagara-retroactivo-y-prima-de-navidad-a-empleados-del-municipio\/#breadcrumb","itemListElement":[{"@type":"ListItem","position":1,"name":"Portada","item":"https:\/\/luchonoticias.com\/editor\/"},{"@type":"ListItem","position":2,"name":"Alcalde Gorky aclar\u00f3 que s\u00ed se pagar\u00e1 retroactivo y prima de navidad, a empleados del Municipio"}]},{"@type":"WebSite","@id":"https:\/\/luchonoticias.com\/editor\/#website","url":"https:\/\/luchonoticias.com\/editor\/","name":"","description":"","publisher":{"@id":"https:\/\/luchonoticias.com\/editor\/#\/schema\/person\/7a7fd911f58561fd056dbac7b55af9cd"},"potentialAction":[{"@type":"SearchAction","target":{"@type":"EntryPoint","urlTemplate":"https:\/\/luchonoticias.com\/editor\/?s={search_term_string}"},"query-input":{"@type":"PropertyValueSpecification","valueRequired":true,"valueName":"search_term_string"}}],"inLanguage":"es"},{"@type":["Person","Organization"],"@id":"https:\/\/luchonoticias.com\/editor\/#\/schema\/person\/7a7fd911f58561fd056dbac7b55af9cd","name":"admin","image":{"@type":"ImageObject","inLanguage":"es","@id":"https:\/\/luchonoticias.com\/editor\/#\/schema\/person\/image\/","url":"https:\/\/luchonoticias.com\/editor\/wp-content\/uploads\/2024\/02\/cropped-cropped-logolu.webp","contentUrl":"https:\/\/luchonoticias.com\/editor\/wp-content\/uploads\/2024\/02\/cropped-cropped-logolu.webp","width":382,"height":170,"caption":"admin"},"logo":{"@id":"https:\/\/luchonoticias.com\/editor\/#\/schema\/person\/image\/"},"sameAs":["https:\/\/www.facebook.com\/luchonoticiasneiva"],"url":"https:\/\/luchonoticias.com\/editor\/author\/admin\/"}]}},"_links":{"self":[{"href":"https:\/\/luchonoticias.com\/editor\/wp-json\/wp\/v2\/posts\/39253","targetHints":{"allow":["GET"]}}],"collection":[{"href":"https:\/\/luchonoticias.com\/editor\/wp-json\/wp\/v2\/posts"}],"about":[{"href":"https:\/\/luchonoticias.com\/editor\/wp-json\/wp\/v2\/types\/post"}],"author":[{"embeddable":true,"href":"https:\/\/luchonoticias.com\/editor\/wp-json\/wp\/v2\/users\/1"}],"replies":[{"embeddable":true,"href":"https:\/\/luchonoticias.com\/editor\/wp-json\/wp\/v2\/comments?post=39253"}],"version-history":[{"count":0,"href":"https:\/\/luchonoticias.com\/editor\/wp-json\/wp\/v2\/posts\/39253\/revisions"}],"wp:attachment":[{"href":"https:\/\/luchonoticias.com\/editor\/wp-json\/wp\/v2\/media?parent=39253"}],"wp:term":[{"taxonomy":"category","embeddable":true,"href":"https:\/\/luchonoticias.com\/editor\/wp-json\/wp\/v2\/categories?post=39253"},{"taxonomy":"post_tag","embeddable":true,"href":"https:\/\/luchonoticias.com\/editor\/wp-json\/wp\/v2\/tags?post=39253"}],"curies":[{"name":"wp","href":"https:\/\/api.w.org\/{rel}","templated":true}]}}