{"id":39389,"date":"2022-11-13T13:56:29","date_gmt":"2022-11-13T18:56:29","guid":{"rendered":"https:\/\/luchonoticias.com\/?p=39389"},"modified":"2022-11-13T13:56:30","modified_gmt":"2022-11-13T18:56:30","slug":"capturado-en-flagrancia-por-el-hurto-de-una-motocicleta-en-timana-huila","status":"publish","type":"post","link":"https:\/\/luchonoticias.com\/editor\/capturado-en-flagrancia-por-el-hurto-de-una-motocicleta-en-timana-huila\/","title":{"rendered":"Capturado en flagrancia por el hurto de una motocicleta en Timana, Huila"},"content":{"rendered":"\n<p>En planes de patrullaje, control y en atenci\u00f3n al llamado de la comunidad, uniformados del Modelo Nacional de Vigilancia Comunitaria por Cuadrantes de la estaci\u00f3n de Polic\u00eda Timan\u00e1, logran la captura de un hombre que momentos antes hab\u00eda hurtado una motocicleta.<\/p>\n\n\n\n<p>\u201cEl capturado identificado como Juan Diego Joaqu\u00edn Carvajal de 23 a\u00f1os de edad, fue sorprendido con la motocicleta hurtada intentando escapar del lugar\u201d, revelaron las autoridades en un comunicado.<\/p>\n\n\n\n<p>Finalmente, se conoci\u00f3 que las autoridades dejaron al implicado a disposici\u00f3n de la Fiscal\u00eda del municipio de Pitalito por el delito de hurto.<\/p>\n","protected":false},"excerpt":{"rendered":"<p>En planes de patrullaje, control y en atenci\u00f3n al llamado de la comunidad, uniformados del Modelo Nacional de Vigilancia Comunitaria por Cuadrantes de la estaci\u00f3n de Polic\u00eda Timan\u00e1, logran la captura de un hombre que momentos antes hab\u00eda hurtado una motocicleta. \u201cEl capturado identificado como Juan Diego Joaqu\u00edn Carvajal de 23 a\u00f1os de edad, fue [&hellip;]<\/p>\n","protected":false},"author":1,"featured_media":0,"comment_status":"open","ping_status":"open","sticky":false,"template":"","format":"standard","meta":{"footnotes":""},"categories":[36,29],"tags":[],"class_list":["post-39389","post","type-post","status-publish","format-standard","hentry","category-destacado","category-judicial"],"yoast_head":"<!-- This site is optimized with the Yoast SEO plugin v26.6 - https:\/\/yoast.com\/wordpress\/plugins\/seo\/ -->\n<title>Capturado en flagrancia por el hurto de una motocicleta en Timana, Huila -<\/title>\n<meta name=\"robots\" content=\"index, follow, max-snippet:-1, max-image-preview:large, max-video-preview:-1\" \/>\n<link rel=\"canonical\" href=\"https:\/\/luchonoticias.com\/editor\/capturado-en-flagrancia-por-el-hurto-de-una-motocicleta-en-timana-huila\/\" \/>\n<meta property=\"og:locale\" content=\"es_ES\" \/>\n<meta property=\"og:type\" content=\"article\" \/>\n<meta property=\"og:title\" content=\"Capturado en flagrancia por el hurto de una motocicleta en Timana, Huila -\" \/>\n<meta property=\"og:url\" content=\"https:\/\/luchonoticias.com\/editor\/capturado-en-flagrancia-por-el-hurto-de-una-motocicleta-en-timana-huila\/\" \/>\n<meta property=\"article:publisher\" content=\"https:\/\/www.facebook.com\/luchonoticiasneiva\" \/>\n<meta property=\"article:author\" content=\"https:\/\/www.facebook.com\/luchonoticiasneiva\" \/>\n<meta property=\"article:published_time\" content=\"2022-11-13T18:56:29+00:00\" \/>\n<meta property=\"article:modified_time\" content=\"2022-11-13T18:56:30+00:00\" \/>\n<meta name=\"author\" content=\"admin\" \/>\n<meta name=\"twitter:card\" content=\"summary_large_image\" \/>\n<meta name=\"twitter:label1\" content=\"Escrito por\" \/>\n\t<meta name=\"twitter:data1\" content=\"admin\" \/>\n\t<meta name=\"twitter:label2\" content=\"Tiempo de lectura\" \/>\n\t<meta name=\"twitter:data2\" content=\"1 minuto\" \/>\n<script type=\"application\/ld+json\" class=\"yoast-schema-graph\">{\"@context\":\"https:\/\/schema.org\",\"@graph\":[{\"@type\":\"Article\",\"@id\":\"https:\/\/luchonoticias.com\/editor\/capturado-en-flagrancia-por-el-hurto-de-una-motocicleta-en-timana-huila\/#article\",\"isPartOf\":{\"@id\":\"https:\/\/luchonoticias.com\/editor\/capturado-en-flagrancia-por-el-hurto-de-una-motocicleta-en-timana-huila\/\"},\"author\":{\"name\":\"admin\",\"@id\":\"https:\/\/luchonoticias.com\/editor\/#\/schema\/person\/7a7fd911f58561fd056dbac7b55af9cd\"},\"headline\":\"Capturado en flagrancia por el hurto de una motocicleta en Timana, Huila\",\"datePublished\":\"2022-11-13T18:56:29+00:00\",\"dateModified\":\"2022-11-13T18:56:30+00:00\",\"mainEntityOfPage\":{\"@id\":\"https:\/\/luchonoticias.com\/editor\/capturado-en-flagrancia-por-el-hurto-de-una-motocicleta-en-timana-huila\/\"},\"wordCount\":112,\"commentCount\":0,\"publisher\":{\"@id\":\"https:\/\/luchonoticias.com\/editor\/#\/schema\/person\/7a7fd911f58561fd056dbac7b55af9cd\"},\"articleSection\":[\"Destacado\",\"Judicial\"],\"inLanguage\":\"es\",\"potentialAction\":[{\"@type\":\"CommentAction\",\"name\":\"Comment\",\"target\":[\"https:\/\/luchonoticias.com\/editor\/capturado-en-flagrancia-por-el-hurto-de-una-motocicleta-en-timana-huila\/#respond\"]}]},{\"@type\":\"WebPage\",\"@id\":\"https:\/\/luchonoticias.com\/editor\/capturado-en-flagrancia-por-el-hurto-de-una-motocicleta-en-timana-huila\/\",\"url\":\"https:\/\/luchonoticias.com\/editor\/capturado-en-flagrancia-por-el-hurto-de-una-motocicleta-en-timana-huila\/\",\"name\":\"Capturado en flagrancia por el hurto de una motocicleta en Timana, Huila -\",\"isPartOf\":{\"@id\":\"https:\/\/luchonoticias.com\/editor\/#website\"},\"datePublished\":\"2022-11-13T18:56:29+00:00\",\"dateModified\":\"2022-11-13T18:56:30+00:00\",\"breadcrumb\":{\"@id\":\"https:\/\/luchonoticias.com\/editor\/capturado-en-flagrancia-por-el-hurto-de-una-motocicleta-en-timana-huila\/#breadcrumb\"},\"inLanguage\":\"es\",\"potentialAction\":[{\"@type\":\"ReadAction\",\"target\":[\"https:\/\/luchonoticias.com\/editor\/capturado-en-flagrancia-por-el-hurto-de-una-motocicleta-en-timana-huila\/\"]}]},{\"@type\":\"BreadcrumbList\",\"@id\":\"https:\/\/luchonoticias.com\/editor\/capturado-en-flagrancia-por-el-hurto-de-una-motocicleta-en-timana-huila\/#breadcrumb\",\"itemListElement\":[{\"@type\":\"ListItem\",\"position\":1,\"name\":\"Portada\",\"item\":\"https:\/\/luchonoticias.com\/editor\/\"},{\"@type\":\"ListItem\",\"position\":2,\"name\":\"Capturado en flagrancia por el hurto de una motocicleta en Timana, Huila\"}]},{\"@type\":\"WebSite\",\"@id\":\"https:\/\/luchonoticias.com\/editor\/#website\",\"url\":\"https:\/\/luchonoticias.com\/editor\/\",\"name\":\"\",\"description\":\"\",\"publisher\":{\"@id\":\"https:\/\/luchonoticias.com\/editor\/#\/schema\/person\/7a7fd911f58561fd056dbac7b55af9cd\"},\"potentialAction\":[{\"@type\":\"SearchAction\",\"target\":{\"@type\":\"EntryPoint\",\"urlTemplate\":\"https:\/\/luchonoticias.com\/editor\/?s={search_term_string}\"},\"query-input\":{\"@type\":\"PropertyValueSpecification\",\"valueRequired\":true,\"valueName\":\"search_term_string\"}}],\"inLanguage\":\"es\"},{\"@type\":[\"Person\",\"Organization\"],\"@id\":\"https:\/\/luchonoticias.com\/editor\/#\/schema\/person\/7a7fd911f58561fd056dbac7b55af9cd\",\"name\":\"admin\",\"image\":{\"@type\":\"ImageObject\",\"inLanguage\":\"es\",\"@id\":\"https:\/\/luchonoticias.com\/editor\/#\/schema\/person\/image\/\",\"url\":\"https:\/\/luchonoticias.com\/editor\/wp-content\/uploads\/2024\/02\/cropped-cropped-logolu.webp\",\"contentUrl\":\"https:\/\/luchonoticias.com\/editor\/wp-content\/uploads\/2024\/02\/cropped-cropped-logolu.webp\",\"width\":382,\"height\":170,\"caption\":\"admin\"},\"logo\":{\"@id\":\"https:\/\/luchonoticias.com\/editor\/#\/schema\/person\/image\/\"},\"sameAs\":[\"https:\/\/www.facebook.com\/luchonoticiasneiva\"],\"url\":\"https:\/\/luchonoticias.com\/editor\/author\/admin\/\"}]}<\/script>\n<!-- \/ Yoast SEO plugin. -->","yoast_head_json":{"title":"Capturado en flagrancia por el hurto de una motocicleta en Timana, Huila -","robots":{"index":"index","follow":"follow","max-snippet":"max-snippet:-1","max-image-preview":"max-image-preview:large","max-video-preview":"max-video-preview:-1"},"canonical":"https:\/\/luchonoticias.com\/editor\/capturado-en-flagrancia-por-el-hurto-de-una-motocicleta-en-timana-huila\/","og_locale":"es_ES","og_type":"article","og_title":"Capturado en flagrancia por el hurto de una motocicleta en Timana, Huila -","og_url":"https:\/\/luchonoticias.com\/editor\/capturado-en-flagrancia-por-el-hurto-de-una-motocicleta-en-timana-huila\/","article_publisher":"https:\/\/www.facebook.com\/luchonoticiasneiva","article_author":"https:\/\/www.facebook.com\/luchonoticiasneiva","article_published_time":"2022-11-13T18:56:29+00:00","article_modified_time":"2022-11-13T18:56:30+00:00","author":"admin","twitter_card":"summary_large_image","twitter_misc":{"Escrito por":"admin","Tiempo de lectura":"1 minuto"},"schema":{"@context":"https:\/\/schema.org","@graph":[{"@type":"Article","@id":"https:\/\/luchonoticias.com\/editor\/capturado-en-flagrancia-por-el-hurto-de-una-motocicleta-en-timana-huila\/#article","isPartOf":{"@id":"https:\/\/luchonoticias.com\/editor\/capturado-en-flagrancia-por-el-hurto-de-una-motocicleta-en-timana-huila\/"},"author":{"name":"admin","@id":"https:\/\/luchonoticias.com\/editor\/#\/schema\/person\/7a7fd911f58561fd056dbac7b55af9cd"},"headline":"Capturado en flagrancia por el hurto de una motocicleta en Timana, Huila","datePublished":"2022-11-13T18:56:29+00:00","dateModified":"2022-11-13T18:56:30+00:00","mainEntityOfPage":{"@id":"https:\/\/luchonoticias.com\/editor\/capturado-en-flagrancia-por-el-hurto-de-una-motocicleta-en-timana-huila\/"},"wordCount":112,"commentCount":0,"publisher":{"@id":"https:\/\/luchonoticias.com\/editor\/#\/schema\/person\/7a7fd911f58561fd056dbac7b55af9cd"},"articleSection":["Destacado","Judicial"],"inLanguage":"es","potentialAction":[{"@type":"CommentAction","name":"Comment","target":["https:\/\/luchonoticias.com\/editor\/capturado-en-flagrancia-por-el-hurto-de-una-motocicleta-en-timana-huila\/#respond"]}]},{"@type":"WebPage","@id":"https:\/\/luchonoticias.com\/editor\/capturado-en-flagrancia-por-el-hurto-de-una-motocicleta-en-timana-huila\/","url":"https:\/\/luchonoticias.com\/editor\/capturado-en-flagrancia-por-el-hurto-de-una-motocicleta-en-timana-huila\/","name":"Capturado en flagrancia por el hurto de una motocicleta en Timana, Huila -","isPartOf":{"@id":"https:\/\/luchonoticias.com\/editor\/#website"},"datePublished":"2022-11-13T18:56:29+00:00","dateModified":"2022-11-13T18:56:30+00:00","breadcrumb":{"@id":"https:\/\/luchonoticias.com\/editor\/capturado-en-flagrancia-por-el-hurto-de-una-motocicleta-en-timana-huila\/#breadcrumb"},"inLanguage":"es","potentialAction":[{"@type":"ReadAction","target":["https:\/\/luchonoticias.com\/editor\/capturado-en-flagrancia-por-el-hurto-de-una-motocicleta-en-timana-huila\/"]}]},{"@type":"BreadcrumbList","@id":"https:\/\/luchonoticias.com\/editor\/capturado-en-flagrancia-por-el-hurto-de-una-motocicleta-en-timana-huila\/#breadcrumb","itemListElement":[{"@type":"ListItem","position":1,"name":"Portada","item":"https:\/\/luchonoticias.com\/editor\/"},{"@type":"ListItem","position":2,"name":"Capturado en flagrancia por el hurto de una motocicleta en Timana, Huila"}]},{"@type":"WebSite","@id":"https:\/\/luchonoticias.com\/editor\/#website","url":"https:\/\/luchonoticias.com\/editor\/","name":"","description":"","publisher":{"@id":"https:\/\/luchonoticias.com\/editor\/#\/schema\/person\/7a7fd911f58561fd056dbac7b55af9cd"},"potentialAction":[{"@type":"SearchAction","target":{"@type":"EntryPoint","urlTemplate":"https:\/\/luchonoticias.com\/editor\/?s={search_term_string}"},"query-input":{"@type":"PropertyValueSpecification","valueRequired":true,"valueName":"search_term_string"}}],"inLanguage":"es"},{"@type":["Person","Organization"],"@id":"https:\/\/luchonoticias.com\/editor\/#\/schema\/person\/7a7fd911f58561fd056dbac7b55af9cd","name":"admin","image":{"@type":"ImageObject","inLanguage":"es","@id":"https:\/\/luchonoticias.com\/editor\/#\/schema\/person\/image\/","url":"https:\/\/luchonoticias.com\/editor\/wp-content\/uploads\/2024\/02\/cropped-cropped-logolu.webp","contentUrl":"https:\/\/luchonoticias.com\/editor\/wp-content\/uploads\/2024\/02\/cropped-cropped-logolu.webp","width":382,"height":170,"caption":"admin"},"logo":{"@id":"https:\/\/luchonoticias.com\/editor\/#\/schema\/person\/image\/"},"sameAs":["https:\/\/www.facebook.com\/luchonoticiasneiva"],"url":"https:\/\/luchonoticias.com\/editor\/author\/admin\/"}]}},"_links":{"self":[{"href":"https:\/\/luchonoticias.com\/editor\/wp-json\/wp\/v2\/posts\/39389","targetHints":{"allow":["GET"]}}],"collection":[{"href":"https:\/\/luchonoticias.com\/editor\/wp-json\/wp\/v2\/posts"}],"about":[{"href":"https:\/\/luchonoticias.com\/editor\/wp-json\/wp\/v2\/types\/post"}],"author":[{"embeddable":true,"href":"https:\/\/luchonoticias.com\/editor\/wp-json\/wp\/v2\/users\/1"}],"replies":[{"embeddable":true,"href":"https:\/\/luchonoticias.com\/editor\/wp-json\/wp\/v2\/comments?post=39389"}],"version-history":[{"count":0,"href":"https:\/\/luchonoticias.com\/editor\/wp-json\/wp\/v2\/posts\/39389\/revisions"}],"wp:attachment":[{"href":"https:\/\/luchonoticias.com\/editor\/wp-json\/wp\/v2\/media?parent=39389"}],"wp:term":[{"taxonomy":"category","embeddable":true,"href":"https:\/\/luchonoticias.com\/editor\/wp-json\/wp\/v2\/categories?post=39389"},{"taxonomy":"post_tag","embeddable":true,"href":"https:\/\/luchonoticias.com\/editor\/wp-json\/wp\/v2\/tags?post=39389"}],"curies":[{"name":"wp","href":"https:\/\/api.w.org\/{rel}","templated":true}]}}