{"id":39402,"date":"2022-11-14T06:31:19","date_gmt":"2022-11-14T11:31:19","guid":{"rendered":"https:\/\/luchonoticias.com\/?p=39402"},"modified":"2022-11-14T06:31:20","modified_gmt":"2022-11-14T11:31:20","slug":"declarada-calamidad-publica-en-bogota-por-emergencia-invernal","status":"publish","type":"post","link":"https:\/\/luchonoticias.com\/editor\/declarada-calamidad-publica-en-bogota-por-emergencia-invernal\/","title":{"rendered":"Declarada calamidad p\u00fablica en Bogot\u00e1 por emergencia invernal"},"content":{"rendered":"\n<p>A ra\u00edz de los recientes acontecimientos de emergencia por la ola invernal que se han presentado en la ciudad Bogot\u00e1, como en el resto del pa\u00eds, las cuales han generado gran afectaci\u00f3n de la movilidad, la salud, la integridad f\u00edsica de sus habitantes y da\u00f1os del mobiliarios, la alcaldesa Claudia L\u00f3pez ha tomado decisiones puntuales para mitigar posibles estados de emergencia.<\/p>\n\n\n\n<p>Ha declarado calamidad p\u00fablica en Bogot\u00e1 para atender con mayor celeridad la emergencia invernal; \u201cDeclaramos calamidad p\u00fablica por ola invernal. Eso nos permitir\u00e1 disponer todo lo necesario. Personalmente, el lunes a las 6:30 a.m. estar\u00e9 en la zona verificando todas las labores de prevenci\u00f3n y atenci\u00f3n de emergencias en el PMU, y a las 7:00 a.m. todos los equipos retomar\u00e1n su trabajo. Dejamos la noche anterior un equipo b\u00e1sico aqu\u00ed en el PMU de La Calera. Estamos trabajando 24\/7 en la atenci\u00f3n con IDIGER, Bomberos y equipos de la Unidad de Mantenimiento Vial\u201d, anunci\u00f3 la alcaldesa.<\/p>\n\n\n\n<figure class=\"wp-block-video\"><video controls src=\"https:\/\/luchonoticias.com\/wp-content\/uploads\/2022\/11\/315013322_685422709587007_6350948431645970271_n.mp4\"><\/video><\/figure>\n\n\n\n<p>L\u00f3pez agreg\u00f3 que la administraci\u00f3n ha logrado identificar 25 puntos de afectaci\u00f3n, 10 en Bogot\u00e1 y 15 en el municipio de la Calera. Las fuertes precipitaciones dejan hasta el momento dos personas fallecidas, identificadas como \u00c1ngela Patricia Pe\u00f1arete de 29 a\u00f1os y Alejandro Rodr\u00edguez 33 a\u00f1os y una persona desaparecida.<\/p>\n\n\n\n<p>Finalmente revel\u00f3 que por lo menos 43 familias se ha visto afectadas, a las cuales la administraci\u00f3n ha realizado un censo, se les ha suministrado agua y comida y se gest\u00f3 con la comunidad sitios de albergue temporales para atender y cuidar a los grupos familiares damnificados.<\/p>\n","protected":false},"excerpt":{"rendered":"<p>A ra\u00edz de los recientes acontecimientos de emergencia por la ola invernal que se han presentado en la ciudad Bogot\u00e1, como en el resto del pa\u00eds, las cuales han generado gran afectaci\u00f3n de la movilidad, la salud, la integridad f\u00edsica de sus habitantes y da\u00f1os del mobiliarios, la alcaldesa Claudia L\u00f3pez ha tomado decisiones puntuales [&hellip;]<\/p>\n","protected":false},"author":1,"featured_media":0,"comment_status":"open","ping_status":"open","sticky":false,"template":"","format":"standard","meta":{"footnotes":""},"categories":[28,36],"tags":[],"class_list":["post-39402","post","type-post","status-publish","format-standard","hentry","category-actualidad","category-destacado"],"yoast_head":"<!-- This site is optimized with the Yoast SEO plugin v26.6 - https:\/\/yoast.com\/wordpress\/plugins\/seo\/ -->\n<title>Declarada calamidad p\u00fablica en Bogot\u00e1 por emergencia invernal -<\/title>\n<meta name=\"robots\" content=\"index, follow, max-snippet:-1, max-image-preview:large, max-video-preview:-1\" \/>\n<link rel=\"canonical\" href=\"https:\/\/luchonoticias.com\/editor\/declarada-calamidad-publica-en-bogota-por-emergencia-invernal\/\" \/>\n<meta property=\"og:locale\" content=\"es_ES\" \/>\n<meta property=\"og:type\" content=\"article\" \/>\n<meta property=\"og:title\" content=\"Declarada calamidad p\u00fablica en Bogot\u00e1 por emergencia invernal -\" \/>\n<meta property=\"og:url\" content=\"https:\/\/luchonoticias.com\/editor\/declarada-calamidad-publica-en-bogota-por-emergencia-invernal\/\" \/>\n<meta property=\"article:publisher\" content=\"https:\/\/www.facebook.com\/luchonoticiasneiva\" \/>\n<meta property=\"article:author\" content=\"https:\/\/www.facebook.com\/luchonoticiasneiva\" \/>\n<meta property=\"article:published_time\" content=\"2022-11-14T11:31:19+00:00\" \/>\n<meta property=\"article:modified_time\" content=\"2022-11-14T11:31:20+00:00\" \/>\n<meta name=\"author\" content=\"admin\" \/>\n<meta name=\"twitter:card\" content=\"summary_large_image\" \/>\n<meta name=\"twitter:label1\" content=\"Escrito por\" \/>\n\t<meta name=\"twitter:data1\" content=\"admin\" \/>\n\t<meta name=\"twitter:label2\" content=\"Tiempo de lectura\" \/>\n\t<meta name=\"twitter:data2\" content=\"1 minuto\" \/>\n<script type=\"application\/ld+json\" class=\"yoast-schema-graph\">{\"@context\":\"https:\/\/schema.org\",\"@graph\":[{\"@type\":\"Article\",\"@id\":\"https:\/\/luchonoticias.com\/editor\/declarada-calamidad-publica-en-bogota-por-emergencia-invernal\/#article\",\"isPartOf\":{\"@id\":\"https:\/\/luchonoticias.com\/editor\/declarada-calamidad-publica-en-bogota-por-emergencia-invernal\/\"},\"author\":{\"name\":\"admin\",\"@id\":\"https:\/\/luchonoticias.com\/editor\/#\/schema\/person\/7a7fd911f58561fd056dbac7b55af9cd\"},\"headline\":\"Declarada calamidad p\u00fablica en Bogot\u00e1 por emergencia invernal\",\"datePublished\":\"2022-11-14T11:31:19+00:00\",\"dateModified\":\"2022-11-14T11:31:20+00:00\",\"mainEntityOfPage\":{\"@id\":\"https:\/\/luchonoticias.com\/editor\/declarada-calamidad-publica-en-bogota-por-emergencia-invernal\/\"},\"wordCount\":277,\"commentCount\":0,\"publisher\":{\"@id\":\"https:\/\/luchonoticias.com\/editor\/#\/schema\/person\/7a7fd911f58561fd056dbac7b55af9cd\"},\"articleSection\":[\"Actualidad\",\"Destacado\"],\"inLanguage\":\"es\",\"potentialAction\":[{\"@type\":\"CommentAction\",\"name\":\"Comment\",\"target\":[\"https:\/\/luchonoticias.com\/editor\/declarada-calamidad-publica-en-bogota-por-emergencia-invernal\/#respond\"]}]},{\"@type\":\"WebPage\",\"@id\":\"https:\/\/luchonoticias.com\/editor\/declarada-calamidad-publica-en-bogota-por-emergencia-invernal\/\",\"url\":\"https:\/\/luchonoticias.com\/editor\/declarada-calamidad-publica-en-bogota-por-emergencia-invernal\/\",\"name\":\"Declarada calamidad p\u00fablica en Bogot\u00e1 por emergencia invernal -\",\"isPartOf\":{\"@id\":\"https:\/\/luchonoticias.com\/editor\/#website\"},\"datePublished\":\"2022-11-14T11:31:19+00:00\",\"dateModified\":\"2022-11-14T11:31:20+00:00\",\"breadcrumb\":{\"@id\":\"https:\/\/luchonoticias.com\/editor\/declarada-calamidad-publica-en-bogota-por-emergencia-invernal\/#breadcrumb\"},\"inLanguage\":\"es\",\"potentialAction\":[{\"@type\":\"ReadAction\",\"target\":[\"https:\/\/luchonoticias.com\/editor\/declarada-calamidad-publica-en-bogota-por-emergencia-invernal\/\"]}]},{\"@type\":\"BreadcrumbList\",\"@id\":\"https:\/\/luchonoticias.com\/editor\/declarada-calamidad-publica-en-bogota-por-emergencia-invernal\/#breadcrumb\",\"itemListElement\":[{\"@type\":\"ListItem\",\"position\":1,\"name\":\"Portada\",\"item\":\"https:\/\/luchonoticias.com\/editor\/\"},{\"@type\":\"ListItem\",\"position\":2,\"name\":\"Declarada calamidad p\u00fablica en Bogot\u00e1 por emergencia invernal\"}]},{\"@type\":\"WebSite\",\"@id\":\"https:\/\/luchonoticias.com\/editor\/#website\",\"url\":\"https:\/\/luchonoticias.com\/editor\/\",\"name\":\"\",\"description\":\"\",\"publisher\":{\"@id\":\"https:\/\/luchonoticias.com\/editor\/#\/schema\/person\/7a7fd911f58561fd056dbac7b55af9cd\"},\"potentialAction\":[{\"@type\":\"SearchAction\",\"target\":{\"@type\":\"EntryPoint\",\"urlTemplate\":\"https:\/\/luchonoticias.com\/editor\/?s={search_term_string}\"},\"query-input\":{\"@type\":\"PropertyValueSpecification\",\"valueRequired\":true,\"valueName\":\"search_term_string\"}}],\"inLanguage\":\"es\"},{\"@type\":[\"Person\",\"Organization\"],\"@id\":\"https:\/\/luchonoticias.com\/editor\/#\/schema\/person\/7a7fd911f58561fd056dbac7b55af9cd\",\"name\":\"admin\",\"image\":{\"@type\":\"ImageObject\",\"inLanguage\":\"es\",\"@id\":\"https:\/\/luchonoticias.com\/editor\/#\/schema\/person\/image\/\",\"url\":\"https:\/\/luchonoticias.com\/editor\/wp-content\/uploads\/2024\/02\/cropped-cropped-logolu.webp\",\"contentUrl\":\"https:\/\/luchonoticias.com\/editor\/wp-content\/uploads\/2024\/02\/cropped-cropped-logolu.webp\",\"width\":382,\"height\":170,\"caption\":\"admin\"},\"logo\":{\"@id\":\"https:\/\/luchonoticias.com\/editor\/#\/schema\/person\/image\/\"},\"sameAs\":[\"https:\/\/www.facebook.com\/luchonoticiasneiva\"],\"url\":\"https:\/\/luchonoticias.com\/editor\/author\/admin\/\"}]}<\/script>\n<!-- \/ Yoast SEO plugin. -->","yoast_head_json":{"title":"Declarada calamidad p\u00fablica en Bogot\u00e1 por emergencia invernal -","robots":{"index":"index","follow":"follow","max-snippet":"max-snippet:-1","max-image-preview":"max-image-preview:large","max-video-preview":"max-video-preview:-1"},"canonical":"https:\/\/luchonoticias.com\/editor\/declarada-calamidad-publica-en-bogota-por-emergencia-invernal\/","og_locale":"es_ES","og_type":"article","og_title":"Declarada calamidad p\u00fablica en Bogot\u00e1 por emergencia invernal -","og_url":"https:\/\/luchonoticias.com\/editor\/declarada-calamidad-publica-en-bogota-por-emergencia-invernal\/","article_publisher":"https:\/\/www.facebook.com\/luchonoticiasneiva","article_author":"https:\/\/www.facebook.com\/luchonoticiasneiva","article_published_time":"2022-11-14T11:31:19+00:00","article_modified_time":"2022-11-14T11:31:20+00:00","author":"admin","twitter_card":"summary_large_image","twitter_misc":{"Escrito por":"admin","Tiempo de lectura":"1 minuto"},"schema":{"@context":"https:\/\/schema.org","@graph":[{"@type":"Article","@id":"https:\/\/luchonoticias.com\/editor\/declarada-calamidad-publica-en-bogota-por-emergencia-invernal\/#article","isPartOf":{"@id":"https:\/\/luchonoticias.com\/editor\/declarada-calamidad-publica-en-bogota-por-emergencia-invernal\/"},"author":{"name":"admin","@id":"https:\/\/luchonoticias.com\/editor\/#\/schema\/person\/7a7fd911f58561fd056dbac7b55af9cd"},"headline":"Declarada calamidad p\u00fablica en Bogot\u00e1 por emergencia invernal","datePublished":"2022-11-14T11:31:19+00:00","dateModified":"2022-11-14T11:31:20+00:00","mainEntityOfPage":{"@id":"https:\/\/luchonoticias.com\/editor\/declarada-calamidad-publica-en-bogota-por-emergencia-invernal\/"},"wordCount":277,"commentCount":0,"publisher":{"@id":"https:\/\/luchonoticias.com\/editor\/#\/schema\/person\/7a7fd911f58561fd056dbac7b55af9cd"},"articleSection":["Actualidad","Destacado"],"inLanguage":"es","potentialAction":[{"@type":"CommentAction","name":"Comment","target":["https:\/\/luchonoticias.com\/editor\/declarada-calamidad-publica-en-bogota-por-emergencia-invernal\/#respond"]}]},{"@type":"WebPage","@id":"https:\/\/luchonoticias.com\/editor\/declarada-calamidad-publica-en-bogota-por-emergencia-invernal\/","url":"https:\/\/luchonoticias.com\/editor\/declarada-calamidad-publica-en-bogota-por-emergencia-invernal\/","name":"Declarada calamidad p\u00fablica en Bogot\u00e1 por emergencia invernal -","isPartOf":{"@id":"https:\/\/luchonoticias.com\/editor\/#website"},"datePublished":"2022-11-14T11:31:19+00:00","dateModified":"2022-11-14T11:31:20+00:00","breadcrumb":{"@id":"https:\/\/luchonoticias.com\/editor\/declarada-calamidad-publica-en-bogota-por-emergencia-invernal\/#breadcrumb"},"inLanguage":"es","potentialAction":[{"@type":"ReadAction","target":["https:\/\/luchonoticias.com\/editor\/declarada-calamidad-publica-en-bogota-por-emergencia-invernal\/"]}]},{"@type":"BreadcrumbList","@id":"https:\/\/luchonoticias.com\/editor\/declarada-calamidad-publica-en-bogota-por-emergencia-invernal\/#breadcrumb","itemListElement":[{"@type":"ListItem","position":1,"name":"Portada","item":"https:\/\/luchonoticias.com\/editor\/"},{"@type":"ListItem","position":2,"name":"Declarada calamidad p\u00fablica en Bogot\u00e1 por emergencia invernal"}]},{"@type":"WebSite","@id":"https:\/\/luchonoticias.com\/editor\/#website","url":"https:\/\/luchonoticias.com\/editor\/","name":"","description":"","publisher":{"@id":"https:\/\/luchonoticias.com\/editor\/#\/schema\/person\/7a7fd911f58561fd056dbac7b55af9cd"},"potentialAction":[{"@type":"SearchAction","target":{"@type":"EntryPoint","urlTemplate":"https:\/\/luchonoticias.com\/editor\/?s={search_term_string}"},"query-input":{"@type":"PropertyValueSpecification","valueRequired":true,"valueName":"search_term_string"}}],"inLanguage":"es"},{"@type":["Person","Organization"],"@id":"https:\/\/luchonoticias.com\/editor\/#\/schema\/person\/7a7fd911f58561fd056dbac7b55af9cd","name":"admin","image":{"@type":"ImageObject","inLanguage":"es","@id":"https:\/\/luchonoticias.com\/editor\/#\/schema\/person\/image\/","url":"https:\/\/luchonoticias.com\/editor\/wp-content\/uploads\/2024\/02\/cropped-cropped-logolu.webp","contentUrl":"https:\/\/luchonoticias.com\/editor\/wp-content\/uploads\/2024\/02\/cropped-cropped-logolu.webp","width":382,"height":170,"caption":"admin"},"logo":{"@id":"https:\/\/luchonoticias.com\/editor\/#\/schema\/person\/image\/"},"sameAs":["https:\/\/www.facebook.com\/luchonoticiasneiva"],"url":"https:\/\/luchonoticias.com\/editor\/author\/admin\/"}]}},"_links":{"self":[{"href":"https:\/\/luchonoticias.com\/editor\/wp-json\/wp\/v2\/posts\/39402","targetHints":{"allow":["GET"]}}],"collection":[{"href":"https:\/\/luchonoticias.com\/editor\/wp-json\/wp\/v2\/posts"}],"about":[{"href":"https:\/\/luchonoticias.com\/editor\/wp-json\/wp\/v2\/types\/post"}],"author":[{"embeddable":true,"href":"https:\/\/luchonoticias.com\/editor\/wp-json\/wp\/v2\/users\/1"}],"replies":[{"embeddable":true,"href":"https:\/\/luchonoticias.com\/editor\/wp-json\/wp\/v2\/comments?post=39402"}],"version-history":[{"count":0,"href":"https:\/\/luchonoticias.com\/editor\/wp-json\/wp\/v2\/posts\/39402\/revisions"}],"wp:attachment":[{"href":"https:\/\/luchonoticias.com\/editor\/wp-json\/wp\/v2\/media?parent=39402"}],"wp:term":[{"taxonomy":"category","embeddable":true,"href":"https:\/\/luchonoticias.com\/editor\/wp-json\/wp\/v2\/categories?post=39402"},{"taxonomy":"post_tag","embeddable":true,"href":"https:\/\/luchonoticias.com\/editor\/wp-json\/wp\/v2\/tags?post=39402"}],"curies":[{"name":"wp","href":"https:\/\/api.w.org\/{rel}","templated":true}]}}