{"id":39412,"date":"2022-11-14T07:08:35","date_gmt":"2022-11-14T12:08:35","guid":{"rendered":"https:\/\/luchonoticias.com\/?p=39412"},"modified":"2022-11-14T08:33:45","modified_gmt":"2022-11-14T13:33:45","slug":"sofia-osio-luna-de-atlantico-se-corona-como-la-nueva-reina-senorita-colombia-2022","status":"publish","type":"post","link":"https:\/\/luchonoticias.com\/editor\/sofia-osio-luna-de-atlantico-se-corona-como-la-nueva-reina-senorita-colombia-2022\/","title":{"rendered":"Sof\u00eda Os\u00edo Luna, Se\u00f1orita Atl\u00e1ntico, nueva Reina Se\u00f1orita Colombia 2022"},"content":{"rendered":"\n<p>En la noche de este domingo 13 de noviembre se llev\u00f3 a cabo el Desfile de Elecci\u00f3n y Coronaci\u00f3n de la edici\u00f3n 88 del Reinado Nacional de Belleza en Cartagena de Indias.<\/p>\n\n\n\n<p>La nueva soberana de la belleza en Colombia, Sof\u00eda Os\u00edo, tiene 22 a\u00f1os y es Profesional en Marketing y Comunicaci\u00f3n de Moda del Instituto Europeo de Dise\u00f1o de Barcelona (Espa\u00f1a).<\/p>\n\n\n\n<p>\u201cQuiero agradecerle al Concurso Nacional de Belleza por su objetivo \u2018Belleza con Prop\u00f3sito\u2019, por demostrar que las mujeres somos mucho m\u00e1s que belleza, somos mujeres trabajadoras, luchadoras y valientes. Mi Sofia de peque\u00f1a no se podr\u00eda creer este sue\u00f1o cumplido. Es un orgullo representar a todos los colombianos y luchar por ellos\u201d, asegur\u00f3 la nueva Se\u00f1orita Colombia tras la coronaci\u00f3n.<\/p>\n\n\n\n<figure class=\"wp-block-image size-large\"><img decoding=\"async\" src=\"https:\/\/luchonoticias.com\/wp-content\/uploads\/2022\/11\/KWY3E54QSRBZRCMFBYTOMZNYPI-1024x554.png\" alt=\"\" class=\"wp-image-39414\"\/><\/figure>\n\n\n\n<p><strong>Virreina, primera y segunda princesa &nbsp;<\/strong><\/p>\n\n\n\n<p>Como virreina fue elegida se\u00f1orita Antioquia, Valentina Mar\u00eda Mora Trujillo, de 24 a\u00f1os de edad y comunicadora social de la universidad EAFIT de Medell\u00edn. Ella estar\u00e1 en Miss Internacional, concurso que se realizar\u00e1 el pr\u00f3ximo 13 de diciembre en Tokio (Jap\u00f3n).<\/p>\n\n\n\n<p>Mientras que la primera princesa fue la representante de Norte de Santander, Andrea Y\u00e1\u00f1ez Garc\u00eda, de 22 a\u00f1os y profesional en Comunicaci\u00f3n Corporativa y Relaciones P\u00fablicas de la Universidad Libre en C\u00facuta.<\/p>\n\n\n\n<p>Finalmente, los jurados escogieron a como segunda princesa a la se\u00f1orita Valle del Cauca, Juanita Urrea Posada, de 22 a\u00f1os y estudiante de noveno semestre de Ingenier\u00eda Industrial de la Universidad ICESI.<\/p>\n\n\n\n<p><strong>Representaci\u00f3n del Huila<\/strong><\/p>\n\n\n\n<p>Por otro lado, la se\u00f1orita Huila, Paula Alarc\u00f3n Vargas, gan\u00f3 la corona como la mujer con la belleza integral del Concurso Nacional que se celebr\u00f3 en la ciudad de Cartagena. El segundo lugar fue para la Se\u00f1orita Choc\u00f3, Sonia Cuestas, y el tercer puesto para Sof\u00eda Os\u00edo Luna, de Atl\u00e1ntico.<\/p>\n","protected":false},"excerpt":{"rendered":"<p>En la noche de este domingo 13 de noviembre se llev\u00f3 a cabo el Desfile de Elecci\u00f3n y Coronaci\u00f3n de la edici\u00f3n 88 del Reinado Nacional de Belleza en Cartagena de Indias. La nueva soberana de la belleza en Colombia, Sof\u00eda Os\u00edo, tiene 22 a\u00f1os y es Profesional en Marketing y Comunicaci\u00f3n de Moda del [&hellip;]<\/p>\n","protected":false},"author":1,"featured_media":0,"comment_status":"open","ping_status":"open","sticky":false,"template":"","format":"standard","meta":{"footnotes":""},"categories":[28,36],"tags":[],"class_list":["post-39412","post","type-post","status-publish","format-standard","hentry","category-actualidad","category-destacado"],"yoast_head":"<!-- This site is optimized with the Yoast SEO plugin v26.6 - https:\/\/yoast.com\/wordpress\/plugins\/seo\/ -->\n<title>Sof\u00eda Os\u00edo Luna, Se\u00f1orita Atl\u00e1ntico, nueva Reina Se\u00f1orita Colombia 2022 -<\/title>\n<meta name=\"robots\" content=\"index, follow, max-snippet:-1, max-image-preview:large, max-video-preview:-1\" \/>\n<link rel=\"canonical\" href=\"https:\/\/luchonoticias.com\/editor\/sofia-osio-luna-de-atlantico-se-corona-como-la-nueva-reina-senorita-colombia-2022\/\" \/>\n<meta property=\"og:locale\" content=\"es_ES\" \/>\n<meta property=\"og:type\" content=\"article\" \/>\n<meta property=\"og:title\" content=\"Sof\u00eda Os\u00edo Luna, Se\u00f1orita Atl\u00e1ntico, nueva Reina Se\u00f1orita Colombia 2022 -\" \/>\n<meta property=\"og:url\" content=\"https:\/\/luchonoticias.com\/editor\/sofia-osio-luna-de-atlantico-se-corona-como-la-nueva-reina-senorita-colombia-2022\/\" \/>\n<meta property=\"article:publisher\" content=\"https:\/\/www.facebook.com\/luchonoticiasneiva\" \/>\n<meta property=\"article:author\" content=\"https:\/\/www.facebook.com\/luchonoticiasneiva\" \/>\n<meta property=\"article:published_time\" content=\"2022-11-14T12:08:35+00:00\" \/>\n<meta property=\"article:modified_time\" content=\"2022-11-14T13:33:45+00:00\" \/>\n<meta property=\"og:image\" content=\"https:\/\/luchonoticias.com\/wp-content\/uploads\/2022\/11\/KWY3E54QSRBZRCMFBYTOMZNYPI-1024x554.png\" \/>\n<meta name=\"author\" content=\"admin\" \/>\n<meta name=\"twitter:card\" content=\"summary_large_image\" \/>\n<meta name=\"twitter:label1\" content=\"Escrito por\" \/>\n\t<meta name=\"twitter:data1\" content=\"admin\" \/>\n\t<meta name=\"twitter:label2\" content=\"Tiempo de lectura\" \/>\n\t<meta name=\"twitter:data2\" content=\"2 minutos\" \/>\n<script type=\"application\/ld+json\" class=\"yoast-schema-graph\">{\"@context\":\"https:\/\/schema.org\",\"@graph\":[{\"@type\":\"Article\",\"@id\":\"https:\/\/luchonoticias.com\/editor\/sofia-osio-luna-de-atlantico-se-corona-como-la-nueva-reina-senorita-colombia-2022\/#article\",\"isPartOf\":{\"@id\":\"https:\/\/luchonoticias.com\/editor\/sofia-osio-luna-de-atlantico-se-corona-como-la-nueva-reina-senorita-colombia-2022\/\"},\"author\":{\"name\":\"admin\",\"@id\":\"https:\/\/luchonoticias.com\/editor\/#\/schema\/person\/7a7fd911f58561fd056dbac7b55af9cd\"},\"headline\":\"Sof\u00eda Os\u00edo Luna, Se\u00f1orita Atl\u00e1ntico, nueva Reina Se\u00f1orita Colombia 2022\",\"datePublished\":\"2022-11-14T12:08:35+00:00\",\"dateModified\":\"2022-11-14T13:33:45+00:00\",\"mainEntityOfPage\":{\"@id\":\"https:\/\/luchonoticias.com\/editor\/sofia-osio-luna-de-atlantico-se-corona-como-la-nueva-reina-senorita-colombia-2022\/\"},\"wordCount\":331,\"commentCount\":0,\"publisher\":{\"@id\":\"https:\/\/luchonoticias.com\/editor\/#\/schema\/person\/7a7fd911f58561fd056dbac7b55af9cd\"},\"image\":{\"@id\":\"https:\/\/luchonoticias.com\/editor\/sofia-osio-luna-de-atlantico-se-corona-como-la-nueva-reina-senorita-colombia-2022\/#primaryimage\"},\"thumbnailUrl\":\"https:\/\/luchonoticias.com\/wp-content\/uploads\/2022\/11\/KWY3E54QSRBZRCMFBYTOMZNYPI-1024x554.png\",\"articleSection\":[\"Actualidad\",\"Destacado\"],\"inLanguage\":\"es\",\"potentialAction\":[{\"@type\":\"CommentAction\",\"name\":\"Comment\",\"target\":[\"https:\/\/luchonoticias.com\/editor\/sofia-osio-luna-de-atlantico-se-corona-como-la-nueva-reina-senorita-colombia-2022\/#respond\"]}]},{\"@type\":\"WebPage\",\"@id\":\"https:\/\/luchonoticias.com\/editor\/sofia-osio-luna-de-atlantico-se-corona-como-la-nueva-reina-senorita-colombia-2022\/\",\"url\":\"https:\/\/luchonoticias.com\/editor\/sofia-osio-luna-de-atlantico-se-corona-como-la-nueva-reina-senorita-colombia-2022\/\",\"name\":\"Sof\u00eda Os\u00edo Luna, Se\u00f1orita Atl\u00e1ntico, nueva Reina Se\u00f1orita Colombia 2022 -\",\"isPartOf\":{\"@id\":\"https:\/\/luchonoticias.com\/editor\/#website\"},\"primaryImageOfPage\":{\"@id\":\"https:\/\/luchonoticias.com\/editor\/sofia-osio-luna-de-atlantico-se-corona-como-la-nueva-reina-senorita-colombia-2022\/#primaryimage\"},\"image\":{\"@id\":\"https:\/\/luchonoticias.com\/editor\/sofia-osio-luna-de-atlantico-se-corona-como-la-nueva-reina-senorita-colombia-2022\/#primaryimage\"},\"thumbnailUrl\":\"https:\/\/luchonoticias.com\/wp-content\/uploads\/2022\/11\/KWY3E54QSRBZRCMFBYTOMZNYPI-1024x554.png\",\"datePublished\":\"2022-11-14T12:08:35+00:00\",\"dateModified\":\"2022-11-14T13:33:45+00:00\",\"breadcrumb\":{\"@id\":\"https:\/\/luchonoticias.com\/editor\/sofia-osio-luna-de-atlantico-se-corona-como-la-nueva-reina-senorita-colombia-2022\/#breadcrumb\"},\"inLanguage\":\"es\",\"potentialAction\":[{\"@type\":\"ReadAction\",\"target\":[\"https:\/\/luchonoticias.com\/editor\/sofia-osio-luna-de-atlantico-se-corona-como-la-nueva-reina-senorita-colombia-2022\/\"]}]},{\"@type\":\"ImageObject\",\"inLanguage\":\"es\",\"@id\":\"https:\/\/luchonoticias.com\/editor\/sofia-osio-luna-de-atlantico-se-corona-como-la-nueva-reina-senorita-colombia-2022\/#primaryimage\",\"url\":\"https:\/\/luchonoticias.com\/wp-content\/uploads\/2022\/11\/KWY3E54QSRBZRCMFBYTOMZNYPI-1024x554.png\",\"contentUrl\":\"https:\/\/luchonoticias.com\/wp-content\/uploads\/2022\/11\/KWY3E54QSRBZRCMFBYTOMZNYPI-1024x554.png\"},{\"@type\":\"BreadcrumbList\",\"@id\":\"https:\/\/luchonoticias.com\/editor\/sofia-osio-luna-de-atlantico-se-corona-como-la-nueva-reina-senorita-colombia-2022\/#breadcrumb\",\"itemListElement\":[{\"@type\":\"ListItem\",\"position\":1,\"name\":\"Portada\",\"item\":\"https:\/\/luchonoticias.com\/editor\/\"},{\"@type\":\"ListItem\",\"position\":2,\"name\":\"Sof\u00eda Os\u00edo Luna, Se\u00f1orita Atl\u00e1ntico, nueva Reina Se\u00f1orita Colombia 2022\"}]},{\"@type\":\"WebSite\",\"@id\":\"https:\/\/luchonoticias.com\/editor\/#website\",\"url\":\"https:\/\/luchonoticias.com\/editor\/\",\"name\":\"\",\"description\":\"\",\"publisher\":{\"@id\":\"https:\/\/luchonoticias.com\/editor\/#\/schema\/person\/7a7fd911f58561fd056dbac7b55af9cd\"},\"potentialAction\":[{\"@type\":\"SearchAction\",\"target\":{\"@type\":\"EntryPoint\",\"urlTemplate\":\"https:\/\/luchonoticias.com\/editor\/?s={search_term_string}\"},\"query-input\":{\"@type\":\"PropertyValueSpecification\",\"valueRequired\":true,\"valueName\":\"search_term_string\"}}],\"inLanguage\":\"es\"},{\"@type\":[\"Person\",\"Organization\"],\"@id\":\"https:\/\/luchonoticias.com\/editor\/#\/schema\/person\/7a7fd911f58561fd056dbac7b55af9cd\",\"name\":\"admin\",\"image\":{\"@type\":\"ImageObject\",\"inLanguage\":\"es\",\"@id\":\"https:\/\/luchonoticias.com\/editor\/#\/schema\/person\/image\/\",\"url\":\"https:\/\/luchonoticias.com\/editor\/wp-content\/uploads\/2024\/02\/cropped-cropped-logolu.webp\",\"contentUrl\":\"https:\/\/luchonoticias.com\/editor\/wp-content\/uploads\/2024\/02\/cropped-cropped-logolu.webp\",\"width\":382,\"height\":170,\"caption\":\"admin\"},\"logo\":{\"@id\":\"https:\/\/luchonoticias.com\/editor\/#\/schema\/person\/image\/\"},\"sameAs\":[\"https:\/\/www.facebook.com\/luchonoticiasneiva\"],\"url\":\"https:\/\/luchonoticias.com\/editor\/author\/admin\/\"}]}<\/script>\n<!-- \/ Yoast SEO plugin. -->","yoast_head_json":{"title":"Sof\u00eda Os\u00edo Luna, Se\u00f1orita Atl\u00e1ntico, nueva Reina Se\u00f1orita Colombia 2022 -","robots":{"index":"index","follow":"follow","max-snippet":"max-snippet:-1","max-image-preview":"max-image-preview:large","max-video-preview":"max-video-preview:-1"},"canonical":"https:\/\/luchonoticias.com\/editor\/sofia-osio-luna-de-atlantico-se-corona-como-la-nueva-reina-senorita-colombia-2022\/","og_locale":"es_ES","og_type":"article","og_title":"Sof\u00eda Os\u00edo Luna, Se\u00f1orita Atl\u00e1ntico, nueva Reina Se\u00f1orita Colombia 2022 -","og_url":"https:\/\/luchonoticias.com\/editor\/sofia-osio-luna-de-atlantico-se-corona-como-la-nueva-reina-senorita-colombia-2022\/","article_publisher":"https:\/\/www.facebook.com\/luchonoticiasneiva","article_author":"https:\/\/www.facebook.com\/luchonoticiasneiva","article_published_time":"2022-11-14T12:08:35+00:00","article_modified_time":"2022-11-14T13:33:45+00:00","og_image":[{"url":"https:\/\/luchonoticias.com\/wp-content\/uploads\/2022\/11\/KWY3E54QSRBZRCMFBYTOMZNYPI-1024x554.png","type":"","width":"","height":""}],"author":"admin","twitter_card":"summary_large_image","twitter_misc":{"Escrito por":"admin","Tiempo de lectura":"2 minutos"},"schema":{"@context":"https:\/\/schema.org","@graph":[{"@type":"Article","@id":"https:\/\/luchonoticias.com\/editor\/sofia-osio-luna-de-atlantico-se-corona-como-la-nueva-reina-senorita-colombia-2022\/#article","isPartOf":{"@id":"https:\/\/luchonoticias.com\/editor\/sofia-osio-luna-de-atlantico-se-corona-como-la-nueva-reina-senorita-colombia-2022\/"},"author":{"name":"admin","@id":"https:\/\/luchonoticias.com\/editor\/#\/schema\/person\/7a7fd911f58561fd056dbac7b55af9cd"},"headline":"Sof\u00eda Os\u00edo Luna, Se\u00f1orita Atl\u00e1ntico, nueva Reina Se\u00f1orita Colombia 2022","datePublished":"2022-11-14T12:08:35+00:00","dateModified":"2022-11-14T13:33:45+00:00","mainEntityOfPage":{"@id":"https:\/\/luchonoticias.com\/editor\/sofia-osio-luna-de-atlantico-se-corona-como-la-nueva-reina-senorita-colombia-2022\/"},"wordCount":331,"commentCount":0,"publisher":{"@id":"https:\/\/luchonoticias.com\/editor\/#\/schema\/person\/7a7fd911f58561fd056dbac7b55af9cd"},"image":{"@id":"https:\/\/luchonoticias.com\/editor\/sofia-osio-luna-de-atlantico-se-corona-como-la-nueva-reina-senorita-colombia-2022\/#primaryimage"},"thumbnailUrl":"https:\/\/luchonoticias.com\/wp-content\/uploads\/2022\/11\/KWY3E54QSRBZRCMFBYTOMZNYPI-1024x554.png","articleSection":["Actualidad","Destacado"],"inLanguage":"es","potentialAction":[{"@type":"CommentAction","name":"Comment","target":["https:\/\/luchonoticias.com\/editor\/sofia-osio-luna-de-atlantico-se-corona-como-la-nueva-reina-senorita-colombia-2022\/#respond"]}]},{"@type":"WebPage","@id":"https:\/\/luchonoticias.com\/editor\/sofia-osio-luna-de-atlantico-se-corona-como-la-nueva-reina-senorita-colombia-2022\/","url":"https:\/\/luchonoticias.com\/editor\/sofia-osio-luna-de-atlantico-se-corona-como-la-nueva-reina-senorita-colombia-2022\/","name":"Sof\u00eda Os\u00edo Luna, Se\u00f1orita Atl\u00e1ntico, nueva Reina Se\u00f1orita Colombia 2022 -","isPartOf":{"@id":"https:\/\/luchonoticias.com\/editor\/#website"},"primaryImageOfPage":{"@id":"https:\/\/luchonoticias.com\/editor\/sofia-osio-luna-de-atlantico-se-corona-como-la-nueva-reina-senorita-colombia-2022\/#primaryimage"},"image":{"@id":"https:\/\/luchonoticias.com\/editor\/sofia-osio-luna-de-atlantico-se-corona-como-la-nueva-reina-senorita-colombia-2022\/#primaryimage"},"thumbnailUrl":"https:\/\/luchonoticias.com\/wp-content\/uploads\/2022\/11\/KWY3E54QSRBZRCMFBYTOMZNYPI-1024x554.png","datePublished":"2022-11-14T12:08:35+00:00","dateModified":"2022-11-14T13:33:45+00:00","breadcrumb":{"@id":"https:\/\/luchonoticias.com\/editor\/sofia-osio-luna-de-atlantico-se-corona-como-la-nueva-reina-senorita-colombia-2022\/#breadcrumb"},"inLanguage":"es","potentialAction":[{"@type":"ReadAction","target":["https:\/\/luchonoticias.com\/editor\/sofia-osio-luna-de-atlantico-se-corona-como-la-nueva-reina-senorita-colombia-2022\/"]}]},{"@type":"ImageObject","inLanguage":"es","@id":"https:\/\/luchonoticias.com\/editor\/sofia-osio-luna-de-atlantico-se-corona-como-la-nueva-reina-senorita-colombia-2022\/#primaryimage","url":"https:\/\/luchonoticias.com\/wp-content\/uploads\/2022\/11\/KWY3E54QSRBZRCMFBYTOMZNYPI-1024x554.png","contentUrl":"https:\/\/luchonoticias.com\/wp-content\/uploads\/2022\/11\/KWY3E54QSRBZRCMFBYTOMZNYPI-1024x554.png"},{"@type":"BreadcrumbList","@id":"https:\/\/luchonoticias.com\/editor\/sofia-osio-luna-de-atlantico-se-corona-como-la-nueva-reina-senorita-colombia-2022\/#breadcrumb","itemListElement":[{"@type":"ListItem","position":1,"name":"Portada","item":"https:\/\/luchonoticias.com\/editor\/"},{"@type":"ListItem","position":2,"name":"Sof\u00eda Os\u00edo Luna, Se\u00f1orita Atl\u00e1ntico, nueva Reina Se\u00f1orita Colombia 2022"}]},{"@type":"WebSite","@id":"https:\/\/luchonoticias.com\/editor\/#website","url":"https:\/\/luchonoticias.com\/editor\/","name":"","description":"","publisher":{"@id":"https:\/\/luchonoticias.com\/editor\/#\/schema\/person\/7a7fd911f58561fd056dbac7b55af9cd"},"potentialAction":[{"@type":"SearchAction","target":{"@type":"EntryPoint","urlTemplate":"https:\/\/luchonoticias.com\/editor\/?s={search_term_string}"},"query-input":{"@type":"PropertyValueSpecification","valueRequired":true,"valueName":"search_term_string"}}],"inLanguage":"es"},{"@type":["Person","Organization"],"@id":"https:\/\/luchonoticias.com\/editor\/#\/schema\/person\/7a7fd911f58561fd056dbac7b55af9cd","name":"admin","image":{"@type":"ImageObject","inLanguage":"es","@id":"https:\/\/luchonoticias.com\/editor\/#\/schema\/person\/image\/","url":"https:\/\/luchonoticias.com\/editor\/wp-content\/uploads\/2024\/02\/cropped-cropped-logolu.webp","contentUrl":"https:\/\/luchonoticias.com\/editor\/wp-content\/uploads\/2024\/02\/cropped-cropped-logolu.webp","width":382,"height":170,"caption":"admin"},"logo":{"@id":"https:\/\/luchonoticias.com\/editor\/#\/schema\/person\/image\/"},"sameAs":["https:\/\/www.facebook.com\/luchonoticiasneiva"],"url":"https:\/\/luchonoticias.com\/editor\/author\/admin\/"}]}},"_links":{"self":[{"href":"https:\/\/luchonoticias.com\/editor\/wp-json\/wp\/v2\/posts\/39412","targetHints":{"allow":["GET"]}}],"collection":[{"href":"https:\/\/luchonoticias.com\/editor\/wp-json\/wp\/v2\/posts"}],"about":[{"href":"https:\/\/luchonoticias.com\/editor\/wp-json\/wp\/v2\/types\/post"}],"author":[{"embeddable":true,"href":"https:\/\/luchonoticias.com\/editor\/wp-json\/wp\/v2\/users\/1"}],"replies":[{"embeddable":true,"href":"https:\/\/luchonoticias.com\/editor\/wp-json\/wp\/v2\/comments?post=39412"}],"version-history":[{"count":0,"href":"https:\/\/luchonoticias.com\/editor\/wp-json\/wp\/v2\/posts\/39412\/revisions"}],"wp:attachment":[{"href":"https:\/\/luchonoticias.com\/editor\/wp-json\/wp\/v2\/media?parent=39412"}],"wp:term":[{"taxonomy":"category","embeddable":true,"href":"https:\/\/luchonoticias.com\/editor\/wp-json\/wp\/v2\/categories?post=39412"},{"taxonomy":"post_tag","embeddable":true,"href":"https:\/\/luchonoticias.com\/editor\/wp-json\/wp\/v2\/tags?post=39412"}],"curies":[{"name":"wp","href":"https:\/\/api.w.org\/{rel}","templated":true}]}}