{"id":39454,"date":"2022-11-15T07:00:41","date_gmt":"2022-11-15T12:00:41","guid":{"rendered":"https:\/\/luchonoticias.com\/?p=39454"},"modified":"2022-11-15T07:00:42","modified_gmt":"2022-11-15T12:00:42","slug":"delegacion-de-barranquilla-visito-a-neiva-para-conocer-experiencia-sobre-paz-y-derechos-humanos","status":"publish","type":"post","link":"https:\/\/luchonoticias.com\/editor\/delegacion-de-barranquilla-visito-a-neiva-para-conocer-experiencia-sobre-paz-y-derechos-humanos\/","title":{"rendered":"Delegaci\u00f3n de Barranquilla visit\u00f3 a Neiva para conocer experiencia sobre paz y derechos humanos"},"content":{"rendered":"\n<p>Neiva recibi\u00f3 a la delegaci\u00f3n de la Alcald\u00eda de Barranquilla e intercambi\u00f3 experiencias sobre los procesos que se adelantan desde la Secretar\u00eda de Paz y Derechos Humanos de la Administraci\u00f3n Municipal, que lidera el alcalde Gorky Mu\u00f1oz Calder\u00f3n, en pro de la poblaci\u00f3n v\u00edctima del conflicto armado en Colombia.<\/p>\n\n\n\n<p>\u201cVienen prestos a escuchar todas las acciones que adelanta el municipio de Neiva en cuanto a la atenci\u00f3n a la poblaci\u00f3n v\u00edctima, procesos de memoria hist\u00f3rica e implementaci\u00f3n de la Pol\u00edtica P\u00fablica de Paz y Reconciliaci\u00f3n, Derechos Humanos y Convivencia\u201d, coment\u00f3 la secretaria de Paz y Derechos Humanos, Smith Duarte Cano.<\/p>\n\n\n\n<p>A\u00f1adi\u00f3 la funcionaria, que este espacio de intercambio de saberes, le permite al municipio dar a conocer los procesos relevantes e importantes que se construyen de la mano de la poblaci\u00f3n v\u00edctima, para la implementaci\u00f3n de los acuerdos de paz.<\/p>\n\n\n\n<figure class=\"wp-block-gallery has-nested-images columns-default is-cropped wp-block-gallery-1 is-layout-flex wp-block-gallery-is-layout-flex\">\n<figure class=\"wp-block-image size-large\"><img decoding=\"async\" data-id=\"39456\" src=\"https:\/\/luchonoticias.com\/wp-content\/uploads\/2022\/11\/WhatsApp-Image-2022-11-14-at-6.28.58-PM-1-1024x768.jpeg\" alt=\"\" class=\"wp-image-39456\"\/><\/figure>\n\n\n\n<figure class=\"wp-block-image size-large\"><img decoding=\"async\" data-id=\"39457\" src=\"https:\/\/luchonoticias.com\/wp-content\/uploads\/2022\/11\/WhatsApp-Image-2022-11-14-at-6.28.58-PM-1024x768.jpeg\" alt=\"\" class=\"wp-image-39457\"\/><\/figure>\n\n\n\n<figure class=\"wp-block-image size-large\"><img decoding=\"async\" data-id=\"39458\" src=\"https:\/\/luchonoticias.com\/wp-content\/uploads\/2022\/11\/WhatsApp-Image-2022-11-14-at-6.28.57-PM-2-1024x768.jpeg\" alt=\"\" class=\"wp-image-39458\"\/><\/figure>\n<\/figure>\n\n\n\n<p><strong>Miradas a Neiva<\/strong><\/p>\n\n\n\n<p>Por otro lado, Marinela Figueredo, enlace Distrital de V\u00edctimas, profesional especializado de la Alcald\u00eda Distrital de Barranquilla, adscrita a la Secretar\u00eda de Gesti\u00f3n Social, indic\u00f3 que los motivos por los cuales fijaron sus miradas hacia la Administraci\u00f3n Municipal \u2018Primero Neiva\u2019, se deben, principalmente, a las acciones de memoria hist\u00f3rica que se est\u00e1n desarrollando en la capital del r\u00edo Magdalena.<\/p>\n\n\n\n<p>\u201cNos interes\u00f3 y llam\u00f3 la atenci\u00f3n, b\u00e1sicamente, las acciones de memoria que viene desarrollando el territorio: \u201cQuien no conoce su historia est\u00e1 irremediablemente condenado a repetirla\u201d. Y en la medida en que fortalecemos las acciones de memoria, nos permite disminuir los riesgos para que esto no siga ocurriendo dentro de nuestro pa\u00eds\u201d, agreg\u00f3 la funcionaria de la Alcald\u00eda de Barranquilla.<\/p>\n\n\n\n<p><strong>Cementerio Central, una ejemplo a seguir<\/strong><\/p>\n\n\n\n<p>Por su parte, Andrea Riquet de la Salas, asesora de la Secretar\u00eda de Gesti\u00f3n Social de Barranquilla y l\u00edder del componente de Prevenci\u00f3n del Reclutamiento Forzado en Ni\u00f1os, Ni\u00f1as y Adolescentes, destac\u00f3 el acompa\u00f1amiento que Neiva ha tenido con la Justicia Especial para la Paz, JEP, en cuanto a las medidas cautelares decretadas en el Cementerio Central para proteger los cuerpos que podr\u00edan corresponder a v\u00edctimas de desaparici\u00f3n forzada del conflicto armado.<\/p>\n\n\n\n<p>\u201cLa verdad es que llegamos con muchas expectativas y todas han sido superadas. Hemos encontrado que ustedes (Neiva) tienen mucho desarrollo en algunos temas que son para nosotros de muchos retos, as\u00ed que nos vamos con mucho aprendizaje\u201d, manifest\u00f3 Riquet.<\/p>\n\n\n\n<p><\/p>\n\n\n\n<figure class=\"wp-block-gallery has-nested-images columns-default is-cropped wp-block-gallery-2 is-layout-flex wp-block-gallery-is-layout-flex\">\n<figure class=\"wp-block-image size-large\"><img decoding=\"async\" data-id=\"39459\" src=\"https:\/\/luchonoticias.com\/wp-content\/uploads\/2022\/11\/WhatsApp-Image-2022-11-14-at-6.28.57-PM-1-1024x768.jpeg\" alt=\"\" class=\"wp-image-39459\"\/><\/figure>\n\n\n\n<figure class=\"wp-block-image size-large\"><img decoding=\"async\" data-id=\"39460\" src=\"https:\/\/luchonoticias.com\/wp-content\/uploads\/2022\/11\/WhatsApp-Image-2022-11-14-at-6.28.56-PM-1024x768.jpeg\" alt=\"\" class=\"wp-image-39460\"\/><\/figure>\n<\/figure>\n\n\n\n<p><strong>Otras din\u00e1micas<\/strong><\/p>\n\n\n\n<p>Finalmente, Johan Sebasti\u00e1n Angarita Hern\u00e1ndez, l\u00edder del Proyecto de Participaci\u00f3n Efectiva de Ni\u00f1os, Ni\u00f1as, Adolescentes y j\u00f3venes de la Alcald\u00eda de Barranquilla, expres\u00f3 que esta experiencia enriquece los procesos para favorecer a las v\u00edctimas.<\/p>\n\n\n\n<p>\u201cLa misionalidad de nosotros est\u00e1 dada a la construcci\u00f3n de paz y la reparaci\u00f3n de las v\u00edctimas del conflicto armado y a pesar de que vivimos en el mismo pa\u00eds, las din\u00e1micas en los territorios son completamente diferentes. A la Regi\u00f3n Caribe el conflicto la ha afectado de una manera en especial, pero ac\u00e1 en el interior, tambi\u00e9n ha sido muy particular sus din\u00e1micas\u201d, puntualiz\u00f3.<\/p>\n","protected":false},"excerpt":{"rendered":"<p>Neiva recibi\u00f3 a la delegaci\u00f3n de la Alcald\u00eda de Barranquilla e intercambi\u00f3 experiencias sobre los procesos que se adelantan desde la Secretar\u00eda de Paz y Derechos Humanos de la Administraci\u00f3n Municipal, que lidera el alcalde Gorky Mu\u00f1oz Calder\u00f3n, en pro de la poblaci\u00f3n v\u00edctima del conflicto armado en Colombia. \u201cVienen prestos a escuchar todas las [&hellip;]<\/p>\n","protected":false},"author":1,"featured_media":0,"comment_status":"open","ping_status":"open","sticky":false,"template":"","format":"standard","meta":{"footnotes":""},"categories":[36,31],"tags":[],"class_list":["post-39454","post","type-post","status-publish","format-standard","hentry","category-destacado","category-local"],"yoast_head":"<!-- This site is optimized with the Yoast SEO plugin v26.6 - https:\/\/yoast.com\/wordpress\/plugins\/seo\/ -->\n<title>Delegaci\u00f3n de Barranquilla visit\u00f3 a Neiva para conocer experiencia sobre paz y derechos humanos -<\/title>\n<meta name=\"robots\" content=\"index, follow, max-snippet:-1, max-image-preview:large, max-video-preview:-1\" \/>\n<link rel=\"canonical\" href=\"https:\/\/luchonoticias.com\/editor\/delegacion-de-barranquilla-visito-a-neiva-para-conocer-experiencia-sobre-paz-y-derechos-humanos\/\" \/>\n<meta property=\"og:locale\" content=\"es_ES\" \/>\n<meta property=\"og:type\" content=\"article\" \/>\n<meta property=\"og:title\" content=\"Delegaci\u00f3n de Barranquilla visit\u00f3 a Neiva para conocer experiencia sobre paz y derechos humanos -\" \/>\n<meta property=\"og:url\" content=\"https:\/\/luchonoticias.com\/editor\/delegacion-de-barranquilla-visito-a-neiva-para-conocer-experiencia-sobre-paz-y-derechos-humanos\/\" \/>\n<meta property=\"article:publisher\" content=\"https:\/\/www.facebook.com\/luchonoticiasneiva\" \/>\n<meta property=\"article:author\" content=\"https:\/\/www.facebook.com\/luchonoticiasneiva\" \/>\n<meta property=\"article:published_time\" content=\"2022-11-15T12:00:41+00:00\" \/>\n<meta property=\"article:modified_time\" content=\"2022-11-15T12:00:42+00:00\" \/>\n<meta property=\"og:image\" content=\"https:\/\/luchonoticias.com\/wp-content\/uploads\/2022\/11\/WhatsApp-Image-2022-11-14-at-6.28.58-PM-1-1024x768.jpeg\" \/>\n<meta name=\"author\" content=\"admin\" \/>\n<meta name=\"twitter:card\" content=\"summary_large_image\" \/>\n<meta name=\"twitter:label1\" content=\"Escrito por\" \/>\n\t<meta name=\"twitter:data1\" content=\"admin\" \/>\n\t<meta name=\"twitter:label2\" content=\"Tiempo de lectura\" \/>\n\t<meta name=\"twitter:data2\" content=\"3 minutos\" \/>\n<script type=\"application\/ld+json\" class=\"yoast-schema-graph\">{\"@context\":\"https:\/\/schema.org\",\"@graph\":[{\"@type\":\"Article\",\"@id\":\"https:\/\/luchonoticias.com\/editor\/delegacion-de-barranquilla-visito-a-neiva-para-conocer-experiencia-sobre-paz-y-derechos-humanos\/#article\",\"isPartOf\":{\"@id\":\"https:\/\/luchonoticias.com\/editor\/delegacion-de-barranquilla-visito-a-neiva-para-conocer-experiencia-sobre-paz-y-derechos-humanos\/\"},\"author\":{\"name\":\"admin\",\"@id\":\"https:\/\/luchonoticias.com\/editor\/#\/schema\/person\/7a7fd911f58561fd056dbac7b55af9cd\"},\"headline\":\"Delegaci\u00f3n de Barranquilla visit\u00f3 a Neiva para conocer experiencia sobre paz y derechos humanos\",\"datePublished\":\"2022-11-15T12:00:41+00:00\",\"dateModified\":\"2022-11-15T12:00:42+00:00\",\"mainEntityOfPage\":{\"@id\":\"https:\/\/luchonoticias.com\/editor\/delegacion-de-barranquilla-visito-a-neiva-para-conocer-experiencia-sobre-paz-y-derechos-humanos\/\"},\"wordCount\":556,\"commentCount\":0,\"publisher\":{\"@id\":\"https:\/\/luchonoticias.com\/editor\/#\/schema\/person\/7a7fd911f58561fd056dbac7b55af9cd\"},\"image\":{\"@id\":\"https:\/\/luchonoticias.com\/editor\/delegacion-de-barranquilla-visito-a-neiva-para-conocer-experiencia-sobre-paz-y-derechos-humanos\/#primaryimage\"},\"thumbnailUrl\":\"https:\/\/luchonoticias.com\/wp-content\/uploads\/2022\/11\/WhatsApp-Image-2022-11-14-at-6.28.58-PM-1-1024x768.jpeg\",\"articleSection\":[\"Destacado\",\"Local\"],\"inLanguage\":\"es\",\"potentialAction\":[{\"@type\":\"CommentAction\",\"name\":\"Comment\",\"target\":[\"https:\/\/luchonoticias.com\/editor\/delegacion-de-barranquilla-visito-a-neiva-para-conocer-experiencia-sobre-paz-y-derechos-humanos\/#respond\"]}]},{\"@type\":\"WebPage\",\"@id\":\"https:\/\/luchonoticias.com\/editor\/delegacion-de-barranquilla-visito-a-neiva-para-conocer-experiencia-sobre-paz-y-derechos-humanos\/\",\"url\":\"https:\/\/luchonoticias.com\/editor\/delegacion-de-barranquilla-visito-a-neiva-para-conocer-experiencia-sobre-paz-y-derechos-humanos\/\",\"name\":\"Delegaci\u00f3n de Barranquilla visit\u00f3 a Neiva para conocer experiencia sobre paz y derechos humanos -\",\"isPartOf\":{\"@id\":\"https:\/\/luchonoticias.com\/editor\/#website\"},\"primaryImageOfPage\":{\"@id\":\"https:\/\/luchonoticias.com\/editor\/delegacion-de-barranquilla-visito-a-neiva-para-conocer-experiencia-sobre-paz-y-derechos-humanos\/#primaryimage\"},\"image\":{\"@id\":\"https:\/\/luchonoticias.com\/editor\/delegacion-de-barranquilla-visito-a-neiva-para-conocer-experiencia-sobre-paz-y-derechos-humanos\/#primaryimage\"},\"thumbnailUrl\":\"https:\/\/luchonoticias.com\/wp-content\/uploads\/2022\/11\/WhatsApp-Image-2022-11-14-at-6.28.58-PM-1-1024x768.jpeg\",\"datePublished\":\"2022-11-15T12:00:41+00:00\",\"dateModified\":\"2022-11-15T12:00:42+00:00\",\"breadcrumb\":{\"@id\":\"https:\/\/luchonoticias.com\/editor\/delegacion-de-barranquilla-visito-a-neiva-para-conocer-experiencia-sobre-paz-y-derechos-humanos\/#breadcrumb\"},\"inLanguage\":\"es\",\"potentialAction\":[{\"@type\":\"ReadAction\",\"target\":[\"https:\/\/luchonoticias.com\/editor\/delegacion-de-barranquilla-visito-a-neiva-para-conocer-experiencia-sobre-paz-y-derechos-humanos\/\"]}]},{\"@type\":\"ImageObject\",\"inLanguage\":\"es\",\"@id\":\"https:\/\/luchonoticias.com\/editor\/delegacion-de-barranquilla-visito-a-neiva-para-conocer-experiencia-sobre-paz-y-derechos-humanos\/#primaryimage\",\"url\":\"https:\/\/luchonoticias.com\/wp-content\/uploads\/2022\/11\/WhatsApp-Image-2022-11-14-at-6.28.58-PM-1-1024x768.jpeg\",\"contentUrl\":\"https:\/\/luchonoticias.com\/wp-content\/uploads\/2022\/11\/WhatsApp-Image-2022-11-14-at-6.28.58-PM-1-1024x768.jpeg\"},{\"@type\":\"BreadcrumbList\",\"@id\":\"https:\/\/luchonoticias.com\/editor\/delegacion-de-barranquilla-visito-a-neiva-para-conocer-experiencia-sobre-paz-y-derechos-humanos\/#breadcrumb\",\"itemListElement\":[{\"@type\":\"ListItem\",\"position\":1,\"name\":\"Portada\",\"item\":\"https:\/\/luchonoticias.com\/editor\/\"},{\"@type\":\"ListItem\",\"position\":2,\"name\":\"Delegaci\u00f3n de Barranquilla visit\u00f3 a Neiva para conocer experiencia sobre paz y derechos humanos\"}]},{\"@type\":\"WebSite\",\"@id\":\"https:\/\/luchonoticias.com\/editor\/#website\",\"url\":\"https:\/\/luchonoticias.com\/editor\/\",\"name\":\"\",\"description\":\"\",\"publisher\":{\"@id\":\"https:\/\/luchonoticias.com\/editor\/#\/schema\/person\/7a7fd911f58561fd056dbac7b55af9cd\"},\"potentialAction\":[{\"@type\":\"SearchAction\",\"target\":{\"@type\":\"EntryPoint\",\"urlTemplate\":\"https:\/\/luchonoticias.com\/editor\/?s={search_term_string}\"},\"query-input\":{\"@type\":\"PropertyValueSpecification\",\"valueRequired\":true,\"valueName\":\"search_term_string\"}}],\"inLanguage\":\"es\"},{\"@type\":[\"Person\",\"Organization\"],\"@id\":\"https:\/\/luchonoticias.com\/editor\/#\/schema\/person\/7a7fd911f58561fd056dbac7b55af9cd\",\"name\":\"admin\",\"image\":{\"@type\":\"ImageObject\",\"inLanguage\":\"es\",\"@id\":\"https:\/\/luchonoticias.com\/editor\/#\/schema\/person\/image\/\",\"url\":\"https:\/\/luchonoticias.com\/editor\/wp-content\/uploads\/2024\/02\/cropped-cropped-logolu.webp\",\"contentUrl\":\"https:\/\/luchonoticias.com\/editor\/wp-content\/uploads\/2024\/02\/cropped-cropped-logolu.webp\",\"width\":382,\"height\":170,\"caption\":\"admin\"},\"logo\":{\"@id\":\"https:\/\/luchonoticias.com\/editor\/#\/schema\/person\/image\/\"},\"sameAs\":[\"https:\/\/www.facebook.com\/luchonoticiasneiva\"],\"url\":\"https:\/\/luchonoticias.com\/editor\/author\/admin\/\"}]}<\/script>\n<!-- \/ Yoast SEO plugin. -->","yoast_head_json":{"title":"Delegaci\u00f3n de Barranquilla visit\u00f3 a Neiva para conocer experiencia sobre paz y derechos humanos -","robots":{"index":"index","follow":"follow","max-snippet":"max-snippet:-1","max-image-preview":"max-image-preview:large","max-video-preview":"max-video-preview:-1"},"canonical":"https:\/\/luchonoticias.com\/editor\/delegacion-de-barranquilla-visito-a-neiva-para-conocer-experiencia-sobre-paz-y-derechos-humanos\/","og_locale":"es_ES","og_type":"article","og_title":"Delegaci\u00f3n de Barranquilla visit\u00f3 a Neiva para conocer experiencia sobre paz y derechos humanos -","og_url":"https:\/\/luchonoticias.com\/editor\/delegacion-de-barranquilla-visito-a-neiva-para-conocer-experiencia-sobre-paz-y-derechos-humanos\/","article_publisher":"https:\/\/www.facebook.com\/luchonoticiasneiva","article_author":"https:\/\/www.facebook.com\/luchonoticiasneiva","article_published_time":"2022-11-15T12:00:41+00:00","article_modified_time":"2022-11-15T12:00:42+00:00","og_image":[{"url":"https:\/\/luchonoticias.com\/wp-content\/uploads\/2022\/11\/WhatsApp-Image-2022-11-14-at-6.28.58-PM-1-1024x768.jpeg","type":"","width":"","height":""}],"author":"admin","twitter_card":"summary_large_image","twitter_misc":{"Escrito por":"admin","Tiempo de lectura":"3 minutos"},"schema":{"@context":"https:\/\/schema.org","@graph":[{"@type":"Article","@id":"https:\/\/luchonoticias.com\/editor\/delegacion-de-barranquilla-visito-a-neiva-para-conocer-experiencia-sobre-paz-y-derechos-humanos\/#article","isPartOf":{"@id":"https:\/\/luchonoticias.com\/editor\/delegacion-de-barranquilla-visito-a-neiva-para-conocer-experiencia-sobre-paz-y-derechos-humanos\/"},"author":{"name":"admin","@id":"https:\/\/luchonoticias.com\/editor\/#\/schema\/person\/7a7fd911f58561fd056dbac7b55af9cd"},"headline":"Delegaci\u00f3n de Barranquilla visit\u00f3 a Neiva para conocer experiencia sobre paz y derechos humanos","datePublished":"2022-11-15T12:00:41+00:00","dateModified":"2022-11-15T12:00:42+00:00","mainEntityOfPage":{"@id":"https:\/\/luchonoticias.com\/editor\/delegacion-de-barranquilla-visito-a-neiva-para-conocer-experiencia-sobre-paz-y-derechos-humanos\/"},"wordCount":556,"commentCount":0,"publisher":{"@id":"https:\/\/luchonoticias.com\/editor\/#\/schema\/person\/7a7fd911f58561fd056dbac7b55af9cd"},"image":{"@id":"https:\/\/luchonoticias.com\/editor\/delegacion-de-barranquilla-visito-a-neiva-para-conocer-experiencia-sobre-paz-y-derechos-humanos\/#primaryimage"},"thumbnailUrl":"https:\/\/luchonoticias.com\/wp-content\/uploads\/2022\/11\/WhatsApp-Image-2022-11-14-at-6.28.58-PM-1-1024x768.jpeg","articleSection":["Destacado","Local"],"inLanguage":"es","potentialAction":[{"@type":"CommentAction","name":"Comment","target":["https:\/\/luchonoticias.com\/editor\/delegacion-de-barranquilla-visito-a-neiva-para-conocer-experiencia-sobre-paz-y-derechos-humanos\/#respond"]}]},{"@type":"WebPage","@id":"https:\/\/luchonoticias.com\/editor\/delegacion-de-barranquilla-visito-a-neiva-para-conocer-experiencia-sobre-paz-y-derechos-humanos\/","url":"https:\/\/luchonoticias.com\/editor\/delegacion-de-barranquilla-visito-a-neiva-para-conocer-experiencia-sobre-paz-y-derechos-humanos\/","name":"Delegaci\u00f3n de Barranquilla visit\u00f3 a Neiva para conocer experiencia sobre paz y derechos humanos -","isPartOf":{"@id":"https:\/\/luchonoticias.com\/editor\/#website"},"primaryImageOfPage":{"@id":"https:\/\/luchonoticias.com\/editor\/delegacion-de-barranquilla-visito-a-neiva-para-conocer-experiencia-sobre-paz-y-derechos-humanos\/#primaryimage"},"image":{"@id":"https:\/\/luchonoticias.com\/editor\/delegacion-de-barranquilla-visito-a-neiva-para-conocer-experiencia-sobre-paz-y-derechos-humanos\/#primaryimage"},"thumbnailUrl":"https:\/\/luchonoticias.com\/wp-content\/uploads\/2022\/11\/WhatsApp-Image-2022-11-14-at-6.28.58-PM-1-1024x768.jpeg","datePublished":"2022-11-15T12:00:41+00:00","dateModified":"2022-11-15T12:00:42+00:00","breadcrumb":{"@id":"https:\/\/luchonoticias.com\/editor\/delegacion-de-barranquilla-visito-a-neiva-para-conocer-experiencia-sobre-paz-y-derechos-humanos\/#breadcrumb"},"inLanguage":"es","potentialAction":[{"@type":"ReadAction","target":["https:\/\/luchonoticias.com\/editor\/delegacion-de-barranquilla-visito-a-neiva-para-conocer-experiencia-sobre-paz-y-derechos-humanos\/"]}]},{"@type":"ImageObject","inLanguage":"es","@id":"https:\/\/luchonoticias.com\/editor\/delegacion-de-barranquilla-visito-a-neiva-para-conocer-experiencia-sobre-paz-y-derechos-humanos\/#primaryimage","url":"https:\/\/luchonoticias.com\/wp-content\/uploads\/2022\/11\/WhatsApp-Image-2022-11-14-at-6.28.58-PM-1-1024x768.jpeg","contentUrl":"https:\/\/luchonoticias.com\/wp-content\/uploads\/2022\/11\/WhatsApp-Image-2022-11-14-at-6.28.58-PM-1-1024x768.jpeg"},{"@type":"BreadcrumbList","@id":"https:\/\/luchonoticias.com\/editor\/delegacion-de-barranquilla-visito-a-neiva-para-conocer-experiencia-sobre-paz-y-derechos-humanos\/#breadcrumb","itemListElement":[{"@type":"ListItem","position":1,"name":"Portada","item":"https:\/\/luchonoticias.com\/editor\/"},{"@type":"ListItem","position":2,"name":"Delegaci\u00f3n de Barranquilla visit\u00f3 a Neiva para conocer experiencia sobre paz y derechos humanos"}]},{"@type":"WebSite","@id":"https:\/\/luchonoticias.com\/editor\/#website","url":"https:\/\/luchonoticias.com\/editor\/","name":"","description":"","publisher":{"@id":"https:\/\/luchonoticias.com\/editor\/#\/schema\/person\/7a7fd911f58561fd056dbac7b55af9cd"},"potentialAction":[{"@type":"SearchAction","target":{"@type":"EntryPoint","urlTemplate":"https:\/\/luchonoticias.com\/editor\/?s={search_term_string}"},"query-input":{"@type":"PropertyValueSpecification","valueRequired":true,"valueName":"search_term_string"}}],"inLanguage":"es"},{"@type":["Person","Organization"],"@id":"https:\/\/luchonoticias.com\/editor\/#\/schema\/person\/7a7fd911f58561fd056dbac7b55af9cd","name":"admin","image":{"@type":"ImageObject","inLanguage":"es","@id":"https:\/\/luchonoticias.com\/editor\/#\/schema\/person\/image\/","url":"https:\/\/luchonoticias.com\/editor\/wp-content\/uploads\/2024\/02\/cropped-cropped-logolu.webp","contentUrl":"https:\/\/luchonoticias.com\/editor\/wp-content\/uploads\/2024\/02\/cropped-cropped-logolu.webp","width":382,"height":170,"caption":"admin"},"logo":{"@id":"https:\/\/luchonoticias.com\/editor\/#\/schema\/person\/image\/"},"sameAs":["https:\/\/www.facebook.com\/luchonoticiasneiva"],"url":"https:\/\/luchonoticias.com\/editor\/author\/admin\/"}]}},"_links":{"self":[{"href":"https:\/\/luchonoticias.com\/editor\/wp-json\/wp\/v2\/posts\/39454","targetHints":{"allow":["GET"]}}],"collection":[{"href":"https:\/\/luchonoticias.com\/editor\/wp-json\/wp\/v2\/posts"}],"about":[{"href":"https:\/\/luchonoticias.com\/editor\/wp-json\/wp\/v2\/types\/post"}],"author":[{"embeddable":true,"href":"https:\/\/luchonoticias.com\/editor\/wp-json\/wp\/v2\/users\/1"}],"replies":[{"embeddable":true,"href":"https:\/\/luchonoticias.com\/editor\/wp-json\/wp\/v2\/comments?post=39454"}],"version-history":[{"count":0,"href":"https:\/\/luchonoticias.com\/editor\/wp-json\/wp\/v2\/posts\/39454\/revisions"}],"wp:attachment":[{"href":"https:\/\/luchonoticias.com\/editor\/wp-json\/wp\/v2\/media?parent=39454"}],"wp:term":[{"taxonomy":"category","embeddable":true,"href":"https:\/\/luchonoticias.com\/editor\/wp-json\/wp\/v2\/categories?post=39454"},{"taxonomy":"post_tag","embeddable":true,"href":"https:\/\/luchonoticias.com\/editor\/wp-json\/wp\/v2\/tags?post=39454"}],"curies":[{"name":"wp","href":"https:\/\/api.w.org\/{rel}","templated":true}]}}