{"id":39470,"date":"2022-11-15T07:18:59","date_gmt":"2022-11-15T12:18:59","guid":{"rendered":"https:\/\/luchonoticias.com\/?p=39470"},"modified":"2022-11-15T07:19:00","modified_gmt":"2022-11-15T12:19:00","slug":"gobierno-nacional-presentara-hoy-el-plan-de-desarrollo-colombia-potencia-mundial-de-la-vida","status":"publish","type":"post","link":"https:\/\/luchonoticias.com\/editor\/gobierno-nacional-presentara-hoy-el-plan-de-desarrollo-colombia-potencia-mundial-de-la-vida\/","title":{"rendered":"Gobierno Nacional presentar\u00e1 hoy el Plan de Desarrollo Colombia Potencia Mundial de la Vida"},"content":{"rendered":"\n<p>As\u00ed lo indic\u00f3 el Ministro Prada, vocero del Gobierno Nacional, al t\u00e9rmino del Comit\u00e9 de Ola Invernal, que se reuni\u00f3 en la Casa de Nari\u00f1o, bajo la direcci\u00f3n del Presidente Gustavo Petro.<\/p>\n\n\n\n<p>El encuentro efectuado en la sede presidencial se hizo seguimiento a la Declaratoria de Desastre Nacional, efectuada el pasado 1\u00b0 de noviembre, a ra\u00edz de la ola invernal ocasionada por el Fen\u00f3meno de la Ni\u00f1a.<\/p>\n\n\n\n<p>El Ministro del Interior precis\u00f3 que las acciones se est\u00e1n adoptando en el marco del Plan de Desarrollo Colombia Potencia Mundial de la Vida, \u201cque presentaremos precisamente el d\u00eda de ma\u00f1ana ante el Consejo Nacional de Planeaci\u00f3n y lo radicaremos a las 3:00 de la tarde en el Congreso Nacional, para que comience el debate nacional alrededor del Plan de Desarrollo\u201d.<\/p>\n\n\n\n<p>Las bases del Plan de Desarrollo se analizaron el pasado domingo en la reuni\u00f3n del Consejo Nacional de Pol\u00edtica Econ\u00f3mica y Social (Conpes), liderado por el Jefe de Estado.<\/p>\n","protected":false},"excerpt":{"rendered":"<p>As\u00ed lo indic\u00f3 el Ministro Prada, vocero del Gobierno Nacional, al t\u00e9rmino del Comit\u00e9 de Ola Invernal, que se reuni\u00f3 en la Casa de Nari\u00f1o, bajo la direcci\u00f3n del Presidente Gustavo Petro. El encuentro efectuado en la sede presidencial se hizo seguimiento a la Declaratoria de Desastre Nacional, efectuada el pasado 1\u00b0 de noviembre, a [&hellip;]<\/p>\n","protected":false},"author":1,"featured_media":0,"comment_status":"open","ping_status":"open","sticky":false,"template":"","format":"standard","meta":{"footnotes":""},"categories":[36,32],"tags":[],"class_list":["post-39470","post","type-post","status-publish","format-standard","hentry","category-destacado","category-nacional"],"yoast_head":"<!-- This site is optimized with the Yoast SEO plugin v26.6 - https:\/\/yoast.com\/wordpress\/plugins\/seo\/ -->\n<title>Gobierno Nacional presentar\u00e1 hoy el Plan de Desarrollo Colombia Potencia Mundial de la Vida -<\/title>\n<meta name=\"robots\" content=\"index, follow, max-snippet:-1, max-image-preview:large, max-video-preview:-1\" \/>\n<link rel=\"canonical\" href=\"https:\/\/luchonoticias.com\/editor\/gobierno-nacional-presentara-hoy-el-plan-de-desarrollo-colombia-potencia-mundial-de-la-vida\/\" \/>\n<meta property=\"og:locale\" content=\"es_ES\" \/>\n<meta property=\"og:type\" content=\"article\" \/>\n<meta property=\"og:title\" content=\"Gobierno Nacional presentar\u00e1 hoy el Plan de Desarrollo Colombia Potencia Mundial de la Vida -\" \/>\n<meta property=\"og:url\" content=\"https:\/\/luchonoticias.com\/editor\/gobierno-nacional-presentara-hoy-el-plan-de-desarrollo-colombia-potencia-mundial-de-la-vida\/\" \/>\n<meta property=\"article:publisher\" content=\"https:\/\/www.facebook.com\/luchonoticiasneiva\" \/>\n<meta property=\"article:author\" content=\"https:\/\/www.facebook.com\/luchonoticiasneiva\" \/>\n<meta property=\"article:published_time\" content=\"2022-11-15T12:18:59+00:00\" \/>\n<meta property=\"article:modified_time\" content=\"2022-11-15T12:19:00+00:00\" \/>\n<meta name=\"author\" content=\"admin\" \/>\n<meta name=\"twitter:card\" content=\"summary_large_image\" \/>\n<meta name=\"twitter:label1\" content=\"Escrito por\" \/>\n\t<meta name=\"twitter:data1\" content=\"admin\" \/>\n\t<meta name=\"twitter:label2\" content=\"Tiempo de lectura\" \/>\n\t<meta name=\"twitter:data2\" content=\"1 minuto\" \/>\n<script type=\"application\/ld+json\" class=\"yoast-schema-graph\">{\"@context\":\"https:\/\/schema.org\",\"@graph\":[{\"@type\":\"Article\",\"@id\":\"https:\/\/luchonoticias.com\/editor\/gobierno-nacional-presentara-hoy-el-plan-de-desarrollo-colombia-potencia-mundial-de-la-vida\/#article\",\"isPartOf\":{\"@id\":\"https:\/\/luchonoticias.com\/editor\/gobierno-nacional-presentara-hoy-el-plan-de-desarrollo-colombia-potencia-mundial-de-la-vida\/\"},\"author\":{\"name\":\"admin\",\"@id\":\"https:\/\/luchonoticias.com\/editor\/#\/schema\/person\/7a7fd911f58561fd056dbac7b55af9cd\"},\"headline\":\"Gobierno Nacional presentar\u00e1 hoy el Plan de Desarrollo Colombia Potencia Mundial de la Vida\",\"datePublished\":\"2022-11-15T12:18:59+00:00\",\"dateModified\":\"2022-11-15T12:19:00+00:00\",\"mainEntityOfPage\":{\"@id\":\"https:\/\/luchonoticias.com\/editor\/gobierno-nacional-presentara-hoy-el-plan-de-desarrollo-colombia-potencia-mundial-de-la-vida\/\"},\"wordCount\":182,\"commentCount\":0,\"publisher\":{\"@id\":\"https:\/\/luchonoticias.com\/editor\/#\/schema\/person\/7a7fd911f58561fd056dbac7b55af9cd\"},\"articleSection\":[\"Destacado\",\"Nacional\"],\"inLanguage\":\"es\",\"potentialAction\":[{\"@type\":\"CommentAction\",\"name\":\"Comment\",\"target\":[\"https:\/\/luchonoticias.com\/editor\/gobierno-nacional-presentara-hoy-el-plan-de-desarrollo-colombia-potencia-mundial-de-la-vida\/#respond\"]}]},{\"@type\":\"WebPage\",\"@id\":\"https:\/\/luchonoticias.com\/editor\/gobierno-nacional-presentara-hoy-el-plan-de-desarrollo-colombia-potencia-mundial-de-la-vida\/\",\"url\":\"https:\/\/luchonoticias.com\/editor\/gobierno-nacional-presentara-hoy-el-plan-de-desarrollo-colombia-potencia-mundial-de-la-vida\/\",\"name\":\"Gobierno Nacional presentar\u00e1 hoy el Plan de Desarrollo Colombia Potencia Mundial de la Vida -\",\"isPartOf\":{\"@id\":\"https:\/\/luchonoticias.com\/editor\/#website\"},\"datePublished\":\"2022-11-15T12:18:59+00:00\",\"dateModified\":\"2022-11-15T12:19:00+00:00\",\"breadcrumb\":{\"@id\":\"https:\/\/luchonoticias.com\/editor\/gobierno-nacional-presentara-hoy-el-plan-de-desarrollo-colombia-potencia-mundial-de-la-vida\/#breadcrumb\"},\"inLanguage\":\"es\",\"potentialAction\":[{\"@type\":\"ReadAction\",\"target\":[\"https:\/\/luchonoticias.com\/editor\/gobierno-nacional-presentara-hoy-el-plan-de-desarrollo-colombia-potencia-mundial-de-la-vida\/\"]}]},{\"@type\":\"BreadcrumbList\",\"@id\":\"https:\/\/luchonoticias.com\/editor\/gobierno-nacional-presentara-hoy-el-plan-de-desarrollo-colombia-potencia-mundial-de-la-vida\/#breadcrumb\",\"itemListElement\":[{\"@type\":\"ListItem\",\"position\":1,\"name\":\"Portada\",\"item\":\"https:\/\/luchonoticias.com\/editor\/\"},{\"@type\":\"ListItem\",\"position\":2,\"name\":\"Gobierno Nacional presentar\u00e1 hoy el Plan de Desarrollo Colombia Potencia Mundial de la Vida\"}]},{\"@type\":\"WebSite\",\"@id\":\"https:\/\/luchonoticias.com\/editor\/#website\",\"url\":\"https:\/\/luchonoticias.com\/editor\/\",\"name\":\"\",\"description\":\"\",\"publisher\":{\"@id\":\"https:\/\/luchonoticias.com\/editor\/#\/schema\/person\/7a7fd911f58561fd056dbac7b55af9cd\"},\"potentialAction\":[{\"@type\":\"SearchAction\",\"target\":{\"@type\":\"EntryPoint\",\"urlTemplate\":\"https:\/\/luchonoticias.com\/editor\/?s={search_term_string}\"},\"query-input\":{\"@type\":\"PropertyValueSpecification\",\"valueRequired\":true,\"valueName\":\"search_term_string\"}}],\"inLanguage\":\"es\"},{\"@type\":[\"Person\",\"Organization\"],\"@id\":\"https:\/\/luchonoticias.com\/editor\/#\/schema\/person\/7a7fd911f58561fd056dbac7b55af9cd\",\"name\":\"admin\",\"image\":{\"@type\":\"ImageObject\",\"inLanguage\":\"es\",\"@id\":\"https:\/\/luchonoticias.com\/editor\/#\/schema\/person\/image\/\",\"url\":\"https:\/\/luchonoticias.com\/editor\/wp-content\/uploads\/2024\/02\/cropped-cropped-logolu.webp\",\"contentUrl\":\"https:\/\/luchonoticias.com\/editor\/wp-content\/uploads\/2024\/02\/cropped-cropped-logolu.webp\",\"width\":382,\"height\":170,\"caption\":\"admin\"},\"logo\":{\"@id\":\"https:\/\/luchonoticias.com\/editor\/#\/schema\/person\/image\/\"},\"sameAs\":[\"https:\/\/www.facebook.com\/luchonoticiasneiva\"],\"url\":\"https:\/\/luchonoticias.com\/editor\/author\/admin\/\"}]}<\/script>\n<!-- \/ Yoast SEO plugin. -->","yoast_head_json":{"title":"Gobierno Nacional presentar\u00e1 hoy el Plan de Desarrollo Colombia Potencia Mundial de la Vida -","robots":{"index":"index","follow":"follow","max-snippet":"max-snippet:-1","max-image-preview":"max-image-preview:large","max-video-preview":"max-video-preview:-1"},"canonical":"https:\/\/luchonoticias.com\/editor\/gobierno-nacional-presentara-hoy-el-plan-de-desarrollo-colombia-potencia-mundial-de-la-vida\/","og_locale":"es_ES","og_type":"article","og_title":"Gobierno Nacional presentar\u00e1 hoy el Plan de Desarrollo Colombia Potencia Mundial de la Vida -","og_url":"https:\/\/luchonoticias.com\/editor\/gobierno-nacional-presentara-hoy-el-plan-de-desarrollo-colombia-potencia-mundial-de-la-vida\/","article_publisher":"https:\/\/www.facebook.com\/luchonoticiasneiva","article_author":"https:\/\/www.facebook.com\/luchonoticiasneiva","article_published_time":"2022-11-15T12:18:59+00:00","article_modified_time":"2022-11-15T12:19:00+00:00","author":"admin","twitter_card":"summary_large_image","twitter_misc":{"Escrito por":"admin","Tiempo de lectura":"1 minuto"},"schema":{"@context":"https:\/\/schema.org","@graph":[{"@type":"Article","@id":"https:\/\/luchonoticias.com\/editor\/gobierno-nacional-presentara-hoy-el-plan-de-desarrollo-colombia-potencia-mundial-de-la-vida\/#article","isPartOf":{"@id":"https:\/\/luchonoticias.com\/editor\/gobierno-nacional-presentara-hoy-el-plan-de-desarrollo-colombia-potencia-mundial-de-la-vida\/"},"author":{"name":"admin","@id":"https:\/\/luchonoticias.com\/editor\/#\/schema\/person\/7a7fd911f58561fd056dbac7b55af9cd"},"headline":"Gobierno Nacional presentar\u00e1 hoy el Plan de Desarrollo Colombia Potencia Mundial de la Vida","datePublished":"2022-11-15T12:18:59+00:00","dateModified":"2022-11-15T12:19:00+00:00","mainEntityOfPage":{"@id":"https:\/\/luchonoticias.com\/editor\/gobierno-nacional-presentara-hoy-el-plan-de-desarrollo-colombia-potencia-mundial-de-la-vida\/"},"wordCount":182,"commentCount":0,"publisher":{"@id":"https:\/\/luchonoticias.com\/editor\/#\/schema\/person\/7a7fd911f58561fd056dbac7b55af9cd"},"articleSection":["Destacado","Nacional"],"inLanguage":"es","potentialAction":[{"@type":"CommentAction","name":"Comment","target":["https:\/\/luchonoticias.com\/editor\/gobierno-nacional-presentara-hoy-el-plan-de-desarrollo-colombia-potencia-mundial-de-la-vida\/#respond"]}]},{"@type":"WebPage","@id":"https:\/\/luchonoticias.com\/editor\/gobierno-nacional-presentara-hoy-el-plan-de-desarrollo-colombia-potencia-mundial-de-la-vida\/","url":"https:\/\/luchonoticias.com\/editor\/gobierno-nacional-presentara-hoy-el-plan-de-desarrollo-colombia-potencia-mundial-de-la-vida\/","name":"Gobierno Nacional presentar\u00e1 hoy el Plan de Desarrollo Colombia Potencia Mundial de la Vida -","isPartOf":{"@id":"https:\/\/luchonoticias.com\/editor\/#website"},"datePublished":"2022-11-15T12:18:59+00:00","dateModified":"2022-11-15T12:19:00+00:00","breadcrumb":{"@id":"https:\/\/luchonoticias.com\/editor\/gobierno-nacional-presentara-hoy-el-plan-de-desarrollo-colombia-potencia-mundial-de-la-vida\/#breadcrumb"},"inLanguage":"es","potentialAction":[{"@type":"ReadAction","target":["https:\/\/luchonoticias.com\/editor\/gobierno-nacional-presentara-hoy-el-plan-de-desarrollo-colombia-potencia-mundial-de-la-vida\/"]}]},{"@type":"BreadcrumbList","@id":"https:\/\/luchonoticias.com\/editor\/gobierno-nacional-presentara-hoy-el-plan-de-desarrollo-colombia-potencia-mundial-de-la-vida\/#breadcrumb","itemListElement":[{"@type":"ListItem","position":1,"name":"Portada","item":"https:\/\/luchonoticias.com\/editor\/"},{"@type":"ListItem","position":2,"name":"Gobierno Nacional presentar\u00e1 hoy el Plan de Desarrollo Colombia Potencia Mundial de la Vida"}]},{"@type":"WebSite","@id":"https:\/\/luchonoticias.com\/editor\/#website","url":"https:\/\/luchonoticias.com\/editor\/","name":"","description":"","publisher":{"@id":"https:\/\/luchonoticias.com\/editor\/#\/schema\/person\/7a7fd911f58561fd056dbac7b55af9cd"},"potentialAction":[{"@type":"SearchAction","target":{"@type":"EntryPoint","urlTemplate":"https:\/\/luchonoticias.com\/editor\/?s={search_term_string}"},"query-input":{"@type":"PropertyValueSpecification","valueRequired":true,"valueName":"search_term_string"}}],"inLanguage":"es"},{"@type":["Person","Organization"],"@id":"https:\/\/luchonoticias.com\/editor\/#\/schema\/person\/7a7fd911f58561fd056dbac7b55af9cd","name":"admin","image":{"@type":"ImageObject","inLanguage":"es","@id":"https:\/\/luchonoticias.com\/editor\/#\/schema\/person\/image\/","url":"https:\/\/luchonoticias.com\/editor\/wp-content\/uploads\/2024\/02\/cropped-cropped-logolu.webp","contentUrl":"https:\/\/luchonoticias.com\/editor\/wp-content\/uploads\/2024\/02\/cropped-cropped-logolu.webp","width":382,"height":170,"caption":"admin"},"logo":{"@id":"https:\/\/luchonoticias.com\/editor\/#\/schema\/person\/image\/"},"sameAs":["https:\/\/www.facebook.com\/luchonoticiasneiva"],"url":"https:\/\/luchonoticias.com\/editor\/author\/admin\/"}]}},"_links":{"self":[{"href":"https:\/\/luchonoticias.com\/editor\/wp-json\/wp\/v2\/posts\/39470","targetHints":{"allow":["GET"]}}],"collection":[{"href":"https:\/\/luchonoticias.com\/editor\/wp-json\/wp\/v2\/posts"}],"about":[{"href":"https:\/\/luchonoticias.com\/editor\/wp-json\/wp\/v2\/types\/post"}],"author":[{"embeddable":true,"href":"https:\/\/luchonoticias.com\/editor\/wp-json\/wp\/v2\/users\/1"}],"replies":[{"embeddable":true,"href":"https:\/\/luchonoticias.com\/editor\/wp-json\/wp\/v2\/comments?post=39470"}],"version-history":[{"count":0,"href":"https:\/\/luchonoticias.com\/editor\/wp-json\/wp\/v2\/posts\/39470\/revisions"}],"wp:attachment":[{"href":"https:\/\/luchonoticias.com\/editor\/wp-json\/wp\/v2\/media?parent=39470"}],"wp:term":[{"taxonomy":"category","embeddable":true,"href":"https:\/\/luchonoticias.com\/editor\/wp-json\/wp\/v2\/categories?post=39470"},{"taxonomy":"post_tag","embeddable":true,"href":"https:\/\/luchonoticias.com\/editor\/wp-json\/wp\/v2\/tags?post=39470"}],"curies":[{"name":"wp","href":"https:\/\/api.w.org\/{rel}","templated":true}]}}