{"id":39473,"date":"2022-11-15T07:27:05","date_gmt":"2022-11-15T12:27:05","guid":{"rendered":"https:\/\/luchonoticias.com\/?p=39473"},"modified":"2022-11-15T07:27:06","modified_gmt":"2022-11-15T12:27:06","slug":"murio-el-profesor-gustavo-moncayo-el-caminante-por-la-paz","status":"publish","type":"post","link":"https:\/\/luchonoticias.com\/editor\/murio-el-profesor-gustavo-moncayo-el-caminante-por-la-paz\/","title":{"rendered":"Muri\u00f3 el profesor Gustavo Moncayo, el Caminante por La Paz"},"content":{"rendered":"\n<p>Este lunes se confirm\u00f3 la muerte de Gustavo Moncayo, quien a sus 69 a\u00f1os muri\u00f3 producto de un c\u00e1ncer que sufr\u00eda hace algunos meses. La noticia fue dada por de RCN Radio, donde aseguraron que el docente hab\u00eda fallecido, aunque no dieron detalles de las causas del deceso.<\/p>\n\n\n\n<p>En 2007, Gustavo Moncayo empez\u00f3 a luchar por la libertad de su hijo, el sargento del Ej\u00e9rcito Pablo Emilio Moncayo, secuestrado por las Farc en 1997 en la toma de a la base de Patascoy, entre Nari\u00f1o y Putumayo, donde hubo 10 soldados muertos y 18 plagiados.<\/p>\n\n\n\n<p>El profesor Moncayo, acompa\u00f1ado de su hija Yuri Tatiana, comenz\u00f3 el 17 de junio de ese a\u00f1o una marcha desde su natal Sandon\u00e1 (Nari\u00f1o) hasta Bogot\u00e1, en un recorrido de m\u00e1s de 1000 kil\u00f3metros. Pero su romer\u00eda alcanz\u00f3 los 2.509 kil\u00f3metros por 14 pa\u00edses<\/p>\n\n\n\n<p>El profesor alcanz\u00f3 tanta notoriedad para pedir la liberaci\u00f3n de su hijo secuestrado por las Farc, que logr\u00f3 reunirse con personajes de la talla de Hugo Ch\u00e1vez, el papa Benedicto XVI (Joseph Ratzinger), el expresidente de Francia Nicolas Sarkozy y dem\u00e1s.<\/p>\n","protected":false},"excerpt":{"rendered":"<p>Este lunes se confirm\u00f3 la muerte de Gustavo Moncayo, quien a sus 69 a\u00f1os muri\u00f3 producto de un c\u00e1ncer que sufr\u00eda hace algunos meses. La noticia fue dada por de RCN Radio, donde aseguraron que el docente hab\u00eda fallecido, aunque no dieron detalles de las causas del deceso. En 2007, Gustavo Moncayo empez\u00f3 a luchar [&hellip;]<\/p>\n","protected":false},"author":1,"featured_media":0,"comment_status":"open","ping_status":"open","sticky":false,"template":"","format":"standard","meta":{"footnotes":""},"categories":[28,36],"tags":[],"class_list":["post-39473","post","type-post","status-publish","format-standard","hentry","category-actualidad","category-destacado"],"yoast_head":"<!-- This site is optimized with the Yoast SEO plugin v26.6 - https:\/\/yoast.com\/wordpress\/plugins\/seo\/ -->\n<title>Muri\u00f3 el profesor Gustavo Moncayo, el Caminante por La Paz -<\/title>\n<meta name=\"robots\" content=\"index, follow, max-snippet:-1, max-image-preview:large, max-video-preview:-1\" \/>\n<link rel=\"canonical\" href=\"https:\/\/luchonoticias.com\/editor\/murio-el-profesor-gustavo-moncayo-el-caminante-por-la-paz\/\" \/>\n<meta property=\"og:locale\" content=\"es_ES\" \/>\n<meta property=\"og:type\" content=\"article\" \/>\n<meta property=\"og:title\" content=\"Muri\u00f3 el profesor Gustavo Moncayo, el Caminante por La Paz -\" \/>\n<meta property=\"og:url\" content=\"https:\/\/luchonoticias.com\/editor\/murio-el-profesor-gustavo-moncayo-el-caminante-por-la-paz\/\" \/>\n<meta property=\"article:publisher\" content=\"https:\/\/www.facebook.com\/luchonoticiasneiva\" \/>\n<meta property=\"article:author\" content=\"https:\/\/www.facebook.com\/luchonoticiasneiva\" \/>\n<meta property=\"article:published_time\" content=\"2022-11-15T12:27:05+00:00\" \/>\n<meta property=\"article:modified_time\" content=\"2022-11-15T12:27:06+00:00\" \/>\n<meta name=\"author\" content=\"admin\" \/>\n<meta name=\"twitter:card\" content=\"summary_large_image\" \/>\n<meta name=\"twitter:label1\" content=\"Escrito por\" \/>\n\t<meta name=\"twitter:data1\" content=\"admin\" \/>\n\t<meta name=\"twitter:label2\" content=\"Tiempo de lectura\" \/>\n\t<meta name=\"twitter:data2\" content=\"1 minuto\" \/>\n<script type=\"application\/ld+json\" class=\"yoast-schema-graph\">{\"@context\":\"https:\/\/schema.org\",\"@graph\":[{\"@type\":\"Article\",\"@id\":\"https:\/\/luchonoticias.com\/editor\/murio-el-profesor-gustavo-moncayo-el-caminante-por-la-paz\/#article\",\"isPartOf\":{\"@id\":\"https:\/\/luchonoticias.com\/editor\/murio-el-profesor-gustavo-moncayo-el-caminante-por-la-paz\/\"},\"author\":{\"name\":\"admin\",\"@id\":\"https:\/\/luchonoticias.com\/editor\/#\/schema\/person\/7a7fd911f58561fd056dbac7b55af9cd\"},\"headline\":\"Muri\u00f3 el profesor Gustavo Moncayo, el Caminante por La Paz\",\"datePublished\":\"2022-11-15T12:27:05+00:00\",\"dateModified\":\"2022-11-15T12:27:06+00:00\",\"mainEntityOfPage\":{\"@id\":\"https:\/\/luchonoticias.com\/editor\/murio-el-profesor-gustavo-moncayo-el-caminante-por-la-paz\/\"},\"wordCount\":198,\"commentCount\":0,\"publisher\":{\"@id\":\"https:\/\/luchonoticias.com\/editor\/#\/schema\/person\/7a7fd911f58561fd056dbac7b55af9cd\"},\"articleSection\":[\"Actualidad\",\"Destacado\"],\"inLanguage\":\"es\",\"potentialAction\":[{\"@type\":\"CommentAction\",\"name\":\"Comment\",\"target\":[\"https:\/\/luchonoticias.com\/editor\/murio-el-profesor-gustavo-moncayo-el-caminante-por-la-paz\/#respond\"]}]},{\"@type\":\"WebPage\",\"@id\":\"https:\/\/luchonoticias.com\/editor\/murio-el-profesor-gustavo-moncayo-el-caminante-por-la-paz\/\",\"url\":\"https:\/\/luchonoticias.com\/editor\/murio-el-profesor-gustavo-moncayo-el-caminante-por-la-paz\/\",\"name\":\"Muri\u00f3 el profesor Gustavo Moncayo, el Caminante por La Paz -\",\"isPartOf\":{\"@id\":\"https:\/\/luchonoticias.com\/editor\/#website\"},\"datePublished\":\"2022-11-15T12:27:05+00:00\",\"dateModified\":\"2022-11-15T12:27:06+00:00\",\"breadcrumb\":{\"@id\":\"https:\/\/luchonoticias.com\/editor\/murio-el-profesor-gustavo-moncayo-el-caminante-por-la-paz\/#breadcrumb\"},\"inLanguage\":\"es\",\"potentialAction\":[{\"@type\":\"ReadAction\",\"target\":[\"https:\/\/luchonoticias.com\/editor\/murio-el-profesor-gustavo-moncayo-el-caminante-por-la-paz\/\"]}]},{\"@type\":\"BreadcrumbList\",\"@id\":\"https:\/\/luchonoticias.com\/editor\/murio-el-profesor-gustavo-moncayo-el-caminante-por-la-paz\/#breadcrumb\",\"itemListElement\":[{\"@type\":\"ListItem\",\"position\":1,\"name\":\"Portada\",\"item\":\"https:\/\/luchonoticias.com\/editor\/\"},{\"@type\":\"ListItem\",\"position\":2,\"name\":\"Muri\u00f3 el profesor Gustavo Moncayo, el Caminante por La Paz\"}]},{\"@type\":\"WebSite\",\"@id\":\"https:\/\/luchonoticias.com\/editor\/#website\",\"url\":\"https:\/\/luchonoticias.com\/editor\/\",\"name\":\"\",\"description\":\"\",\"publisher\":{\"@id\":\"https:\/\/luchonoticias.com\/editor\/#\/schema\/person\/7a7fd911f58561fd056dbac7b55af9cd\"},\"potentialAction\":[{\"@type\":\"SearchAction\",\"target\":{\"@type\":\"EntryPoint\",\"urlTemplate\":\"https:\/\/luchonoticias.com\/editor\/?s={search_term_string}\"},\"query-input\":{\"@type\":\"PropertyValueSpecification\",\"valueRequired\":true,\"valueName\":\"search_term_string\"}}],\"inLanguage\":\"es\"},{\"@type\":[\"Person\",\"Organization\"],\"@id\":\"https:\/\/luchonoticias.com\/editor\/#\/schema\/person\/7a7fd911f58561fd056dbac7b55af9cd\",\"name\":\"admin\",\"image\":{\"@type\":\"ImageObject\",\"inLanguage\":\"es\",\"@id\":\"https:\/\/luchonoticias.com\/editor\/#\/schema\/person\/image\/\",\"url\":\"https:\/\/luchonoticias.com\/editor\/wp-content\/uploads\/2024\/02\/cropped-cropped-logolu.webp\",\"contentUrl\":\"https:\/\/luchonoticias.com\/editor\/wp-content\/uploads\/2024\/02\/cropped-cropped-logolu.webp\",\"width\":382,\"height\":170,\"caption\":\"admin\"},\"logo\":{\"@id\":\"https:\/\/luchonoticias.com\/editor\/#\/schema\/person\/image\/\"},\"sameAs\":[\"https:\/\/www.facebook.com\/luchonoticiasneiva\"],\"url\":\"https:\/\/luchonoticias.com\/editor\/author\/admin\/\"}]}<\/script>\n<!-- \/ Yoast SEO plugin. -->","yoast_head_json":{"title":"Muri\u00f3 el profesor Gustavo Moncayo, el Caminante por La Paz -","robots":{"index":"index","follow":"follow","max-snippet":"max-snippet:-1","max-image-preview":"max-image-preview:large","max-video-preview":"max-video-preview:-1"},"canonical":"https:\/\/luchonoticias.com\/editor\/murio-el-profesor-gustavo-moncayo-el-caminante-por-la-paz\/","og_locale":"es_ES","og_type":"article","og_title":"Muri\u00f3 el profesor Gustavo Moncayo, el Caminante por La Paz -","og_url":"https:\/\/luchonoticias.com\/editor\/murio-el-profesor-gustavo-moncayo-el-caminante-por-la-paz\/","article_publisher":"https:\/\/www.facebook.com\/luchonoticiasneiva","article_author":"https:\/\/www.facebook.com\/luchonoticiasneiva","article_published_time":"2022-11-15T12:27:05+00:00","article_modified_time":"2022-11-15T12:27:06+00:00","author":"admin","twitter_card":"summary_large_image","twitter_misc":{"Escrito por":"admin","Tiempo de lectura":"1 minuto"},"schema":{"@context":"https:\/\/schema.org","@graph":[{"@type":"Article","@id":"https:\/\/luchonoticias.com\/editor\/murio-el-profesor-gustavo-moncayo-el-caminante-por-la-paz\/#article","isPartOf":{"@id":"https:\/\/luchonoticias.com\/editor\/murio-el-profesor-gustavo-moncayo-el-caminante-por-la-paz\/"},"author":{"name":"admin","@id":"https:\/\/luchonoticias.com\/editor\/#\/schema\/person\/7a7fd911f58561fd056dbac7b55af9cd"},"headline":"Muri\u00f3 el profesor Gustavo Moncayo, el Caminante por La Paz","datePublished":"2022-11-15T12:27:05+00:00","dateModified":"2022-11-15T12:27:06+00:00","mainEntityOfPage":{"@id":"https:\/\/luchonoticias.com\/editor\/murio-el-profesor-gustavo-moncayo-el-caminante-por-la-paz\/"},"wordCount":198,"commentCount":0,"publisher":{"@id":"https:\/\/luchonoticias.com\/editor\/#\/schema\/person\/7a7fd911f58561fd056dbac7b55af9cd"},"articleSection":["Actualidad","Destacado"],"inLanguage":"es","potentialAction":[{"@type":"CommentAction","name":"Comment","target":["https:\/\/luchonoticias.com\/editor\/murio-el-profesor-gustavo-moncayo-el-caminante-por-la-paz\/#respond"]}]},{"@type":"WebPage","@id":"https:\/\/luchonoticias.com\/editor\/murio-el-profesor-gustavo-moncayo-el-caminante-por-la-paz\/","url":"https:\/\/luchonoticias.com\/editor\/murio-el-profesor-gustavo-moncayo-el-caminante-por-la-paz\/","name":"Muri\u00f3 el profesor Gustavo Moncayo, el Caminante por La Paz -","isPartOf":{"@id":"https:\/\/luchonoticias.com\/editor\/#website"},"datePublished":"2022-11-15T12:27:05+00:00","dateModified":"2022-11-15T12:27:06+00:00","breadcrumb":{"@id":"https:\/\/luchonoticias.com\/editor\/murio-el-profesor-gustavo-moncayo-el-caminante-por-la-paz\/#breadcrumb"},"inLanguage":"es","potentialAction":[{"@type":"ReadAction","target":["https:\/\/luchonoticias.com\/editor\/murio-el-profesor-gustavo-moncayo-el-caminante-por-la-paz\/"]}]},{"@type":"BreadcrumbList","@id":"https:\/\/luchonoticias.com\/editor\/murio-el-profesor-gustavo-moncayo-el-caminante-por-la-paz\/#breadcrumb","itemListElement":[{"@type":"ListItem","position":1,"name":"Portada","item":"https:\/\/luchonoticias.com\/editor\/"},{"@type":"ListItem","position":2,"name":"Muri\u00f3 el profesor Gustavo Moncayo, el Caminante por La Paz"}]},{"@type":"WebSite","@id":"https:\/\/luchonoticias.com\/editor\/#website","url":"https:\/\/luchonoticias.com\/editor\/","name":"","description":"","publisher":{"@id":"https:\/\/luchonoticias.com\/editor\/#\/schema\/person\/7a7fd911f58561fd056dbac7b55af9cd"},"potentialAction":[{"@type":"SearchAction","target":{"@type":"EntryPoint","urlTemplate":"https:\/\/luchonoticias.com\/editor\/?s={search_term_string}"},"query-input":{"@type":"PropertyValueSpecification","valueRequired":true,"valueName":"search_term_string"}}],"inLanguage":"es"},{"@type":["Person","Organization"],"@id":"https:\/\/luchonoticias.com\/editor\/#\/schema\/person\/7a7fd911f58561fd056dbac7b55af9cd","name":"admin","image":{"@type":"ImageObject","inLanguage":"es","@id":"https:\/\/luchonoticias.com\/editor\/#\/schema\/person\/image\/","url":"https:\/\/luchonoticias.com\/editor\/wp-content\/uploads\/2024\/02\/cropped-cropped-logolu.webp","contentUrl":"https:\/\/luchonoticias.com\/editor\/wp-content\/uploads\/2024\/02\/cropped-cropped-logolu.webp","width":382,"height":170,"caption":"admin"},"logo":{"@id":"https:\/\/luchonoticias.com\/editor\/#\/schema\/person\/image\/"},"sameAs":["https:\/\/www.facebook.com\/luchonoticiasneiva"],"url":"https:\/\/luchonoticias.com\/editor\/author\/admin\/"}]}},"_links":{"self":[{"href":"https:\/\/luchonoticias.com\/editor\/wp-json\/wp\/v2\/posts\/39473","targetHints":{"allow":["GET"]}}],"collection":[{"href":"https:\/\/luchonoticias.com\/editor\/wp-json\/wp\/v2\/posts"}],"about":[{"href":"https:\/\/luchonoticias.com\/editor\/wp-json\/wp\/v2\/types\/post"}],"author":[{"embeddable":true,"href":"https:\/\/luchonoticias.com\/editor\/wp-json\/wp\/v2\/users\/1"}],"replies":[{"embeddable":true,"href":"https:\/\/luchonoticias.com\/editor\/wp-json\/wp\/v2\/comments?post=39473"}],"version-history":[{"count":0,"href":"https:\/\/luchonoticias.com\/editor\/wp-json\/wp\/v2\/posts\/39473\/revisions"}],"wp:attachment":[{"href":"https:\/\/luchonoticias.com\/editor\/wp-json\/wp\/v2\/media?parent=39473"}],"wp:term":[{"taxonomy":"category","embeddable":true,"href":"https:\/\/luchonoticias.com\/editor\/wp-json\/wp\/v2\/categories?post=39473"},{"taxonomy":"post_tag","embeddable":true,"href":"https:\/\/luchonoticias.com\/editor\/wp-json\/wp\/v2\/tags?post=39473"}],"curies":[{"name":"wp","href":"https:\/\/api.w.org\/{rel}","templated":true}]}}