{"id":39476,"date":"2022-11-15T07:37:43","date_gmt":"2022-11-15T12:37:43","guid":{"rendered":"https:\/\/luchonoticias.com\/?p=39476"},"modified":"2022-11-15T07:37:44","modified_gmt":"2022-11-15T12:37:44","slug":"33-personas-capturadas-lograron-la-policia-nacional-en-el-huila-el-fin-de-semana","status":"publish","type":"post","link":"https:\/\/luchonoticias.com\/editor\/33-personas-capturadas-lograron-la-policia-nacional-en-el-huila-el-fin-de-semana\/","title":{"rendered":"33 personas capturadas lograron la Polic\u00eda Nacional en el Huila el fin de semana"},"content":{"rendered":"\n<p>El Departamento de Polic\u00eda Huila, dieron a conocer que durante el fin de semana, se logr\u00f3 la captura de 33 personas, comprometidos en distintos delitos, la incautaci\u00f3n de 3 armas de fuego, 4 traum\u00e1ticas y 67 corto punzantes. Igualmente, la recuperaci\u00f3n de 2 celulares y 5 motocicletas que figuraban hurtadas.<\/p>\n\n\n\n<p>Asimismo, revelaron que en la lucha frontal contra el microtr\u00e1fico, se logr\u00f3 la incautaci\u00f3n de m\u00e1s de 2.165 gramos de estupefacientes en casos diferentes de capturas e incautaci\u00f3n de sustancias,<\/p>\n\n\n\n<p>\u201cSe resalta que, en planes de control realizados en el kil\u00f3metro 1 v\u00eda Belalcazar Cauca, jurisdicci\u00f3n de la vereda El Dinde del municipio de La Plata, uniformados lograron la inmovilizaci\u00f3n de una motocicleta, la captura de dos personas y la incautaci\u00f3n de m\u00e1s de 2 mil gramos de marihuana\u201d, aseveraron las autoridades.<\/p>\n\n\n\n<figure class=\"wp-block-gallery has-nested-images columns-default is-cropped wp-block-gallery-1 is-layout-flex wp-block-gallery-is-layout-flex\">\n<figure class=\"wp-block-image size-large\"><img decoding=\"async\" data-id=\"39478\" src=\"https:\/\/luchonoticias.com\/wp-content\/uploads\/2022\/11\/WhatsApp-Image-2022-11-14-at-7.26.32-PM-1-1024x768.jpeg\" alt=\"\" class=\"wp-image-39478\"\/><\/figure>\n\n\n\n<figure class=\"wp-block-image size-large\"><img decoding=\"async\" data-id=\"39479\" src=\"https:\/\/luchonoticias.com\/wp-content\/uploads\/2022\/11\/WhatsApp-Image-2022-11-14-at-7.26.31-PM-3-1024x768.jpeg\" alt=\"\" class=\"wp-image-39479\"\/><\/figure>\n<\/figure>\n\n\n\n<p><strong>Aplicaci\u00f3n del C\u00f3digo de Convivencia<\/strong><\/p>\n\n\n\n<p>Igualmente, en el informe oficial entregado, se conoci\u00f3 que en cuanto a la aplicaci\u00f3n del C\u00f3digo de Convivencia y Seguridad Ciudadana, fueron impuestos 97 \u00f3rdenes de comparendos por comportamientos contrarios a la convivencia, teniendo como faltas m\u00e1s recurrentes, aquellas que ponen en riesgo la vida e integridad, 67 portar armas, elementos cortantes, punzantes o semejantes, 9 portar o consumir sustancias prohibidas en espacios p\u00fablicos, 8 por re\u00f1ir, incitar o incurrir en confrontaciones violentas que puedan derivar en agresiones f\u00edsicas, 4 portar armas neum\u00e1ticas, traum\u00e1ticas, de aire, de fogueo, de letalidad reducida; cabe resaltar que los municipios con mayor \u00edndice de infracciones son Pitalito con 18, Garz\u00f3n 10 y Acevedo 9.<\/p>\n\n\n\n<p><\/p>\n\n\n\n<figure class=\"wp-block-gallery has-nested-images columns-default is-cropped wp-block-gallery-2 is-layout-flex wp-block-gallery-is-layout-flex\">\n<figure class=\"wp-block-image size-large\"><img decoding=\"async\" data-id=\"39480\" src=\"https:\/\/luchonoticias.com\/wp-content\/uploads\/2022\/11\/WhatsApp-Image-2022-11-14-at-7.26.52-PM-1024x768.jpeg\" alt=\"\" class=\"wp-image-39480\"\/><\/figure>\n\n\n\n<figure class=\"wp-block-image size-large\"><img decoding=\"async\" data-id=\"39482\" src=\"https:\/\/luchonoticias.com\/wp-content\/uploads\/2022\/11\/WhatsApp-Image-2022-11-14-at-7.26.50-PM-1024x768.jpeg\" alt=\"\" class=\"wp-image-39482\"\/><\/figure>\n\n\n\n<figure class=\"wp-block-image size-large\"><img decoding=\"async\" data-id=\"39481\" src=\"https:\/\/luchonoticias.com\/wp-content\/uploads\/2022\/11\/WhatsApp-Image-2022-11-14-at-7.26.33-PM-1024x768.jpeg\" alt=\"\" class=\"wp-image-39481\"\/><\/figure>\n<\/figure>\n\n\n\n<p><strong>Movilidad<\/strong><\/p>\n\n\n\n<p>Finalmente se conoci\u00f3 que, en temas de movilidad, m\u00e1s de 81 mil veh\u00edculos se movilizaron por las v\u00edas del Departamento.<\/p>\n\n\n\n<p>De igual forma en la jurisdicci\u00f3n de Polic\u00eda Huila, en las distintas \u00e1reas de control para prevenir la siniestralidad vial, se impusieron un total de 163 \u00f3rdenes de comparendo, de estos, 52 por manejar sin licencia de conducci\u00f3n. En cuanto a accidentalidad se presentaron un aproximado de 14 lesionados y 1 homicidio.<\/p>\n\n\n\n<p><\/p>\n","protected":false},"excerpt":{"rendered":"<p>El Departamento de Polic\u00eda Huila, dieron a conocer que durante el fin de semana, se logr\u00f3 la captura de 33 personas, comprometidos en distintos delitos, la incautaci\u00f3n de 3 armas de fuego, 4 traum\u00e1ticas y 67 corto punzantes. Igualmente, la recuperaci\u00f3n de 2 celulares y 5 motocicletas que figuraban hurtadas. Asimismo, revelaron que en la [&hellip;]<\/p>\n","protected":false},"author":1,"featured_media":0,"comment_status":"open","ping_status":"open","sticky":false,"template":"","format":"standard","meta":{"footnotes":""},"categories":[36,29],"tags":[],"class_list":["post-39476","post","type-post","status-publish","format-standard","hentry","category-destacado","category-judicial"],"yoast_head":"<!-- This site is optimized with the Yoast SEO plugin v26.6 - https:\/\/yoast.com\/wordpress\/plugins\/seo\/ -->\n<title>33 personas capturadas lograron la Polic\u00eda Nacional en el Huila el fin de semana -<\/title>\n<meta name=\"robots\" content=\"index, follow, max-snippet:-1, max-image-preview:large, max-video-preview:-1\" \/>\n<link rel=\"canonical\" href=\"https:\/\/luchonoticias.com\/editor\/33-personas-capturadas-lograron-la-policia-nacional-en-el-huila-el-fin-de-semana\/\" \/>\n<meta property=\"og:locale\" content=\"es_ES\" \/>\n<meta property=\"og:type\" content=\"article\" \/>\n<meta property=\"og:title\" content=\"33 personas capturadas lograron la Polic\u00eda Nacional en el Huila el fin de semana -\" \/>\n<meta property=\"og:url\" content=\"https:\/\/luchonoticias.com\/editor\/33-personas-capturadas-lograron-la-policia-nacional-en-el-huila-el-fin-de-semana\/\" \/>\n<meta property=\"article:publisher\" content=\"https:\/\/www.facebook.com\/luchonoticiasneiva\" \/>\n<meta property=\"article:author\" content=\"https:\/\/www.facebook.com\/luchonoticiasneiva\" \/>\n<meta property=\"article:published_time\" content=\"2022-11-15T12:37:43+00:00\" \/>\n<meta property=\"article:modified_time\" content=\"2022-11-15T12:37:44+00:00\" \/>\n<meta property=\"og:image\" content=\"https:\/\/luchonoticias.com\/wp-content\/uploads\/2022\/11\/WhatsApp-Image-2022-11-14-at-7.26.32-PM-1-1024x768.jpeg\" \/>\n<meta name=\"author\" content=\"admin\" \/>\n<meta name=\"twitter:card\" content=\"summary_large_image\" \/>\n<meta name=\"twitter:label1\" content=\"Escrito por\" \/>\n\t<meta name=\"twitter:data1\" content=\"admin\" \/>\n\t<meta name=\"twitter:label2\" content=\"Tiempo de lectura\" \/>\n\t<meta name=\"twitter:data2\" content=\"2 minutos\" \/>\n<script type=\"application\/ld+json\" class=\"yoast-schema-graph\">{\"@context\":\"https:\/\/schema.org\",\"@graph\":[{\"@type\":\"Article\",\"@id\":\"https:\/\/luchonoticias.com\/editor\/33-personas-capturadas-lograron-la-policia-nacional-en-el-huila-el-fin-de-semana\/#article\",\"isPartOf\":{\"@id\":\"https:\/\/luchonoticias.com\/editor\/33-personas-capturadas-lograron-la-policia-nacional-en-el-huila-el-fin-de-semana\/\"},\"author\":{\"name\":\"admin\",\"@id\":\"https:\/\/luchonoticias.com\/editor\/#\/schema\/person\/7a7fd911f58561fd056dbac7b55af9cd\"},\"headline\":\"33 personas capturadas lograron la Polic\u00eda Nacional en el Huila el fin de semana\",\"datePublished\":\"2022-11-15T12:37:43+00:00\",\"dateModified\":\"2022-11-15T12:37:44+00:00\",\"mainEntityOfPage\":{\"@id\":\"https:\/\/luchonoticias.com\/editor\/33-personas-capturadas-lograron-la-policia-nacional-en-el-huila-el-fin-de-semana\/\"},\"wordCount\":343,\"commentCount\":0,\"publisher\":{\"@id\":\"https:\/\/luchonoticias.com\/editor\/#\/schema\/person\/7a7fd911f58561fd056dbac7b55af9cd\"},\"image\":{\"@id\":\"https:\/\/luchonoticias.com\/editor\/33-personas-capturadas-lograron-la-policia-nacional-en-el-huila-el-fin-de-semana\/#primaryimage\"},\"thumbnailUrl\":\"https:\/\/luchonoticias.com\/wp-content\/uploads\/2022\/11\/WhatsApp-Image-2022-11-14-at-7.26.32-PM-1-1024x768.jpeg\",\"articleSection\":[\"Destacado\",\"Judicial\"],\"inLanguage\":\"es\",\"potentialAction\":[{\"@type\":\"CommentAction\",\"name\":\"Comment\",\"target\":[\"https:\/\/luchonoticias.com\/editor\/33-personas-capturadas-lograron-la-policia-nacional-en-el-huila-el-fin-de-semana\/#respond\"]}]},{\"@type\":\"WebPage\",\"@id\":\"https:\/\/luchonoticias.com\/editor\/33-personas-capturadas-lograron-la-policia-nacional-en-el-huila-el-fin-de-semana\/\",\"url\":\"https:\/\/luchonoticias.com\/editor\/33-personas-capturadas-lograron-la-policia-nacional-en-el-huila-el-fin-de-semana\/\",\"name\":\"33 personas capturadas lograron la Polic\u00eda Nacional en el Huila el fin de semana -\",\"isPartOf\":{\"@id\":\"https:\/\/luchonoticias.com\/editor\/#website\"},\"primaryImageOfPage\":{\"@id\":\"https:\/\/luchonoticias.com\/editor\/33-personas-capturadas-lograron-la-policia-nacional-en-el-huila-el-fin-de-semana\/#primaryimage\"},\"image\":{\"@id\":\"https:\/\/luchonoticias.com\/editor\/33-personas-capturadas-lograron-la-policia-nacional-en-el-huila-el-fin-de-semana\/#primaryimage\"},\"thumbnailUrl\":\"https:\/\/luchonoticias.com\/wp-content\/uploads\/2022\/11\/WhatsApp-Image-2022-11-14-at-7.26.32-PM-1-1024x768.jpeg\",\"datePublished\":\"2022-11-15T12:37:43+00:00\",\"dateModified\":\"2022-11-15T12:37:44+00:00\",\"breadcrumb\":{\"@id\":\"https:\/\/luchonoticias.com\/editor\/33-personas-capturadas-lograron-la-policia-nacional-en-el-huila-el-fin-de-semana\/#breadcrumb\"},\"inLanguage\":\"es\",\"potentialAction\":[{\"@type\":\"ReadAction\",\"target\":[\"https:\/\/luchonoticias.com\/editor\/33-personas-capturadas-lograron-la-policia-nacional-en-el-huila-el-fin-de-semana\/\"]}]},{\"@type\":\"ImageObject\",\"inLanguage\":\"es\",\"@id\":\"https:\/\/luchonoticias.com\/editor\/33-personas-capturadas-lograron-la-policia-nacional-en-el-huila-el-fin-de-semana\/#primaryimage\",\"url\":\"https:\/\/luchonoticias.com\/wp-content\/uploads\/2022\/11\/WhatsApp-Image-2022-11-14-at-7.26.32-PM-1-1024x768.jpeg\",\"contentUrl\":\"https:\/\/luchonoticias.com\/wp-content\/uploads\/2022\/11\/WhatsApp-Image-2022-11-14-at-7.26.32-PM-1-1024x768.jpeg\"},{\"@type\":\"BreadcrumbList\",\"@id\":\"https:\/\/luchonoticias.com\/editor\/33-personas-capturadas-lograron-la-policia-nacional-en-el-huila-el-fin-de-semana\/#breadcrumb\",\"itemListElement\":[{\"@type\":\"ListItem\",\"position\":1,\"name\":\"Portada\",\"item\":\"https:\/\/luchonoticias.com\/editor\/\"},{\"@type\":\"ListItem\",\"position\":2,\"name\":\"33 personas capturadas lograron la Polic\u00eda Nacional en el Huila el fin de semana\"}]},{\"@type\":\"WebSite\",\"@id\":\"https:\/\/luchonoticias.com\/editor\/#website\",\"url\":\"https:\/\/luchonoticias.com\/editor\/\",\"name\":\"\",\"description\":\"\",\"publisher\":{\"@id\":\"https:\/\/luchonoticias.com\/editor\/#\/schema\/person\/7a7fd911f58561fd056dbac7b55af9cd\"},\"potentialAction\":[{\"@type\":\"SearchAction\",\"target\":{\"@type\":\"EntryPoint\",\"urlTemplate\":\"https:\/\/luchonoticias.com\/editor\/?s={search_term_string}\"},\"query-input\":{\"@type\":\"PropertyValueSpecification\",\"valueRequired\":true,\"valueName\":\"search_term_string\"}}],\"inLanguage\":\"es\"},{\"@type\":[\"Person\",\"Organization\"],\"@id\":\"https:\/\/luchonoticias.com\/editor\/#\/schema\/person\/7a7fd911f58561fd056dbac7b55af9cd\",\"name\":\"admin\",\"image\":{\"@type\":\"ImageObject\",\"inLanguage\":\"es\",\"@id\":\"https:\/\/luchonoticias.com\/editor\/#\/schema\/person\/image\/\",\"url\":\"https:\/\/luchonoticias.com\/editor\/wp-content\/uploads\/2024\/02\/cropped-cropped-logolu.webp\",\"contentUrl\":\"https:\/\/luchonoticias.com\/editor\/wp-content\/uploads\/2024\/02\/cropped-cropped-logolu.webp\",\"width\":382,\"height\":170,\"caption\":\"admin\"},\"logo\":{\"@id\":\"https:\/\/luchonoticias.com\/editor\/#\/schema\/person\/image\/\"},\"sameAs\":[\"https:\/\/www.facebook.com\/luchonoticiasneiva\"],\"url\":\"https:\/\/luchonoticias.com\/editor\/author\/admin\/\"}]}<\/script>\n<!-- \/ Yoast SEO plugin. -->","yoast_head_json":{"title":"33 personas capturadas lograron la Polic\u00eda Nacional en el Huila el fin de semana -","robots":{"index":"index","follow":"follow","max-snippet":"max-snippet:-1","max-image-preview":"max-image-preview:large","max-video-preview":"max-video-preview:-1"},"canonical":"https:\/\/luchonoticias.com\/editor\/33-personas-capturadas-lograron-la-policia-nacional-en-el-huila-el-fin-de-semana\/","og_locale":"es_ES","og_type":"article","og_title":"33 personas capturadas lograron la Polic\u00eda Nacional en el Huila el fin de semana -","og_url":"https:\/\/luchonoticias.com\/editor\/33-personas-capturadas-lograron-la-policia-nacional-en-el-huila-el-fin-de-semana\/","article_publisher":"https:\/\/www.facebook.com\/luchonoticiasneiva","article_author":"https:\/\/www.facebook.com\/luchonoticiasneiva","article_published_time":"2022-11-15T12:37:43+00:00","article_modified_time":"2022-11-15T12:37:44+00:00","og_image":[{"url":"https:\/\/luchonoticias.com\/wp-content\/uploads\/2022\/11\/WhatsApp-Image-2022-11-14-at-7.26.32-PM-1-1024x768.jpeg","type":"","width":"","height":""}],"author":"admin","twitter_card":"summary_large_image","twitter_misc":{"Escrito por":"admin","Tiempo de lectura":"2 minutos"},"schema":{"@context":"https:\/\/schema.org","@graph":[{"@type":"Article","@id":"https:\/\/luchonoticias.com\/editor\/33-personas-capturadas-lograron-la-policia-nacional-en-el-huila-el-fin-de-semana\/#article","isPartOf":{"@id":"https:\/\/luchonoticias.com\/editor\/33-personas-capturadas-lograron-la-policia-nacional-en-el-huila-el-fin-de-semana\/"},"author":{"name":"admin","@id":"https:\/\/luchonoticias.com\/editor\/#\/schema\/person\/7a7fd911f58561fd056dbac7b55af9cd"},"headline":"33 personas capturadas lograron la Polic\u00eda Nacional en el Huila el fin de semana","datePublished":"2022-11-15T12:37:43+00:00","dateModified":"2022-11-15T12:37:44+00:00","mainEntityOfPage":{"@id":"https:\/\/luchonoticias.com\/editor\/33-personas-capturadas-lograron-la-policia-nacional-en-el-huila-el-fin-de-semana\/"},"wordCount":343,"commentCount":0,"publisher":{"@id":"https:\/\/luchonoticias.com\/editor\/#\/schema\/person\/7a7fd911f58561fd056dbac7b55af9cd"},"image":{"@id":"https:\/\/luchonoticias.com\/editor\/33-personas-capturadas-lograron-la-policia-nacional-en-el-huila-el-fin-de-semana\/#primaryimage"},"thumbnailUrl":"https:\/\/luchonoticias.com\/wp-content\/uploads\/2022\/11\/WhatsApp-Image-2022-11-14-at-7.26.32-PM-1-1024x768.jpeg","articleSection":["Destacado","Judicial"],"inLanguage":"es","potentialAction":[{"@type":"CommentAction","name":"Comment","target":["https:\/\/luchonoticias.com\/editor\/33-personas-capturadas-lograron-la-policia-nacional-en-el-huila-el-fin-de-semana\/#respond"]}]},{"@type":"WebPage","@id":"https:\/\/luchonoticias.com\/editor\/33-personas-capturadas-lograron-la-policia-nacional-en-el-huila-el-fin-de-semana\/","url":"https:\/\/luchonoticias.com\/editor\/33-personas-capturadas-lograron-la-policia-nacional-en-el-huila-el-fin-de-semana\/","name":"33 personas capturadas lograron la Polic\u00eda Nacional en el Huila el fin de semana -","isPartOf":{"@id":"https:\/\/luchonoticias.com\/editor\/#website"},"primaryImageOfPage":{"@id":"https:\/\/luchonoticias.com\/editor\/33-personas-capturadas-lograron-la-policia-nacional-en-el-huila-el-fin-de-semana\/#primaryimage"},"image":{"@id":"https:\/\/luchonoticias.com\/editor\/33-personas-capturadas-lograron-la-policia-nacional-en-el-huila-el-fin-de-semana\/#primaryimage"},"thumbnailUrl":"https:\/\/luchonoticias.com\/wp-content\/uploads\/2022\/11\/WhatsApp-Image-2022-11-14-at-7.26.32-PM-1-1024x768.jpeg","datePublished":"2022-11-15T12:37:43+00:00","dateModified":"2022-11-15T12:37:44+00:00","breadcrumb":{"@id":"https:\/\/luchonoticias.com\/editor\/33-personas-capturadas-lograron-la-policia-nacional-en-el-huila-el-fin-de-semana\/#breadcrumb"},"inLanguage":"es","potentialAction":[{"@type":"ReadAction","target":["https:\/\/luchonoticias.com\/editor\/33-personas-capturadas-lograron-la-policia-nacional-en-el-huila-el-fin-de-semana\/"]}]},{"@type":"ImageObject","inLanguage":"es","@id":"https:\/\/luchonoticias.com\/editor\/33-personas-capturadas-lograron-la-policia-nacional-en-el-huila-el-fin-de-semana\/#primaryimage","url":"https:\/\/luchonoticias.com\/wp-content\/uploads\/2022\/11\/WhatsApp-Image-2022-11-14-at-7.26.32-PM-1-1024x768.jpeg","contentUrl":"https:\/\/luchonoticias.com\/wp-content\/uploads\/2022\/11\/WhatsApp-Image-2022-11-14-at-7.26.32-PM-1-1024x768.jpeg"},{"@type":"BreadcrumbList","@id":"https:\/\/luchonoticias.com\/editor\/33-personas-capturadas-lograron-la-policia-nacional-en-el-huila-el-fin-de-semana\/#breadcrumb","itemListElement":[{"@type":"ListItem","position":1,"name":"Portada","item":"https:\/\/luchonoticias.com\/editor\/"},{"@type":"ListItem","position":2,"name":"33 personas capturadas lograron la Polic\u00eda Nacional en el Huila el fin de semana"}]},{"@type":"WebSite","@id":"https:\/\/luchonoticias.com\/editor\/#website","url":"https:\/\/luchonoticias.com\/editor\/","name":"","description":"","publisher":{"@id":"https:\/\/luchonoticias.com\/editor\/#\/schema\/person\/7a7fd911f58561fd056dbac7b55af9cd"},"potentialAction":[{"@type":"SearchAction","target":{"@type":"EntryPoint","urlTemplate":"https:\/\/luchonoticias.com\/editor\/?s={search_term_string}"},"query-input":{"@type":"PropertyValueSpecification","valueRequired":true,"valueName":"search_term_string"}}],"inLanguage":"es"},{"@type":["Person","Organization"],"@id":"https:\/\/luchonoticias.com\/editor\/#\/schema\/person\/7a7fd911f58561fd056dbac7b55af9cd","name":"admin","image":{"@type":"ImageObject","inLanguage":"es","@id":"https:\/\/luchonoticias.com\/editor\/#\/schema\/person\/image\/","url":"https:\/\/luchonoticias.com\/editor\/wp-content\/uploads\/2024\/02\/cropped-cropped-logolu.webp","contentUrl":"https:\/\/luchonoticias.com\/editor\/wp-content\/uploads\/2024\/02\/cropped-cropped-logolu.webp","width":382,"height":170,"caption":"admin"},"logo":{"@id":"https:\/\/luchonoticias.com\/editor\/#\/schema\/person\/image\/"},"sameAs":["https:\/\/www.facebook.com\/luchonoticiasneiva"],"url":"https:\/\/luchonoticias.com\/editor\/author\/admin\/"}]}},"_links":{"self":[{"href":"https:\/\/luchonoticias.com\/editor\/wp-json\/wp\/v2\/posts\/39476","targetHints":{"allow":["GET"]}}],"collection":[{"href":"https:\/\/luchonoticias.com\/editor\/wp-json\/wp\/v2\/posts"}],"about":[{"href":"https:\/\/luchonoticias.com\/editor\/wp-json\/wp\/v2\/types\/post"}],"author":[{"embeddable":true,"href":"https:\/\/luchonoticias.com\/editor\/wp-json\/wp\/v2\/users\/1"}],"replies":[{"embeddable":true,"href":"https:\/\/luchonoticias.com\/editor\/wp-json\/wp\/v2\/comments?post=39476"}],"version-history":[{"count":0,"href":"https:\/\/luchonoticias.com\/editor\/wp-json\/wp\/v2\/posts\/39476\/revisions"}],"wp:attachment":[{"href":"https:\/\/luchonoticias.com\/editor\/wp-json\/wp\/v2\/media?parent=39476"}],"wp:term":[{"taxonomy":"category","embeddable":true,"href":"https:\/\/luchonoticias.com\/editor\/wp-json\/wp\/v2\/categories?post=39476"},{"taxonomy":"post_tag","embeddable":true,"href":"https:\/\/luchonoticias.com\/editor\/wp-json\/wp\/v2\/tags?post=39476"}],"curies":[{"name":"wp","href":"https:\/\/api.w.org\/{rel}","templated":true}]}}