{"id":39484,"date":"2022-11-15T07:46:37","date_gmt":"2022-11-15T12:46:37","guid":{"rendered":"https:\/\/luchonoticias.com\/?p=39484"},"modified":"2022-11-15T08:17:07","modified_gmt":"2022-11-15T13:17:07","slug":"asesinado-hombre-en-el-barrio-primero-de-mayo-de-neiva","status":"publish","type":"post","link":"https:\/\/luchonoticias.com\/editor\/asesinado-hombre-en-el-barrio-primero-de-mayo-de-neiva\/","title":{"rendered":"Asesinado hombre en el barrio Primero de Mayo de Neiva"},"content":{"rendered":"\n<p>De un disparo certero, fue asesinado el d\u00eda de ayer en horas de la noche un hombre identificado como Ra\u00fal Le\u00f3n Villegas sobre la calle 13 con carrera 16 en inmediaciones del barrio Primero de Mayo de la capital huilense.<\/p>\n\n\n\n<p>Seg\u00fan lo establecido por testigos del hecho, al parecer la v\u00edctima quien reside en el sector, se percat\u00f3 que estaban robando la motocicleta a un joven vecino y al intervenir, uno de los facinerosos le dispar\u00f3, acabando con su vida.<\/p>\n\n\n\n<p>El cuerpo de la v\u00edctima alcanz\u00f3 a ser llevado por varios vecinos hasta el Hospital Universitario de Neiva, donde los galenos al valorarlo se percataron que ya no ten\u00edan signos vitales.<\/p>\n\n\n\n<p>Finalmente, se estableci\u00f3 que las autoridades se encuentran ya en las labores investigativas, para dar con el paradero de los implicados del hecho de sangre.<\/p>\n","protected":false},"excerpt":{"rendered":"<p>De un disparo certero, fue asesinado el d\u00eda de ayer en horas de la noche un hombre identificado como Ra\u00fal Le\u00f3n Villegas sobre la calle 13 con carrera 16 en inmediaciones del barrio Primero de Mayo de la capital huilense. Seg\u00fan lo establecido por testigos del hecho, al parecer la v\u00edctima quien reside en el [&hellip;]<\/p>\n","protected":false},"author":1,"featured_media":0,"comment_status":"open","ping_status":"open","sticky":false,"template":"","format":"standard","meta":{"footnotes":""},"categories":[36,29],"tags":[],"class_list":["post-39484","post","type-post","status-publish","format-standard","hentry","category-destacado","category-judicial"],"yoast_head":"<!-- This site is optimized with the Yoast SEO plugin v26.6 - https:\/\/yoast.com\/wordpress\/plugins\/seo\/ -->\n<title>Asesinado hombre en el barrio Primero de Mayo de Neiva -<\/title>\n<meta name=\"robots\" content=\"index, follow, max-snippet:-1, max-image-preview:large, max-video-preview:-1\" \/>\n<link rel=\"canonical\" href=\"https:\/\/luchonoticias.com\/editor\/asesinado-hombre-en-el-barrio-primero-de-mayo-de-neiva\/\" \/>\n<meta property=\"og:locale\" content=\"es_ES\" \/>\n<meta property=\"og:type\" content=\"article\" \/>\n<meta property=\"og:title\" content=\"Asesinado hombre en el barrio Primero de Mayo de Neiva -\" \/>\n<meta property=\"og:url\" content=\"https:\/\/luchonoticias.com\/editor\/asesinado-hombre-en-el-barrio-primero-de-mayo-de-neiva\/\" \/>\n<meta property=\"article:publisher\" content=\"https:\/\/www.facebook.com\/luchonoticiasneiva\" \/>\n<meta property=\"article:author\" content=\"https:\/\/www.facebook.com\/luchonoticiasneiva\" \/>\n<meta property=\"article:published_time\" content=\"2022-11-15T12:46:37+00:00\" \/>\n<meta property=\"article:modified_time\" content=\"2022-11-15T13:17:07+00:00\" \/>\n<meta name=\"author\" content=\"admin\" \/>\n<meta name=\"twitter:card\" content=\"summary_large_image\" \/>\n<meta name=\"twitter:label1\" content=\"Escrito por\" \/>\n\t<meta name=\"twitter:data1\" content=\"admin\" \/>\n\t<meta name=\"twitter:label2\" content=\"Tiempo de lectura\" \/>\n\t<meta name=\"twitter:data2\" content=\"1 minuto\" \/>\n<script type=\"application\/ld+json\" class=\"yoast-schema-graph\">{\"@context\":\"https:\/\/schema.org\",\"@graph\":[{\"@type\":\"Article\",\"@id\":\"https:\/\/luchonoticias.com\/editor\/asesinado-hombre-en-el-barrio-primero-de-mayo-de-neiva\/#article\",\"isPartOf\":{\"@id\":\"https:\/\/luchonoticias.com\/editor\/asesinado-hombre-en-el-barrio-primero-de-mayo-de-neiva\/\"},\"author\":{\"name\":\"admin\",\"@id\":\"https:\/\/luchonoticias.com\/editor\/#\/schema\/person\/7a7fd911f58561fd056dbac7b55af9cd\"},\"headline\":\"Asesinado hombre en el barrio Primero de Mayo de Neiva\",\"datePublished\":\"2022-11-15T12:46:37+00:00\",\"dateModified\":\"2022-11-15T13:17:07+00:00\",\"mainEntityOfPage\":{\"@id\":\"https:\/\/luchonoticias.com\/editor\/asesinado-hombre-en-el-barrio-primero-de-mayo-de-neiva\/\"},\"wordCount\":151,\"commentCount\":0,\"publisher\":{\"@id\":\"https:\/\/luchonoticias.com\/editor\/#\/schema\/person\/7a7fd911f58561fd056dbac7b55af9cd\"},\"articleSection\":[\"Destacado\",\"Judicial\"],\"inLanguage\":\"es\",\"potentialAction\":[{\"@type\":\"CommentAction\",\"name\":\"Comment\",\"target\":[\"https:\/\/luchonoticias.com\/editor\/asesinado-hombre-en-el-barrio-primero-de-mayo-de-neiva\/#respond\"]}]},{\"@type\":\"WebPage\",\"@id\":\"https:\/\/luchonoticias.com\/editor\/asesinado-hombre-en-el-barrio-primero-de-mayo-de-neiva\/\",\"url\":\"https:\/\/luchonoticias.com\/editor\/asesinado-hombre-en-el-barrio-primero-de-mayo-de-neiva\/\",\"name\":\"Asesinado hombre en el barrio Primero de Mayo de Neiva -\",\"isPartOf\":{\"@id\":\"https:\/\/luchonoticias.com\/editor\/#website\"},\"datePublished\":\"2022-11-15T12:46:37+00:00\",\"dateModified\":\"2022-11-15T13:17:07+00:00\",\"breadcrumb\":{\"@id\":\"https:\/\/luchonoticias.com\/editor\/asesinado-hombre-en-el-barrio-primero-de-mayo-de-neiva\/#breadcrumb\"},\"inLanguage\":\"es\",\"potentialAction\":[{\"@type\":\"ReadAction\",\"target\":[\"https:\/\/luchonoticias.com\/editor\/asesinado-hombre-en-el-barrio-primero-de-mayo-de-neiva\/\"]}]},{\"@type\":\"BreadcrumbList\",\"@id\":\"https:\/\/luchonoticias.com\/editor\/asesinado-hombre-en-el-barrio-primero-de-mayo-de-neiva\/#breadcrumb\",\"itemListElement\":[{\"@type\":\"ListItem\",\"position\":1,\"name\":\"Portada\",\"item\":\"https:\/\/luchonoticias.com\/editor\/\"},{\"@type\":\"ListItem\",\"position\":2,\"name\":\"Asesinado hombre en el barrio Primero de Mayo de Neiva\"}]},{\"@type\":\"WebSite\",\"@id\":\"https:\/\/luchonoticias.com\/editor\/#website\",\"url\":\"https:\/\/luchonoticias.com\/editor\/\",\"name\":\"\",\"description\":\"\",\"publisher\":{\"@id\":\"https:\/\/luchonoticias.com\/editor\/#\/schema\/person\/7a7fd911f58561fd056dbac7b55af9cd\"},\"potentialAction\":[{\"@type\":\"SearchAction\",\"target\":{\"@type\":\"EntryPoint\",\"urlTemplate\":\"https:\/\/luchonoticias.com\/editor\/?s={search_term_string}\"},\"query-input\":{\"@type\":\"PropertyValueSpecification\",\"valueRequired\":true,\"valueName\":\"search_term_string\"}}],\"inLanguage\":\"es\"},{\"@type\":[\"Person\",\"Organization\"],\"@id\":\"https:\/\/luchonoticias.com\/editor\/#\/schema\/person\/7a7fd911f58561fd056dbac7b55af9cd\",\"name\":\"admin\",\"image\":{\"@type\":\"ImageObject\",\"inLanguage\":\"es\",\"@id\":\"https:\/\/luchonoticias.com\/editor\/#\/schema\/person\/image\/\",\"url\":\"https:\/\/luchonoticias.com\/editor\/wp-content\/uploads\/2024\/02\/cropped-cropped-logolu.webp\",\"contentUrl\":\"https:\/\/luchonoticias.com\/editor\/wp-content\/uploads\/2024\/02\/cropped-cropped-logolu.webp\",\"width\":382,\"height\":170,\"caption\":\"admin\"},\"logo\":{\"@id\":\"https:\/\/luchonoticias.com\/editor\/#\/schema\/person\/image\/\"},\"sameAs\":[\"https:\/\/www.facebook.com\/luchonoticiasneiva\"],\"url\":\"https:\/\/luchonoticias.com\/editor\/author\/admin\/\"}]}<\/script>\n<!-- \/ Yoast SEO plugin. -->","yoast_head_json":{"title":"Asesinado hombre en el barrio Primero de Mayo de Neiva -","robots":{"index":"index","follow":"follow","max-snippet":"max-snippet:-1","max-image-preview":"max-image-preview:large","max-video-preview":"max-video-preview:-1"},"canonical":"https:\/\/luchonoticias.com\/editor\/asesinado-hombre-en-el-barrio-primero-de-mayo-de-neiva\/","og_locale":"es_ES","og_type":"article","og_title":"Asesinado hombre en el barrio Primero de Mayo de Neiva -","og_url":"https:\/\/luchonoticias.com\/editor\/asesinado-hombre-en-el-barrio-primero-de-mayo-de-neiva\/","article_publisher":"https:\/\/www.facebook.com\/luchonoticiasneiva","article_author":"https:\/\/www.facebook.com\/luchonoticiasneiva","article_published_time":"2022-11-15T12:46:37+00:00","article_modified_time":"2022-11-15T13:17:07+00:00","author":"admin","twitter_card":"summary_large_image","twitter_misc":{"Escrito por":"admin","Tiempo de lectura":"1 minuto"},"schema":{"@context":"https:\/\/schema.org","@graph":[{"@type":"Article","@id":"https:\/\/luchonoticias.com\/editor\/asesinado-hombre-en-el-barrio-primero-de-mayo-de-neiva\/#article","isPartOf":{"@id":"https:\/\/luchonoticias.com\/editor\/asesinado-hombre-en-el-barrio-primero-de-mayo-de-neiva\/"},"author":{"name":"admin","@id":"https:\/\/luchonoticias.com\/editor\/#\/schema\/person\/7a7fd911f58561fd056dbac7b55af9cd"},"headline":"Asesinado hombre en el barrio Primero de Mayo de Neiva","datePublished":"2022-11-15T12:46:37+00:00","dateModified":"2022-11-15T13:17:07+00:00","mainEntityOfPage":{"@id":"https:\/\/luchonoticias.com\/editor\/asesinado-hombre-en-el-barrio-primero-de-mayo-de-neiva\/"},"wordCount":151,"commentCount":0,"publisher":{"@id":"https:\/\/luchonoticias.com\/editor\/#\/schema\/person\/7a7fd911f58561fd056dbac7b55af9cd"},"articleSection":["Destacado","Judicial"],"inLanguage":"es","potentialAction":[{"@type":"CommentAction","name":"Comment","target":["https:\/\/luchonoticias.com\/editor\/asesinado-hombre-en-el-barrio-primero-de-mayo-de-neiva\/#respond"]}]},{"@type":"WebPage","@id":"https:\/\/luchonoticias.com\/editor\/asesinado-hombre-en-el-barrio-primero-de-mayo-de-neiva\/","url":"https:\/\/luchonoticias.com\/editor\/asesinado-hombre-en-el-barrio-primero-de-mayo-de-neiva\/","name":"Asesinado hombre en el barrio Primero de Mayo de Neiva -","isPartOf":{"@id":"https:\/\/luchonoticias.com\/editor\/#website"},"datePublished":"2022-11-15T12:46:37+00:00","dateModified":"2022-11-15T13:17:07+00:00","breadcrumb":{"@id":"https:\/\/luchonoticias.com\/editor\/asesinado-hombre-en-el-barrio-primero-de-mayo-de-neiva\/#breadcrumb"},"inLanguage":"es","potentialAction":[{"@type":"ReadAction","target":["https:\/\/luchonoticias.com\/editor\/asesinado-hombre-en-el-barrio-primero-de-mayo-de-neiva\/"]}]},{"@type":"BreadcrumbList","@id":"https:\/\/luchonoticias.com\/editor\/asesinado-hombre-en-el-barrio-primero-de-mayo-de-neiva\/#breadcrumb","itemListElement":[{"@type":"ListItem","position":1,"name":"Portada","item":"https:\/\/luchonoticias.com\/editor\/"},{"@type":"ListItem","position":2,"name":"Asesinado hombre en el barrio Primero de Mayo de Neiva"}]},{"@type":"WebSite","@id":"https:\/\/luchonoticias.com\/editor\/#website","url":"https:\/\/luchonoticias.com\/editor\/","name":"","description":"","publisher":{"@id":"https:\/\/luchonoticias.com\/editor\/#\/schema\/person\/7a7fd911f58561fd056dbac7b55af9cd"},"potentialAction":[{"@type":"SearchAction","target":{"@type":"EntryPoint","urlTemplate":"https:\/\/luchonoticias.com\/editor\/?s={search_term_string}"},"query-input":{"@type":"PropertyValueSpecification","valueRequired":true,"valueName":"search_term_string"}}],"inLanguage":"es"},{"@type":["Person","Organization"],"@id":"https:\/\/luchonoticias.com\/editor\/#\/schema\/person\/7a7fd911f58561fd056dbac7b55af9cd","name":"admin","image":{"@type":"ImageObject","inLanguage":"es","@id":"https:\/\/luchonoticias.com\/editor\/#\/schema\/person\/image\/","url":"https:\/\/luchonoticias.com\/editor\/wp-content\/uploads\/2024\/02\/cropped-cropped-logolu.webp","contentUrl":"https:\/\/luchonoticias.com\/editor\/wp-content\/uploads\/2024\/02\/cropped-cropped-logolu.webp","width":382,"height":170,"caption":"admin"},"logo":{"@id":"https:\/\/luchonoticias.com\/editor\/#\/schema\/person\/image\/"},"sameAs":["https:\/\/www.facebook.com\/luchonoticiasneiva"],"url":"https:\/\/luchonoticias.com\/editor\/author\/admin\/"}]}},"_links":{"self":[{"href":"https:\/\/luchonoticias.com\/editor\/wp-json\/wp\/v2\/posts\/39484","targetHints":{"allow":["GET"]}}],"collection":[{"href":"https:\/\/luchonoticias.com\/editor\/wp-json\/wp\/v2\/posts"}],"about":[{"href":"https:\/\/luchonoticias.com\/editor\/wp-json\/wp\/v2\/types\/post"}],"author":[{"embeddable":true,"href":"https:\/\/luchonoticias.com\/editor\/wp-json\/wp\/v2\/users\/1"}],"replies":[{"embeddable":true,"href":"https:\/\/luchonoticias.com\/editor\/wp-json\/wp\/v2\/comments?post=39484"}],"version-history":[{"count":0,"href":"https:\/\/luchonoticias.com\/editor\/wp-json\/wp\/v2\/posts\/39484\/revisions"}],"wp:attachment":[{"href":"https:\/\/luchonoticias.com\/editor\/wp-json\/wp\/v2\/media?parent=39484"}],"wp:term":[{"taxonomy":"category","embeddable":true,"href":"https:\/\/luchonoticias.com\/editor\/wp-json\/wp\/v2\/categories?post=39484"},{"taxonomy":"post_tag","embeddable":true,"href":"https:\/\/luchonoticias.com\/editor\/wp-json\/wp\/v2\/tags?post=39484"}],"curies":[{"name":"wp","href":"https:\/\/api.w.org\/{rel}","templated":true}]}}