{"id":39520,"date":"2022-11-15T13:49:42","date_gmt":"2022-11-15T18:49:42","guid":{"rendered":"https:\/\/luchonoticias.com\/?p=39520"},"modified":"2022-11-15T13:49:43","modified_gmt":"2022-11-15T18:49:43","slug":"alcaldia-de-neiva-celebro-el-dia-del-vendedor-informal","status":"publish","type":"post","link":"https:\/\/luchonoticias.com\/editor\/alcaldia-de-neiva-celebro-el-dia-del-vendedor-informal\/","title":{"rendered":"Alcald\u00eda de Neiva celebr\u00f3 el D\u00eda del Vendedor Informal"},"content":{"rendered":"\n<p>La Alcald\u00eda de Neiva dando cumplimiento a la Pol\u00edtica P\u00fablica de Vendedores Informales, reconoci\u00f3 y conmemor\u00f3 este lunes 14 de noviembre la labor de las personas que desde las calles de Neiva se ganan su sustento diario.<\/p>\n\n\n\n<p>\u201cReiterar que este d\u00eda es muy especial para este sector de la ciudad y que la Direcci\u00f3n de Espacio P\u00fablico, dentro de la Pol\u00edtica P\u00fablica de Vendedores Informales, lo est\u00e1 asumiendo con mucho respeto y responsabilidad\u201d, sostuvo el director de Espacio P\u00fablico del Municipio, Hugo Alberto Arciniegas Mart\u00ednez.<\/p>\n\n\n\n<figure class=\"wp-block-gallery has-nested-images columns-default is-cropped wp-block-gallery-1 is-layout-flex wp-block-gallery-is-layout-flex\">\n<figure class=\"wp-block-image size-large\"><img decoding=\"async\" data-id=\"39523\" src=\"https:\/\/luchonoticias.com\/wp-content\/uploads\/2022\/11\/WhatsApp-Image-2022-11-15-at-12.10.51-PM-2-1024x682.jpeg\" alt=\"\" class=\"wp-image-39523\"\/><\/figure>\n\n\n\n<figure class=\"wp-block-image size-large\"><img decoding=\"async\" data-id=\"39522\" src=\"https:\/\/luchonoticias.com\/wp-content\/uploads\/2022\/11\/WhatsApp-Image-2022-11-15-at-12.10.51-PM-1024x683.jpeg\" alt=\"\" class=\"wp-image-39522\"\/><\/figure>\n<\/figure>\n\n\n\n<p><strong>Jornada<\/strong><\/p>\n\n\n\n<p>Es as\u00ed como desde la Plazoleta de Comidas del Malec\u00f3n del R\u00edo Magdalena, se llev\u00f3 a cabo el D\u00eda del Vendedor Informal, una jornada participativa e inclusiva que estuvo enmarcada por actividades institucionales, culturales y de salud.<\/p>\n\n\n\n<p>\u201cLa cultura juega un papel importante en estas actividades, porque es la encargada de generar conciencia y por eso se est\u00e1n emprendiendo estas acciones para avanzar hacia la educaci\u00f3n sobre el buen uso del espacio p\u00fablico\u201d, expres\u00f3 Arciniegas Mart\u00ednez.<\/p>\n\n\n\n<p>Cabe mencionar que, este fue un espacio organizado desde la Direcci\u00f3n de Espacio P\u00fablico y articulado entre las secretar\u00edas de Deportes, Cultura y Vivienda; Sisb\u00e9n, la ESE \u2018Carmen Emilia Ospina\u2019 y el Ej\u00e9rcito Nacional.<\/p>\n\n\n\n<figure class=\"wp-block-gallery has-nested-images columns-default is-cropped wp-block-gallery-2 is-layout-flex wp-block-gallery-is-layout-flex\">\n<figure class=\"wp-block-image size-large\"><img decoding=\"async\" data-id=\"39524\" src=\"https:\/\/luchonoticias.com\/wp-content\/uploads\/2022\/11\/WhatsApp-Image-2022-11-15-at-12.10.52-PM-2-1024x683.jpeg\" alt=\"\" class=\"wp-image-39524\"\/><\/figure>\n\n\n\n<figure class=\"wp-block-image size-large\"><img decoding=\"async\" data-id=\"39525\" src=\"https:\/\/luchonoticias.com\/wp-content\/uploads\/2022\/11\/WhatsApp-Image-2022-11-15-at-12.10.52-PM-1024x682.jpeg\" alt=\"\" class=\"wp-image-39525\"\/><\/figure>\n<\/figure>\n\n\n\n<p><strong>Dignificando la labor<\/strong><\/p>\n\n\n\n<p>Este d\u00eda no solo busca conmemorar el d\u00eda de esta labor, sino que tambi\u00e9n establece la obligaci\u00f3n de desarrollar estrategias de inclusi\u00f3n, formalizaci\u00f3n y regulaci\u00f3n de dicha actividad, \u00fanicos mecanismos para dignificar a esta poblaci\u00f3n, premisa del alcalde de Neiva, Gorky Mu\u00f1oz Calder\u00f3n.<\/p>\n","protected":false},"excerpt":{"rendered":"<p>La Alcald\u00eda de Neiva dando cumplimiento a la Pol\u00edtica P\u00fablica de Vendedores Informales, reconoci\u00f3 y conmemor\u00f3 este lunes 14 de noviembre la labor de las personas que desde las calles de Neiva se ganan su sustento diario. \u201cReiterar que este d\u00eda es muy especial para este sector de la ciudad y que la Direcci\u00f3n de [&hellip;]<\/p>\n","protected":false},"author":1,"featured_media":0,"comment_status":"open","ping_status":"open","sticky":false,"template":"","format":"standard","meta":{"footnotes":""},"categories":[3961,36],"tags":[],"class_list":["post-39520","post","type-post","status-publish","format-standard","hentry","category-comunidad","category-destacado"],"yoast_head":"<!-- This site is optimized with the Yoast SEO plugin v26.6 - https:\/\/yoast.com\/wordpress\/plugins\/seo\/ -->\n<title>Alcald\u00eda de Neiva celebr\u00f3 el D\u00eda del Vendedor Informal -<\/title>\n<meta name=\"robots\" content=\"index, follow, max-snippet:-1, max-image-preview:large, max-video-preview:-1\" \/>\n<link rel=\"canonical\" href=\"https:\/\/luchonoticias.com\/editor\/alcaldia-de-neiva-celebro-el-dia-del-vendedor-informal\/\" \/>\n<meta property=\"og:locale\" content=\"es_ES\" \/>\n<meta property=\"og:type\" content=\"article\" \/>\n<meta property=\"og:title\" content=\"Alcald\u00eda de Neiva celebr\u00f3 el D\u00eda del Vendedor Informal -\" \/>\n<meta property=\"og:url\" content=\"https:\/\/luchonoticias.com\/editor\/alcaldia-de-neiva-celebro-el-dia-del-vendedor-informal\/\" \/>\n<meta property=\"article:publisher\" content=\"https:\/\/www.facebook.com\/luchonoticiasneiva\" \/>\n<meta property=\"article:author\" content=\"https:\/\/www.facebook.com\/luchonoticiasneiva\" \/>\n<meta property=\"article:published_time\" content=\"2022-11-15T18:49:42+00:00\" \/>\n<meta property=\"article:modified_time\" content=\"2022-11-15T18:49:43+00:00\" \/>\n<meta property=\"og:image\" content=\"https:\/\/luchonoticias.com\/wp-content\/uploads\/2022\/11\/WhatsApp-Image-2022-11-15-at-12.10.51-PM-2-1024x682.jpeg\" \/>\n<meta name=\"author\" content=\"admin\" \/>\n<meta name=\"twitter:card\" content=\"summary_large_image\" \/>\n<meta name=\"twitter:label1\" content=\"Escrito por\" \/>\n\t<meta name=\"twitter:data1\" content=\"admin\" \/>\n\t<meta name=\"twitter:label2\" content=\"Tiempo de lectura\" \/>\n\t<meta name=\"twitter:data2\" content=\"1 minuto\" \/>\n<script type=\"application\/ld+json\" class=\"yoast-schema-graph\">{\"@context\":\"https:\/\/schema.org\",\"@graph\":[{\"@type\":\"Article\",\"@id\":\"https:\/\/luchonoticias.com\/editor\/alcaldia-de-neiva-celebro-el-dia-del-vendedor-informal\/#article\",\"isPartOf\":{\"@id\":\"https:\/\/luchonoticias.com\/editor\/alcaldia-de-neiva-celebro-el-dia-del-vendedor-informal\/\"},\"author\":{\"name\":\"admin\",\"@id\":\"https:\/\/luchonoticias.com\/editor\/#\/schema\/person\/7a7fd911f58561fd056dbac7b55af9cd\"},\"headline\":\"Alcald\u00eda de Neiva celebr\u00f3 el D\u00eda del Vendedor Informal\",\"datePublished\":\"2022-11-15T18:49:42+00:00\",\"dateModified\":\"2022-11-15T18:49:43+00:00\",\"mainEntityOfPage\":{\"@id\":\"https:\/\/luchonoticias.com\/editor\/alcaldia-de-neiva-celebro-el-dia-del-vendedor-informal\/\"},\"wordCount\":284,\"commentCount\":0,\"publisher\":{\"@id\":\"https:\/\/luchonoticias.com\/editor\/#\/schema\/person\/7a7fd911f58561fd056dbac7b55af9cd\"},\"image\":{\"@id\":\"https:\/\/luchonoticias.com\/editor\/alcaldia-de-neiva-celebro-el-dia-del-vendedor-informal\/#primaryimage\"},\"thumbnailUrl\":\"https:\/\/luchonoticias.com\/wp-content\/uploads\/2022\/11\/WhatsApp-Image-2022-11-15-at-12.10.51-PM-2-1024x682.jpeg\",\"articleSection\":[\"Comunidad\",\"Destacado\"],\"inLanguage\":\"es\",\"potentialAction\":[{\"@type\":\"CommentAction\",\"name\":\"Comment\",\"target\":[\"https:\/\/luchonoticias.com\/editor\/alcaldia-de-neiva-celebro-el-dia-del-vendedor-informal\/#respond\"]}]},{\"@type\":\"WebPage\",\"@id\":\"https:\/\/luchonoticias.com\/editor\/alcaldia-de-neiva-celebro-el-dia-del-vendedor-informal\/\",\"url\":\"https:\/\/luchonoticias.com\/editor\/alcaldia-de-neiva-celebro-el-dia-del-vendedor-informal\/\",\"name\":\"Alcald\u00eda de Neiva celebr\u00f3 el D\u00eda del Vendedor Informal -\",\"isPartOf\":{\"@id\":\"https:\/\/luchonoticias.com\/editor\/#website\"},\"primaryImageOfPage\":{\"@id\":\"https:\/\/luchonoticias.com\/editor\/alcaldia-de-neiva-celebro-el-dia-del-vendedor-informal\/#primaryimage\"},\"image\":{\"@id\":\"https:\/\/luchonoticias.com\/editor\/alcaldia-de-neiva-celebro-el-dia-del-vendedor-informal\/#primaryimage\"},\"thumbnailUrl\":\"https:\/\/luchonoticias.com\/wp-content\/uploads\/2022\/11\/WhatsApp-Image-2022-11-15-at-12.10.51-PM-2-1024x682.jpeg\",\"datePublished\":\"2022-11-15T18:49:42+00:00\",\"dateModified\":\"2022-11-15T18:49:43+00:00\",\"breadcrumb\":{\"@id\":\"https:\/\/luchonoticias.com\/editor\/alcaldia-de-neiva-celebro-el-dia-del-vendedor-informal\/#breadcrumb\"},\"inLanguage\":\"es\",\"potentialAction\":[{\"@type\":\"ReadAction\",\"target\":[\"https:\/\/luchonoticias.com\/editor\/alcaldia-de-neiva-celebro-el-dia-del-vendedor-informal\/\"]}]},{\"@type\":\"ImageObject\",\"inLanguage\":\"es\",\"@id\":\"https:\/\/luchonoticias.com\/editor\/alcaldia-de-neiva-celebro-el-dia-del-vendedor-informal\/#primaryimage\",\"url\":\"https:\/\/luchonoticias.com\/wp-content\/uploads\/2022\/11\/WhatsApp-Image-2022-11-15-at-12.10.51-PM-2-1024x682.jpeg\",\"contentUrl\":\"https:\/\/luchonoticias.com\/wp-content\/uploads\/2022\/11\/WhatsApp-Image-2022-11-15-at-12.10.51-PM-2-1024x682.jpeg\"},{\"@type\":\"BreadcrumbList\",\"@id\":\"https:\/\/luchonoticias.com\/editor\/alcaldia-de-neiva-celebro-el-dia-del-vendedor-informal\/#breadcrumb\",\"itemListElement\":[{\"@type\":\"ListItem\",\"position\":1,\"name\":\"Portada\",\"item\":\"https:\/\/luchonoticias.com\/editor\/\"},{\"@type\":\"ListItem\",\"position\":2,\"name\":\"Alcald\u00eda de Neiva celebr\u00f3 el D\u00eda del Vendedor Informal\"}]},{\"@type\":\"WebSite\",\"@id\":\"https:\/\/luchonoticias.com\/editor\/#website\",\"url\":\"https:\/\/luchonoticias.com\/editor\/\",\"name\":\"\",\"description\":\"\",\"publisher\":{\"@id\":\"https:\/\/luchonoticias.com\/editor\/#\/schema\/person\/7a7fd911f58561fd056dbac7b55af9cd\"},\"potentialAction\":[{\"@type\":\"SearchAction\",\"target\":{\"@type\":\"EntryPoint\",\"urlTemplate\":\"https:\/\/luchonoticias.com\/editor\/?s={search_term_string}\"},\"query-input\":{\"@type\":\"PropertyValueSpecification\",\"valueRequired\":true,\"valueName\":\"search_term_string\"}}],\"inLanguage\":\"es\"},{\"@type\":[\"Person\",\"Organization\"],\"@id\":\"https:\/\/luchonoticias.com\/editor\/#\/schema\/person\/7a7fd911f58561fd056dbac7b55af9cd\",\"name\":\"admin\",\"image\":{\"@type\":\"ImageObject\",\"inLanguage\":\"es\",\"@id\":\"https:\/\/luchonoticias.com\/editor\/#\/schema\/person\/image\/\",\"url\":\"https:\/\/luchonoticias.com\/editor\/wp-content\/uploads\/2024\/02\/cropped-cropped-logolu.webp\",\"contentUrl\":\"https:\/\/luchonoticias.com\/editor\/wp-content\/uploads\/2024\/02\/cropped-cropped-logolu.webp\",\"width\":382,\"height\":170,\"caption\":\"admin\"},\"logo\":{\"@id\":\"https:\/\/luchonoticias.com\/editor\/#\/schema\/person\/image\/\"},\"sameAs\":[\"https:\/\/www.facebook.com\/luchonoticiasneiva\"],\"url\":\"https:\/\/luchonoticias.com\/editor\/author\/admin\/\"}]}<\/script>\n<!-- \/ Yoast SEO plugin. -->","yoast_head_json":{"title":"Alcald\u00eda de Neiva celebr\u00f3 el D\u00eda del Vendedor Informal -","robots":{"index":"index","follow":"follow","max-snippet":"max-snippet:-1","max-image-preview":"max-image-preview:large","max-video-preview":"max-video-preview:-1"},"canonical":"https:\/\/luchonoticias.com\/editor\/alcaldia-de-neiva-celebro-el-dia-del-vendedor-informal\/","og_locale":"es_ES","og_type":"article","og_title":"Alcald\u00eda de Neiva celebr\u00f3 el D\u00eda del Vendedor Informal -","og_url":"https:\/\/luchonoticias.com\/editor\/alcaldia-de-neiva-celebro-el-dia-del-vendedor-informal\/","article_publisher":"https:\/\/www.facebook.com\/luchonoticiasneiva","article_author":"https:\/\/www.facebook.com\/luchonoticiasneiva","article_published_time":"2022-11-15T18:49:42+00:00","article_modified_time":"2022-11-15T18:49:43+00:00","og_image":[{"url":"https:\/\/luchonoticias.com\/wp-content\/uploads\/2022\/11\/WhatsApp-Image-2022-11-15-at-12.10.51-PM-2-1024x682.jpeg","type":"","width":"","height":""}],"author":"admin","twitter_card":"summary_large_image","twitter_misc":{"Escrito por":"admin","Tiempo de lectura":"1 minuto"},"schema":{"@context":"https:\/\/schema.org","@graph":[{"@type":"Article","@id":"https:\/\/luchonoticias.com\/editor\/alcaldia-de-neiva-celebro-el-dia-del-vendedor-informal\/#article","isPartOf":{"@id":"https:\/\/luchonoticias.com\/editor\/alcaldia-de-neiva-celebro-el-dia-del-vendedor-informal\/"},"author":{"name":"admin","@id":"https:\/\/luchonoticias.com\/editor\/#\/schema\/person\/7a7fd911f58561fd056dbac7b55af9cd"},"headline":"Alcald\u00eda de Neiva celebr\u00f3 el D\u00eda del Vendedor Informal","datePublished":"2022-11-15T18:49:42+00:00","dateModified":"2022-11-15T18:49:43+00:00","mainEntityOfPage":{"@id":"https:\/\/luchonoticias.com\/editor\/alcaldia-de-neiva-celebro-el-dia-del-vendedor-informal\/"},"wordCount":284,"commentCount":0,"publisher":{"@id":"https:\/\/luchonoticias.com\/editor\/#\/schema\/person\/7a7fd911f58561fd056dbac7b55af9cd"},"image":{"@id":"https:\/\/luchonoticias.com\/editor\/alcaldia-de-neiva-celebro-el-dia-del-vendedor-informal\/#primaryimage"},"thumbnailUrl":"https:\/\/luchonoticias.com\/wp-content\/uploads\/2022\/11\/WhatsApp-Image-2022-11-15-at-12.10.51-PM-2-1024x682.jpeg","articleSection":["Comunidad","Destacado"],"inLanguage":"es","potentialAction":[{"@type":"CommentAction","name":"Comment","target":["https:\/\/luchonoticias.com\/editor\/alcaldia-de-neiva-celebro-el-dia-del-vendedor-informal\/#respond"]}]},{"@type":"WebPage","@id":"https:\/\/luchonoticias.com\/editor\/alcaldia-de-neiva-celebro-el-dia-del-vendedor-informal\/","url":"https:\/\/luchonoticias.com\/editor\/alcaldia-de-neiva-celebro-el-dia-del-vendedor-informal\/","name":"Alcald\u00eda de Neiva celebr\u00f3 el D\u00eda del Vendedor Informal -","isPartOf":{"@id":"https:\/\/luchonoticias.com\/editor\/#website"},"primaryImageOfPage":{"@id":"https:\/\/luchonoticias.com\/editor\/alcaldia-de-neiva-celebro-el-dia-del-vendedor-informal\/#primaryimage"},"image":{"@id":"https:\/\/luchonoticias.com\/editor\/alcaldia-de-neiva-celebro-el-dia-del-vendedor-informal\/#primaryimage"},"thumbnailUrl":"https:\/\/luchonoticias.com\/wp-content\/uploads\/2022\/11\/WhatsApp-Image-2022-11-15-at-12.10.51-PM-2-1024x682.jpeg","datePublished":"2022-11-15T18:49:42+00:00","dateModified":"2022-11-15T18:49:43+00:00","breadcrumb":{"@id":"https:\/\/luchonoticias.com\/editor\/alcaldia-de-neiva-celebro-el-dia-del-vendedor-informal\/#breadcrumb"},"inLanguage":"es","potentialAction":[{"@type":"ReadAction","target":["https:\/\/luchonoticias.com\/editor\/alcaldia-de-neiva-celebro-el-dia-del-vendedor-informal\/"]}]},{"@type":"ImageObject","inLanguage":"es","@id":"https:\/\/luchonoticias.com\/editor\/alcaldia-de-neiva-celebro-el-dia-del-vendedor-informal\/#primaryimage","url":"https:\/\/luchonoticias.com\/wp-content\/uploads\/2022\/11\/WhatsApp-Image-2022-11-15-at-12.10.51-PM-2-1024x682.jpeg","contentUrl":"https:\/\/luchonoticias.com\/wp-content\/uploads\/2022\/11\/WhatsApp-Image-2022-11-15-at-12.10.51-PM-2-1024x682.jpeg"},{"@type":"BreadcrumbList","@id":"https:\/\/luchonoticias.com\/editor\/alcaldia-de-neiva-celebro-el-dia-del-vendedor-informal\/#breadcrumb","itemListElement":[{"@type":"ListItem","position":1,"name":"Portada","item":"https:\/\/luchonoticias.com\/editor\/"},{"@type":"ListItem","position":2,"name":"Alcald\u00eda de Neiva celebr\u00f3 el D\u00eda del Vendedor Informal"}]},{"@type":"WebSite","@id":"https:\/\/luchonoticias.com\/editor\/#website","url":"https:\/\/luchonoticias.com\/editor\/","name":"","description":"","publisher":{"@id":"https:\/\/luchonoticias.com\/editor\/#\/schema\/person\/7a7fd911f58561fd056dbac7b55af9cd"},"potentialAction":[{"@type":"SearchAction","target":{"@type":"EntryPoint","urlTemplate":"https:\/\/luchonoticias.com\/editor\/?s={search_term_string}"},"query-input":{"@type":"PropertyValueSpecification","valueRequired":true,"valueName":"search_term_string"}}],"inLanguage":"es"},{"@type":["Person","Organization"],"@id":"https:\/\/luchonoticias.com\/editor\/#\/schema\/person\/7a7fd911f58561fd056dbac7b55af9cd","name":"admin","image":{"@type":"ImageObject","inLanguage":"es","@id":"https:\/\/luchonoticias.com\/editor\/#\/schema\/person\/image\/","url":"https:\/\/luchonoticias.com\/editor\/wp-content\/uploads\/2024\/02\/cropped-cropped-logolu.webp","contentUrl":"https:\/\/luchonoticias.com\/editor\/wp-content\/uploads\/2024\/02\/cropped-cropped-logolu.webp","width":382,"height":170,"caption":"admin"},"logo":{"@id":"https:\/\/luchonoticias.com\/editor\/#\/schema\/person\/image\/"},"sameAs":["https:\/\/www.facebook.com\/luchonoticiasneiva"],"url":"https:\/\/luchonoticias.com\/editor\/author\/admin\/"}]}},"_links":{"self":[{"href":"https:\/\/luchonoticias.com\/editor\/wp-json\/wp\/v2\/posts\/39520","targetHints":{"allow":["GET"]}}],"collection":[{"href":"https:\/\/luchonoticias.com\/editor\/wp-json\/wp\/v2\/posts"}],"about":[{"href":"https:\/\/luchonoticias.com\/editor\/wp-json\/wp\/v2\/types\/post"}],"author":[{"embeddable":true,"href":"https:\/\/luchonoticias.com\/editor\/wp-json\/wp\/v2\/users\/1"}],"replies":[{"embeddable":true,"href":"https:\/\/luchonoticias.com\/editor\/wp-json\/wp\/v2\/comments?post=39520"}],"version-history":[{"count":0,"href":"https:\/\/luchonoticias.com\/editor\/wp-json\/wp\/v2\/posts\/39520\/revisions"}],"wp:attachment":[{"href":"https:\/\/luchonoticias.com\/editor\/wp-json\/wp\/v2\/media?parent=39520"}],"wp:term":[{"taxonomy":"category","embeddable":true,"href":"https:\/\/luchonoticias.com\/editor\/wp-json\/wp\/v2\/categories?post=39520"},{"taxonomy":"post_tag","embeddable":true,"href":"https:\/\/luchonoticias.com\/editor\/wp-json\/wp\/v2\/tags?post=39520"}],"curies":[{"name":"wp","href":"https:\/\/api.w.org\/{rel}","templated":true}]}}