{"id":39527,"date":"2022-11-15T13:54:47","date_gmt":"2022-11-15T18:54:47","guid":{"rendered":"https:\/\/luchonoticias.com\/?p=39527"},"modified":"2022-11-15T13:54:48","modified_gmt":"2022-11-15T18:54:48","slug":"carcel-a-dos-hombres-por-el-presunto-abuso-sexual-de-dos-menores-de-edad-en-huila","status":"publish","type":"post","link":"https:\/\/luchonoticias.com\/editor\/carcel-a-dos-hombres-por-el-presunto-abuso-sexual-de-dos-menores-de-edad-en-huila\/","title":{"rendered":"C\u00e1rcel a dos hombres, por el presunto abuso sexual de dos menores de edad en Huila"},"content":{"rendered":"\n<p>Al acoger los argumentos de la Fiscal\u00eda, jueces de control de garant\u00edas privaron de la libertad en establecimiento carcelario a dos presuntos responsables de agredir sexualmente a menores de edad. Uno de los judicializados es el t\u00edo de la v\u00edctima y el otro un vigilante.<\/p>\n\n\n\n<p>Uno de los hechos ocurri\u00f3 en la vereda El Carmelo de La Plata (Huila), donde el hombre de 21 a\u00f1os, al parecer, se acostaba en la cama con su sobrina de 6 a\u00f1os, a quien le realizaba actos sexuales.<\/p>\n\n\n\n<p>De acuerdo con la investigaci\u00f3n, los abusos suced\u00edan cuando la abuela de la ni\u00f1a se ausentaba. Un \u00faltimo hecho se registr\u00f3 en abril de este a\u00f1o.<\/p>\n\n\n\n<p>Servidores del CTI y Polic\u00eda Nacional efectuaron la captura del hoy procesado frente a su casa. Durante las audiencias concentradas le fue imputado el delito de acto sexual con menor de 14 a\u00f1os agravado.<\/p>\n\n\n\n<p>En otro caso fue judicializado otro hombre, quien el pasado 2 de noviembre, mientras se desempe\u00f1aba como vigilante nocturno en la galer\u00eda de San Agust\u00edn (Huila) le habr\u00eda realizado tocamientos \u00edntimos a una menor de 10 a\u00f1os. La v\u00edctima se encontraba acompa\u00f1ando a su madre quien tiene un puesto de comidas all\u00ed.<\/p>\n\n\n\n<p>Este 10 de noviembre la Fiscal\u00eda imput\u00f3 al hombre, quien fue capturado en flagrancia por Polic\u00eda Nacional, el delito de acto sexual violento agravado.<\/p>\n","protected":false},"excerpt":{"rendered":"<p>Al acoger los argumentos de la Fiscal\u00eda, jueces de control de garant\u00edas privaron de la libertad en establecimiento carcelario a dos presuntos responsables de agredir sexualmente a menores de edad. Uno de los judicializados es el t\u00edo de la v\u00edctima y el otro un vigilante. Uno de los hechos ocurri\u00f3 en la vereda El Carmelo [&hellip;]<\/p>\n","protected":false},"author":1,"featured_media":0,"comment_status":"open","ping_status":"open","sticky":false,"template":"","format":"standard","meta":{"footnotes":""},"categories":[36,29],"tags":[],"class_list":["post-39527","post","type-post","status-publish","format-standard","hentry","category-destacado","category-judicial"],"yoast_head":"<!-- This site is optimized with the Yoast SEO plugin v26.6 - https:\/\/yoast.com\/wordpress\/plugins\/seo\/ -->\n<title>C\u00e1rcel a dos hombres, por el presunto abuso sexual de dos menores de edad en Huila -<\/title>\n<meta name=\"robots\" content=\"index, follow, max-snippet:-1, max-image-preview:large, max-video-preview:-1\" \/>\n<link rel=\"canonical\" href=\"https:\/\/luchonoticias.com\/editor\/carcel-a-dos-hombres-por-el-presunto-abuso-sexual-de-dos-menores-de-edad-en-huila\/\" \/>\n<meta property=\"og:locale\" content=\"es_ES\" \/>\n<meta property=\"og:type\" content=\"article\" \/>\n<meta property=\"og:title\" content=\"C\u00e1rcel a dos hombres, por el presunto abuso sexual de dos menores de edad en Huila -\" \/>\n<meta property=\"og:url\" content=\"https:\/\/luchonoticias.com\/editor\/carcel-a-dos-hombres-por-el-presunto-abuso-sexual-de-dos-menores-de-edad-en-huila\/\" \/>\n<meta property=\"article:publisher\" content=\"https:\/\/www.facebook.com\/luchonoticiasneiva\" \/>\n<meta property=\"article:author\" content=\"https:\/\/www.facebook.com\/luchonoticiasneiva\" \/>\n<meta property=\"article:published_time\" content=\"2022-11-15T18:54:47+00:00\" \/>\n<meta property=\"article:modified_time\" content=\"2022-11-15T18:54:48+00:00\" \/>\n<meta name=\"author\" content=\"admin\" \/>\n<meta name=\"twitter:card\" content=\"summary_large_image\" \/>\n<meta name=\"twitter:label1\" content=\"Escrito por\" \/>\n\t<meta name=\"twitter:data1\" content=\"admin\" \/>\n\t<meta name=\"twitter:label2\" content=\"Tiempo de lectura\" \/>\n\t<meta name=\"twitter:data2\" content=\"1 minuto\" \/>\n<script type=\"application\/ld+json\" class=\"yoast-schema-graph\">{\"@context\":\"https:\/\/schema.org\",\"@graph\":[{\"@type\":\"Article\",\"@id\":\"https:\/\/luchonoticias.com\/editor\/carcel-a-dos-hombres-por-el-presunto-abuso-sexual-de-dos-menores-de-edad-en-huila\/#article\",\"isPartOf\":{\"@id\":\"https:\/\/luchonoticias.com\/editor\/carcel-a-dos-hombres-por-el-presunto-abuso-sexual-de-dos-menores-de-edad-en-huila\/\"},\"author\":{\"name\":\"admin\",\"@id\":\"https:\/\/luchonoticias.com\/editor\/#\/schema\/person\/7a7fd911f58561fd056dbac7b55af9cd\"},\"headline\":\"C\u00e1rcel a dos hombres, por el presunto abuso sexual de dos menores de edad en Huila\",\"datePublished\":\"2022-11-15T18:54:47+00:00\",\"dateModified\":\"2022-11-15T18:54:48+00:00\",\"mainEntityOfPage\":{\"@id\":\"https:\/\/luchonoticias.com\/editor\/carcel-a-dos-hombres-por-el-presunto-abuso-sexual-de-dos-menores-de-edad-en-huila\/\"},\"wordCount\":252,\"commentCount\":0,\"publisher\":{\"@id\":\"https:\/\/luchonoticias.com\/editor\/#\/schema\/person\/7a7fd911f58561fd056dbac7b55af9cd\"},\"articleSection\":[\"Destacado\",\"Judicial\"],\"inLanguage\":\"es\",\"potentialAction\":[{\"@type\":\"CommentAction\",\"name\":\"Comment\",\"target\":[\"https:\/\/luchonoticias.com\/editor\/carcel-a-dos-hombres-por-el-presunto-abuso-sexual-de-dos-menores-de-edad-en-huila\/#respond\"]}]},{\"@type\":\"WebPage\",\"@id\":\"https:\/\/luchonoticias.com\/editor\/carcel-a-dos-hombres-por-el-presunto-abuso-sexual-de-dos-menores-de-edad-en-huila\/\",\"url\":\"https:\/\/luchonoticias.com\/editor\/carcel-a-dos-hombres-por-el-presunto-abuso-sexual-de-dos-menores-de-edad-en-huila\/\",\"name\":\"C\u00e1rcel a dos hombres, por el presunto abuso sexual de dos menores de edad en Huila -\",\"isPartOf\":{\"@id\":\"https:\/\/luchonoticias.com\/editor\/#website\"},\"datePublished\":\"2022-11-15T18:54:47+00:00\",\"dateModified\":\"2022-11-15T18:54:48+00:00\",\"breadcrumb\":{\"@id\":\"https:\/\/luchonoticias.com\/editor\/carcel-a-dos-hombres-por-el-presunto-abuso-sexual-de-dos-menores-de-edad-en-huila\/#breadcrumb\"},\"inLanguage\":\"es\",\"potentialAction\":[{\"@type\":\"ReadAction\",\"target\":[\"https:\/\/luchonoticias.com\/editor\/carcel-a-dos-hombres-por-el-presunto-abuso-sexual-de-dos-menores-de-edad-en-huila\/\"]}]},{\"@type\":\"BreadcrumbList\",\"@id\":\"https:\/\/luchonoticias.com\/editor\/carcel-a-dos-hombres-por-el-presunto-abuso-sexual-de-dos-menores-de-edad-en-huila\/#breadcrumb\",\"itemListElement\":[{\"@type\":\"ListItem\",\"position\":1,\"name\":\"Portada\",\"item\":\"https:\/\/luchonoticias.com\/editor\/\"},{\"@type\":\"ListItem\",\"position\":2,\"name\":\"C\u00e1rcel a dos hombres, por el presunto abuso sexual de dos menores de edad en Huila\"}]},{\"@type\":\"WebSite\",\"@id\":\"https:\/\/luchonoticias.com\/editor\/#website\",\"url\":\"https:\/\/luchonoticias.com\/editor\/\",\"name\":\"\",\"description\":\"\",\"publisher\":{\"@id\":\"https:\/\/luchonoticias.com\/editor\/#\/schema\/person\/7a7fd911f58561fd056dbac7b55af9cd\"},\"potentialAction\":[{\"@type\":\"SearchAction\",\"target\":{\"@type\":\"EntryPoint\",\"urlTemplate\":\"https:\/\/luchonoticias.com\/editor\/?s={search_term_string}\"},\"query-input\":{\"@type\":\"PropertyValueSpecification\",\"valueRequired\":true,\"valueName\":\"search_term_string\"}}],\"inLanguage\":\"es\"},{\"@type\":[\"Person\",\"Organization\"],\"@id\":\"https:\/\/luchonoticias.com\/editor\/#\/schema\/person\/7a7fd911f58561fd056dbac7b55af9cd\",\"name\":\"admin\",\"image\":{\"@type\":\"ImageObject\",\"inLanguage\":\"es\",\"@id\":\"https:\/\/luchonoticias.com\/editor\/#\/schema\/person\/image\/\",\"url\":\"https:\/\/luchonoticias.com\/editor\/wp-content\/uploads\/2024\/02\/cropped-cropped-logolu.webp\",\"contentUrl\":\"https:\/\/luchonoticias.com\/editor\/wp-content\/uploads\/2024\/02\/cropped-cropped-logolu.webp\",\"width\":382,\"height\":170,\"caption\":\"admin\"},\"logo\":{\"@id\":\"https:\/\/luchonoticias.com\/editor\/#\/schema\/person\/image\/\"},\"sameAs\":[\"https:\/\/www.facebook.com\/luchonoticiasneiva\"],\"url\":\"https:\/\/luchonoticias.com\/editor\/author\/admin\/\"}]}<\/script>\n<!-- \/ Yoast SEO plugin. -->","yoast_head_json":{"title":"C\u00e1rcel a dos hombres, por el presunto abuso sexual de dos menores de edad en Huila -","robots":{"index":"index","follow":"follow","max-snippet":"max-snippet:-1","max-image-preview":"max-image-preview:large","max-video-preview":"max-video-preview:-1"},"canonical":"https:\/\/luchonoticias.com\/editor\/carcel-a-dos-hombres-por-el-presunto-abuso-sexual-de-dos-menores-de-edad-en-huila\/","og_locale":"es_ES","og_type":"article","og_title":"C\u00e1rcel a dos hombres, por el presunto abuso sexual de dos menores de edad en Huila -","og_url":"https:\/\/luchonoticias.com\/editor\/carcel-a-dos-hombres-por-el-presunto-abuso-sexual-de-dos-menores-de-edad-en-huila\/","article_publisher":"https:\/\/www.facebook.com\/luchonoticiasneiva","article_author":"https:\/\/www.facebook.com\/luchonoticiasneiva","article_published_time":"2022-11-15T18:54:47+00:00","article_modified_time":"2022-11-15T18:54:48+00:00","author":"admin","twitter_card":"summary_large_image","twitter_misc":{"Escrito por":"admin","Tiempo de lectura":"1 minuto"},"schema":{"@context":"https:\/\/schema.org","@graph":[{"@type":"Article","@id":"https:\/\/luchonoticias.com\/editor\/carcel-a-dos-hombres-por-el-presunto-abuso-sexual-de-dos-menores-de-edad-en-huila\/#article","isPartOf":{"@id":"https:\/\/luchonoticias.com\/editor\/carcel-a-dos-hombres-por-el-presunto-abuso-sexual-de-dos-menores-de-edad-en-huila\/"},"author":{"name":"admin","@id":"https:\/\/luchonoticias.com\/editor\/#\/schema\/person\/7a7fd911f58561fd056dbac7b55af9cd"},"headline":"C\u00e1rcel a dos hombres, por el presunto abuso sexual de dos menores de edad en Huila","datePublished":"2022-11-15T18:54:47+00:00","dateModified":"2022-11-15T18:54:48+00:00","mainEntityOfPage":{"@id":"https:\/\/luchonoticias.com\/editor\/carcel-a-dos-hombres-por-el-presunto-abuso-sexual-de-dos-menores-de-edad-en-huila\/"},"wordCount":252,"commentCount":0,"publisher":{"@id":"https:\/\/luchonoticias.com\/editor\/#\/schema\/person\/7a7fd911f58561fd056dbac7b55af9cd"},"articleSection":["Destacado","Judicial"],"inLanguage":"es","potentialAction":[{"@type":"CommentAction","name":"Comment","target":["https:\/\/luchonoticias.com\/editor\/carcel-a-dos-hombres-por-el-presunto-abuso-sexual-de-dos-menores-de-edad-en-huila\/#respond"]}]},{"@type":"WebPage","@id":"https:\/\/luchonoticias.com\/editor\/carcel-a-dos-hombres-por-el-presunto-abuso-sexual-de-dos-menores-de-edad-en-huila\/","url":"https:\/\/luchonoticias.com\/editor\/carcel-a-dos-hombres-por-el-presunto-abuso-sexual-de-dos-menores-de-edad-en-huila\/","name":"C\u00e1rcel a dos hombres, por el presunto abuso sexual de dos menores de edad en Huila -","isPartOf":{"@id":"https:\/\/luchonoticias.com\/editor\/#website"},"datePublished":"2022-11-15T18:54:47+00:00","dateModified":"2022-11-15T18:54:48+00:00","breadcrumb":{"@id":"https:\/\/luchonoticias.com\/editor\/carcel-a-dos-hombres-por-el-presunto-abuso-sexual-de-dos-menores-de-edad-en-huila\/#breadcrumb"},"inLanguage":"es","potentialAction":[{"@type":"ReadAction","target":["https:\/\/luchonoticias.com\/editor\/carcel-a-dos-hombres-por-el-presunto-abuso-sexual-de-dos-menores-de-edad-en-huila\/"]}]},{"@type":"BreadcrumbList","@id":"https:\/\/luchonoticias.com\/editor\/carcel-a-dos-hombres-por-el-presunto-abuso-sexual-de-dos-menores-de-edad-en-huila\/#breadcrumb","itemListElement":[{"@type":"ListItem","position":1,"name":"Portada","item":"https:\/\/luchonoticias.com\/editor\/"},{"@type":"ListItem","position":2,"name":"C\u00e1rcel a dos hombres, por el presunto abuso sexual de dos menores de edad en Huila"}]},{"@type":"WebSite","@id":"https:\/\/luchonoticias.com\/editor\/#website","url":"https:\/\/luchonoticias.com\/editor\/","name":"","description":"","publisher":{"@id":"https:\/\/luchonoticias.com\/editor\/#\/schema\/person\/7a7fd911f58561fd056dbac7b55af9cd"},"potentialAction":[{"@type":"SearchAction","target":{"@type":"EntryPoint","urlTemplate":"https:\/\/luchonoticias.com\/editor\/?s={search_term_string}"},"query-input":{"@type":"PropertyValueSpecification","valueRequired":true,"valueName":"search_term_string"}}],"inLanguage":"es"},{"@type":["Person","Organization"],"@id":"https:\/\/luchonoticias.com\/editor\/#\/schema\/person\/7a7fd911f58561fd056dbac7b55af9cd","name":"admin","image":{"@type":"ImageObject","inLanguage":"es","@id":"https:\/\/luchonoticias.com\/editor\/#\/schema\/person\/image\/","url":"https:\/\/luchonoticias.com\/editor\/wp-content\/uploads\/2024\/02\/cropped-cropped-logolu.webp","contentUrl":"https:\/\/luchonoticias.com\/editor\/wp-content\/uploads\/2024\/02\/cropped-cropped-logolu.webp","width":382,"height":170,"caption":"admin"},"logo":{"@id":"https:\/\/luchonoticias.com\/editor\/#\/schema\/person\/image\/"},"sameAs":["https:\/\/www.facebook.com\/luchonoticiasneiva"],"url":"https:\/\/luchonoticias.com\/editor\/author\/admin\/"}]}},"_links":{"self":[{"href":"https:\/\/luchonoticias.com\/editor\/wp-json\/wp\/v2\/posts\/39527","targetHints":{"allow":["GET"]}}],"collection":[{"href":"https:\/\/luchonoticias.com\/editor\/wp-json\/wp\/v2\/posts"}],"about":[{"href":"https:\/\/luchonoticias.com\/editor\/wp-json\/wp\/v2\/types\/post"}],"author":[{"embeddable":true,"href":"https:\/\/luchonoticias.com\/editor\/wp-json\/wp\/v2\/users\/1"}],"replies":[{"embeddable":true,"href":"https:\/\/luchonoticias.com\/editor\/wp-json\/wp\/v2\/comments?post=39527"}],"version-history":[{"count":0,"href":"https:\/\/luchonoticias.com\/editor\/wp-json\/wp\/v2\/posts\/39527\/revisions"}],"wp:attachment":[{"href":"https:\/\/luchonoticias.com\/editor\/wp-json\/wp\/v2\/media?parent=39527"}],"wp:term":[{"taxonomy":"category","embeddable":true,"href":"https:\/\/luchonoticias.com\/editor\/wp-json\/wp\/v2\/categories?post=39527"},{"taxonomy":"post_tag","embeddable":true,"href":"https:\/\/luchonoticias.com\/editor\/wp-json\/wp\/v2\/tags?post=39527"}],"curies":[{"name":"wp","href":"https:\/\/api.w.org\/{rel}","templated":true}]}}