{"id":39533,"date":"2022-11-15T14:02:12","date_gmt":"2022-11-15T19:02:12","guid":{"rendered":"https:\/\/luchonoticias.com\/?p=39533"},"modified":"2022-11-15T14:02:13","modified_gmt":"2022-11-15T19:02:13","slug":"que-novedades-trae-expo-huila-fest-2022","status":"publish","type":"post","link":"https:\/\/luchonoticias.com\/editor\/que-novedades-trae-expo-huila-fest-2022\/","title":{"rendered":"\u00bfQu\u00e9 novedades trae Expo Huila Fest 2022?"},"content":{"rendered":"\n<p>Expo Huila Fest 2022 se realizar\u00e1 del 24 al 26 de noviembre en el Recinto Ferial La Vor\u00e1gine y el Centro de Convenciones de Neiva, este a\u00f1o con varias novedades, contar\u00e1 con una variada agenda acad\u00e9mica, cultural, gastron\u00f3mica, ruedas de negocios, premiaciones y para este 2022 contar\u00e1 con un enfoque en internacionalizaci\u00f3n y nuevas tecnolog\u00edas.<\/p>\n\n\n\n<p>Una de las primeras novedades para este a\u00f1o ser\u00e1 la realizaci\u00f3n por primera vez de \u201cGastro Fest Opita\u201d, evento centrado en resaltar la gastronom\u00eda t\u00edpica de nuestro departamento, lo que ser\u00e1 un espacio para que propios y visitantes disfruten de los platos t\u00edpicos de nuestra regi\u00f3n.<\/p>\n\n\n\n<p>En esta oportunidad Expo Huila Fest, que organiza la Gobernaci\u00f3n del Huila en alianza con la C\u00e1mara de Comercio en un evento de impacto regional que promueve la cultura del emprendimiento y el fortalecimiento de los emprendimientos y la innovaci\u00f3n, generando condiciones de crecimiento y sostenibilidad para el tejido empresarial de la regi\u00f3n.<\/p>\n\n\n\n<p>\u201cEste a\u00f1o venimos m\u00e1s recargados que nunca, este es el gran Festival de innovaci\u00f3n y emprendimiento m\u00e1s grande del sur de Colombia, en el vamos a tener una variada y nutrida agenda acad\u00e9mica, tambi\u00e9n vamos a tener una agenda cultural, muestra comercial y empresarial donde vamos a tener m\u00e1s de 280 emprendedores y empresarios de todo el departamento del Huila en los diferentes sectores, agroindustria, alimentos, turismo, artesan\u00edas, industrias creativas, comercio, servicios, tecnolog\u00edas y sistema de modas, todos en un solo lugar\u201d, explic\u00f3 Oscar Eduardo Trujillo Cuenca, jefe de la Oficina de Productividad y Competitividad de la Gobernaci\u00f3n del Huila.<\/p>\n\n\n\n<p>Este festival se da como respuesta a la Pol\u00edtica P\u00fablica de Emprendimiento, Empresarismo e Innovaci\u00f3n y se realiza en el marco de la semana del emprendimiento con el fin de fortalecer e impulsar a todos los emprendedores del departamento.<\/p>\n\n\n\n<figure class=\"wp-block-gallery has-nested-images columns-default is-cropped wp-block-gallery-1 is-layout-flex wp-block-gallery-is-layout-flex\">\n<figure class=\"wp-block-image size-large\"><img decoding=\"async\" data-id=\"39535\" src=\"https:\/\/luchonoticias.com\/wp-content\/uploads\/2022\/11\/WhatsApp-Image-2022-11-14-at-4.51.37-PM-1024x678.jpeg\" alt=\"\" class=\"wp-image-39535\"\/><\/figure>\n\n\n\n<figure class=\"wp-block-image size-large\"><img decoding=\"async\" data-id=\"39536\" src=\"https:\/\/luchonoticias.com\/wp-content\/uploads\/2022\/11\/WhatsApp-Image-2022-11-14-at-4.51.35-PM-1.jpeg\" alt=\"\" class=\"wp-image-39536\"\/><\/figure>\n<\/figure>\n\n\n\n<p><strong>Los ni\u00f1os ser\u00e1n protagonistas<\/strong><\/p>\n\n\n\n<p>Los ni\u00f1os, en compa\u00f1\u00eda de sus padres tambi\u00e9n podr\u00e1n participar de actividades dise\u00f1adas para ellos en donde jugando podr\u00e1n aprender de diferentes temas enfocados al emprendimiento, la tecnolog\u00eda, rob\u00f3tica y la innovaci\u00f3n, actividades que les ayudar\u00e1n a desarrollar la creatividad en un espacio seguro y de mucho aprendizaje.<\/p>\n\n\n\n<p>Este ser\u00e1 un componente innovador en el Festival y que se realiza luego del gran \u00e9xito de la Feria Internacional de Caf\u00e9, Cacao y Agroturismo con las actividades Chocolateritos y Cafeteritos, en donde los ni\u00f1os aprendieron todo el proceso de la elaboraci\u00f3n de un buen caf\u00e9 y una taza de chocolate, en esta oportunidad las actividades estar\u00e1n enfocadas en rob\u00f3tica apoyados por la selecci\u00f3n de rob\u00f3tica del Huila.<\/p>\n\n\n\n<p><\/p>\n\n\n\n<figure class=\"wp-block-image size-large\"><img decoding=\"async\" src=\"https:\/\/luchonoticias.com\/wp-content\/uploads\/2022\/11\/WhatsApp-Image-2022-11-14-at-4.51.37-PM-1-682x1024.jpeg\" alt=\"\" class=\"wp-image-39537\"\/><\/figure>\n\n\n\n<p><strong>La moda y el dise\u00f1o se tomar\u00e1 Expo Huila Fest<\/strong><\/p>\n\n\n\n<p>Expo moda Neiva tambi\u00e9n estar\u00e1 integrado en el festival Expo Huila Fest con pasarelas, en donde los dise\u00f1adores de la regi\u00f3n y dise\u00f1adores nacionales e internacionales van a poder presentar sus colecciones y as\u00ed impulsar este sector que vienen creciendo en nuestro departamento.<\/p>\n\n\n\n<p><strong>Agenda Acad\u00e9mica<\/strong><\/p>\n\n\n\n<p>Para la agenda acad\u00e9mica vienen invitados nacionales e internacionales, speakers de gran experiencia y trayectoria que traer\u00e1n charlas motivacionales y conferencias especializadas, con el fin de fortalecer las habilidades y conocimientos de los emprendedores y empresarios del departamento.<\/p>\n\n\n\n<p>Este ser\u00e1 el espacio propicio para conocer historias de \u00e9xito con conferencistas de talla nacional e internacional, con las mejores charlas de inspiraci\u00f3n, conexi\u00f3n y empoderamiento las cuales estar\u00e1n abiertas para todo el p\u00fablico de manera gratuita.<\/p>\n\n\n\n<p><strong>Agenda Cultural<\/strong><\/p>\n\n\n\n<p>En la agenda cultural, adem\u00e1s del tema de artesan\u00edas, tambi\u00e9n habr\u00e1 espacio para la m\u00fasica y la danza, donde artistas regionales har\u00e1n sus presentaciones deleitando a los visitantes, Djs tocando m\u00fasica en vivo, bandas de j\u00f3venes interpretando m\u00fasica de diferentes g\u00e9neros para que los visitantes, adem\u00e1s de conocer los emprendimientos innovadores, tambi\u00e9n disfruten de un espacio de entretenimiento y cultura.<\/p>\n","protected":false},"excerpt":{"rendered":"<p>Expo Huila Fest 2022 se realizar\u00e1 del 24 al 26 de noviembre en el Recinto Ferial La Vor\u00e1gine y el Centro de Convenciones de Neiva, este a\u00f1o con varias novedades, contar\u00e1 con una variada agenda acad\u00e9mica, cultural, gastron\u00f3mica, ruedas de negocios, premiaciones y para este 2022 contar\u00e1 con un enfoque en internacionalizaci\u00f3n y nuevas tecnolog\u00edas. [&hellip;]<\/p>\n","protected":false},"author":1,"featured_media":0,"comment_status":"open","ping_status":"open","sticky":false,"template":"","format":"standard","meta":{"footnotes":""},"categories":[36,33],"tags":[],"class_list":["post-39533","post","type-post","status-publish","format-standard","hentry","category-destacado","category-huila"],"yoast_head":"<!-- This site is optimized with the Yoast SEO plugin v26.6 - https:\/\/yoast.com\/wordpress\/plugins\/seo\/ -->\n<title>\u00bfQu\u00e9 novedades trae Expo Huila Fest 2022? -<\/title>\n<meta name=\"robots\" content=\"index, follow, max-snippet:-1, max-image-preview:large, max-video-preview:-1\" \/>\n<link rel=\"canonical\" href=\"https:\/\/luchonoticias.com\/editor\/que-novedades-trae-expo-huila-fest-2022\/\" \/>\n<meta property=\"og:locale\" content=\"es_ES\" \/>\n<meta property=\"og:type\" content=\"article\" \/>\n<meta property=\"og:title\" content=\"\u00bfQu\u00e9 novedades trae Expo Huila Fest 2022? -\" \/>\n<meta property=\"og:url\" content=\"https:\/\/luchonoticias.com\/editor\/que-novedades-trae-expo-huila-fest-2022\/\" \/>\n<meta property=\"article:publisher\" content=\"https:\/\/www.facebook.com\/luchonoticiasneiva\" \/>\n<meta property=\"article:author\" content=\"https:\/\/www.facebook.com\/luchonoticiasneiva\" \/>\n<meta property=\"article:published_time\" content=\"2022-11-15T19:02:12+00:00\" \/>\n<meta property=\"article:modified_time\" content=\"2022-11-15T19:02:13+00:00\" \/>\n<meta property=\"og:image\" content=\"https:\/\/luchonoticias.com\/wp-content\/uploads\/2022\/11\/WhatsApp-Image-2022-11-14-at-4.51.37-PM-1024x678.jpeg\" \/>\n<meta name=\"author\" content=\"admin\" \/>\n<meta name=\"twitter:card\" content=\"summary_large_image\" \/>\n<meta name=\"twitter:label1\" content=\"Escrito por\" \/>\n\t<meta name=\"twitter:data1\" content=\"admin\" \/>\n\t<meta name=\"twitter:label2\" content=\"Tiempo de lectura\" \/>\n\t<meta name=\"twitter:data2\" content=\"3 minutos\" \/>\n<script type=\"application\/ld+json\" class=\"yoast-schema-graph\">{\"@context\":\"https:\/\/schema.org\",\"@graph\":[{\"@type\":\"Article\",\"@id\":\"https:\/\/luchonoticias.com\/editor\/que-novedades-trae-expo-huila-fest-2022\/#article\",\"isPartOf\":{\"@id\":\"https:\/\/luchonoticias.com\/editor\/que-novedades-trae-expo-huila-fest-2022\/\"},\"author\":{\"name\":\"admin\",\"@id\":\"https:\/\/luchonoticias.com\/editor\/#\/schema\/person\/7a7fd911f58561fd056dbac7b55af9cd\"},\"headline\":\"\u00bfQu\u00e9 novedades trae Expo Huila Fest 2022?\",\"datePublished\":\"2022-11-15T19:02:12+00:00\",\"dateModified\":\"2022-11-15T19:02:13+00:00\",\"mainEntityOfPage\":{\"@id\":\"https:\/\/luchonoticias.com\/editor\/que-novedades-trae-expo-huila-fest-2022\/\"},\"wordCount\":676,\"commentCount\":0,\"publisher\":{\"@id\":\"https:\/\/luchonoticias.com\/editor\/#\/schema\/person\/7a7fd911f58561fd056dbac7b55af9cd\"},\"image\":{\"@id\":\"https:\/\/luchonoticias.com\/editor\/que-novedades-trae-expo-huila-fest-2022\/#primaryimage\"},\"thumbnailUrl\":\"https:\/\/luchonoticias.com\/wp-content\/uploads\/2022\/11\/WhatsApp-Image-2022-11-14-at-4.51.37-PM-1024x678.jpeg\",\"articleSection\":[\"Destacado\",\"Huila\"],\"inLanguage\":\"es\",\"potentialAction\":[{\"@type\":\"CommentAction\",\"name\":\"Comment\",\"target\":[\"https:\/\/luchonoticias.com\/editor\/que-novedades-trae-expo-huila-fest-2022\/#respond\"]}]},{\"@type\":\"WebPage\",\"@id\":\"https:\/\/luchonoticias.com\/editor\/que-novedades-trae-expo-huila-fest-2022\/\",\"url\":\"https:\/\/luchonoticias.com\/editor\/que-novedades-trae-expo-huila-fest-2022\/\",\"name\":\"\u00bfQu\u00e9 novedades trae Expo Huila Fest 2022? -\",\"isPartOf\":{\"@id\":\"https:\/\/luchonoticias.com\/editor\/#website\"},\"primaryImageOfPage\":{\"@id\":\"https:\/\/luchonoticias.com\/editor\/que-novedades-trae-expo-huila-fest-2022\/#primaryimage\"},\"image\":{\"@id\":\"https:\/\/luchonoticias.com\/editor\/que-novedades-trae-expo-huila-fest-2022\/#primaryimage\"},\"thumbnailUrl\":\"https:\/\/luchonoticias.com\/wp-content\/uploads\/2022\/11\/WhatsApp-Image-2022-11-14-at-4.51.37-PM-1024x678.jpeg\",\"datePublished\":\"2022-11-15T19:02:12+00:00\",\"dateModified\":\"2022-11-15T19:02:13+00:00\",\"breadcrumb\":{\"@id\":\"https:\/\/luchonoticias.com\/editor\/que-novedades-trae-expo-huila-fest-2022\/#breadcrumb\"},\"inLanguage\":\"es\",\"potentialAction\":[{\"@type\":\"ReadAction\",\"target\":[\"https:\/\/luchonoticias.com\/editor\/que-novedades-trae-expo-huila-fest-2022\/\"]}]},{\"@type\":\"ImageObject\",\"inLanguage\":\"es\",\"@id\":\"https:\/\/luchonoticias.com\/editor\/que-novedades-trae-expo-huila-fest-2022\/#primaryimage\",\"url\":\"https:\/\/luchonoticias.com\/wp-content\/uploads\/2022\/11\/WhatsApp-Image-2022-11-14-at-4.51.37-PM-1024x678.jpeg\",\"contentUrl\":\"https:\/\/luchonoticias.com\/wp-content\/uploads\/2022\/11\/WhatsApp-Image-2022-11-14-at-4.51.37-PM-1024x678.jpeg\"},{\"@type\":\"BreadcrumbList\",\"@id\":\"https:\/\/luchonoticias.com\/editor\/que-novedades-trae-expo-huila-fest-2022\/#breadcrumb\",\"itemListElement\":[{\"@type\":\"ListItem\",\"position\":1,\"name\":\"Portada\",\"item\":\"https:\/\/luchonoticias.com\/editor\/\"},{\"@type\":\"ListItem\",\"position\":2,\"name\":\"\u00bfQu\u00e9 novedades trae Expo Huila Fest 2022?\"}]},{\"@type\":\"WebSite\",\"@id\":\"https:\/\/luchonoticias.com\/editor\/#website\",\"url\":\"https:\/\/luchonoticias.com\/editor\/\",\"name\":\"\",\"description\":\"\",\"publisher\":{\"@id\":\"https:\/\/luchonoticias.com\/editor\/#\/schema\/person\/7a7fd911f58561fd056dbac7b55af9cd\"},\"potentialAction\":[{\"@type\":\"SearchAction\",\"target\":{\"@type\":\"EntryPoint\",\"urlTemplate\":\"https:\/\/luchonoticias.com\/editor\/?s={search_term_string}\"},\"query-input\":{\"@type\":\"PropertyValueSpecification\",\"valueRequired\":true,\"valueName\":\"search_term_string\"}}],\"inLanguage\":\"es\"},{\"@type\":[\"Person\",\"Organization\"],\"@id\":\"https:\/\/luchonoticias.com\/editor\/#\/schema\/person\/7a7fd911f58561fd056dbac7b55af9cd\",\"name\":\"admin\",\"image\":{\"@type\":\"ImageObject\",\"inLanguage\":\"es\",\"@id\":\"https:\/\/luchonoticias.com\/editor\/#\/schema\/person\/image\/\",\"url\":\"https:\/\/luchonoticias.com\/editor\/wp-content\/uploads\/2024\/02\/cropped-cropped-logolu.webp\",\"contentUrl\":\"https:\/\/luchonoticias.com\/editor\/wp-content\/uploads\/2024\/02\/cropped-cropped-logolu.webp\",\"width\":382,\"height\":170,\"caption\":\"admin\"},\"logo\":{\"@id\":\"https:\/\/luchonoticias.com\/editor\/#\/schema\/person\/image\/\"},\"sameAs\":[\"https:\/\/www.facebook.com\/luchonoticiasneiva\"],\"url\":\"https:\/\/luchonoticias.com\/editor\/author\/admin\/\"}]}<\/script>\n<!-- \/ Yoast SEO plugin. -->","yoast_head_json":{"title":"\u00bfQu\u00e9 novedades trae Expo Huila Fest 2022? -","robots":{"index":"index","follow":"follow","max-snippet":"max-snippet:-1","max-image-preview":"max-image-preview:large","max-video-preview":"max-video-preview:-1"},"canonical":"https:\/\/luchonoticias.com\/editor\/que-novedades-trae-expo-huila-fest-2022\/","og_locale":"es_ES","og_type":"article","og_title":"\u00bfQu\u00e9 novedades trae Expo Huila Fest 2022? -","og_url":"https:\/\/luchonoticias.com\/editor\/que-novedades-trae-expo-huila-fest-2022\/","article_publisher":"https:\/\/www.facebook.com\/luchonoticiasneiva","article_author":"https:\/\/www.facebook.com\/luchonoticiasneiva","article_published_time":"2022-11-15T19:02:12+00:00","article_modified_time":"2022-11-15T19:02:13+00:00","og_image":[{"url":"https:\/\/luchonoticias.com\/wp-content\/uploads\/2022\/11\/WhatsApp-Image-2022-11-14-at-4.51.37-PM-1024x678.jpeg","type":"","width":"","height":""}],"author":"admin","twitter_card":"summary_large_image","twitter_misc":{"Escrito por":"admin","Tiempo de lectura":"3 minutos"},"schema":{"@context":"https:\/\/schema.org","@graph":[{"@type":"Article","@id":"https:\/\/luchonoticias.com\/editor\/que-novedades-trae-expo-huila-fest-2022\/#article","isPartOf":{"@id":"https:\/\/luchonoticias.com\/editor\/que-novedades-trae-expo-huila-fest-2022\/"},"author":{"name":"admin","@id":"https:\/\/luchonoticias.com\/editor\/#\/schema\/person\/7a7fd911f58561fd056dbac7b55af9cd"},"headline":"\u00bfQu\u00e9 novedades trae Expo Huila Fest 2022?","datePublished":"2022-11-15T19:02:12+00:00","dateModified":"2022-11-15T19:02:13+00:00","mainEntityOfPage":{"@id":"https:\/\/luchonoticias.com\/editor\/que-novedades-trae-expo-huila-fest-2022\/"},"wordCount":676,"commentCount":0,"publisher":{"@id":"https:\/\/luchonoticias.com\/editor\/#\/schema\/person\/7a7fd911f58561fd056dbac7b55af9cd"},"image":{"@id":"https:\/\/luchonoticias.com\/editor\/que-novedades-trae-expo-huila-fest-2022\/#primaryimage"},"thumbnailUrl":"https:\/\/luchonoticias.com\/wp-content\/uploads\/2022\/11\/WhatsApp-Image-2022-11-14-at-4.51.37-PM-1024x678.jpeg","articleSection":["Destacado","Huila"],"inLanguage":"es","potentialAction":[{"@type":"CommentAction","name":"Comment","target":["https:\/\/luchonoticias.com\/editor\/que-novedades-trae-expo-huila-fest-2022\/#respond"]}]},{"@type":"WebPage","@id":"https:\/\/luchonoticias.com\/editor\/que-novedades-trae-expo-huila-fest-2022\/","url":"https:\/\/luchonoticias.com\/editor\/que-novedades-trae-expo-huila-fest-2022\/","name":"\u00bfQu\u00e9 novedades trae Expo Huila Fest 2022? -","isPartOf":{"@id":"https:\/\/luchonoticias.com\/editor\/#website"},"primaryImageOfPage":{"@id":"https:\/\/luchonoticias.com\/editor\/que-novedades-trae-expo-huila-fest-2022\/#primaryimage"},"image":{"@id":"https:\/\/luchonoticias.com\/editor\/que-novedades-trae-expo-huila-fest-2022\/#primaryimage"},"thumbnailUrl":"https:\/\/luchonoticias.com\/wp-content\/uploads\/2022\/11\/WhatsApp-Image-2022-11-14-at-4.51.37-PM-1024x678.jpeg","datePublished":"2022-11-15T19:02:12+00:00","dateModified":"2022-11-15T19:02:13+00:00","breadcrumb":{"@id":"https:\/\/luchonoticias.com\/editor\/que-novedades-trae-expo-huila-fest-2022\/#breadcrumb"},"inLanguage":"es","potentialAction":[{"@type":"ReadAction","target":["https:\/\/luchonoticias.com\/editor\/que-novedades-trae-expo-huila-fest-2022\/"]}]},{"@type":"ImageObject","inLanguage":"es","@id":"https:\/\/luchonoticias.com\/editor\/que-novedades-trae-expo-huila-fest-2022\/#primaryimage","url":"https:\/\/luchonoticias.com\/wp-content\/uploads\/2022\/11\/WhatsApp-Image-2022-11-14-at-4.51.37-PM-1024x678.jpeg","contentUrl":"https:\/\/luchonoticias.com\/wp-content\/uploads\/2022\/11\/WhatsApp-Image-2022-11-14-at-4.51.37-PM-1024x678.jpeg"},{"@type":"BreadcrumbList","@id":"https:\/\/luchonoticias.com\/editor\/que-novedades-trae-expo-huila-fest-2022\/#breadcrumb","itemListElement":[{"@type":"ListItem","position":1,"name":"Portada","item":"https:\/\/luchonoticias.com\/editor\/"},{"@type":"ListItem","position":2,"name":"\u00bfQu\u00e9 novedades trae Expo Huila Fest 2022?"}]},{"@type":"WebSite","@id":"https:\/\/luchonoticias.com\/editor\/#website","url":"https:\/\/luchonoticias.com\/editor\/","name":"","description":"","publisher":{"@id":"https:\/\/luchonoticias.com\/editor\/#\/schema\/person\/7a7fd911f58561fd056dbac7b55af9cd"},"potentialAction":[{"@type":"SearchAction","target":{"@type":"EntryPoint","urlTemplate":"https:\/\/luchonoticias.com\/editor\/?s={search_term_string}"},"query-input":{"@type":"PropertyValueSpecification","valueRequired":true,"valueName":"search_term_string"}}],"inLanguage":"es"},{"@type":["Person","Organization"],"@id":"https:\/\/luchonoticias.com\/editor\/#\/schema\/person\/7a7fd911f58561fd056dbac7b55af9cd","name":"admin","image":{"@type":"ImageObject","inLanguage":"es","@id":"https:\/\/luchonoticias.com\/editor\/#\/schema\/person\/image\/","url":"https:\/\/luchonoticias.com\/editor\/wp-content\/uploads\/2024\/02\/cropped-cropped-logolu.webp","contentUrl":"https:\/\/luchonoticias.com\/editor\/wp-content\/uploads\/2024\/02\/cropped-cropped-logolu.webp","width":382,"height":170,"caption":"admin"},"logo":{"@id":"https:\/\/luchonoticias.com\/editor\/#\/schema\/person\/image\/"},"sameAs":["https:\/\/www.facebook.com\/luchonoticiasneiva"],"url":"https:\/\/luchonoticias.com\/editor\/author\/admin\/"}]}},"_links":{"self":[{"href":"https:\/\/luchonoticias.com\/editor\/wp-json\/wp\/v2\/posts\/39533","targetHints":{"allow":["GET"]}}],"collection":[{"href":"https:\/\/luchonoticias.com\/editor\/wp-json\/wp\/v2\/posts"}],"about":[{"href":"https:\/\/luchonoticias.com\/editor\/wp-json\/wp\/v2\/types\/post"}],"author":[{"embeddable":true,"href":"https:\/\/luchonoticias.com\/editor\/wp-json\/wp\/v2\/users\/1"}],"replies":[{"embeddable":true,"href":"https:\/\/luchonoticias.com\/editor\/wp-json\/wp\/v2\/comments?post=39533"}],"version-history":[{"count":0,"href":"https:\/\/luchonoticias.com\/editor\/wp-json\/wp\/v2\/posts\/39533\/revisions"}],"wp:attachment":[{"href":"https:\/\/luchonoticias.com\/editor\/wp-json\/wp\/v2\/media?parent=39533"}],"wp:term":[{"taxonomy":"category","embeddable":true,"href":"https:\/\/luchonoticias.com\/editor\/wp-json\/wp\/v2\/categories?post=39533"},{"taxonomy":"post_tag","embeddable":true,"href":"https:\/\/luchonoticias.com\/editor\/wp-json\/wp\/v2\/tags?post=39533"}],"curies":[{"name":"wp","href":"https:\/\/api.w.org\/{rel}","templated":true}]}}