{"id":39554,"date":"2022-11-16T04:49:42","date_gmt":"2022-11-16T09:49:42","guid":{"rendered":"https:\/\/luchonoticias.com\/?p=39554"},"modified":"2022-11-16T04:49:43","modified_gmt":"2022-11-16T09:49:43","slug":"el-mundial-tambien-sera-una-fiesta-para-los-nacionalizados","status":"publish","type":"post","link":"https:\/\/luchonoticias.com\/editor\/el-mundial-tambien-sera-una-fiesta-para-los-nacionalizados\/","title":{"rendered":"El Mundial tambi\u00e9n ser\u00e1 una &#8216;fiesta&#8217; para los nacionalizados"},"content":{"rendered":"\n<p>Faltan pocos d\u00edas para el inicio del mundial de f\u00fatbol en Catar, no obstante, no solo ser\u00e1 el mundial de los 32 equipos que lo disputar\u00e1n, tambi\u00e9n contar\u00e1 con un&nbsp;<strong>importante contingente de futbolistas nacionalizados.<\/strong><\/p>\n\n\n\n<p>Entregadas las listas, se ha conocido que dentro del grupo de futbolistas inscritos&nbsp;<strong>figuran 135 jugadores nacionalizados<\/strong>&nbsp;que estar\u00e1n en el torneo representando a 28 naciones; siendo&nbsp;<strong>Marruecos el pa\u00eds con m\u00e1s jugadores no nacidos en el pa\u00eds<\/strong>: 14; tambi\u00e9n sorprende el hecho de que&nbsp;<strong>Catar cuenta en sus filas con 10 extranjeros<\/strong>, entre ellos dos europeos.<\/p>\n\n\n\n<p>En lo que respecta a naciones aportantes,&nbsp;<strong>Francia es la naci\u00f3n con m\u00e1s \u2018expatriados\u2019<\/strong>, con un total de 36 jugadores que disputar\u00e1n el mundial con nueve naciones; del caso latinoamericano Argentina y Brasil aportan tres futbolistas, este \u00faltimo para Portugal.<\/p>\n\n\n\n<p>Finalmente dentro del grupo de pa\u00edses figuran cerca de 20 pa\u00edses que, si bien no estar\u00e1n en el mundial, si tendr\u00e1n a alguno de sus ciudadanos jugando la copa, entre ellos&nbsp;<strong>Colombia con Jes\u00fas Ferreira<\/strong>&nbsp;que estar\u00e1 en el mundial con Estados Unidos.<\/p>\n","protected":false},"excerpt":{"rendered":"<p>Faltan pocos d\u00edas para el inicio del mundial de f\u00fatbol en Catar, no obstante, no solo ser\u00e1 el mundial de los 32 equipos que lo disputar\u00e1n, tambi\u00e9n contar\u00e1 con un&nbsp;importante contingente de futbolistas nacionalizados. Entregadas las listas, se ha conocido que dentro del grupo de futbolistas inscritos&nbsp;figuran 135 jugadores nacionalizados&nbsp;que estar\u00e1n en el torneo representando [&hellip;]<\/p>\n","protected":false},"author":1,"featured_media":0,"comment_status":"open","ping_status":"open","sticky":false,"template":"","format":"standard","meta":{"footnotes":""},"categories":[34],"tags":[],"class_list":["post-39554","post","type-post","status-publish","format-standard","hentry","category-deportes"],"yoast_head":"<!-- This site is optimized with the Yoast SEO plugin v26.6 - https:\/\/yoast.com\/wordpress\/plugins\/seo\/ -->\n<title>El Mundial tambi\u00e9n ser\u00e1 una &#039;fiesta&#039; para los nacionalizados -<\/title>\n<meta name=\"robots\" content=\"index, follow, max-snippet:-1, max-image-preview:large, max-video-preview:-1\" \/>\n<link rel=\"canonical\" href=\"https:\/\/luchonoticias.com\/editor\/el-mundial-tambien-sera-una-fiesta-para-los-nacionalizados\/\" \/>\n<meta property=\"og:locale\" content=\"es_ES\" \/>\n<meta property=\"og:type\" content=\"article\" \/>\n<meta property=\"og:title\" content=\"El Mundial tambi\u00e9n ser\u00e1 una &#039;fiesta&#039; para los nacionalizados -\" \/>\n<meta property=\"og:url\" content=\"https:\/\/luchonoticias.com\/editor\/el-mundial-tambien-sera-una-fiesta-para-los-nacionalizados\/\" \/>\n<meta property=\"article:publisher\" content=\"https:\/\/www.facebook.com\/luchonoticiasneiva\" \/>\n<meta property=\"article:author\" content=\"https:\/\/www.facebook.com\/luchonoticiasneiva\" \/>\n<meta property=\"article:published_time\" content=\"2022-11-16T09:49:42+00:00\" \/>\n<meta property=\"article:modified_time\" content=\"2022-11-16T09:49:43+00:00\" \/>\n<meta name=\"author\" content=\"admin\" \/>\n<meta name=\"twitter:card\" content=\"summary_large_image\" \/>\n<meta name=\"twitter:label1\" content=\"Escrito por\" \/>\n\t<meta name=\"twitter:data1\" content=\"admin\" \/>\n\t<meta name=\"twitter:label2\" content=\"Tiempo de lectura\" \/>\n\t<meta name=\"twitter:data2\" content=\"1 minuto\" \/>\n<script type=\"application\/ld+json\" class=\"yoast-schema-graph\">{\"@context\":\"https:\/\/schema.org\",\"@graph\":[{\"@type\":\"Article\",\"@id\":\"https:\/\/luchonoticias.com\/editor\/el-mundial-tambien-sera-una-fiesta-para-los-nacionalizados\/#article\",\"isPartOf\":{\"@id\":\"https:\/\/luchonoticias.com\/editor\/el-mundial-tambien-sera-una-fiesta-para-los-nacionalizados\/\"},\"author\":{\"name\":\"admin\",\"@id\":\"https:\/\/luchonoticias.com\/editor\/#\/schema\/person\/7a7fd911f58561fd056dbac7b55af9cd\"},\"headline\":\"El Mundial tambi\u00e9n ser\u00e1 una &#8216;fiesta&#8217; para los nacionalizados\",\"datePublished\":\"2022-11-16T09:49:42+00:00\",\"dateModified\":\"2022-11-16T09:49:43+00:00\",\"mainEntityOfPage\":{\"@id\":\"https:\/\/luchonoticias.com\/editor\/el-mundial-tambien-sera-una-fiesta-para-los-nacionalizados\/\"},\"wordCount\":203,\"commentCount\":0,\"publisher\":{\"@id\":\"https:\/\/luchonoticias.com\/editor\/#\/schema\/person\/7a7fd911f58561fd056dbac7b55af9cd\"},\"articleSection\":[\"Deportes\"],\"inLanguage\":\"es\",\"potentialAction\":[{\"@type\":\"CommentAction\",\"name\":\"Comment\",\"target\":[\"https:\/\/luchonoticias.com\/editor\/el-mundial-tambien-sera-una-fiesta-para-los-nacionalizados\/#respond\"]}]},{\"@type\":\"WebPage\",\"@id\":\"https:\/\/luchonoticias.com\/editor\/el-mundial-tambien-sera-una-fiesta-para-los-nacionalizados\/\",\"url\":\"https:\/\/luchonoticias.com\/editor\/el-mundial-tambien-sera-una-fiesta-para-los-nacionalizados\/\",\"name\":\"El Mundial tambi\u00e9n ser\u00e1 una 'fiesta' para los nacionalizados -\",\"isPartOf\":{\"@id\":\"https:\/\/luchonoticias.com\/editor\/#website\"},\"datePublished\":\"2022-11-16T09:49:42+00:00\",\"dateModified\":\"2022-11-16T09:49:43+00:00\",\"breadcrumb\":{\"@id\":\"https:\/\/luchonoticias.com\/editor\/el-mundial-tambien-sera-una-fiesta-para-los-nacionalizados\/#breadcrumb\"},\"inLanguage\":\"es\",\"potentialAction\":[{\"@type\":\"ReadAction\",\"target\":[\"https:\/\/luchonoticias.com\/editor\/el-mundial-tambien-sera-una-fiesta-para-los-nacionalizados\/\"]}]},{\"@type\":\"BreadcrumbList\",\"@id\":\"https:\/\/luchonoticias.com\/editor\/el-mundial-tambien-sera-una-fiesta-para-los-nacionalizados\/#breadcrumb\",\"itemListElement\":[{\"@type\":\"ListItem\",\"position\":1,\"name\":\"Portada\",\"item\":\"https:\/\/luchonoticias.com\/editor\/\"},{\"@type\":\"ListItem\",\"position\":2,\"name\":\"El Mundial tambi\u00e9n ser\u00e1 una &#8216;fiesta&#8217; para los nacionalizados\"}]},{\"@type\":\"WebSite\",\"@id\":\"https:\/\/luchonoticias.com\/editor\/#website\",\"url\":\"https:\/\/luchonoticias.com\/editor\/\",\"name\":\"\",\"description\":\"\",\"publisher\":{\"@id\":\"https:\/\/luchonoticias.com\/editor\/#\/schema\/person\/7a7fd911f58561fd056dbac7b55af9cd\"},\"potentialAction\":[{\"@type\":\"SearchAction\",\"target\":{\"@type\":\"EntryPoint\",\"urlTemplate\":\"https:\/\/luchonoticias.com\/editor\/?s={search_term_string}\"},\"query-input\":{\"@type\":\"PropertyValueSpecification\",\"valueRequired\":true,\"valueName\":\"search_term_string\"}}],\"inLanguage\":\"es\"},{\"@type\":[\"Person\",\"Organization\"],\"@id\":\"https:\/\/luchonoticias.com\/editor\/#\/schema\/person\/7a7fd911f58561fd056dbac7b55af9cd\",\"name\":\"admin\",\"image\":{\"@type\":\"ImageObject\",\"inLanguage\":\"es\",\"@id\":\"https:\/\/luchonoticias.com\/editor\/#\/schema\/person\/image\/\",\"url\":\"https:\/\/luchonoticias.com\/editor\/wp-content\/uploads\/2024\/02\/cropped-cropped-logolu.webp\",\"contentUrl\":\"https:\/\/luchonoticias.com\/editor\/wp-content\/uploads\/2024\/02\/cropped-cropped-logolu.webp\",\"width\":382,\"height\":170,\"caption\":\"admin\"},\"logo\":{\"@id\":\"https:\/\/luchonoticias.com\/editor\/#\/schema\/person\/image\/\"},\"sameAs\":[\"https:\/\/www.facebook.com\/luchonoticiasneiva\"],\"url\":\"https:\/\/luchonoticias.com\/editor\/author\/admin\/\"}]}<\/script>\n<!-- \/ Yoast SEO plugin. -->","yoast_head_json":{"title":"El Mundial tambi\u00e9n ser\u00e1 una 'fiesta' para los nacionalizados -","robots":{"index":"index","follow":"follow","max-snippet":"max-snippet:-1","max-image-preview":"max-image-preview:large","max-video-preview":"max-video-preview:-1"},"canonical":"https:\/\/luchonoticias.com\/editor\/el-mundial-tambien-sera-una-fiesta-para-los-nacionalizados\/","og_locale":"es_ES","og_type":"article","og_title":"El Mundial tambi\u00e9n ser\u00e1 una 'fiesta' para los nacionalizados -","og_url":"https:\/\/luchonoticias.com\/editor\/el-mundial-tambien-sera-una-fiesta-para-los-nacionalizados\/","article_publisher":"https:\/\/www.facebook.com\/luchonoticiasneiva","article_author":"https:\/\/www.facebook.com\/luchonoticiasneiva","article_published_time":"2022-11-16T09:49:42+00:00","article_modified_time":"2022-11-16T09:49:43+00:00","author":"admin","twitter_card":"summary_large_image","twitter_misc":{"Escrito por":"admin","Tiempo de lectura":"1 minuto"},"schema":{"@context":"https:\/\/schema.org","@graph":[{"@type":"Article","@id":"https:\/\/luchonoticias.com\/editor\/el-mundial-tambien-sera-una-fiesta-para-los-nacionalizados\/#article","isPartOf":{"@id":"https:\/\/luchonoticias.com\/editor\/el-mundial-tambien-sera-una-fiesta-para-los-nacionalizados\/"},"author":{"name":"admin","@id":"https:\/\/luchonoticias.com\/editor\/#\/schema\/person\/7a7fd911f58561fd056dbac7b55af9cd"},"headline":"El Mundial tambi\u00e9n ser\u00e1 una &#8216;fiesta&#8217; para los nacionalizados","datePublished":"2022-11-16T09:49:42+00:00","dateModified":"2022-11-16T09:49:43+00:00","mainEntityOfPage":{"@id":"https:\/\/luchonoticias.com\/editor\/el-mundial-tambien-sera-una-fiesta-para-los-nacionalizados\/"},"wordCount":203,"commentCount":0,"publisher":{"@id":"https:\/\/luchonoticias.com\/editor\/#\/schema\/person\/7a7fd911f58561fd056dbac7b55af9cd"},"articleSection":["Deportes"],"inLanguage":"es","potentialAction":[{"@type":"CommentAction","name":"Comment","target":["https:\/\/luchonoticias.com\/editor\/el-mundial-tambien-sera-una-fiesta-para-los-nacionalizados\/#respond"]}]},{"@type":"WebPage","@id":"https:\/\/luchonoticias.com\/editor\/el-mundial-tambien-sera-una-fiesta-para-los-nacionalizados\/","url":"https:\/\/luchonoticias.com\/editor\/el-mundial-tambien-sera-una-fiesta-para-los-nacionalizados\/","name":"El Mundial tambi\u00e9n ser\u00e1 una 'fiesta' para los nacionalizados -","isPartOf":{"@id":"https:\/\/luchonoticias.com\/editor\/#website"},"datePublished":"2022-11-16T09:49:42+00:00","dateModified":"2022-11-16T09:49:43+00:00","breadcrumb":{"@id":"https:\/\/luchonoticias.com\/editor\/el-mundial-tambien-sera-una-fiesta-para-los-nacionalizados\/#breadcrumb"},"inLanguage":"es","potentialAction":[{"@type":"ReadAction","target":["https:\/\/luchonoticias.com\/editor\/el-mundial-tambien-sera-una-fiesta-para-los-nacionalizados\/"]}]},{"@type":"BreadcrumbList","@id":"https:\/\/luchonoticias.com\/editor\/el-mundial-tambien-sera-una-fiesta-para-los-nacionalizados\/#breadcrumb","itemListElement":[{"@type":"ListItem","position":1,"name":"Portada","item":"https:\/\/luchonoticias.com\/editor\/"},{"@type":"ListItem","position":2,"name":"El Mundial tambi\u00e9n ser\u00e1 una &#8216;fiesta&#8217; para los nacionalizados"}]},{"@type":"WebSite","@id":"https:\/\/luchonoticias.com\/editor\/#website","url":"https:\/\/luchonoticias.com\/editor\/","name":"","description":"","publisher":{"@id":"https:\/\/luchonoticias.com\/editor\/#\/schema\/person\/7a7fd911f58561fd056dbac7b55af9cd"},"potentialAction":[{"@type":"SearchAction","target":{"@type":"EntryPoint","urlTemplate":"https:\/\/luchonoticias.com\/editor\/?s={search_term_string}"},"query-input":{"@type":"PropertyValueSpecification","valueRequired":true,"valueName":"search_term_string"}}],"inLanguage":"es"},{"@type":["Person","Organization"],"@id":"https:\/\/luchonoticias.com\/editor\/#\/schema\/person\/7a7fd911f58561fd056dbac7b55af9cd","name":"admin","image":{"@type":"ImageObject","inLanguage":"es","@id":"https:\/\/luchonoticias.com\/editor\/#\/schema\/person\/image\/","url":"https:\/\/luchonoticias.com\/editor\/wp-content\/uploads\/2024\/02\/cropped-cropped-logolu.webp","contentUrl":"https:\/\/luchonoticias.com\/editor\/wp-content\/uploads\/2024\/02\/cropped-cropped-logolu.webp","width":382,"height":170,"caption":"admin"},"logo":{"@id":"https:\/\/luchonoticias.com\/editor\/#\/schema\/person\/image\/"},"sameAs":["https:\/\/www.facebook.com\/luchonoticiasneiva"],"url":"https:\/\/luchonoticias.com\/editor\/author\/admin\/"}]}},"_links":{"self":[{"href":"https:\/\/luchonoticias.com\/editor\/wp-json\/wp\/v2\/posts\/39554","targetHints":{"allow":["GET"]}}],"collection":[{"href":"https:\/\/luchonoticias.com\/editor\/wp-json\/wp\/v2\/posts"}],"about":[{"href":"https:\/\/luchonoticias.com\/editor\/wp-json\/wp\/v2\/types\/post"}],"author":[{"embeddable":true,"href":"https:\/\/luchonoticias.com\/editor\/wp-json\/wp\/v2\/users\/1"}],"replies":[{"embeddable":true,"href":"https:\/\/luchonoticias.com\/editor\/wp-json\/wp\/v2\/comments?post=39554"}],"version-history":[{"count":0,"href":"https:\/\/luchonoticias.com\/editor\/wp-json\/wp\/v2\/posts\/39554\/revisions"}],"wp:attachment":[{"href":"https:\/\/luchonoticias.com\/editor\/wp-json\/wp\/v2\/media?parent=39554"}],"wp:term":[{"taxonomy":"category","embeddable":true,"href":"https:\/\/luchonoticias.com\/editor\/wp-json\/wp\/v2\/categories?post=39554"},{"taxonomy":"post_tag","embeddable":true,"href":"https:\/\/luchonoticias.com\/editor\/wp-json\/wp\/v2\/tags?post=39554"}],"curies":[{"name":"wp","href":"https:\/\/api.w.org\/{rel}","templated":true}]}}