{"id":39556,"date":"2022-11-16T04:51:34","date_gmt":"2022-11-16T09:51:34","guid":{"rendered":"https:\/\/luchonoticias.com\/?p=39556"},"modified":"2022-11-16T04:51:35","modified_gmt":"2022-11-16T09:51:35","slug":"rivera-fue-escenario-de-copa-de-baloncesto","status":"publish","type":"post","link":"https:\/\/luchonoticias.com\/editor\/rivera-fue-escenario-de-copa-de-baloncesto\/","title":{"rendered":"Rivera fue escenario de copa de baloncesto"},"content":{"rendered":"\n<p>El pasado fin de semana&nbsp;<strong>Rivera&nbsp;<\/strong>fue escenario de la&nbsp;<strong>Copa \u00c9lite de baloncesto 48 horas,<\/strong>&nbsp;evento organizado por la Junta Municipal de Deportes y Recreaci\u00f3n.<\/p>\n\n\n\n<p>La competencia,&nbsp;<strong>desarrollada en el polideportivo principal de Rivera<\/strong>, cont\u00f3 con la participaci\u00f3n de varios quintetos del departamento adem\u00e1s de dos clubes del Caqueta; en total&nbsp;<strong>intervinieron ocho clubes<\/strong>&nbsp;divididos en dos grupos.<\/p>\n\n\n\n<p><strong>Club Laboyanos de Pitalito<\/strong>&nbsp;termin\u00f3 como&nbsp;<strong>campe\u00f3n&nbsp;<\/strong>tras superar a Arroceros de Neiva, el podio lo complet\u00f3 el equipo De Coraz\u00f3n por Rivera.<\/p>\n","protected":false},"excerpt":{"rendered":"<p>El pasado fin de semana&nbsp;Rivera&nbsp;fue escenario de la&nbsp;Copa \u00c9lite de baloncesto 48 horas,&nbsp;evento organizado por la Junta Municipal de Deportes y Recreaci\u00f3n. La competencia,&nbsp;desarrollada en el polideportivo principal de Rivera, cont\u00f3 con la participaci\u00f3n de varios quintetos del departamento adem\u00e1s de dos clubes del Caqueta; en total&nbsp;intervinieron ocho clubes&nbsp;divididos en dos grupos. Club Laboyanos de [&hellip;]<\/p>\n","protected":false},"author":1,"featured_media":0,"comment_status":"open","ping_status":"open","sticky":false,"template":"","format":"standard","meta":{"footnotes":""},"categories":[34],"tags":[],"class_list":["post-39556","post","type-post","status-publish","format-standard","hentry","category-deportes"],"yoast_head":"<!-- This site is optimized with the Yoast SEO plugin v26.6 - https:\/\/yoast.com\/wordpress\/plugins\/seo\/ -->\n<title>Rivera fue escenario de copa de baloncesto -<\/title>\n<meta name=\"robots\" content=\"index, follow, max-snippet:-1, max-image-preview:large, max-video-preview:-1\" \/>\n<link rel=\"canonical\" href=\"https:\/\/luchonoticias.com\/editor\/rivera-fue-escenario-de-copa-de-baloncesto\/\" \/>\n<meta property=\"og:locale\" content=\"es_ES\" \/>\n<meta property=\"og:type\" content=\"article\" \/>\n<meta property=\"og:title\" content=\"Rivera fue escenario de copa de baloncesto -\" \/>\n<meta property=\"og:url\" content=\"https:\/\/luchonoticias.com\/editor\/rivera-fue-escenario-de-copa-de-baloncesto\/\" \/>\n<meta property=\"article:publisher\" content=\"https:\/\/www.facebook.com\/luchonoticiasneiva\" \/>\n<meta property=\"article:author\" content=\"https:\/\/www.facebook.com\/luchonoticiasneiva\" \/>\n<meta property=\"article:published_time\" content=\"2022-11-16T09:51:34+00:00\" \/>\n<meta property=\"article:modified_time\" content=\"2022-11-16T09:51:35+00:00\" \/>\n<meta name=\"author\" content=\"admin\" \/>\n<meta name=\"twitter:card\" content=\"summary_large_image\" \/>\n<meta name=\"twitter:label1\" content=\"Escrito por\" \/>\n\t<meta name=\"twitter:data1\" content=\"admin\" \/>\n<script type=\"application\/ld+json\" class=\"yoast-schema-graph\">{\"@context\":\"https:\/\/schema.org\",\"@graph\":[{\"@type\":\"Article\",\"@id\":\"https:\/\/luchonoticias.com\/editor\/rivera-fue-escenario-de-copa-de-baloncesto\/#article\",\"isPartOf\":{\"@id\":\"https:\/\/luchonoticias.com\/editor\/rivera-fue-escenario-de-copa-de-baloncesto\/\"},\"author\":{\"name\":\"admin\",\"@id\":\"https:\/\/luchonoticias.com\/editor\/#\/schema\/person\/7a7fd911f58561fd056dbac7b55af9cd\"},\"headline\":\"Rivera fue escenario de copa de baloncesto\",\"datePublished\":\"2022-11-16T09:51:34+00:00\",\"dateModified\":\"2022-11-16T09:51:35+00:00\",\"mainEntityOfPage\":{\"@id\":\"https:\/\/luchonoticias.com\/editor\/rivera-fue-escenario-de-copa-de-baloncesto\/\"},\"wordCount\":103,\"commentCount\":0,\"publisher\":{\"@id\":\"https:\/\/luchonoticias.com\/editor\/#\/schema\/person\/7a7fd911f58561fd056dbac7b55af9cd\"},\"articleSection\":[\"Deportes\"],\"inLanguage\":\"es\",\"potentialAction\":[{\"@type\":\"CommentAction\",\"name\":\"Comment\",\"target\":[\"https:\/\/luchonoticias.com\/editor\/rivera-fue-escenario-de-copa-de-baloncesto\/#respond\"]}]},{\"@type\":\"WebPage\",\"@id\":\"https:\/\/luchonoticias.com\/editor\/rivera-fue-escenario-de-copa-de-baloncesto\/\",\"url\":\"https:\/\/luchonoticias.com\/editor\/rivera-fue-escenario-de-copa-de-baloncesto\/\",\"name\":\"Rivera fue escenario de copa de baloncesto -\",\"isPartOf\":{\"@id\":\"https:\/\/luchonoticias.com\/editor\/#website\"},\"datePublished\":\"2022-11-16T09:51:34+00:00\",\"dateModified\":\"2022-11-16T09:51:35+00:00\",\"breadcrumb\":{\"@id\":\"https:\/\/luchonoticias.com\/editor\/rivera-fue-escenario-de-copa-de-baloncesto\/#breadcrumb\"},\"inLanguage\":\"es\",\"potentialAction\":[{\"@type\":\"ReadAction\",\"target\":[\"https:\/\/luchonoticias.com\/editor\/rivera-fue-escenario-de-copa-de-baloncesto\/\"]}]},{\"@type\":\"BreadcrumbList\",\"@id\":\"https:\/\/luchonoticias.com\/editor\/rivera-fue-escenario-de-copa-de-baloncesto\/#breadcrumb\",\"itemListElement\":[{\"@type\":\"ListItem\",\"position\":1,\"name\":\"Portada\",\"item\":\"https:\/\/luchonoticias.com\/editor\/\"},{\"@type\":\"ListItem\",\"position\":2,\"name\":\"Rivera fue escenario de copa de baloncesto\"}]},{\"@type\":\"WebSite\",\"@id\":\"https:\/\/luchonoticias.com\/editor\/#website\",\"url\":\"https:\/\/luchonoticias.com\/editor\/\",\"name\":\"\",\"description\":\"\",\"publisher\":{\"@id\":\"https:\/\/luchonoticias.com\/editor\/#\/schema\/person\/7a7fd911f58561fd056dbac7b55af9cd\"},\"potentialAction\":[{\"@type\":\"SearchAction\",\"target\":{\"@type\":\"EntryPoint\",\"urlTemplate\":\"https:\/\/luchonoticias.com\/editor\/?s={search_term_string}\"},\"query-input\":{\"@type\":\"PropertyValueSpecification\",\"valueRequired\":true,\"valueName\":\"search_term_string\"}}],\"inLanguage\":\"es\"},{\"@type\":[\"Person\",\"Organization\"],\"@id\":\"https:\/\/luchonoticias.com\/editor\/#\/schema\/person\/7a7fd911f58561fd056dbac7b55af9cd\",\"name\":\"admin\",\"image\":{\"@type\":\"ImageObject\",\"inLanguage\":\"es\",\"@id\":\"https:\/\/luchonoticias.com\/editor\/#\/schema\/person\/image\/\",\"url\":\"https:\/\/luchonoticias.com\/editor\/wp-content\/uploads\/2024\/02\/cropped-cropped-logolu.webp\",\"contentUrl\":\"https:\/\/luchonoticias.com\/editor\/wp-content\/uploads\/2024\/02\/cropped-cropped-logolu.webp\",\"width\":382,\"height\":170,\"caption\":\"admin\"},\"logo\":{\"@id\":\"https:\/\/luchonoticias.com\/editor\/#\/schema\/person\/image\/\"},\"sameAs\":[\"https:\/\/www.facebook.com\/luchonoticiasneiva\"],\"url\":\"https:\/\/luchonoticias.com\/editor\/author\/admin\/\"}]}<\/script>\n<!-- \/ Yoast SEO plugin. -->","yoast_head_json":{"title":"Rivera fue escenario de copa de baloncesto -","robots":{"index":"index","follow":"follow","max-snippet":"max-snippet:-1","max-image-preview":"max-image-preview:large","max-video-preview":"max-video-preview:-1"},"canonical":"https:\/\/luchonoticias.com\/editor\/rivera-fue-escenario-de-copa-de-baloncesto\/","og_locale":"es_ES","og_type":"article","og_title":"Rivera fue escenario de copa de baloncesto -","og_url":"https:\/\/luchonoticias.com\/editor\/rivera-fue-escenario-de-copa-de-baloncesto\/","article_publisher":"https:\/\/www.facebook.com\/luchonoticiasneiva","article_author":"https:\/\/www.facebook.com\/luchonoticiasneiva","article_published_time":"2022-11-16T09:51:34+00:00","article_modified_time":"2022-11-16T09:51:35+00:00","author":"admin","twitter_card":"summary_large_image","twitter_misc":{"Escrito por":"admin"},"schema":{"@context":"https:\/\/schema.org","@graph":[{"@type":"Article","@id":"https:\/\/luchonoticias.com\/editor\/rivera-fue-escenario-de-copa-de-baloncesto\/#article","isPartOf":{"@id":"https:\/\/luchonoticias.com\/editor\/rivera-fue-escenario-de-copa-de-baloncesto\/"},"author":{"name":"admin","@id":"https:\/\/luchonoticias.com\/editor\/#\/schema\/person\/7a7fd911f58561fd056dbac7b55af9cd"},"headline":"Rivera fue escenario de copa de baloncesto","datePublished":"2022-11-16T09:51:34+00:00","dateModified":"2022-11-16T09:51:35+00:00","mainEntityOfPage":{"@id":"https:\/\/luchonoticias.com\/editor\/rivera-fue-escenario-de-copa-de-baloncesto\/"},"wordCount":103,"commentCount":0,"publisher":{"@id":"https:\/\/luchonoticias.com\/editor\/#\/schema\/person\/7a7fd911f58561fd056dbac7b55af9cd"},"articleSection":["Deportes"],"inLanguage":"es","potentialAction":[{"@type":"CommentAction","name":"Comment","target":["https:\/\/luchonoticias.com\/editor\/rivera-fue-escenario-de-copa-de-baloncesto\/#respond"]}]},{"@type":"WebPage","@id":"https:\/\/luchonoticias.com\/editor\/rivera-fue-escenario-de-copa-de-baloncesto\/","url":"https:\/\/luchonoticias.com\/editor\/rivera-fue-escenario-de-copa-de-baloncesto\/","name":"Rivera fue escenario de copa de baloncesto -","isPartOf":{"@id":"https:\/\/luchonoticias.com\/editor\/#website"},"datePublished":"2022-11-16T09:51:34+00:00","dateModified":"2022-11-16T09:51:35+00:00","breadcrumb":{"@id":"https:\/\/luchonoticias.com\/editor\/rivera-fue-escenario-de-copa-de-baloncesto\/#breadcrumb"},"inLanguage":"es","potentialAction":[{"@type":"ReadAction","target":["https:\/\/luchonoticias.com\/editor\/rivera-fue-escenario-de-copa-de-baloncesto\/"]}]},{"@type":"BreadcrumbList","@id":"https:\/\/luchonoticias.com\/editor\/rivera-fue-escenario-de-copa-de-baloncesto\/#breadcrumb","itemListElement":[{"@type":"ListItem","position":1,"name":"Portada","item":"https:\/\/luchonoticias.com\/editor\/"},{"@type":"ListItem","position":2,"name":"Rivera fue escenario de copa de baloncesto"}]},{"@type":"WebSite","@id":"https:\/\/luchonoticias.com\/editor\/#website","url":"https:\/\/luchonoticias.com\/editor\/","name":"","description":"","publisher":{"@id":"https:\/\/luchonoticias.com\/editor\/#\/schema\/person\/7a7fd911f58561fd056dbac7b55af9cd"},"potentialAction":[{"@type":"SearchAction","target":{"@type":"EntryPoint","urlTemplate":"https:\/\/luchonoticias.com\/editor\/?s={search_term_string}"},"query-input":{"@type":"PropertyValueSpecification","valueRequired":true,"valueName":"search_term_string"}}],"inLanguage":"es"},{"@type":["Person","Organization"],"@id":"https:\/\/luchonoticias.com\/editor\/#\/schema\/person\/7a7fd911f58561fd056dbac7b55af9cd","name":"admin","image":{"@type":"ImageObject","inLanguage":"es","@id":"https:\/\/luchonoticias.com\/editor\/#\/schema\/person\/image\/","url":"https:\/\/luchonoticias.com\/editor\/wp-content\/uploads\/2024\/02\/cropped-cropped-logolu.webp","contentUrl":"https:\/\/luchonoticias.com\/editor\/wp-content\/uploads\/2024\/02\/cropped-cropped-logolu.webp","width":382,"height":170,"caption":"admin"},"logo":{"@id":"https:\/\/luchonoticias.com\/editor\/#\/schema\/person\/image\/"},"sameAs":["https:\/\/www.facebook.com\/luchonoticiasneiva"],"url":"https:\/\/luchonoticias.com\/editor\/author\/admin\/"}]}},"_links":{"self":[{"href":"https:\/\/luchonoticias.com\/editor\/wp-json\/wp\/v2\/posts\/39556","targetHints":{"allow":["GET"]}}],"collection":[{"href":"https:\/\/luchonoticias.com\/editor\/wp-json\/wp\/v2\/posts"}],"about":[{"href":"https:\/\/luchonoticias.com\/editor\/wp-json\/wp\/v2\/types\/post"}],"author":[{"embeddable":true,"href":"https:\/\/luchonoticias.com\/editor\/wp-json\/wp\/v2\/users\/1"}],"replies":[{"embeddable":true,"href":"https:\/\/luchonoticias.com\/editor\/wp-json\/wp\/v2\/comments?post=39556"}],"version-history":[{"count":0,"href":"https:\/\/luchonoticias.com\/editor\/wp-json\/wp\/v2\/posts\/39556\/revisions"}],"wp:attachment":[{"href":"https:\/\/luchonoticias.com\/editor\/wp-json\/wp\/v2\/media?parent=39556"}],"wp:term":[{"taxonomy":"category","embeddable":true,"href":"https:\/\/luchonoticias.com\/editor\/wp-json\/wp\/v2\/categories?post=39556"},{"taxonomy":"post_tag","embeddable":true,"href":"https:\/\/luchonoticias.com\/editor\/wp-json\/wp\/v2\/tags?post=39556"}],"curies":[{"name":"wp","href":"https:\/\/api.w.org\/{rel}","templated":true}]}}