{"id":39559,"date":"2022-11-16T04:54:13","date_gmt":"2022-11-16T09:54:13","guid":{"rendered":"https:\/\/luchonoticias.com\/?p=39559"},"modified":"2022-11-16T04:54:15","modified_gmt":"2022-11-16T09:54:15","slug":"actividad-de-consciencia-ambiental-por-parte-de-aguas-del-huila","status":"publish","type":"post","link":"https:\/\/luchonoticias.com\/editor\/actividad-de-consciencia-ambiental-por-parte-de-aguas-del-huila\/","title":{"rendered":"Actividad de consciencia ambiental por parte de Aguas del Huila"},"content":{"rendered":"\n<p>Cerca de&nbsp;<strong>1.000 estudiantes<\/strong>, han participado de las&nbsp;<strong>jornadas de sensibilizaci\u00f3n<\/strong>&nbsp;desarrolladas por el&nbsp;<strong>plan de gesti\u00f3n social del PDA de Aguas del Huila<\/strong>&nbsp;en los colegios: Claretiano, T\u00e9cnico Superior y Cooperativo Utrahuilca de la ciudad de Neiva, en las cuales<strong>&nbsp;se concientiza y premia la labor de los ni\u00f1os y j\u00f3venes<\/strong>&nbsp;que apoyan en sus Instituciones Educativas los&nbsp;<strong>procesos y grupos ecol\u00f3gicos&nbsp;<\/strong>en los que se llevan a cabo actividades de recolecci\u00f3n y reaprovechamiento de residuos s\u00f3lidos y l\u00edquidos, seg\u00fan lo explica Tatiana Silva, Apoyo Profesional de Aguas del Huila.<\/p>\n\n\n\n<p>\u201cEn el transcurso de esta semana<strong>&nbsp;hemos estado realizando unas actividades, denominadas, \u2018sembrando un mensaje ambiental en los ni\u00f1os\u2019,<\/strong>&nbsp;en donde hemos llevado esta actividad a tres Instituciones Educativas de la ciudad de Neiva, con el fin de&nbsp;<strong>llevar el mensaje ambiental a los chicos y chicas que se encuentran en edad de crecimiento, y form\u00e1ndose para un futuro.<\/strong>&nbsp;En estas actividades, generamos unas din\u00e1micas en torno a juegos con tem\u00e1ticas ambientales, jugamos a la ruleta, y otros con el fin de que a partir de la pedagog\u00eda y de estos m\u00e9todos m\u00e1s din\u00e1micos y l\u00fadicos los chicos puedan adquirir conocimientos de manera f\u00e1cil. Tambi\u00e9n desarrollamos unos concursos con los cuales motivamos a los chicos en el proceso con bonos para cine y restaurantes\u201d, asegur\u00f3 la profesional.<\/p>\n\n\n\n<p>Sobre las actividades explic\u00f3, Saul Andr\u00e9s Diaz, Apoyo Profesional de Aguas del Huila, \u201cel objetivo de \u00e9stas es&nbsp;<strong>crear conciencia ambiental en la poblaci\u00f3n estudiantil y ayudarlos a reconocer el nuevo c\u00f3digo de colores&nbsp;<\/strong>que est\u00e1 estipulado en la resoluci\u00f3n 2184 de 2019. En estas actividades comenzamos con un peque\u00f1o conversatorio, dentro del cual creamos conciencia en la poblaci\u00f3n educativa, de la separaci\u00f3n en la fuente de los residuos que se generan en la instituci\u00f3n, y poder darles un mayor aprovechamiento a \u00e9stos, hasta el momento los ni\u00f1os han tomado esta actividad de la mejor manera\u201d enfatiz\u00f3 D\u00edaz Guti\u00e9rrez.<\/p>\n\n\n\n<p>El objetivo del Gobierno \u2018Huila Crece\u2019 y Aguas del Huila, es poder<strong>&nbsp;mantener este espacio durante el a\u00f1o 2023,<\/strong>&nbsp;visitando Instituciones Educativas en todo el departamento, apoyando a m\u00e1s estudiantes en sus Planes de Manejo Ambiental, y cuidado del agua, como&nbsp;<strong>una forma de alentar a las nuevas generaciones, en estas pr\u00e1cticas<\/strong>&nbsp;que son la primera tarea, para recuperar los recursos naturales, y as\u00ed mejorar la calidad de vida para todos los huilenses.<\/p>\n","protected":false},"excerpt":{"rendered":"<p>Cerca de&nbsp;1.000 estudiantes, han participado de las&nbsp;jornadas de sensibilizaci\u00f3n&nbsp;desarrolladas por el&nbsp;plan de gesti\u00f3n social del PDA de Aguas del Huila&nbsp;en los colegios: Claretiano, T\u00e9cnico Superior y Cooperativo Utrahuilca de la ciudad de Neiva, en las cuales&nbsp;se concientiza y premia la labor de los ni\u00f1os y j\u00f3venes&nbsp;que apoyan en sus Instituciones Educativas los&nbsp;procesos y grupos ecol\u00f3gicos&nbsp;en [&hellip;]<\/p>\n","protected":false},"author":1,"featured_media":0,"comment_status":"open","ping_status":"open","sticky":false,"template":"","format":"standard","meta":{"footnotes":""},"categories":[33],"tags":[],"class_list":["post-39559","post","type-post","status-publish","format-standard","hentry","category-huila"],"yoast_head":"<!-- This site is optimized with the Yoast SEO plugin v26.6 - https:\/\/yoast.com\/wordpress\/plugins\/seo\/ -->\n<title>Actividad de consciencia ambiental por parte de Aguas del Huila -<\/title>\n<meta name=\"robots\" content=\"index, follow, max-snippet:-1, max-image-preview:large, max-video-preview:-1\" \/>\n<link rel=\"canonical\" href=\"https:\/\/luchonoticias.com\/editor\/actividad-de-consciencia-ambiental-por-parte-de-aguas-del-huila\/\" \/>\n<meta property=\"og:locale\" content=\"es_ES\" \/>\n<meta property=\"og:type\" content=\"article\" \/>\n<meta property=\"og:title\" content=\"Actividad de consciencia ambiental por parte de Aguas del Huila -\" \/>\n<meta property=\"og:url\" content=\"https:\/\/luchonoticias.com\/editor\/actividad-de-consciencia-ambiental-por-parte-de-aguas-del-huila\/\" \/>\n<meta property=\"article:publisher\" content=\"https:\/\/www.facebook.com\/luchonoticiasneiva\" \/>\n<meta property=\"article:author\" content=\"https:\/\/www.facebook.com\/luchonoticiasneiva\" \/>\n<meta property=\"article:published_time\" content=\"2022-11-16T09:54:13+00:00\" \/>\n<meta property=\"article:modified_time\" content=\"2022-11-16T09:54:15+00:00\" \/>\n<meta name=\"author\" content=\"admin\" \/>\n<meta name=\"twitter:card\" content=\"summary_large_image\" \/>\n<meta name=\"twitter:label1\" content=\"Escrito por\" \/>\n\t<meta name=\"twitter:data1\" content=\"admin\" \/>\n\t<meta name=\"twitter:label2\" content=\"Tiempo de lectura\" \/>\n\t<meta name=\"twitter:data2\" content=\"2 minutos\" \/>\n<script type=\"application\/ld+json\" class=\"yoast-schema-graph\">{\"@context\":\"https:\/\/schema.org\",\"@graph\":[{\"@type\":\"Article\",\"@id\":\"https:\/\/luchonoticias.com\/editor\/actividad-de-consciencia-ambiental-por-parte-de-aguas-del-huila\/#article\",\"isPartOf\":{\"@id\":\"https:\/\/luchonoticias.com\/editor\/actividad-de-consciencia-ambiental-por-parte-de-aguas-del-huila\/\"},\"author\":{\"name\":\"admin\",\"@id\":\"https:\/\/luchonoticias.com\/editor\/#\/schema\/person\/7a7fd911f58561fd056dbac7b55af9cd\"},\"headline\":\"Actividad de consciencia ambiental por parte de Aguas del Huila\",\"datePublished\":\"2022-11-16T09:54:13+00:00\",\"dateModified\":\"2022-11-16T09:54:15+00:00\",\"mainEntityOfPage\":{\"@id\":\"https:\/\/luchonoticias.com\/editor\/actividad-de-consciencia-ambiental-por-parte-de-aguas-del-huila\/\"},\"wordCount\":450,\"commentCount\":0,\"publisher\":{\"@id\":\"https:\/\/luchonoticias.com\/editor\/#\/schema\/person\/7a7fd911f58561fd056dbac7b55af9cd\"},\"articleSection\":[\"Huila\"],\"inLanguage\":\"es\",\"potentialAction\":[{\"@type\":\"CommentAction\",\"name\":\"Comment\",\"target\":[\"https:\/\/luchonoticias.com\/editor\/actividad-de-consciencia-ambiental-por-parte-de-aguas-del-huila\/#respond\"]}]},{\"@type\":\"WebPage\",\"@id\":\"https:\/\/luchonoticias.com\/editor\/actividad-de-consciencia-ambiental-por-parte-de-aguas-del-huila\/\",\"url\":\"https:\/\/luchonoticias.com\/editor\/actividad-de-consciencia-ambiental-por-parte-de-aguas-del-huila\/\",\"name\":\"Actividad de consciencia ambiental por parte de Aguas del Huila -\",\"isPartOf\":{\"@id\":\"https:\/\/luchonoticias.com\/editor\/#website\"},\"datePublished\":\"2022-11-16T09:54:13+00:00\",\"dateModified\":\"2022-11-16T09:54:15+00:00\",\"breadcrumb\":{\"@id\":\"https:\/\/luchonoticias.com\/editor\/actividad-de-consciencia-ambiental-por-parte-de-aguas-del-huila\/#breadcrumb\"},\"inLanguage\":\"es\",\"potentialAction\":[{\"@type\":\"ReadAction\",\"target\":[\"https:\/\/luchonoticias.com\/editor\/actividad-de-consciencia-ambiental-por-parte-de-aguas-del-huila\/\"]}]},{\"@type\":\"BreadcrumbList\",\"@id\":\"https:\/\/luchonoticias.com\/editor\/actividad-de-consciencia-ambiental-por-parte-de-aguas-del-huila\/#breadcrumb\",\"itemListElement\":[{\"@type\":\"ListItem\",\"position\":1,\"name\":\"Portada\",\"item\":\"https:\/\/luchonoticias.com\/editor\/\"},{\"@type\":\"ListItem\",\"position\":2,\"name\":\"Actividad de consciencia ambiental por parte de Aguas del Huila\"}]},{\"@type\":\"WebSite\",\"@id\":\"https:\/\/luchonoticias.com\/editor\/#website\",\"url\":\"https:\/\/luchonoticias.com\/editor\/\",\"name\":\"\",\"description\":\"\",\"publisher\":{\"@id\":\"https:\/\/luchonoticias.com\/editor\/#\/schema\/person\/7a7fd911f58561fd056dbac7b55af9cd\"},\"potentialAction\":[{\"@type\":\"SearchAction\",\"target\":{\"@type\":\"EntryPoint\",\"urlTemplate\":\"https:\/\/luchonoticias.com\/editor\/?s={search_term_string}\"},\"query-input\":{\"@type\":\"PropertyValueSpecification\",\"valueRequired\":true,\"valueName\":\"search_term_string\"}}],\"inLanguage\":\"es\"},{\"@type\":[\"Person\",\"Organization\"],\"@id\":\"https:\/\/luchonoticias.com\/editor\/#\/schema\/person\/7a7fd911f58561fd056dbac7b55af9cd\",\"name\":\"admin\",\"image\":{\"@type\":\"ImageObject\",\"inLanguage\":\"es\",\"@id\":\"https:\/\/luchonoticias.com\/editor\/#\/schema\/person\/image\/\",\"url\":\"https:\/\/luchonoticias.com\/editor\/wp-content\/uploads\/2024\/02\/cropped-cropped-logolu.webp\",\"contentUrl\":\"https:\/\/luchonoticias.com\/editor\/wp-content\/uploads\/2024\/02\/cropped-cropped-logolu.webp\",\"width\":382,\"height\":170,\"caption\":\"admin\"},\"logo\":{\"@id\":\"https:\/\/luchonoticias.com\/editor\/#\/schema\/person\/image\/\"},\"sameAs\":[\"https:\/\/www.facebook.com\/luchonoticiasneiva\"],\"url\":\"https:\/\/luchonoticias.com\/editor\/author\/admin\/\"}]}<\/script>\n<!-- \/ Yoast SEO plugin. -->","yoast_head_json":{"title":"Actividad de consciencia ambiental por parte de Aguas del Huila -","robots":{"index":"index","follow":"follow","max-snippet":"max-snippet:-1","max-image-preview":"max-image-preview:large","max-video-preview":"max-video-preview:-1"},"canonical":"https:\/\/luchonoticias.com\/editor\/actividad-de-consciencia-ambiental-por-parte-de-aguas-del-huila\/","og_locale":"es_ES","og_type":"article","og_title":"Actividad de consciencia ambiental por parte de Aguas del Huila -","og_url":"https:\/\/luchonoticias.com\/editor\/actividad-de-consciencia-ambiental-por-parte-de-aguas-del-huila\/","article_publisher":"https:\/\/www.facebook.com\/luchonoticiasneiva","article_author":"https:\/\/www.facebook.com\/luchonoticiasneiva","article_published_time":"2022-11-16T09:54:13+00:00","article_modified_time":"2022-11-16T09:54:15+00:00","author":"admin","twitter_card":"summary_large_image","twitter_misc":{"Escrito por":"admin","Tiempo de lectura":"2 minutos"},"schema":{"@context":"https:\/\/schema.org","@graph":[{"@type":"Article","@id":"https:\/\/luchonoticias.com\/editor\/actividad-de-consciencia-ambiental-por-parte-de-aguas-del-huila\/#article","isPartOf":{"@id":"https:\/\/luchonoticias.com\/editor\/actividad-de-consciencia-ambiental-por-parte-de-aguas-del-huila\/"},"author":{"name":"admin","@id":"https:\/\/luchonoticias.com\/editor\/#\/schema\/person\/7a7fd911f58561fd056dbac7b55af9cd"},"headline":"Actividad de consciencia ambiental por parte de Aguas del Huila","datePublished":"2022-11-16T09:54:13+00:00","dateModified":"2022-11-16T09:54:15+00:00","mainEntityOfPage":{"@id":"https:\/\/luchonoticias.com\/editor\/actividad-de-consciencia-ambiental-por-parte-de-aguas-del-huila\/"},"wordCount":450,"commentCount":0,"publisher":{"@id":"https:\/\/luchonoticias.com\/editor\/#\/schema\/person\/7a7fd911f58561fd056dbac7b55af9cd"},"articleSection":["Huila"],"inLanguage":"es","potentialAction":[{"@type":"CommentAction","name":"Comment","target":["https:\/\/luchonoticias.com\/editor\/actividad-de-consciencia-ambiental-por-parte-de-aguas-del-huila\/#respond"]}]},{"@type":"WebPage","@id":"https:\/\/luchonoticias.com\/editor\/actividad-de-consciencia-ambiental-por-parte-de-aguas-del-huila\/","url":"https:\/\/luchonoticias.com\/editor\/actividad-de-consciencia-ambiental-por-parte-de-aguas-del-huila\/","name":"Actividad de consciencia ambiental por parte de Aguas del Huila -","isPartOf":{"@id":"https:\/\/luchonoticias.com\/editor\/#website"},"datePublished":"2022-11-16T09:54:13+00:00","dateModified":"2022-11-16T09:54:15+00:00","breadcrumb":{"@id":"https:\/\/luchonoticias.com\/editor\/actividad-de-consciencia-ambiental-por-parte-de-aguas-del-huila\/#breadcrumb"},"inLanguage":"es","potentialAction":[{"@type":"ReadAction","target":["https:\/\/luchonoticias.com\/editor\/actividad-de-consciencia-ambiental-por-parte-de-aguas-del-huila\/"]}]},{"@type":"BreadcrumbList","@id":"https:\/\/luchonoticias.com\/editor\/actividad-de-consciencia-ambiental-por-parte-de-aguas-del-huila\/#breadcrumb","itemListElement":[{"@type":"ListItem","position":1,"name":"Portada","item":"https:\/\/luchonoticias.com\/editor\/"},{"@type":"ListItem","position":2,"name":"Actividad de consciencia ambiental por parte de Aguas del Huila"}]},{"@type":"WebSite","@id":"https:\/\/luchonoticias.com\/editor\/#website","url":"https:\/\/luchonoticias.com\/editor\/","name":"","description":"","publisher":{"@id":"https:\/\/luchonoticias.com\/editor\/#\/schema\/person\/7a7fd911f58561fd056dbac7b55af9cd"},"potentialAction":[{"@type":"SearchAction","target":{"@type":"EntryPoint","urlTemplate":"https:\/\/luchonoticias.com\/editor\/?s={search_term_string}"},"query-input":{"@type":"PropertyValueSpecification","valueRequired":true,"valueName":"search_term_string"}}],"inLanguage":"es"},{"@type":["Person","Organization"],"@id":"https:\/\/luchonoticias.com\/editor\/#\/schema\/person\/7a7fd911f58561fd056dbac7b55af9cd","name":"admin","image":{"@type":"ImageObject","inLanguage":"es","@id":"https:\/\/luchonoticias.com\/editor\/#\/schema\/person\/image\/","url":"https:\/\/luchonoticias.com\/editor\/wp-content\/uploads\/2024\/02\/cropped-cropped-logolu.webp","contentUrl":"https:\/\/luchonoticias.com\/editor\/wp-content\/uploads\/2024\/02\/cropped-cropped-logolu.webp","width":382,"height":170,"caption":"admin"},"logo":{"@id":"https:\/\/luchonoticias.com\/editor\/#\/schema\/person\/image\/"},"sameAs":["https:\/\/www.facebook.com\/luchonoticiasneiva"],"url":"https:\/\/luchonoticias.com\/editor\/author\/admin\/"}]}},"_links":{"self":[{"href":"https:\/\/luchonoticias.com\/editor\/wp-json\/wp\/v2\/posts\/39559","targetHints":{"allow":["GET"]}}],"collection":[{"href":"https:\/\/luchonoticias.com\/editor\/wp-json\/wp\/v2\/posts"}],"about":[{"href":"https:\/\/luchonoticias.com\/editor\/wp-json\/wp\/v2\/types\/post"}],"author":[{"embeddable":true,"href":"https:\/\/luchonoticias.com\/editor\/wp-json\/wp\/v2\/users\/1"}],"replies":[{"embeddable":true,"href":"https:\/\/luchonoticias.com\/editor\/wp-json\/wp\/v2\/comments?post=39559"}],"version-history":[{"count":0,"href":"https:\/\/luchonoticias.com\/editor\/wp-json\/wp\/v2\/posts\/39559\/revisions"}],"wp:attachment":[{"href":"https:\/\/luchonoticias.com\/editor\/wp-json\/wp\/v2\/media?parent=39559"}],"wp:term":[{"taxonomy":"category","embeddable":true,"href":"https:\/\/luchonoticias.com\/editor\/wp-json\/wp\/v2\/categories?post=39559"},{"taxonomy":"post_tag","embeddable":true,"href":"https:\/\/luchonoticias.com\/editor\/wp-json\/wp\/v2\/tags?post=39559"}],"curies":[{"name":"wp","href":"https:\/\/api.w.org\/{rel}","templated":true}]}}