{"id":39562,"date":"2022-11-16T05:03:43","date_gmt":"2022-11-16T10:03:43","guid":{"rendered":"https:\/\/luchonoticias.com\/?p=39562"},"modified":"2022-11-16T05:03:44","modified_gmt":"2022-11-16T10:03:44","slug":"capacitacion-deportiva-en-neiva-a-finales-de-mes","status":"publish","type":"post","link":"https:\/\/luchonoticias.com\/editor\/capacitacion-deportiva-en-neiva-a-finales-de-mes\/","title":{"rendered":"Capacitaci\u00f3n deportiva en Neiva a finales de mes"},"content":{"rendered":"\n<p>Para&nbsp;<strong>finales de noviembre<\/strong>&nbsp;se tiene previsto en&nbsp;<strong>Neiva<\/strong>&nbsp;la realizaci\u00f3n de una&nbsp;<strong>capacitaci\u00f3n&nbsp;<\/strong>sobre&nbsp;<strong>legislaci\u00f3n y administraci\u00f3n deportiva<\/strong>.<\/p>\n\n\n\n<p>La actividad,&nbsp;<strong>organizada por el Ministerio del Deporte&nbsp;<\/strong>y gestionada por el Inderhuila, est\u00e1 programada para cumplirse&nbsp;<strong>entre el 28 de noviembre y 2 de diciembre&nbsp;<\/strong>en el auditorio del instituto deportivo huilense.<\/p>\n\n\n\n<p>Dicha jornada&nbsp;<strong>tendr\u00e1 una intensidad de 40 horas<\/strong>&nbsp;y las inscripciones se encuentran abiertas, pueden inscribirse en las oficinas del Inderhuila o diligenciando un formulario el cual pueden acceder haciendo clic&nbsp;<a href=\"https:\/\/docs.google.com\/forms\/d\/e\/1FAIpQLSeE3d18WLi4-_Ti7kPjbrNwGy8WaEVijX94sUecBpZsfdvD2w\/viewform?usp=send_form\">aqu\u00ed<\/a>.<\/p>\n\n\n\n<p>FOTO: ilustraci\u00f3n.<\/p>\n","protected":false},"excerpt":{"rendered":"<p>Para&nbsp;finales de noviembre&nbsp;se tiene previsto en&nbsp;Neiva&nbsp;la realizaci\u00f3n de una&nbsp;capacitaci\u00f3n&nbsp;sobre&nbsp;legislaci\u00f3n y administraci\u00f3n deportiva. La actividad,&nbsp;organizada por el Ministerio del Deporte&nbsp;y gestionada por el Inderhuila, est\u00e1 programada para cumplirse&nbsp;entre el 28 de noviembre y 2 de diciembre&nbsp;en el auditorio del instituto deportivo huilense. Dicha jornada&nbsp;tendr\u00e1 una intensidad de 40 horas&nbsp;y las inscripciones se encuentran abiertas, pueden inscribirse [&hellip;]<\/p>\n","protected":false},"author":1,"featured_media":0,"comment_status":"open","ping_status":"open","sticky":false,"template":"","format":"standard","meta":{"footnotes":""},"categories":[34],"tags":[],"class_list":["post-39562","post","type-post","status-publish","format-standard","hentry","category-deportes"],"yoast_head":"<!-- This site is optimized with the Yoast SEO plugin v26.6 - https:\/\/yoast.com\/wordpress\/plugins\/seo\/ -->\n<title>Capacitaci\u00f3n deportiva en Neiva a finales de mes -<\/title>\n<meta name=\"robots\" content=\"index, follow, max-snippet:-1, max-image-preview:large, max-video-preview:-1\" \/>\n<link rel=\"canonical\" href=\"https:\/\/luchonoticias.com\/editor\/capacitacion-deportiva-en-neiva-a-finales-de-mes\/\" \/>\n<meta property=\"og:locale\" content=\"es_ES\" \/>\n<meta property=\"og:type\" content=\"article\" \/>\n<meta property=\"og:title\" content=\"Capacitaci\u00f3n deportiva en Neiva a finales de mes -\" \/>\n<meta property=\"og:url\" content=\"https:\/\/luchonoticias.com\/editor\/capacitacion-deportiva-en-neiva-a-finales-de-mes\/\" \/>\n<meta property=\"article:publisher\" content=\"https:\/\/www.facebook.com\/luchonoticiasneiva\" \/>\n<meta property=\"article:author\" content=\"https:\/\/www.facebook.com\/luchonoticiasneiva\" \/>\n<meta property=\"article:published_time\" content=\"2022-11-16T10:03:43+00:00\" \/>\n<meta property=\"article:modified_time\" content=\"2022-11-16T10:03:44+00:00\" \/>\n<meta name=\"author\" content=\"admin\" \/>\n<meta name=\"twitter:card\" content=\"summary_large_image\" \/>\n<meta name=\"twitter:label1\" content=\"Escrito por\" \/>\n\t<meta name=\"twitter:data1\" content=\"admin\" \/>\n\t<meta name=\"twitter:label2\" content=\"Tiempo de lectura\" \/>\n\t<meta name=\"twitter:data2\" content=\"1 minuto\" \/>\n<script type=\"application\/ld+json\" class=\"yoast-schema-graph\">{\"@context\":\"https:\/\/schema.org\",\"@graph\":[{\"@type\":\"Article\",\"@id\":\"https:\/\/luchonoticias.com\/editor\/capacitacion-deportiva-en-neiva-a-finales-de-mes\/#article\",\"isPartOf\":{\"@id\":\"https:\/\/luchonoticias.com\/editor\/capacitacion-deportiva-en-neiva-a-finales-de-mes\/\"},\"author\":{\"name\":\"admin\",\"@id\":\"https:\/\/luchonoticias.com\/editor\/#\/schema\/person\/7a7fd911f58561fd056dbac7b55af9cd\"},\"headline\":\"Capacitaci\u00f3n deportiva en Neiva a finales de mes\",\"datePublished\":\"2022-11-16T10:03:43+00:00\",\"dateModified\":\"2022-11-16T10:03:44+00:00\",\"mainEntityOfPage\":{\"@id\":\"https:\/\/luchonoticias.com\/editor\/capacitacion-deportiva-en-neiva-a-finales-de-mes\/\"},\"wordCount\":111,\"commentCount\":0,\"publisher\":{\"@id\":\"https:\/\/luchonoticias.com\/editor\/#\/schema\/person\/7a7fd911f58561fd056dbac7b55af9cd\"},\"articleSection\":[\"Deportes\"],\"inLanguage\":\"es\",\"potentialAction\":[{\"@type\":\"CommentAction\",\"name\":\"Comment\",\"target\":[\"https:\/\/luchonoticias.com\/editor\/capacitacion-deportiva-en-neiva-a-finales-de-mes\/#respond\"]}]},{\"@type\":\"WebPage\",\"@id\":\"https:\/\/luchonoticias.com\/editor\/capacitacion-deportiva-en-neiva-a-finales-de-mes\/\",\"url\":\"https:\/\/luchonoticias.com\/editor\/capacitacion-deportiva-en-neiva-a-finales-de-mes\/\",\"name\":\"Capacitaci\u00f3n deportiva en Neiva a finales de mes -\",\"isPartOf\":{\"@id\":\"https:\/\/luchonoticias.com\/editor\/#website\"},\"datePublished\":\"2022-11-16T10:03:43+00:00\",\"dateModified\":\"2022-11-16T10:03:44+00:00\",\"breadcrumb\":{\"@id\":\"https:\/\/luchonoticias.com\/editor\/capacitacion-deportiva-en-neiva-a-finales-de-mes\/#breadcrumb\"},\"inLanguage\":\"es\",\"potentialAction\":[{\"@type\":\"ReadAction\",\"target\":[\"https:\/\/luchonoticias.com\/editor\/capacitacion-deportiva-en-neiva-a-finales-de-mes\/\"]}]},{\"@type\":\"BreadcrumbList\",\"@id\":\"https:\/\/luchonoticias.com\/editor\/capacitacion-deportiva-en-neiva-a-finales-de-mes\/#breadcrumb\",\"itemListElement\":[{\"@type\":\"ListItem\",\"position\":1,\"name\":\"Portada\",\"item\":\"https:\/\/luchonoticias.com\/editor\/\"},{\"@type\":\"ListItem\",\"position\":2,\"name\":\"Capacitaci\u00f3n deportiva en Neiva a finales de mes\"}]},{\"@type\":\"WebSite\",\"@id\":\"https:\/\/luchonoticias.com\/editor\/#website\",\"url\":\"https:\/\/luchonoticias.com\/editor\/\",\"name\":\"\",\"description\":\"\",\"publisher\":{\"@id\":\"https:\/\/luchonoticias.com\/editor\/#\/schema\/person\/7a7fd911f58561fd056dbac7b55af9cd\"},\"potentialAction\":[{\"@type\":\"SearchAction\",\"target\":{\"@type\":\"EntryPoint\",\"urlTemplate\":\"https:\/\/luchonoticias.com\/editor\/?s={search_term_string}\"},\"query-input\":{\"@type\":\"PropertyValueSpecification\",\"valueRequired\":true,\"valueName\":\"search_term_string\"}}],\"inLanguage\":\"es\"},{\"@type\":[\"Person\",\"Organization\"],\"@id\":\"https:\/\/luchonoticias.com\/editor\/#\/schema\/person\/7a7fd911f58561fd056dbac7b55af9cd\",\"name\":\"admin\",\"image\":{\"@type\":\"ImageObject\",\"inLanguage\":\"es\",\"@id\":\"https:\/\/luchonoticias.com\/editor\/#\/schema\/person\/image\/\",\"url\":\"https:\/\/luchonoticias.com\/editor\/wp-content\/uploads\/2024\/02\/cropped-cropped-logolu.webp\",\"contentUrl\":\"https:\/\/luchonoticias.com\/editor\/wp-content\/uploads\/2024\/02\/cropped-cropped-logolu.webp\",\"width\":382,\"height\":170,\"caption\":\"admin\"},\"logo\":{\"@id\":\"https:\/\/luchonoticias.com\/editor\/#\/schema\/person\/image\/\"},\"sameAs\":[\"https:\/\/www.facebook.com\/luchonoticiasneiva\"],\"url\":\"https:\/\/luchonoticias.com\/editor\/author\/admin\/\"}]}<\/script>\n<!-- \/ Yoast SEO plugin. -->","yoast_head_json":{"title":"Capacitaci\u00f3n deportiva en Neiva a finales de mes -","robots":{"index":"index","follow":"follow","max-snippet":"max-snippet:-1","max-image-preview":"max-image-preview:large","max-video-preview":"max-video-preview:-1"},"canonical":"https:\/\/luchonoticias.com\/editor\/capacitacion-deportiva-en-neiva-a-finales-de-mes\/","og_locale":"es_ES","og_type":"article","og_title":"Capacitaci\u00f3n deportiva en Neiva a finales de mes -","og_url":"https:\/\/luchonoticias.com\/editor\/capacitacion-deportiva-en-neiva-a-finales-de-mes\/","article_publisher":"https:\/\/www.facebook.com\/luchonoticiasneiva","article_author":"https:\/\/www.facebook.com\/luchonoticiasneiva","article_published_time":"2022-11-16T10:03:43+00:00","article_modified_time":"2022-11-16T10:03:44+00:00","author":"admin","twitter_card":"summary_large_image","twitter_misc":{"Escrito por":"admin","Tiempo de lectura":"1 minuto"},"schema":{"@context":"https:\/\/schema.org","@graph":[{"@type":"Article","@id":"https:\/\/luchonoticias.com\/editor\/capacitacion-deportiva-en-neiva-a-finales-de-mes\/#article","isPartOf":{"@id":"https:\/\/luchonoticias.com\/editor\/capacitacion-deportiva-en-neiva-a-finales-de-mes\/"},"author":{"name":"admin","@id":"https:\/\/luchonoticias.com\/editor\/#\/schema\/person\/7a7fd911f58561fd056dbac7b55af9cd"},"headline":"Capacitaci\u00f3n deportiva en Neiva a finales de mes","datePublished":"2022-11-16T10:03:43+00:00","dateModified":"2022-11-16T10:03:44+00:00","mainEntityOfPage":{"@id":"https:\/\/luchonoticias.com\/editor\/capacitacion-deportiva-en-neiva-a-finales-de-mes\/"},"wordCount":111,"commentCount":0,"publisher":{"@id":"https:\/\/luchonoticias.com\/editor\/#\/schema\/person\/7a7fd911f58561fd056dbac7b55af9cd"},"articleSection":["Deportes"],"inLanguage":"es","potentialAction":[{"@type":"CommentAction","name":"Comment","target":["https:\/\/luchonoticias.com\/editor\/capacitacion-deportiva-en-neiva-a-finales-de-mes\/#respond"]}]},{"@type":"WebPage","@id":"https:\/\/luchonoticias.com\/editor\/capacitacion-deportiva-en-neiva-a-finales-de-mes\/","url":"https:\/\/luchonoticias.com\/editor\/capacitacion-deportiva-en-neiva-a-finales-de-mes\/","name":"Capacitaci\u00f3n deportiva en Neiva a finales de mes -","isPartOf":{"@id":"https:\/\/luchonoticias.com\/editor\/#website"},"datePublished":"2022-11-16T10:03:43+00:00","dateModified":"2022-11-16T10:03:44+00:00","breadcrumb":{"@id":"https:\/\/luchonoticias.com\/editor\/capacitacion-deportiva-en-neiva-a-finales-de-mes\/#breadcrumb"},"inLanguage":"es","potentialAction":[{"@type":"ReadAction","target":["https:\/\/luchonoticias.com\/editor\/capacitacion-deportiva-en-neiva-a-finales-de-mes\/"]}]},{"@type":"BreadcrumbList","@id":"https:\/\/luchonoticias.com\/editor\/capacitacion-deportiva-en-neiva-a-finales-de-mes\/#breadcrumb","itemListElement":[{"@type":"ListItem","position":1,"name":"Portada","item":"https:\/\/luchonoticias.com\/editor\/"},{"@type":"ListItem","position":2,"name":"Capacitaci\u00f3n deportiva en Neiva a finales de mes"}]},{"@type":"WebSite","@id":"https:\/\/luchonoticias.com\/editor\/#website","url":"https:\/\/luchonoticias.com\/editor\/","name":"","description":"","publisher":{"@id":"https:\/\/luchonoticias.com\/editor\/#\/schema\/person\/7a7fd911f58561fd056dbac7b55af9cd"},"potentialAction":[{"@type":"SearchAction","target":{"@type":"EntryPoint","urlTemplate":"https:\/\/luchonoticias.com\/editor\/?s={search_term_string}"},"query-input":{"@type":"PropertyValueSpecification","valueRequired":true,"valueName":"search_term_string"}}],"inLanguage":"es"},{"@type":["Person","Organization"],"@id":"https:\/\/luchonoticias.com\/editor\/#\/schema\/person\/7a7fd911f58561fd056dbac7b55af9cd","name":"admin","image":{"@type":"ImageObject","inLanguage":"es","@id":"https:\/\/luchonoticias.com\/editor\/#\/schema\/person\/image\/","url":"https:\/\/luchonoticias.com\/editor\/wp-content\/uploads\/2024\/02\/cropped-cropped-logolu.webp","contentUrl":"https:\/\/luchonoticias.com\/editor\/wp-content\/uploads\/2024\/02\/cropped-cropped-logolu.webp","width":382,"height":170,"caption":"admin"},"logo":{"@id":"https:\/\/luchonoticias.com\/editor\/#\/schema\/person\/image\/"},"sameAs":["https:\/\/www.facebook.com\/luchonoticiasneiva"],"url":"https:\/\/luchonoticias.com\/editor\/author\/admin\/"}]}},"_links":{"self":[{"href":"https:\/\/luchonoticias.com\/editor\/wp-json\/wp\/v2\/posts\/39562","targetHints":{"allow":["GET"]}}],"collection":[{"href":"https:\/\/luchonoticias.com\/editor\/wp-json\/wp\/v2\/posts"}],"about":[{"href":"https:\/\/luchonoticias.com\/editor\/wp-json\/wp\/v2\/types\/post"}],"author":[{"embeddable":true,"href":"https:\/\/luchonoticias.com\/editor\/wp-json\/wp\/v2\/users\/1"}],"replies":[{"embeddable":true,"href":"https:\/\/luchonoticias.com\/editor\/wp-json\/wp\/v2\/comments?post=39562"}],"version-history":[{"count":0,"href":"https:\/\/luchonoticias.com\/editor\/wp-json\/wp\/v2\/posts\/39562\/revisions"}],"wp:attachment":[{"href":"https:\/\/luchonoticias.com\/editor\/wp-json\/wp\/v2\/media?parent=39562"}],"wp:term":[{"taxonomy":"category","embeddable":true,"href":"https:\/\/luchonoticias.com\/editor\/wp-json\/wp\/v2\/categories?post=39562"},{"taxonomy":"post_tag","embeddable":true,"href":"https:\/\/luchonoticias.com\/editor\/wp-json\/wp\/v2\/tags?post=39562"}],"curies":[{"name":"wp","href":"https:\/\/api.w.org\/{rel}","templated":true}]}}