{"id":39564,"date":"2022-11-16T06:50:19","date_gmt":"2022-11-16T11:50:19","guid":{"rendered":"https:\/\/luchonoticias.com\/?p=39564"},"modified":"2022-11-16T06:50:20","modified_gmt":"2022-11-16T11:50:20","slug":"alcaldia-de-neiva-reconocio-labor-del-fiscal-4o-en-la-lucha-contra-delitos-sexuales","status":"publish","type":"post","link":"https:\/\/luchonoticias.com\/editor\/alcaldia-de-neiva-reconocio-labor-del-fiscal-4o-en-la-lucha-contra-delitos-sexuales\/","title":{"rendered":"Alcald\u00eda de Neiva reconoci\u00f3 labor del Fiscal 4\u00ba en la lucha contra delitos sexuales"},"content":{"rendered":"\n<p>El alcalde de Neiva, Gorky Mu\u00f1oz Calder\u00f3n, entreg\u00f3 una placa de reconocimiento al abogado Luis Hern\u00e1n Sierra Casanova, Fiscal 4\u00ba Seccional Delegado ante los Jueces Penales del Circuito de Neiva, por la importante labor que ha desempe\u00f1ado en la lucha contra los delitos que afectan la libertad, integridad y desarrollo sexual de los ni\u00f1os, ni\u00f1as, adolescentes y mujeres.<\/p>\n\n\n\n<p>De acuerdo con el mandatario de los neivanos, gracias al aporte del Fiscal en el esclarecimiento de hechos repudiables, se logra dar garant\u00eda de que en Neiva se trabaja de manera articulada para que la justicia act\u00fae r\u00e1pida y oportunamente y, sobre todo, se castigue a los responsables de estos delitos en menci\u00f3n.<\/p>\n\n\n\n<p>\u201cA trav\u00e9s de la autoridad del Fiscal 4\u00ba, Hern\u00e1n Sierra, se han podido generar unas conclusiones, pero tambi\u00e9n un ataque frontal a esas que generan violencia de g\u00e9nero y tambi\u00e9n el ataque a la integridad de las personas, especialmente mujeres, ni\u00f1os, ni\u00f1as, adolescentes, que eso es lo que hay que seguir haciendo para poder acabar con esos \u2018monstruos\u2019, generando medidas ejemplares\u201d, expres\u00f3 Gorky Mu\u00f1oz Calder\u00f3n.<\/p>\n\n\n\n<figure class=\"wp-block-gallery has-nested-images columns-default is-cropped wp-block-gallery-1 is-layout-flex wp-block-gallery-is-layout-flex\">\n<figure class=\"wp-block-image size-large\"><img decoding=\"async\" data-id=\"39566\" src=\"https:\/\/luchonoticias.com\/wp-content\/uploads\/2022\/11\/WhatsApp-Image-2022-11-15-at-5.53.37-PM-1024x682.jpeg\" alt=\"\" class=\"wp-image-39566\"\/><\/figure>\n\n\n\n<figure class=\"wp-block-image size-large\"><img decoding=\"async\" data-id=\"39567\" src=\"https:\/\/luchonoticias.com\/wp-content\/uploads\/2022\/11\/WhatsApp-Image-2022-11-15-at-5.53.35-PM-1024x682.jpeg\" alt=\"\" class=\"wp-image-39567\"\/><\/figure>\n<\/figure>\n\n\n\n<p>Adem\u00e1s, indic\u00f3 el Alcalde que, espera que la labor del Fiscal 4\u00ba sirva de ejemplo para que las dem\u00e1s instituciones generen las garant\u00edas necesarias en donde prime el respeto hacia las mujeres, ni\u00f1os, ni\u00f1as y adolescentes.<\/p>\n\n\n\n<p>\u201cDe modo que, nosotros debemos dar ejemplo, cambiando el vocabulario, generando otras condiciones en donde no se presenten violencias psicol\u00f3gicas hacia las mujeres, ni\u00f1as, ni\u00f1os y adolescentes. Neiva se ha destacado a trav\u00e9s de la Fiscal\u00eda con ese noble prop\u00f3sito, el cual, nosotros tambi\u00e9n generamos en los programas del Plan de Desarrollo\u201d, puntualiz\u00f3 el Alcalde.<\/p>\n\n\n\n<p>El mandatario invit\u00f3 a funcionarios y servidores p\u00fablicos, a dar ejemplo a la sociedad, a trav\u00e9s de la forma como tratan y respetan a las mujeres, pues la violaci\u00f3n o ataque a su integridad no se da \u00fanicamente con delitos sexuales, sino con la forma como se tratan desde casa y su entorno m\u00e1s inmediato.<\/p>\n","protected":false},"excerpt":{"rendered":"<p>El alcalde de Neiva, Gorky Mu\u00f1oz Calder\u00f3n, entreg\u00f3 una placa de reconocimiento al abogado Luis Hern\u00e1n Sierra Casanova, Fiscal 4\u00ba Seccional Delegado ante los Jueces Penales del Circuito de Neiva, por la importante labor que ha desempe\u00f1ado en la lucha contra los delitos que afectan la libertad, integridad y desarrollo sexual de los ni\u00f1os, ni\u00f1as, [&hellip;]<\/p>\n","protected":false},"author":1,"featured_media":0,"comment_status":"open","ping_status":"open","sticky":false,"template":"","format":"standard","meta":{"footnotes":""},"categories":[36,53],"tags":[],"class_list":["post-39564","post","type-post","status-publish","format-standard","hentry","category-destacado","category-neiva"],"yoast_head":"<!-- This site is optimized with the Yoast SEO plugin v26.6 - https:\/\/yoast.com\/wordpress\/plugins\/seo\/ -->\n<title>Alcald\u00eda de Neiva reconoci\u00f3 labor del Fiscal 4\u00ba en la lucha contra delitos sexuales -<\/title>\n<meta name=\"robots\" content=\"index, follow, max-snippet:-1, max-image-preview:large, max-video-preview:-1\" \/>\n<link rel=\"canonical\" href=\"https:\/\/luchonoticias.com\/editor\/alcaldia-de-neiva-reconocio-labor-del-fiscal-4o-en-la-lucha-contra-delitos-sexuales\/\" \/>\n<meta property=\"og:locale\" content=\"es_ES\" \/>\n<meta property=\"og:type\" content=\"article\" \/>\n<meta property=\"og:title\" content=\"Alcald\u00eda de Neiva reconoci\u00f3 labor del Fiscal 4\u00ba en la lucha contra delitos sexuales -\" \/>\n<meta property=\"og:url\" content=\"https:\/\/luchonoticias.com\/editor\/alcaldia-de-neiva-reconocio-labor-del-fiscal-4o-en-la-lucha-contra-delitos-sexuales\/\" \/>\n<meta property=\"article:publisher\" content=\"https:\/\/www.facebook.com\/luchonoticiasneiva\" \/>\n<meta property=\"article:author\" content=\"https:\/\/www.facebook.com\/luchonoticiasneiva\" \/>\n<meta property=\"article:published_time\" content=\"2022-11-16T11:50:19+00:00\" \/>\n<meta property=\"article:modified_time\" content=\"2022-11-16T11:50:20+00:00\" \/>\n<meta property=\"og:image\" content=\"https:\/\/luchonoticias.com\/wp-content\/uploads\/2022\/11\/WhatsApp-Image-2022-11-15-at-5.53.37-PM-1024x682.jpeg\" \/>\n<meta name=\"author\" content=\"admin\" \/>\n<meta name=\"twitter:card\" content=\"summary_large_image\" \/>\n<meta name=\"twitter:label1\" content=\"Escrito por\" \/>\n\t<meta name=\"twitter:data1\" content=\"admin\" \/>\n\t<meta name=\"twitter:label2\" content=\"Tiempo de lectura\" \/>\n\t<meta name=\"twitter:data2\" content=\"2 minutos\" \/>\n<script type=\"application\/ld+json\" class=\"yoast-schema-graph\">{\"@context\":\"https:\/\/schema.org\",\"@graph\":[{\"@type\":\"Article\",\"@id\":\"https:\/\/luchonoticias.com\/editor\/alcaldia-de-neiva-reconocio-labor-del-fiscal-4o-en-la-lucha-contra-delitos-sexuales\/#article\",\"isPartOf\":{\"@id\":\"https:\/\/luchonoticias.com\/editor\/alcaldia-de-neiva-reconocio-labor-del-fiscal-4o-en-la-lucha-contra-delitos-sexuales\/\"},\"author\":{\"name\":\"admin\",\"@id\":\"https:\/\/luchonoticias.com\/editor\/#\/schema\/person\/7a7fd911f58561fd056dbac7b55af9cd\"},\"headline\":\"Alcald\u00eda de Neiva reconoci\u00f3 labor del Fiscal 4\u00ba en la lucha contra delitos sexuales\",\"datePublished\":\"2022-11-16T11:50:19+00:00\",\"dateModified\":\"2022-11-16T11:50:20+00:00\",\"mainEntityOfPage\":{\"@id\":\"https:\/\/luchonoticias.com\/editor\/alcaldia-de-neiva-reconocio-labor-del-fiscal-4o-en-la-lucha-contra-delitos-sexuales\/\"},\"wordCount\":368,\"commentCount\":0,\"publisher\":{\"@id\":\"https:\/\/luchonoticias.com\/editor\/#\/schema\/person\/7a7fd911f58561fd056dbac7b55af9cd\"},\"image\":{\"@id\":\"https:\/\/luchonoticias.com\/editor\/alcaldia-de-neiva-reconocio-labor-del-fiscal-4o-en-la-lucha-contra-delitos-sexuales\/#primaryimage\"},\"thumbnailUrl\":\"https:\/\/luchonoticias.com\/wp-content\/uploads\/2022\/11\/WhatsApp-Image-2022-11-15-at-5.53.37-PM-1024x682.jpeg\",\"articleSection\":[\"Destacado\",\"Neiva\"],\"inLanguage\":\"es\",\"potentialAction\":[{\"@type\":\"CommentAction\",\"name\":\"Comment\",\"target\":[\"https:\/\/luchonoticias.com\/editor\/alcaldia-de-neiva-reconocio-labor-del-fiscal-4o-en-la-lucha-contra-delitos-sexuales\/#respond\"]}]},{\"@type\":\"WebPage\",\"@id\":\"https:\/\/luchonoticias.com\/editor\/alcaldia-de-neiva-reconocio-labor-del-fiscal-4o-en-la-lucha-contra-delitos-sexuales\/\",\"url\":\"https:\/\/luchonoticias.com\/editor\/alcaldia-de-neiva-reconocio-labor-del-fiscal-4o-en-la-lucha-contra-delitos-sexuales\/\",\"name\":\"Alcald\u00eda de Neiva reconoci\u00f3 labor del Fiscal 4\u00ba en la lucha contra delitos sexuales -\",\"isPartOf\":{\"@id\":\"https:\/\/luchonoticias.com\/editor\/#website\"},\"primaryImageOfPage\":{\"@id\":\"https:\/\/luchonoticias.com\/editor\/alcaldia-de-neiva-reconocio-labor-del-fiscal-4o-en-la-lucha-contra-delitos-sexuales\/#primaryimage\"},\"image\":{\"@id\":\"https:\/\/luchonoticias.com\/editor\/alcaldia-de-neiva-reconocio-labor-del-fiscal-4o-en-la-lucha-contra-delitos-sexuales\/#primaryimage\"},\"thumbnailUrl\":\"https:\/\/luchonoticias.com\/wp-content\/uploads\/2022\/11\/WhatsApp-Image-2022-11-15-at-5.53.37-PM-1024x682.jpeg\",\"datePublished\":\"2022-11-16T11:50:19+00:00\",\"dateModified\":\"2022-11-16T11:50:20+00:00\",\"breadcrumb\":{\"@id\":\"https:\/\/luchonoticias.com\/editor\/alcaldia-de-neiva-reconocio-labor-del-fiscal-4o-en-la-lucha-contra-delitos-sexuales\/#breadcrumb\"},\"inLanguage\":\"es\",\"potentialAction\":[{\"@type\":\"ReadAction\",\"target\":[\"https:\/\/luchonoticias.com\/editor\/alcaldia-de-neiva-reconocio-labor-del-fiscal-4o-en-la-lucha-contra-delitos-sexuales\/\"]}]},{\"@type\":\"ImageObject\",\"inLanguage\":\"es\",\"@id\":\"https:\/\/luchonoticias.com\/editor\/alcaldia-de-neiva-reconocio-labor-del-fiscal-4o-en-la-lucha-contra-delitos-sexuales\/#primaryimage\",\"url\":\"https:\/\/luchonoticias.com\/wp-content\/uploads\/2022\/11\/WhatsApp-Image-2022-11-15-at-5.53.37-PM-1024x682.jpeg\",\"contentUrl\":\"https:\/\/luchonoticias.com\/wp-content\/uploads\/2022\/11\/WhatsApp-Image-2022-11-15-at-5.53.37-PM-1024x682.jpeg\"},{\"@type\":\"BreadcrumbList\",\"@id\":\"https:\/\/luchonoticias.com\/editor\/alcaldia-de-neiva-reconocio-labor-del-fiscal-4o-en-la-lucha-contra-delitos-sexuales\/#breadcrumb\",\"itemListElement\":[{\"@type\":\"ListItem\",\"position\":1,\"name\":\"Portada\",\"item\":\"https:\/\/luchonoticias.com\/editor\/\"},{\"@type\":\"ListItem\",\"position\":2,\"name\":\"Alcald\u00eda de Neiva reconoci\u00f3 labor del Fiscal 4\u00ba en la lucha contra delitos sexuales\"}]},{\"@type\":\"WebSite\",\"@id\":\"https:\/\/luchonoticias.com\/editor\/#website\",\"url\":\"https:\/\/luchonoticias.com\/editor\/\",\"name\":\"\",\"description\":\"\",\"publisher\":{\"@id\":\"https:\/\/luchonoticias.com\/editor\/#\/schema\/person\/7a7fd911f58561fd056dbac7b55af9cd\"},\"potentialAction\":[{\"@type\":\"SearchAction\",\"target\":{\"@type\":\"EntryPoint\",\"urlTemplate\":\"https:\/\/luchonoticias.com\/editor\/?s={search_term_string}\"},\"query-input\":{\"@type\":\"PropertyValueSpecification\",\"valueRequired\":true,\"valueName\":\"search_term_string\"}}],\"inLanguage\":\"es\"},{\"@type\":[\"Person\",\"Organization\"],\"@id\":\"https:\/\/luchonoticias.com\/editor\/#\/schema\/person\/7a7fd911f58561fd056dbac7b55af9cd\",\"name\":\"admin\",\"image\":{\"@type\":\"ImageObject\",\"inLanguage\":\"es\",\"@id\":\"https:\/\/luchonoticias.com\/editor\/#\/schema\/person\/image\/\",\"url\":\"https:\/\/luchonoticias.com\/editor\/wp-content\/uploads\/2024\/02\/cropped-cropped-logolu.webp\",\"contentUrl\":\"https:\/\/luchonoticias.com\/editor\/wp-content\/uploads\/2024\/02\/cropped-cropped-logolu.webp\",\"width\":382,\"height\":170,\"caption\":\"admin\"},\"logo\":{\"@id\":\"https:\/\/luchonoticias.com\/editor\/#\/schema\/person\/image\/\"},\"sameAs\":[\"https:\/\/www.facebook.com\/luchonoticiasneiva\"],\"url\":\"https:\/\/luchonoticias.com\/editor\/author\/admin\/\"}]}<\/script>\n<!-- \/ Yoast SEO plugin. -->","yoast_head_json":{"title":"Alcald\u00eda de Neiva reconoci\u00f3 labor del Fiscal 4\u00ba en la lucha contra delitos sexuales -","robots":{"index":"index","follow":"follow","max-snippet":"max-snippet:-1","max-image-preview":"max-image-preview:large","max-video-preview":"max-video-preview:-1"},"canonical":"https:\/\/luchonoticias.com\/editor\/alcaldia-de-neiva-reconocio-labor-del-fiscal-4o-en-la-lucha-contra-delitos-sexuales\/","og_locale":"es_ES","og_type":"article","og_title":"Alcald\u00eda de Neiva reconoci\u00f3 labor del Fiscal 4\u00ba en la lucha contra delitos sexuales -","og_url":"https:\/\/luchonoticias.com\/editor\/alcaldia-de-neiva-reconocio-labor-del-fiscal-4o-en-la-lucha-contra-delitos-sexuales\/","article_publisher":"https:\/\/www.facebook.com\/luchonoticiasneiva","article_author":"https:\/\/www.facebook.com\/luchonoticiasneiva","article_published_time":"2022-11-16T11:50:19+00:00","article_modified_time":"2022-11-16T11:50:20+00:00","og_image":[{"url":"https:\/\/luchonoticias.com\/wp-content\/uploads\/2022\/11\/WhatsApp-Image-2022-11-15-at-5.53.37-PM-1024x682.jpeg","type":"","width":"","height":""}],"author":"admin","twitter_card":"summary_large_image","twitter_misc":{"Escrito por":"admin","Tiempo de lectura":"2 minutos"},"schema":{"@context":"https:\/\/schema.org","@graph":[{"@type":"Article","@id":"https:\/\/luchonoticias.com\/editor\/alcaldia-de-neiva-reconocio-labor-del-fiscal-4o-en-la-lucha-contra-delitos-sexuales\/#article","isPartOf":{"@id":"https:\/\/luchonoticias.com\/editor\/alcaldia-de-neiva-reconocio-labor-del-fiscal-4o-en-la-lucha-contra-delitos-sexuales\/"},"author":{"name":"admin","@id":"https:\/\/luchonoticias.com\/editor\/#\/schema\/person\/7a7fd911f58561fd056dbac7b55af9cd"},"headline":"Alcald\u00eda de Neiva reconoci\u00f3 labor del Fiscal 4\u00ba en la lucha contra delitos sexuales","datePublished":"2022-11-16T11:50:19+00:00","dateModified":"2022-11-16T11:50:20+00:00","mainEntityOfPage":{"@id":"https:\/\/luchonoticias.com\/editor\/alcaldia-de-neiva-reconocio-labor-del-fiscal-4o-en-la-lucha-contra-delitos-sexuales\/"},"wordCount":368,"commentCount":0,"publisher":{"@id":"https:\/\/luchonoticias.com\/editor\/#\/schema\/person\/7a7fd911f58561fd056dbac7b55af9cd"},"image":{"@id":"https:\/\/luchonoticias.com\/editor\/alcaldia-de-neiva-reconocio-labor-del-fiscal-4o-en-la-lucha-contra-delitos-sexuales\/#primaryimage"},"thumbnailUrl":"https:\/\/luchonoticias.com\/wp-content\/uploads\/2022\/11\/WhatsApp-Image-2022-11-15-at-5.53.37-PM-1024x682.jpeg","articleSection":["Destacado","Neiva"],"inLanguage":"es","potentialAction":[{"@type":"CommentAction","name":"Comment","target":["https:\/\/luchonoticias.com\/editor\/alcaldia-de-neiva-reconocio-labor-del-fiscal-4o-en-la-lucha-contra-delitos-sexuales\/#respond"]}]},{"@type":"WebPage","@id":"https:\/\/luchonoticias.com\/editor\/alcaldia-de-neiva-reconocio-labor-del-fiscal-4o-en-la-lucha-contra-delitos-sexuales\/","url":"https:\/\/luchonoticias.com\/editor\/alcaldia-de-neiva-reconocio-labor-del-fiscal-4o-en-la-lucha-contra-delitos-sexuales\/","name":"Alcald\u00eda de Neiva reconoci\u00f3 labor del Fiscal 4\u00ba en la lucha contra delitos sexuales -","isPartOf":{"@id":"https:\/\/luchonoticias.com\/editor\/#website"},"primaryImageOfPage":{"@id":"https:\/\/luchonoticias.com\/editor\/alcaldia-de-neiva-reconocio-labor-del-fiscal-4o-en-la-lucha-contra-delitos-sexuales\/#primaryimage"},"image":{"@id":"https:\/\/luchonoticias.com\/editor\/alcaldia-de-neiva-reconocio-labor-del-fiscal-4o-en-la-lucha-contra-delitos-sexuales\/#primaryimage"},"thumbnailUrl":"https:\/\/luchonoticias.com\/wp-content\/uploads\/2022\/11\/WhatsApp-Image-2022-11-15-at-5.53.37-PM-1024x682.jpeg","datePublished":"2022-11-16T11:50:19+00:00","dateModified":"2022-11-16T11:50:20+00:00","breadcrumb":{"@id":"https:\/\/luchonoticias.com\/editor\/alcaldia-de-neiva-reconocio-labor-del-fiscal-4o-en-la-lucha-contra-delitos-sexuales\/#breadcrumb"},"inLanguage":"es","potentialAction":[{"@type":"ReadAction","target":["https:\/\/luchonoticias.com\/editor\/alcaldia-de-neiva-reconocio-labor-del-fiscal-4o-en-la-lucha-contra-delitos-sexuales\/"]}]},{"@type":"ImageObject","inLanguage":"es","@id":"https:\/\/luchonoticias.com\/editor\/alcaldia-de-neiva-reconocio-labor-del-fiscal-4o-en-la-lucha-contra-delitos-sexuales\/#primaryimage","url":"https:\/\/luchonoticias.com\/wp-content\/uploads\/2022\/11\/WhatsApp-Image-2022-11-15-at-5.53.37-PM-1024x682.jpeg","contentUrl":"https:\/\/luchonoticias.com\/wp-content\/uploads\/2022\/11\/WhatsApp-Image-2022-11-15-at-5.53.37-PM-1024x682.jpeg"},{"@type":"BreadcrumbList","@id":"https:\/\/luchonoticias.com\/editor\/alcaldia-de-neiva-reconocio-labor-del-fiscal-4o-en-la-lucha-contra-delitos-sexuales\/#breadcrumb","itemListElement":[{"@type":"ListItem","position":1,"name":"Portada","item":"https:\/\/luchonoticias.com\/editor\/"},{"@type":"ListItem","position":2,"name":"Alcald\u00eda de Neiva reconoci\u00f3 labor del Fiscal 4\u00ba en la lucha contra delitos sexuales"}]},{"@type":"WebSite","@id":"https:\/\/luchonoticias.com\/editor\/#website","url":"https:\/\/luchonoticias.com\/editor\/","name":"","description":"","publisher":{"@id":"https:\/\/luchonoticias.com\/editor\/#\/schema\/person\/7a7fd911f58561fd056dbac7b55af9cd"},"potentialAction":[{"@type":"SearchAction","target":{"@type":"EntryPoint","urlTemplate":"https:\/\/luchonoticias.com\/editor\/?s={search_term_string}"},"query-input":{"@type":"PropertyValueSpecification","valueRequired":true,"valueName":"search_term_string"}}],"inLanguage":"es"},{"@type":["Person","Organization"],"@id":"https:\/\/luchonoticias.com\/editor\/#\/schema\/person\/7a7fd911f58561fd056dbac7b55af9cd","name":"admin","image":{"@type":"ImageObject","inLanguage":"es","@id":"https:\/\/luchonoticias.com\/editor\/#\/schema\/person\/image\/","url":"https:\/\/luchonoticias.com\/editor\/wp-content\/uploads\/2024\/02\/cropped-cropped-logolu.webp","contentUrl":"https:\/\/luchonoticias.com\/editor\/wp-content\/uploads\/2024\/02\/cropped-cropped-logolu.webp","width":382,"height":170,"caption":"admin"},"logo":{"@id":"https:\/\/luchonoticias.com\/editor\/#\/schema\/person\/image\/"},"sameAs":["https:\/\/www.facebook.com\/luchonoticiasneiva"],"url":"https:\/\/luchonoticias.com\/editor\/author\/admin\/"}]}},"_links":{"self":[{"href":"https:\/\/luchonoticias.com\/editor\/wp-json\/wp\/v2\/posts\/39564","targetHints":{"allow":["GET"]}}],"collection":[{"href":"https:\/\/luchonoticias.com\/editor\/wp-json\/wp\/v2\/posts"}],"about":[{"href":"https:\/\/luchonoticias.com\/editor\/wp-json\/wp\/v2\/types\/post"}],"author":[{"embeddable":true,"href":"https:\/\/luchonoticias.com\/editor\/wp-json\/wp\/v2\/users\/1"}],"replies":[{"embeddable":true,"href":"https:\/\/luchonoticias.com\/editor\/wp-json\/wp\/v2\/comments?post=39564"}],"version-history":[{"count":0,"href":"https:\/\/luchonoticias.com\/editor\/wp-json\/wp\/v2\/posts\/39564\/revisions"}],"wp:attachment":[{"href":"https:\/\/luchonoticias.com\/editor\/wp-json\/wp\/v2\/media?parent=39564"}],"wp:term":[{"taxonomy":"category","embeddable":true,"href":"https:\/\/luchonoticias.com\/editor\/wp-json\/wp\/v2\/categories?post=39564"},{"taxonomy":"post_tag","embeddable":true,"href":"https:\/\/luchonoticias.com\/editor\/wp-json\/wp\/v2\/tags?post=39564"}],"curies":[{"name":"wp","href":"https:\/\/api.w.org\/{rel}","templated":true}]}}