{"id":39569,"date":"2022-11-16T06:56:19","date_gmt":"2022-11-16T11:56:19","guid":{"rendered":"https:\/\/luchonoticias.com\/?p=39569"},"modified":"2022-11-16T06:56:20","modified_gmt":"2022-11-16T11:56:20","slug":"certificados-a-20-empresarios-neivanos-en-turismo-sostenible","status":"publish","type":"post","link":"https:\/\/luchonoticias.com\/editor\/certificados-a-20-empresarios-neivanos-en-turismo-sostenible\/","title":{"rendered":"Certificados a 20 empresarios neivanos en turismo sostenible"},"content":{"rendered":"\n<p>Se certificaron veinte personas en Turismo Sostenible, gracias al proceso de formaci\u00f3n desarrollado por la Alcald\u00eda de Neiva a trav\u00e9s de la Secretar\u00eda de Competitividad, en articulaci\u00f3n con la Universidad Corhuila.<\/p>\n\n\n\n<p>De acuerdo con la l\u00edder del Programa de Turismo de la Alcald\u00eda de Neiva, Joly Cu\u00e9llar, es muy importante empoderar y capacitar a la ciudadan\u00eda y propietarios de sitios tur\u00edsticos en temas como cultura tur\u00edstica, con el objetivo de brindar un buen servicio a la poblaci\u00f3n local, as\u00ed como a los visitantes que diariamente recibe la capital del Huila.<\/p>\n\n\n\n<p><strong>Poscovid-19<\/strong><\/p>\n\n\n\n<p>Por su parte, Ra\u00fal Cristian Mend\u00edvil, docente del Programa de Administraci\u00f3n de Empresas Tur\u00edsticas de la Corporaci\u00f3n Universitaria del Huila, Corhuila, manifest\u00f3 que el proceso de formaci\u00f3n responde a las din\u00e1micas econ\u00f3micas que dej\u00f3 la pandemia Covid-19 y en ese sentido, fue importante replantearse nuevas estrategias para impulsar al sector tur\u00edstico.<\/p>\n\n\n\n<p>\u201cLo hicimos a trav\u00e9s de un ciclo de capacitaciones en comunicaci\u00f3n visual, imagen, dise\u00f1o de producto, plan de negocios, metodolog\u00edas \u00e1giles, una serie de herramientas que justamente al empresariado y emprendedor tur\u00edstico le ayuda para afrontar este gran desaf\u00edo, que es la reactivaci\u00f3n econ\u00f3mica poscovid-19\u201d, sostuvo el docente.<\/p>\n\n\n\n<figure class=\"wp-block-gallery has-nested-images columns-default is-cropped wp-block-gallery-1 is-layout-flex wp-block-gallery-is-layout-flex\">\n<figure class=\"wp-block-image size-large\"><img decoding=\"async\" data-id=\"39571\" src=\"https:\/\/luchonoticias.com\/wp-content\/uploads\/2022\/11\/WhatsApp-Image-2022-11-15-at-5.57.54-PM-1-1024x768.jpeg\" alt=\"\" class=\"wp-image-39571\"\/><\/figure>\n\n\n\n<figure class=\"wp-block-image size-large\"><img decoding=\"async\" data-id=\"39573\" src=\"https:\/\/luchonoticias.com\/wp-content\/uploads\/2022\/11\/WhatsApp-Image-2022-11-15-at-5.57.53-PM-1-1024x768.jpeg\" alt=\"\" class=\"wp-image-39573\"\/><\/figure>\n\n\n\n<figure class=\"wp-block-image size-large\"><img decoding=\"async\" data-id=\"39572\" src=\"https:\/\/luchonoticias.com\/wp-content\/uploads\/2022\/11\/WhatsApp-Image-2022-11-15-at-5.57.53-PM-1024x768.jpeg\" alt=\"\" class=\"wp-image-39572\"\/><\/figure>\n<\/figure>\n\n\n\n<p><strong>Proceso de formaci\u00f3n<\/strong><\/p>\n\n\n\n<p>Es de mencionar que este proceso de formaci\u00f3n inici\u00f3 hace cinco meses y hoy, con total \u00e9xito, veinte personas reciben su certificado para continuar fortaleciendo sus iniciativas tur\u00edsticas.<\/p>\n\n\n\n<p>\u201cEl objetivo es que estos empresarios est\u00e9n m\u00e1s capacitados para atender una demanda creciente, que es la que actualmente tiene Neiva y el departamento del Huila con respecto al turismo. Tenemos ofertas de turismo de naturaleza, turismo rural y cultural en la ciudad de Neiva que no se conocen\u201d, indic\u00f3 Mend\u00edvil.<\/p>\n","protected":false},"excerpt":{"rendered":"<p>Se certificaron veinte personas en Turismo Sostenible, gracias al proceso de formaci\u00f3n desarrollado por la Alcald\u00eda de Neiva a trav\u00e9s de la Secretar\u00eda de Competitividad, en articulaci\u00f3n con la Universidad Corhuila. De acuerdo con la l\u00edder del Programa de Turismo de la Alcald\u00eda de Neiva, Joly Cu\u00e9llar, es muy importante empoderar y capacitar a la [&hellip;]<\/p>\n","protected":false},"author":1,"featured_media":0,"comment_status":"open","ping_status":"open","sticky":false,"template":"","format":"standard","meta":{"footnotes":""},"categories":[3961,36],"tags":[],"class_list":["post-39569","post","type-post","status-publish","format-standard","hentry","category-comunidad","category-destacado"],"yoast_head":"<!-- This site is optimized with the Yoast SEO plugin v26.6 - https:\/\/yoast.com\/wordpress\/plugins\/seo\/ -->\n<title>Certificados a 20 empresarios neivanos en turismo sostenible -<\/title>\n<meta name=\"robots\" content=\"index, follow, max-snippet:-1, max-image-preview:large, max-video-preview:-1\" \/>\n<link rel=\"canonical\" href=\"https:\/\/luchonoticias.com\/editor\/certificados-a-20-empresarios-neivanos-en-turismo-sostenible\/\" \/>\n<meta property=\"og:locale\" content=\"es_ES\" \/>\n<meta property=\"og:type\" content=\"article\" \/>\n<meta property=\"og:title\" content=\"Certificados a 20 empresarios neivanos en turismo sostenible -\" \/>\n<meta property=\"og:url\" content=\"https:\/\/luchonoticias.com\/editor\/certificados-a-20-empresarios-neivanos-en-turismo-sostenible\/\" \/>\n<meta property=\"article:publisher\" content=\"https:\/\/www.facebook.com\/luchonoticiasneiva\" \/>\n<meta property=\"article:author\" content=\"https:\/\/www.facebook.com\/luchonoticiasneiva\" \/>\n<meta property=\"article:published_time\" content=\"2022-11-16T11:56:19+00:00\" \/>\n<meta property=\"article:modified_time\" content=\"2022-11-16T11:56:20+00:00\" \/>\n<meta property=\"og:image\" content=\"https:\/\/luchonoticias.com\/wp-content\/uploads\/2022\/11\/WhatsApp-Image-2022-11-15-at-5.57.54-PM-1-1024x768.jpeg\" \/>\n<meta name=\"author\" content=\"admin\" \/>\n<meta name=\"twitter:card\" content=\"summary_large_image\" \/>\n<meta name=\"twitter:label1\" content=\"Escrito por\" \/>\n\t<meta name=\"twitter:data1\" content=\"admin\" \/>\n\t<meta name=\"twitter:label2\" content=\"Tiempo de lectura\" \/>\n\t<meta name=\"twitter:data2\" content=\"2 minutos\" \/>\n<script type=\"application\/ld+json\" class=\"yoast-schema-graph\">{\"@context\":\"https:\/\/schema.org\",\"@graph\":[{\"@type\":\"Article\",\"@id\":\"https:\/\/luchonoticias.com\/editor\/certificados-a-20-empresarios-neivanos-en-turismo-sostenible\/#article\",\"isPartOf\":{\"@id\":\"https:\/\/luchonoticias.com\/editor\/certificados-a-20-empresarios-neivanos-en-turismo-sostenible\/\"},\"author\":{\"name\":\"admin\",\"@id\":\"https:\/\/luchonoticias.com\/editor\/#\/schema\/person\/7a7fd911f58561fd056dbac7b55af9cd\"},\"headline\":\"Certificados a 20 empresarios neivanos en turismo sostenible\",\"datePublished\":\"2022-11-16T11:56:19+00:00\",\"dateModified\":\"2022-11-16T11:56:20+00:00\",\"mainEntityOfPage\":{\"@id\":\"https:\/\/luchonoticias.com\/editor\/certificados-a-20-empresarios-neivanos-en-turismo-sostenible\/\"},\"wordCount\":314,\"commentCount\":0,\"publisher\":{\"@id\":\"https:\/\/luchonoticias.com\/editor\/#\/schema\/person\/7a7fd911f58561fd056dbac7b55af9cd\"},\"image\":{\"@id\":\"https:\/\/luchonoticias.com\/editor\/certificados-a-20-empresarios-neivanos-en-turismo-sostenible\/#primaryimage\"},\"thumbnailUrl\":\"https:\/\/luchonoticias.com\/wp-content\/uploads\/2022\/11\/WhatsApp-Image-2022-11-15-at-5.57.54-PM-1-1024x768.jpeg\",\"articleSection\":[\"Comunidad\",\"Destacado\"],\"inLanguage\":\"es\",\"potentialAction\":[{\"@type\":\"CommentAction\",\"name\":\"Comment\",\"target\":[\"https:\/\/luchonoticias.com\/editor\/certificados-a-20-empresarios-neivanos-en-turismo-sostenible\/#respond\"]}]},{\"@type\":\"WebPage\",\"@id\":\"https:\/\/luchonoticias.com\/editor\/certificados-a-20-empresarios-neivanos-en-turismo-sostenible\/\",\"url\":\"https:\/\/luchonoticias.com\/editor\/certificados-a-20-empresarios-neivanos-en-turismo-sostenible\/\",\"name\":\"Certificados a 20 empresarios neivanos en turismo sostenible -\",\"isPartOf\":{\"@id\":\"https:\/\/luchonoticias.com\/editor\/#website\"},\"primaryImageOfPage\":{\"@id\":\"https:\/\/luchonoticias.com\/editor\/certificados-a-20-empresarios-neivanos-en-turismo-sostenible\/#primaryimage\"},\"image\":{\"@id\":\"https:\/\/luchonoticias.com\/editor\/certificados-a-20-empresarios-neivanos-en-turismo-sostenible\/#primaryimage\"},\"thumbnailUrl\":\"https:\/\/luchonoticias.com\/wp-content\/uploads\/2022\/11\/WhatsApp-Image-2022-11-15-at-5.57.54-PM-1-1024x768.jpeg\",\"datePublished\":\"2022-11-16T11:56:19+00:00\",\"dateModified\":\"2022-11-16T11:56:20+00:00\",\"breadcrumb\":{\"@id\":\"https:\/\/luchonoticias.com\/editor\/certificados-a-20-empresarios-neivanos-en-turismo-sostenible\/#breadcrumb\"},\"inLanguage\":\"es\",\"potentialAction\":[{\"@type\":\"ReadAction\",\"target\":[\"https:\/\/luchonoticias.com\/editor\/certificados-a-20-empresarios-neivanos-en-turismo-sostenible\/\"]}]},{\"@type\":\"ImageObject\",\"inLanguage\":\"es\",\"@id\":\"https:\/\/luchonoticias.com\/editor\/certificados-a-20-empresarios-neivanos-en-turismo-sostenible\/#primaryimage\",\"url\":\"https:\/\/luchonoticias.com\/wp-content\/uploads\/2022\/11\/WhatsApp-Image-2022-11-15-at-5.57.54-PM-1-1024x768.jpeg\",\"contentUrl\":\"https:\/\/luchonoticias.com\/wp-content\/uploads\/2022\/11\/WhatsApp-Image-2022-11-15-at-5.57.54-PM-1-1024x768.jpeg\"},{\"@type\":\"BreadcrumbList\",\"@id\":\"https:\/\/luchonoticias.com\/editor\/certificados-a-20-empresarios-neivanos-en-turismo-sostenible\/#breadcrumb\",\"itemListElement\":[{\"@type\":\"ListItem\",\"position\":1,\"name\":\"Portada\",\"item\":\"https:\/\/luchonoticias.com\/editor\/\"},{\"@type\":\"ListItem\",\"position\":2,\"name\":\"Certificados a 20 empresarios neivanos en turismo sostenible\"}]},{\"@type\":\"WebSite\",\"@id\":\"https:\/\/luchonoticias.com\/editor\/#website\",\"url\":\"https:\/\/luchonoticias.com\/editor\/\",\"name\":\"\",\"description\":\"\",\"publisher\":{\"@id\":\"https:\/\/luchonoticias.com\/editor\/#\/schema\/person\/7a7fd911f58561fd056dbac7b55af9cd\"},\"potentialAction\":[{\"@type\":\"SearchAction\",\"target\":{\"@type\":\"EntryPoint\",\"urlTemplate\":\"https:\/\/luchonoticias.com\/editor\/?s={search_term_string}\"},\"query-input\":{\"@type\":\"PropertyValueSpecification\",\"valueRequired\":true,\"valueName\":\"search_term_string\"}}],\"inLanguage\":\"es\"},{\"@type\":[\"Person\",\"Organization\"],\"@id\":\"https:\/\/luchonoticias.com\/editor\/#\/schema\/person\/7a7fd911f58561fd056dbac7b55af9cd\",\"name\":\"admin\",\"image\":{\"@type\":\"ImageObject\",\"inLanguage\":\"es\",\"@id\":\"https:\/\/luchonoticias.com\/editor\/#\/schema\/person\/image\/\",\"url\":\"https:\/\/luchonoticias.com\/editor\/wp-content\/uploads\/2024\/02\/cropped-cropped-logolu.webp\",\"contentUrl\":\"https:\/\/luchonoticias.com\/editor\/wp-content\/uploads\/2024\/02\/cropped-cropped-logolu.webp\",\"width\":382,\"height\":170,\"caption\":\"admin\"},\"logo\":{\"@id\":\"https:\/\/luchonoticias.com\/editor\/#\/schema\/person\/image\/\"},\"sameAs\":[\"https:\/\/www.facebook.com\/luchonoticiasneiva\"],\"url\":\"https:\/\/luchonoticias.com\/editor\/author\/admin\/\"}]}<\/script>\n<!-- \/ Yoast SEO plugin. -->","yoast_head_json":{"title":"Certificados a 20 empresarios neivanos en turismo sostenible -","robots":{"index":"index","follow":"follow","max-snippet":"max-snippet:-1","max-image-preview":"max-image-preview:large","max-video-preview":"max-video-preview:-1"},"canonical":"https:\/\/luchonoticias.com\/editor\/certificados-a-20-empresarios-neivanos-en-turismo-sostenible\/","og_locale":"es_ES","og_type":"article","og_title":"Certificados a 20 empresarios neivanos en turismo sostenible -","og_url":"https:\/\/luchonoticias.com\/editor\/certificados-a-20-empresarios-neivanos-en-turismo-sostenible\/","article_publisher":"https:\/\/www.facebook.com\/luchonoticiasneiva","article_author":"https:\/\/www.facebook.com\/luchonoticiasneiva","article_published_time":"2022-11-16T11:56:19+00:00","article_modified_time":"2022-11-16T11:56:20+00:00","og_image":[{"url":"https:\/\/luchonoticias.com\/wp-content\/uploads\/2022\/11\/WhatsApp-Image-2022-11-15-at-5.57.54-PM-1-1024x768.jpeg","type":"","width":"","height":""}],"author":"admin","twitter_card":"summary_large_image","twitter_misc":{"Escrito por":"admin","Tiempo de lectura":"2 minutos"},"schema":{"@context":"https:\/\/schema.org","@graph":[{"@type":"Article","@id":"https:\/\/luchonoticias.com\/editor\/certificados-a-20-empresarios-neivanos-en-turismo-sostenible\/#article","isPartOf":{"@id":"https:\/\/luchonoticias.com\/editor\/certificados-a-20-empresarios-neivanos-en-turismo-sostenible\/"},"author":{"name":"admin","@id":"https:\/\/luchonoticias.com\/editor\/#\/schema\/person\/7a7fd911f58561fd056dbac7b55af9cd"},"headline":"Certificados a 20 empresarios neivanos en turismo sostenible","datePublished":"2022-11-16T11:56:19+00:00","dateModified":"2022-11-16T11:56:20+00:00","mainEntityOfPage":{"@id":"https:\/\/luchonoticias.com\/editor\/certificados-a-20-empresarios-neivanos-en-turismo-sostenible\/"},"wordCount":314,"commentCount":0,"publisher":{"@id":"https:\/\/luchonoticias.com\/editor\/#\/schema\/person\/7a7fd911f58561fd056dbac7b55af9cd"},"image":{"@id":"https:\/\/luchonoticias.com\/editor\/certificados-a-20-empresarios-neivanos-en-turismo-sostenible\/#primaryimage"},"thumbnailUrl":"https:\/\/luchonoticias.com\/wp-content\/uploads\/2022\/11\/WhatsApp-Image-2022-11-15-at-5.57.54-PM-1-1024x768.jpeg","articleSection":["Comunidad","Destacado"],"inLanguage":"es","potentialAction":[{"@type":"CommentAction","name":"Comment","target":["https:\/\/luchonoticias.com\/editor\/certificados-a-20-empresarios-neivanos-en-turismo-sostenible\/#respond"]}]},{"@type":"WebPage","@id":"https:\/\/luchonoticias.com\/editor\/certificados-a-20-empresarios-neivanos-en-turismo-sostenible\/","url":"https:\/\/luchonoticias.com\/editor\/certificados-a-20-empresarios-neivanos-en-turismo-sostenible\/","name":"Certificados a 20 empresarios neivanos en turismo sostenible -","isPartOf":{"@id":"https:\/\/luchonoticias.com\/editor\/#website"},"primaryImageOfPage":{"@id":"https:\/\/luchonoticias.com\/editor\/certificados-a-20-empresarios-neivanos-en-turismo-sostenible\/#primaryimage"},"image":{"@id":"https:\/\/luchonoticias.com\/editor\/certificados-a-20-empresarios-neivanos-en-turismo-sostenible\/#primaryimage"},"thumbnailUrl":"https:\/\/luchonoticias.com\/wp-content\/uploads\/2022\/11\/WhatsApp-Image-2022-11-15-at-5.57.54-PM-1-1024x768.jpeg","datePublished":"2022-11-16T11:56:19+00:00","dateModified":"2022-11-16T11:56:20+00:00","breadcrumb":{"@id":"https:\/\/luchonoticias.com\/editor\/certificados-a-20-empresarios-neivanos-en-turismo-sostenible\/#breadcrumb"},"inLanguage":"es","potentialAction":[{"@type":"ReadAction","target":["https:\/\/luchonoticias.com\/editor\/certificados-a-20-empresarios-neivanos-en-turismo-sostenible\/"]}]},{"@type":"ImageObject","inLanguage":"es","@id":"https:\/\/luchonoticias.com\/editor\/certificados-a-20-empresarios-neivanos-en-turismo-sostenible\/#primaryimage","url":"https:\/\/luchonoticias.com\/wp-content\/uploads\/2022\/11\/WhatsApp-Image-2022-11-15-at-5.57.54-PM-1-1024x768.jpeg","contentUrl":"https:\/\/luchonoticias.com\/wp-content\/uploads\/2022\/11\/WhatsApp-Image-2022-11-15-at-5.57.54-PM-1-1024x768.jpeg"},{"@type":"BreadcrumbList","@id":"https:\/\/luchonoticias.com\/editor\/certificados-a-20-empresarios-neivanos-en-turismo-sostenible\/#breadcrumb","itemListElement":[{"@type":"ListItem","position":1,"name":"Portada","item":"https:\/\/luchonoticias.com\/editor\/"},{"@type":"ListItem","position":2,"name":"Certificados a 20 empresarios neivanos en turismo sostenible"}]},{"@type":"WebSite","@id":"https:\/\/luchonoticias.com\/editor\/#website","url":"https:\/\/luchonoticias.com\/editor\/","name":"","description":"","publisher":{"@id":"https:\/\/luchonoticias.com\/editor\/#\/schema\/person\/7a7fd911f58561fd056dbac7b55af9cd"},"potentialAction":[{"@type":"SearchAction","target":{"@type":"EntryPoint","urlTemplate":"https:\/\/luchonoticias.com\/editor\/?s={search_term_string}"},"query-input":{"@type":"PropertyValueSpecification","valueRequired":true,"valueName":"search_term_string"}}],"inLanguage":"es"},{"@type":["Person","Organization"],"@id":"https:\/\/luchonoticias.com\/editor\/#\/schema\/person\/7a7fd911f58561fd056dbac7b55af9cd","name":"admin","image":{"@type":"ImageObject","inLanguage":"es","@id":"https:\/\/luchonoticias.com\/editor\/#\/schema\/person\/image\/","url":"https:\/\/luchonoticias.com\/editor\/wp-content\/uploads\/2024\/02\/cropped-cropped-logolu.webp","contentUrl":"https:\/\/luchonoticias.com\/editor\/wp-content\/uploads\/2024\/02\/cropped-cropped-logolu.webp","width":382,"height":170,"caption":"admin"},"logo":{"@id":"https:\/\/luchonoticias.com\/editor\/#\/schema\/person\/image\/"},"sameAs":["https:\/\/www.facebook.com\/luchonoticiasneiva"],"url":"https:\/\/luchonoticias.com\/editor\/author\/admin\/"}]}},"_links":{"self":[{"href":"https:\/\/luchonoticias.com\/editor\/wp-json\/wp\/v2\/posts\/39569","targetHints":{"allow":["GET"]}}],"collection":[{"href":"https:\/\/luchonoticias.com\/editor\/wp-json\/wp\/v2\/posts"}],"about":[{"href":"https:\/\/luchonoticias.com\/editor\/wp-json\/wp\/v2\/types\/post"}],"author":[{"embeddable":true,"href":"https:\/\/luchonoticias.com\/editor\/wp-json\/wp\/v2\/users\/1"}],"replies":[{"embeddable":true,"href":"https:\/\/luchonoticias.com\/editor\/wp-json\/wp\/v2\/comments?post=39569"}],"version-history":[{"count":0,"href":"https:\/\/luchonoticias.com\/editor\/wp-json\/wp\/v2\/posts\/39569\/revisions"}],"wp:attachment":[{"href":"https:\/\/luchonoticias.com\/editor\/wp-json\/wp\/v2\/media?parent=39569"}],"wp:term":[{"taxonomy":"category","embeddable":true,"href":"https:\/\/luchonoticias.com\/editor\/wp-json\/wp\/v2\/categories?post=39569"},{"taxonomy":"post_tag","embeddable":true,"href":"https:\/\/luchonoticias.com\/editor\/wp-json\/wp\/v2\/tags?post=39569"}],"curies":[{"name":"wp","href":"https:\/\/api.w.org\/{rel}","templated":true}]}}