{"id":39600,"date":"2022-11-16T07:14:01","date_gmt":"2022-11-16T12:14:01","guid":{"rendered":"https:\/\/luchonoticias.com\/?p=39600"},"modified":"2022-11-16T07:14:02","modified_gmt":"2022-11-16T12:14:02","slug":"justicia-climatica-y-justicia-social-son-las-bases-para-que-colombia-sea-una-potencia-mundial-de-la-vida-petro-en-el-balance-de-sus-100-dias-de-gobierno","status":"publish","type":"post","link":"https:\/\/luchonoticias.com\/editor\/justicia-climatica-y-justicia-social-son-las-bases-para-que-colombia-sea-una-potencia-mundial-de-la-vida-petro-en-el-balance-de-sus-100-dias-de-gobierno\/","title":{"rendered":"Justicia clim\u00e1tica y justicia social son las bases para que Colombia sea una potencia mundial de la vida, Petro en el balance de sus 100 d\u00edas de Gobierno"},"content":{"rendered":"\n<p>Con la presencia del gabinete, el Presidente de la Rep\u00fablica, Gustavo Petro, present\u00f3 este martes ante el pa\u00eds, el balance de los primeros 100 d\u00edas del Gobierno del Cambio, ratificando que el objetivo central es convertir a Colombia en la potencia mundial de la vida.<\/p>\n\n\n\n<p>Explic\u00f3 que para lograr este prop\u00f3sito debe hablarse de dos componentes: la justicia ambiental y la justicia social.<\/p>\n\n\n\n<p>\u201cPropusimos y nos proponemos que este Gobierno es un Gobierno militante la vida y en sus dos aspectos: la vida natural para lo cual propusimos un conjunto de medidas que tienen que ver con la justicia clim\u00e1tica, unas nacionales, otras luchas mundiales; y un bloque de pol\u00edticas p\u00fablicas que tienen que ver con la vida humana en Colombia. Justicia clim\u00e1tica y justicia social son las bases para lograr que Colombia sea una potencia mundial de la vida.&nbsp; Ese es el programa de Gobierno\u201d, resalt\u00f3.<\/p>\n\n\n\n<p>El Mandatario enumer\u00f3 y expuso los cincuenta hitos del Gobierno del Cambio durante estos primeros cien d\u00edas de gesti\u00f3n, recalcando que este per\u00edodo es \u201cuna<\/p>\n\n\n\n<p>una aplicaci\u00f3n, una administraci\u00f3n que hace un Presidente elegido del programa de Gobierno del Presidente anterior\u201d.<\/p>\n\n\n\n<p>Agreg\u00f3 que se trabaja para construir con lo que se tiene en presupuesto, que no estaba pensado en funci\u00f3n de los nuevos programas y en los pilares de los a\u00f1os por venir.<\/p>\n\n\n\n<figure class=\"wp-block-image size-full is-style-rounded\"><img decoding=\"async\" src=\"https:\/\/luchonoticias.com\/wp-content\/uploads\/2022\/11\/WhatsApp-Image-2022-11-15-at-2.52.09-PM-1.jpeg\" alt=\"\" class=\"wp-image-39602\"\/><\/figure>\n\n\n\n<p><strong>Los cincuenta hitos<\/strong><\/p>\n\n\n\n<p>1. \u201cSacamos la espada de Bol\u00edvar e iniciamos el Gobierno del Cambio\u201d, dijo el Presidente.<\/p>\n\n\n\n<p>2. Protecci\u00f3n de la Amazon\u00eda con una pol\u00edtica p\u00fablica que comienza el a\u00f1o entrante: USD 200 millones cada a\u00f1o, durante 20 a\u00f1os que ir\u00e1n a un fondo a trav\u00e9s de vigencias futuras para revitalizar mediante el pago a campesinos e ind\u00edgenas por servicios ambientales.<\/p>\n\n\n\n<p>3. Se han realizado m\u00e1s de 34 Di\u00e1logos Regionales Vinculantes en toda Colombia. el territorio se dividi\u00f3 en 50 zonas y faltan 16 encuentros.<\/p>\n\n\n\n<p>4. Inici\u00f3 la Reforma Agraria, con la identificaci\u00f3n del mapa de las tierras f\u00e9rtiles de Colombia, de 15 a 20 millones de hect\u00e1reas.<\/p>\n\n\n\n<p>5. Acuerdo con los poseedores, detentores y propietarios de tierras. Bajo el gremio de Fedegan, se logr\u00f3 el acuerdo para comprar tres millones de hect\u00e1reas, las m\u00e1s f\u00e9rtiles para entregarlas al campesinado. Esa es la reforma agraria y el punto uno de los acuerdos de paz con las Farc.<\/p>\n\n\n\n<p>6. Se radic\u00f3 en el Congreso el Proyecto que crea el Ministerio de la Igualdad y est\u00e1 en proceso de discusi\u00f3n.<\/p>\n\n\n\n<p>7. Este gobierno tuvo nombramientos inclusivos en la Casa de Nari\u00f1o, ahora la recorren ind\u00edgenas, afros, j\u00f3venes, entre otros. El mismo fen\u00f3meno se vive en los Ministerios y entidades.<\/p>\n\n\n\n<p>8. Se inici\u00f3 el programa de mejoramiento de vivienda, que tiene como objetivo inicial 18.000 mejoramientos. La meta es que sean 100.000 por a\u00f1o, a trav\u00e9s de una pol\u00edtica de vivienda diferente.<\/p>\n\n\n\n<p>9. Se inicia el programa Preventivo de Salud. Hoy mil equipos de salud integrados por m\u00e9dicos y m\u00e9dicas, psic\u00f3logos y psic\u00f3logas, enfermeros y enfermeras recorren el pa\u00eds. La idea es que sean 20 mil.<\/p>\n\n\n\n<p>10. Reducci\u00f3n de homicidios en todo el pa\u00eds. En este momento tenemos una reducci\u00f3n del 4% muy insuficiente todav\u00eda. Y aqu\u00ed se mide la pol\u00edtica de la Paz Total.<\/p>\n\n\n\n<figure class=\"wp-block-image size-full is-style-rounded\"><img decoding=\"async\" src=\"https:\/\/luchonoticias.com\/wp-content\/uploads\/2022\/11\/WhatsApp-Image-2022-11-15-at-2.52.08-PM-1.jpeg\" alt=\"\" class=\"wp-image-39603\"\/><\/figure>\n\n\n\n<p>11. Se sancion\u00f3 la Ley de la Paz Total. Una de las principales leyes con la cual tendremos los instrumentos jur\u00eddicos para abrir procesos de negociaci\u00f3n. Unos de tipo pol\u00edtico, ya empez\u00f3 el del ELN, otros de tipo jur\u00eddico, como el acogimiento a la justicia de bandas y organizaciones sin origen pol\u00edtico en Colombia.<\/p>\n\n\n\n<p>12. Se aprob\u00f3 la Reforma Tributaria, segunda ley fundamental. Que busca extraer de la econom\u00eda, econom\u00eda que tiene que transitar hacia la producci\u00f3n y descarbonizaci\u00f3n, unos recursos que financien la justicia clim\u00e1tica, la justicia social. Sin esta Reforma Tributaria no tendr\u00edamos estos recursos.<\/p>\n\n\n\n<p>13. Recibimos de Estados Unidos doce helic\u00f3pteros que no dedicamos a la guerra, sino a cuidar la selva amaz\u00f3nica.<\/p>\n\n\n\n<p>14. Se propuso a la COP 27, en la ONU, cambiar deuda por acci\u00f3n clim\u00e1tica en todo el mundo. Se necesita una reforma del sistema financiero mundial en la banca multilateral, para liberar presupuestos y as\u00ed financiar acciones clim\u00e1ticas para reparar los da\u00f1os y preparar los pa\u00edses a peores embates de crisis clim\u00e1tica.<\/p>\n\n\n\n<p>15. En Nueva York, en la cumbre de la ONU, se hizo un llamado a descarbonizar la econom\u00eda, a reformar la lucha contra las drogas y a la construcci\u00f3n de la paz.<\/p>\n\n\n\n<p>16. El Gobierno del Cambio se propone dar un paso sustancial en la educaci\u00f3n gratuita superior en Colombia.<\/p>\n\n\n\n<p>17. Se sancion\u00f3 el Acuerdo de Escaz\u00fa, que ser\u00e1 ley fundamental, porque le entrega poder a la ciudadan\u00eda para informarse, participar, y cuidarse en todo proyecto que tenga que ver con afectaciones al medio ambiente en el pa\u00eds.<\/p>\n\n\n\n<p>18. Se restablecieron las relaciones Venezuela \u2013 Colombia, lo que permite recuperar la frontera y mejorar la calidad de vida de emigrantes en ambos pa\u00edses.<\/p>\n\n\n\n<p>19. Inicio de entrega de transferencias de $500 mil mensuales a madres cabeza de hogar, con ni\u00f1os por debajo de los 18 a\u00f1os. Este programa rompe la pol\u00edtica asistencial de los anteriores gobiernos que se limitaban a entregar limosna y saca a estas mujeres de la pobreza.<\/p>\n\n\n\n<p>20. Fortalecimiento de la interdicci\u00f3n mar\u00edtima, que es el cambio de nuestra pol\u00edtica antidrogas, que, de echar veneno sobre la familia campesina, o de encarcelar al joven consumidor popular, pasa a afectar a los empresarios de la mafia. 20 toneladas de coca\u00edna han sido incautadas.<\/p>\n\n\n\n<figure class=\"wp-block-image size-full is-style-rounded\"><img decoding=\"async\" src=\"https:\/\/luchonoticias.com\/wp-content\/uploads\/2022\/11\/WhatsApp-Image-2022-11-15-at-2.52.09-PM-2.jpeg\" alt=\"\" class=\"wp-image-39604\"\/><\/figure>\n\n\n\n<p><strong>M\u00e1s hitos<\/strong><\/p>\n\n\n\n<p>21. Transformar a Indumil para pasar de hacer armas a fabricar puentes met\u00e1licos militares para enfrentar la incomunicaci\u00f3n de muchas regiones de Colombia, debido al invierno.<\/p>\n\n\n\n<p>22. Se expidi\u00f3 la pol\u00edtica de Atenci\u00f3n a la Crisis Clim\u00e1tica Inmediata que son las inundaciones. La declaratoria de calamidad prioriza el hambre, y contempla la reubicaci\u00f3n transitoria o definitiva de las personas damnificadas.<\/p>\n\n\n\n<p>23. Condonaci\u00f3n de la deuda a m\u00e1s de 4 mil personas del Icetex.<\/p>\n\n\n\n<p>24. Ampliaci\u00f3n del PAE (Programa de Alimentaci\u00f3n Escolar) en las zonas de crisis clim\u00e1tica al 100% de los estudiantes y hasta el 31 de diciembre de este a\u00f1o de tal manera que cubra el periodo de vacaciones.<\/p>\n\n\n\n<p>25. Se instalaron 180 Puestos Unificados de Mando en el pa\u00eds desde el 7 de agosto. La mayor\u00eda tienen que ver con la crisis clim\u00e1tica.<\/p>\n\n\n\n<figure class=\"wp-block-image size-full is-style-rounded\"><img decoding=\"async\" src=\"https:\/\/luchonoticias.com\/wp-content\/uploads\/2022\/11\/WhatsApp-Image-2022-11-15-at-2.52.11-PM.jpeg\" alt=\"\" class=\"wp-image-39605\"\/><\/figure>\n\n\n\n<p>26. Se entregaron por parte de la Sociedad de Activos Especiales 600 hect\u00e1reas para 50 familias campesinas, entre ellas una hacienda del extinto capo paramilitar, Carlos Casta\u00f1o<\/p>\n\n\n\n<p>27. Se regularizaron 807 mil hect\u00e1reas, gracias a la titulaci\u00f3n masiva de predios y se declararon las dos primeras zonas de reserva campesina en la cual en las que se entregar\u00e1n 74 mil hect\u00e1reas en Meta y Cundinamarca.<\/p>\n\n\n\n<p>28. Se logr\u00f3 en el cambio de presupuesto que present\u00f3 el presidente Duque para el a\u00f1o entrante que se agregar\u00e1n $1,3 billones adicionales al presupuesto general para la educaci\u00f3n en el a\u00f1o 2023.<\/p>\n\n\n\n<p>29. Fue lanzado el programa de agua en La Guajira que consiste en recuperar toda la infraestructura de agua potable existente ya se han identificado m\u00e1s de 500 infraestructuras y que se van a poner en funcionamiento de nuevo<\/p>\n\n\n\n<p>30. Se elimin\u00f3 la visa para los colombianos que ingresan al Reino Unido.<\/p>\n\n\n\n<p>31. Se reanudaron los di\u00e1logos con el Eln.<\/p>\n\n\n\n<p>32. Finagro otorg\u00f3 m\u00e1s de 120 mil cr\u00e9ditos a peque\u00f1os productores por un valor de $744 mil millones, con \u00e9nfasis a la producci\u00f3n de alimentos en Colombia.<\/p>\n\n\n\n<p>33. A trav\u00e9s de Finagro se otorgaron 31.586 cr\u00e9ditos nuevos a mujeres por valor de $ 354 mil millones.<\/p>\n\n\n\n<p>34. Se present\u00f3 ante el Congreso el proyecto de prohibici\u00f3n del fracking.<\/p>\n\n\n\n<p>35. Se redujeron \u2014aun insuficientemente\u2014 las tarifas de energ\u00eda en todo el pa\u00eds, gracias al pacto que logr\u00f3 el Ministerio de Minas.<\/p>\n\n\n\n<p>36. La poblaci\u00f3n campesina es reconocida como sujeto de derechos, con un proyecto que se tramita en el Congreso de la Rep\u00fablica.<\/p>\n\n\n\n<p>37. Las acciones comunales y los comit\u00e9s de mujeres barriales y veredales quedaron convocadas para hacer el eje fundamental en la lucha contra el hambre.<\/p>\n\n\n\n<p>38. Se consigui\u00f3 partida presupuestal para aumentar el 5% de la asignaci\u00f3n mensual a todos los soldados del pa\u00eds.<\/p>\n\n\n\n<p>39. A finales de enero se convocar\u00e1 la reuni\u00f3n de Presidentes de la cuenca amaz\u00f3nica, incluyendo a los presidentes de Francia, Surinam, Venezuela, Per\u00fa y del nuevo gobierno de Brasil, para avanzar en la iniciativa colombiana de revitalizar la selva amaz\u00f3nica.<\/p>\n\n\n\n<p>40. Articular entre el Ministerio del Interior y MinDefensa el dise\u00f1o e implementaci\u00f3n de un plan de emergencia para la protecci\u00f3n de vida de los l\u00edderes sociales.<\/p>\n\n\n\n<p>41. Se present\u00f3 al Congreso el proyecto de Jurisdicci\u00f3n Agraria que avanza y que ser\u00eda la instancia judicial que nos permitir\u00eda el restablecimiento de derechos para campesinas y campesinos de Colombia.<\/p>\n\n\n\n<p>42. Eliminaci\u00f3n de gran parte de las consejer\u00edas de la Presidencia de la Rep\u00fablica.<\/p>\n\n\n\n<p>43. La seguridad humana se medir\u00e1 en vidas no en muertes.<\/p>\n\n\n\n<p>44. M\u00e1s de 10 grupos al margen de la ley est\u00e1n en cese unilateral del fuego en este momento, esperamos que sean todos, eso es lo que llamamos paz total, que implica reformas fundamentales en la estructura de desigualdad en los territorios y en la sociedad colombiana.<\/p>\n\n\n\n<p>45. Se aument\u00f3 el 100 por ciento el presupuesto de agricultura, reformando el presupuesto presentado por el anterior Gobierno, y se pasamos de $2 a $4 billones.<\/p>\n\n\n\n<p>46. Se transform\u00f3 el Plan de Compras del Estado para contratar directamente con las Juntas de Acci\u00f3n Comunal.<\/p>\n\n\n\n<p>47. Se abri\u00f3 la Casa de Nari\u00f1o para todos.<\/p>\n\n\n\n<p>48. Los patrulleros, polic\u00edas y soldados podr\u00e1n estudiar, como parte de un programa bandera del Gobierno del Cambio.<\/p>\n\n\n\n<p>49. Mesas de trabajo para determinar la tarifa y reducci\u00f3n del SOAT para motociclistas<\/p>\n\n\n\n<p>50 \u201cPuntos suspensivos\u2026 \u00a1el cambio contin\u00faa!\u201d, concluy\u00f3 el Presidente Petro.<\/p>\n","protected":false},"excerpt":{"rendered":"<p>Con la presencia del gabinete, el Presidente de la Rep\u00fablica, Gustavo Petro, present\u00f3 este martes ante el pa\u00eds, el balance de los primeros 100 d\u00edas del Gobierno del Cambio, ratificando que el objetivo central es convertir a Colombia en la potencia mundial de la vida. Explic\u00f3 que para lograr este prop\u00f3sito debe hablarse de dos [&hellip;]<\/p>\n","protected":false},"author":1,"featured_media":0,"comment_status":"open","ping_status":"open","sticky":false,"template":"","format":"standard","meta":{"footnotes":""},"categories":[36,32],"tags":[],"class_list":["post-39600","post","type-post","status-publish","format-standard","hentry","category-destacado","category-nacional"],"yoast_head":"<!-- This site is optimized with the Yoast SEO plugin v26.6 - https:\/\/yoast.com\/wordpress\/plugins\/seo\/ -->\n<title>Justicia clim\u00e1tica y justicia social son las bases para que Colombia sea una potencia mundial de la vida, Petro en el balance de sus 100 d\u00edas de Gobierno -<\/title>\n<meta name=\"robots\" content=\"index, follow, max-snippet:-1, max-image-preview:large, max-video-preview:-1\" \/>\n<link rel=\"canonical\" href=\"https:\/\/luchonoticias.com\/editor\/justicia-climatica-y-justicia-social-son-las-bases-para-que-colombia-sea-una-potencia-mundial-de-la-vida-petro-en-el-balance-de-sus-100-dias-de-gobierno\/\" \/>\n<meta property=\"og:locale\" content=\"es_ES\" \/>\n<meta property=\"og:type\" content=\"article\" \/>\n<meta property=\"og:title\" content=\"Justicia clim\u00e1tica y justicia social son las bases para que Colombia sea una potencia mundial de la vida, Petro en el balance de sus 100 d\u00edas de Gobierno -\" \/>\n<meta property=\"og:url\" content=\"https:\/\/luchonoticias.com\/editor\/justicia-climatica-y-justicia-social-son-las-bases-para-que-colombia-sea-una-potencia-mundial-de-la-vida-petro-en-el-balance-de-sus-100-dias-de-gobierno\/\" \/>\n<meta property=\"article:publisher\" content=\"https:\/\/www.facebook.com\/luchonoticiasneiva\" \/>\n<meta property=\"article:author\" content=\"https:\/\/www.facebook.com\/luchonoticiasneiva\" \/>\n<meta property=\"article:published_time\" content=\"2022-11-16T12:14:01+00:00\" \/>\n<meta property=\"article:modified_time\" content=\"2022-11-16T12:14:02+00:00\" \/>\n<meta property=\"og:image\" content=\"https:\/\/luchonoticias.com\/wp-content\/uploads\/2022\/11\/WhatsApp-Image-2022-11-15-at-2.52.09-PM-1.jpeg\" \/>\n<meta name=\"author\" content=\"admin\" \/>\n<meta name=\"twitter:card\" content=\"summary_large_image\" \/>\n<meta name=\"twitter:label1\" content=\"Escrito por\" \/>\n\t<meta name=\"twitter:data1\" content=\"admin\" \/>\n\t<meta name=\"twitter:label2\" content=\"Tiempo de lectura\" \/>\n\t<meta name=\"twitter:data2\" content=\"8 minutos\" \/>\n<script type=\"application\/ld+json\" class=\"yoast-schema-graph\">{\"@context\":\"https:\/\/schema.org\",\"@graph\":[{\"@type\":\"Article\",\"@id\":\"https:\/\/luchonoticias.com\/editor\/justicia-climatica-y-justicia-social-son-las-bases-para-que-colombia-sea-una-potencia-mundial-de-la-vida-petro-en-el-balance-de-sus-100-dias-de-gobierno\/#article\",\"isPartOf\":{\"@id\":\"https:\/\/luchonoticias.com\/editor\/justicia-climatica-y-justicia-social-son-las-bases-para-que-colombia-sea-una-potencia-mundial-de-la-vida-petro-en-el-balance-de-sus-100-dias-de-gobierno\/\"},\"author\":{\"name\":\"admin\",\"@id\":\"https:\/\/luchonoticias.com\/editor\/#\/schema\/person\/7a7fd911f58561fd056dbac7b55af9cd\"},\"headline\":\"Justicia clim\u00e1tica y justicia social son las bases para que Colombia sea una potencia mundial de la vida, Petro en el balance de sus 100 d\u00edas de Gobierno\",\"datePublished\":\"2022-11-16T12:14:01+00:00\",\"dateModified\":\"2022-11-16T12:14:02+00:00\",\"mainEntityOfPage\":{\"@id\":\"https:\/\/luchonoticias.com\/editor\/justicia-climatica-y-justicia-social-son-las-bases-para-que-colombia-sea-una-potencia-mundial-de-la-vida-petro-en-el-balance-de-sus-100-dias-de-gobierno\/\"},\"wordCount\":1693,\"commentCount\":0,\"publisher\":{\"@id\":\"https:\/\/luchonoticias.com\/editor\/#\/schema\/person\/7a7fd911f58561fd056dbac7b55af9cd\"},\"image\":{\"@id\":\"https:\/\/luchonoticias.com\/editor\/justicia-climatica-y-justicia-social-son-las-bases-para-que-colombia-sea-una-potencia-mundial-de-la-vida-petro-en-el-balance-de-sus-100-dias-de-gobierno\/#primaryimage\"},\"thumbnailUrl\":\"https:\/\/luchonoticias.com\/wp-content\/uploads\/2022\/11\/WhatsApp-Image-2022-11-15-at-2.52.09-PM-1.jpeg\",\"articleSection\":[\"Destacado\",\"Nacional\"],\"inLanguage\":\"es\",\"potentialAction\":[{\"@type\":\"CommentAction\",\"name\":\"Comment\",\"target\":[\"https:\/\/luchonoticias.com\/editor\/justicia-climatica-y-justicia-social-son-las-bases-para-que-colombia-sea-una-potencia-mundial-de-la-vida-petro-en-el-balance-de-sus-100-dias-de-gobierno\/#respond\"]}]},{\"@type\":\"WebPage\",\"@id\":\"https:\/\/luchonoticias.com\/editor\/justicia-climatica-y-justicia-social-son-las-bases-para-que-colombia-sea-una-potencia-mundial-de-la-vida-petro-en-el-balance-de-sus-100-dias-de-gobierno\/\",\"url\":\"https:\/\/luchonoticias.com\/editor\/justicia-climatica-y-justicia-social-son-las-bases-para-que-colombia-sea-una-potencia-mundial-de-la-vida-petro-en-el-balance-de-sus-100-dias-de-gobierno\/\",\"name\":\"Justicia clim\u00e1tica y justicia social son las bases para que Colombia sea una potencia mundial de la vida, Petro en el balance de sus 100 d\u00edas de Gobierno -\",\"isPartOf\":{\"@id\":\"https:\/\/luchonoticias.com\/editor\/#website\"},\"primaryImageOfPage\":{\"@id\":\"https:\/\/luchonoticias.com\/editor\/justicia-climatica-y-justicia-social-son-las-bases-para-que-colombia-sea-una-potencia-mundial-de-la-vida-petro-en-el-balance-de-sus-100-dias-de-gobierno\/#primaryimage\"},\"image\":{\"@id\":\"https:\/\/luchonoticias.com\/editor\/justicia-climatica-y-justicia-social-son-las-bases-para-que-colombia-sea-una-potencia-mundial-de-la-vida-petro-en-el-balance-de-sus-100-dias-de-gobierno\/#primaryimage\"},\"thumbnailUrl\":\"https:\/\/luchonoticias.com\/wp-content\/uploads\/2022\/11\/WhatsApp-Image-2022-11-15-at-2.52.09-PM-1.jpeg\",\"datePublished\":\"2022-11-16T12:14:01+00:00\",\"dateModified\":\"2022-11-16T12:14:02+00:00\",\"breadcrumb\":{\"@id\":\"https:\/\/luchonoticias.com\/editor\/justicia-climatica-y-justicia-social-son-las-bases-para-que-colombia-sea-una-potencia-mundial-de-la-vida-petro-en-el-balance-de-sus-100-dias-de-gobierno\/#breadcrumb\"},\"inLanguage\":\"es\",\"potentialAction\":[{\"@type\":\"ReadAction\",\"target\":[\"https:\/\/luchonoticias.com\/editor\/justicia-climatica-y-justicia-social-son-las-bases-para-que-colombia-sea-una-potencia-mundial-de-la-vida-petro-en-el-balance-de-sus-100-dias-de-gobierno\/\"]}]},{\"@type\":\"ImageObject\",\"inLanguage\":\"es\",\"@id\":\"https:\/\/luchonoticias.com\/editor\/justicia-climatica-y-justicia-social-son-las-bases-para-que-colombia-sea-una-potencia-mundial-de-la-vida-petro-en-el-balance-de-sus-100-dias-de-gobierno\/#primaryimage\",\"url\":\"https:\/\/luchonoticias.com\/wp-content\/uploads\/2022\/11\/WhatsApp-Image-2022-11-15-at-2.52.09-PM-1.jpeg\",\"contentUrl\":\"https:\/\/luchonoticias.com\/wp-content\/uploads\/2022\/11\/WhatsApp-Image-2022-11-15-at-2.52.09-PM-1.jpeg\"},{\"@type\":\"BreadcrumbList\",\"@id\":\"https:\/\/luchonoticias.com\/editor\/justicia-climatica-y-justicia-social-son-las-bases-para-que-colombia-sea-una-potencia-mundial-de-la-vida-petro-en-el-balance-de-sus-100-dias-de-gobierno\/#breadcrumb\",\"itemListElement\":[{\"@type\":\"ListItem\",\"position\":1,\"name\":\"Portada\",\"item\":\"https:\/\/luchonoticias.com\/editor\/\"},{\"@type\":\"ListItem\",\"position\":2,\"name\":\"Justicia clim\u00e1tica y justicia social son las bases para que Colombia sea una potencia mundial de la vida, Petro en el balance de sus 100 d\u00edas de Gobierno\"}]},{\"@type\":\"WebSite\",\"@id\":\"https:\/\/luchonoticias.com\/editor\/#website\",\"url\":\"https:\/\/luchonoticias.com\/editor\/\",\"name\":\"\",\"description\":\"\",\"publisher\":{\"@id\":\"https:\/\/luchonoticias.com\/editor\/#\/schema\/person\/7a7fd911f58561fd056dbac7b55af9cd\"},\"potentialAction\":[{\"@type\":\"SearchAction\",\"target\":{\"@type\":\"EntryPoint\",\"urlTemplate\":\"https:\/\/luchonoticias.com\/editor\/?s={search_term_string}\"},\"query-input\":{\"@type\":\"PropertyValueSpecification\",\"valueRequired\":true,\"valueName\":\"search_term_string\"}}],\"inLanguage\":\"es\"},{\"@type\":[\"Person\",\"Organization\"],\"@id\":\"https:\/\/luchonoticias.com\/editor\/#\/schema\/person\/7a7fd911f58561fd056dbac7b55af9cd\",\"name\":\"admin\",\"image\":{\"@type\":\"ImageObject\",\"inLanguage\":\"es\",\"@id\":\"https:\/\/luchonoticias.com\/editor\/#\/schema\/person\/image\/\",\"url\":\"https:\/\/luchonoticias.com\/editor\/wp-content\/uploads\/2024\/02\/cropped-cropped-logolu.webp\",\"contentUrl\":\"https:\/\/luchonoticias.com\/editor\/wp-content\/uploads\/2024\/02\/cropped-cropped-logolu.webp\",\"width\":382,\"height\":170,\"caption\":\"admin\"},\"logo\":{\"@id\":\"https:\/\/luchonoticias.com\/editor\/#\/schema\/person\/image\/\"},\"sameAs\":[\"https:\/\/www.facebook.com\/luchonoticiasneiva\"],\"url\":\"https:\/\/luchonoticias.com\/editor\/author\/admin\/\"}]}<\/script>\n<!-- \/ Yoast SEO plugin. -->","yoast_head_json":{"title":"Justicia clim\u00e1tica y justicia social son las bases para que Colombia sea una potencia mundial de la vida, Petro en el balance de sus 100 d\u00edas de Gobierno -","robots":{"index":"index","follow":"follow","max-snippet":"max-snippet:-1","max-image-preview":"max-image-preview:large","max-video-preview":"max-video-preview:-1"},"canonical":"https:\/\/luchonoticias.com\/editor\/justicia-climatica-y-justicia-social-son-las-bases-para-que-colombia-sea-una-potencia-mundial-de-la-vida-petro-en-el-balance-de-sus-100-dias-de-gobierno\/","og_locale":"es_ES","og_type":"article","og_title":"Justicia clim\u00e1tica y justicia social son las bases para que Colombia sea una potencia mundial de la vida, Petro en el balance de sus 100 d\u00edas de Gobierno -","og_url":"https:\/\/luchonoticias.com\/editor\/justicia-climatica-y-justicia-social-son-las-bases-para-que-colombia-sea-una-potencia-mundial-de-la-vida-petro-en-el-balance-de-sus-100-dias-de-gobierno\/","article_publisher":"https:\/\/www.facebook.com\/luchonoticiasneiva","article_author":"https:\/\/www.facebook.com\/luchonoticiasneiva","article_published_time":"2022-11-16T12:14:01+00:00","article_modified_time":"2022-11-16T12:14:02+00:00","og_image":[{"url":"https:\/\/luchonoticias.com\/wp-content\/uploads\/2022\/11\/WhatsApp-Image-2022-11-15-at-2.52.09-PM-1.jpeg","type":"","width":"","height":""}],"author":"admin","twitter_card":"summary_large_image","twitter_misc":{"Escrito por":"admin","Tiempo de lectura":"8 minutos"},"schema":{"@context":"https:\/\/schema.org","@graph":[{"@type":"Article","@id":"https:\/\/luchonoticias.com\/editor\/justicia-climatica-y-justicia-social-son-las-bases-para-que-colombia-sea-una-potencia-mundial-de-la-vida-petro-en-el-balance-de-sus-100-dias-de-gobierno\/#article","isPartOf":{"@id":"https:\/\/luchonoticias.com\/editor\/justicia-climatica-y-justicia-social-son-las-bases-para-que-colombia-sea-una-potencia-mundial-de-la-vida-petro-en-el-balance-de-sus-100-dias-de-gobierno\/"},"author":{"name":"admin","@id":"https:\/\/luchonoticias.com\/editor\/#\/schema\/person\/7a7fd911f58561fd056dbac7b55af9cd"},"headline":"Justicia clim\u00e1tica y justicia social son las bases para que Colombia sea una potencia mundial de la vida, Petro en el balance de sus 100 d\u00edas de Gobierno","datePublished":"2022-11-16T12:14:01+00:00","dateModified":"2022-11-16T12:14:02+00:00","mainEntityOfPage":{"@id":"https:\/\/luchonoticias.com\/editor\/justicia-climatica-y-justicia-social-son-las-bases-para-que-colombia-sea-una-potencia-mundial-de-la-vida-petro-en-el-balance-de-sus-100-dias-de-gobierno\/"},"wordCount":1693,"commentCount":0,"publisher":{"@id":"https:\/\/luchonoticias.com\/editor\/#\/schema\/person\/7a7fd911f58561fd056dbac7b55af9cd"},"image":{"@id":"https:\/\/luchonoticias.com\/editor\/justicia-climatica-y-justicia-social-son-las-bases-para-que-colombia-sea-una-potencia-mundial-de-la-vida-petro-en-el-balance-de-sus-100-dias-de-gobierno\/#primaryimage"},"thumbnailUrl":"https:\/\/luchonoticias.com\/wp-content\/uploads\/2022\/11\/WhatsApp-Image-2022-11-15-at-2.52.09-PM-1.jpeg","articleSection":["Destacado","Nacional"],"inLanguage":"es","potentialAction":[{"@type":"CommentAction","name":"Comment","target":["https:\/\/luchonoticias.com\/editor\/justicia-climatica-y-justicia-social-son-las-bases-para-que-colombia-sea-una-potencia-mundial-de-la-vida-petro-en-el-balance-de-sus-100-dias-de-gobierno\/#respond"]}]},{"@type":"WebPage","@id":"https:\/\/luchonoticias.com\/editor\/justicia-climatica-y-justicia-social-son-las-bases-para-que-colombia-sea-una-potencia-mundial-de-la-vida-petro-en-el-balance-de-sus-100-dias-de-gobierno\/","url":"https:\/\/luchonoticias.com\/editor\/justicia-climatica-y-justicia-social-son-las-bases-para-que-colombia-sea-una-potencia-mundial-de-la-vida-petro-en-el-balance-de-sus-100-dias-de-gobierno\/","name":"Justicia clim\u00e1tica y justicia social son las bases para que Colombia sea una potencia mundial de la vida, Petro en el balance de sus 100 d\u00edas de Gobierno -","isPartOf":{"@id":"https:\/\/luchonoticias.com\/editor\/#website"},"primaryImageOfPage":{"@id":"https:\/\/luchonoticias.com\/editor\/justicia-climatica-y-justicia-social-son-las-bases-para-que-colombia-sea-una-potencia-mundial-de-la-vida-petro-en-el-balance-de-sus-100-dias-de-gobierno\/#primaryimage"},"image":{"@id":"https:\/\/luchonoticias.com\/editor\/justicia-climatica-y-justicia-social-son-las-bases-para-que-colombia-sea-una-potencia-mundial-de-la-vida-petro-en-el-balance-de-sus-100-dias-de-gobierno\/#primaryimage"},"thumbnailUrl":"https:\/\/luchonoticias.com\/wp-content\/uploads\/2022\/11\/WhatsApp-Image-2022-11-15-at-2.52.09-PM-1.jpeg","datePublished":"2022-11-16T12:14:01+00:00","dateModified":"2022-11-16T12:14:02+00:00","breadcrumb":{"@id":"https:\/\/luchonoticias.com\/editor\/justicia-climatica-y-justicia-social-son-las-bases-para-que-colombia-sea-una-potencia-mundial-de-la-vida-petro-en-el-balance-de-sus-100-dias-de-gobierno\/#breadcrumb"},"inLanguage":"es","potentialAction":[{"@type":"ReadAction","target":["https:\/\/luchonoticias.com\/editor\/justicia-climatica-y-justicia-social-son-las-bases-para-que-colombia-sea-una-potencia-mundial-de-la-vida-petro-en-el-balance-de-sus-100-dias-de-gobierno\/"]}]},{"@type":"ImageObject","inLanguage":"es","@id":"https:\/\/luchonoticias.com\/editor\/justicia-climatica-y-justicia-social-son-las-bases-para-que-colombia-sea-una-potencia-mundial-de-la-vida-petro-en-el-balance-de-sus-100-dias-de-gobierno\/#primaryimage","url":"https:\/\/luchonoticias.com\/wp-content\/uploads\/2022\/11\/WhatsApp-Image-2022-11-15-at-2.52.09-PM-1.jpeg","contentUrl":"https:\/\/luchonoticias.com\/wp-content\/uploads\/2022\/11\/WhatsApp-Image-2022-11-15-at-2.52.09-PM-1.jpeg"},{"@type":"BreadcrumbList","@id":"https:\/\/luchonoticias.com\/editor\/justicia-climatica-y-justicia-social-son-las-bases-para-que-colombia-sea-una-potencia-mundial-de-la-vida-petro-en-el-balance-de-sus-100-dias-de-gobierno\/#breadcrumb","itemListElement":[{"@type":"ListItem","position":1,"name":"Portada","item":"https:\/\/luchonoticias.com\/editor\/"},{"@type":"ListItem","position":2,"name":"Justicia clim\u00e1tica y justicia social son las bases para que Colombia sea una potencia mundial de la vida, Petro en el balance de sus 100 d\u00edas de Gobierno"}]},{"@type":"WebSite","@id":"https:\/\/luchonoticias.com\/editor\/#website","url":"https:\/\/luchonoticias.com\/editor\/","name":"","description":"","publisher":{"@id":"https:\/\/luchonoticias.com\/editor\/#\/schema\/person\/7a7fd911f58561fd056dbac7b55af9cd"},"potentialAction":[{"@type":"SearchAction","target":{"@type":"EntryPoint","urlTemplate":"https:\/\/luchonoticias.com\/editor\/?s={search_term_string}"},"query-input":{"@type":"PropertyValueSpecification","valueRequired":true,"valueName":"search_term_string"}}],"inLanguage":"es"},{"@type":["Person","Organization"],"@id":"https:\/\/luchonoticias.com\/editor\/#\/schema\/person\/7a7fd911f58561fd056dbac7b55af9cd","name":"admin","image":{"@type":"ImageObject","inLanguage":"es","@id":"https:\/\/luchonoticias.com\/editor\/#\/schema\/person\/image\/","url":"https:\/\/luchonoticias.com\/editor\/wp-content\/uploads\/2024\/02\/cropped-cropped-logolu.webp","contentUrl":"https:\/\/luchonoticias.com\/editor\/wp-content\/uploads\/2024\/02\/cropped-cropped-logolu.webp","width":382,"height":170,"caption":"admin"},"logo":{"@id":"https:\/\/luchonoticias.com\/editor\/#\/schema\/person\/image\/"},"sameAs":["https:\/\/www.facebook.com\/luchonoticiasneiva"],"url":"https:\/\/luchonoticias.com\/editor\/author\/admin\/"}]}},"_links":{"self":[{"href":"https:\/\/luchonoticias.com\/editor\/wp-json\/wp\/v2\/posts\/39600","targetHints":{"allow":["GET"]}}],"collection":[{"href":"https:\/\/luchonoticias.com\/editor\/wp-json\/wp\/v2\/posts"}],"about":[{"href":"https:\/\/luchonoticias.com\/editor\/wp-json\/wp\/v2\/types\/post"}],"author":[{"embeddable":true,"href":"https:\/\/luchonoticias.com\/editor\/wp-json\/wp\/v2\/users\/1"}],"replies":[{"embeddable":true,"href":"https:\/\/luchonoticias.com\/editor\/wp-json\/wp\/v2\/comments?post=39600"}],"version-history":[{"count":0,"href":"https:\/\/luchonoticias.com\/editor\/wp-json\/wp\/v2\/posts\/39600\/revisions"}],"wp:attachment":[{"href":"https:\/\/luchonoticias.com\/editor\/wp-json\/wp\/v2\/media?parent=39600"}],"wp:term":[{"taxonomy":"category","embeddable":true,"href":"https:\/\/luchonoticias.com\/editor\/wp-json\/wp\/v2\/categories?post=39600"},{"taxonomy":"post_tag","embeddable":true,"href":"https:\/\/luchonoticias.com\/editor\/wp-json\/wp\/v2\/tags?post=39600"}],"curies":[{"name":"wp","href":"https:\/\/api.w.org\/{rel}","templated":true}]}}