{"id":39613,"date":"2022-11-16T16:29:25","date_gmt":"2022-11-16T21:29:25","guid":{"rendered":"https:\/\/luchonoticias.com\/?p=39613"},"modified":"2022-11-16T16:29:26","modified_gmt":"2022-11-16T21:29:26","slug":"con-exito-finalizo-el-programa-escolarizado-de-prevencion-al-consumo-de-drogas-y-la-violencia","status":"publish","type":"post","link":"https:\/\/luchonoticias.com\/editor\/con-exito-finalizo-el-programa-escolarizado-de-prevencion-al-consumo-de-drogas-y-la-violencia\/","title":{"rendered":"Con \u00e9xito finaliz\u00f3 el programa \u00abEscolarizado de Prevenci\u00f3n al Consumo de Drogas y la Violencia\u00bb"},"content":{"rendered":"\n<p>Con gran \u00e9xito finalizaron las actividades del programa escolarizado de prevenci\u00f3n al consumo de drogas y la violencia, que realiz\u00f3 la Polic\u00eda Nacional en la ciudad de Neiva en la que participaron 416 ni\u00f1os, ni\u00f1as y adolescentes del municipio.<\/p>\n\n\n\n<p>El programa que estuvo a cargo de la Patrullera Xiomara Rocha instructora y educadora en prevenci\u00f3n para las drogas, que bajo el liderazgo de la se\u00f1ora Mayor Dora Lilia Pacheco y el grupo de Antinarc\u00f3ticos desarrollaron un trabajo articulado con la instituci\u00f3n educativa Rodrigo Lara Bonilla, que permiti\u00f3 sensibilizar y concientizar a la poblaci\u00f3n estudiantil sobre los efectos negativos que causan las drogas en la vida, la salud, la seguridad y convivencia ciudadana.<\/p>\n\n\n\n<figure class=\"wp-block-gallery has-nested-images columns-default is-cropped wp-block-gallery-1 is-layout-flex wp-block-gallery-is-layout-flex\">\n<figure class=\"wp-block-image size-large\"><img decoding=\"async\" data-id=\"39615\" src=\"https:\/\/luchonoticias.com\/wp-content\/uploads\/2022\/11\/WhatsApp-Image-2022-11-16-at-4.00.06-PM-1024x574.jpeg\" alt=\"\" class=\"wp-image-39615\"\/><\/figure>\n\n\n\n<figure class=\"wp-block-image size-large\"><img decoding=\"async\" data-id=\"39616\" src=\"https:\/\/luchonoticias.com\/wp-content\/uploads\/2022\/11\/WhatsApp-Image-2022-11-16-at-4.00.05-PM-1024x574.jpeg\" alt=\"\" class=\"wp-image-39616\"\/><\/figure>\n\n\n\n<figure class=\"wp-block-image size-large\"><img decoding=\"async\" data-id=\"39617\" src=\"https:\/\/luchonoticias.com\/wp-content\/uploads\/2022\/11\/WhatsApp-Image-2022-11-16-at-4.00.04-PM-3-1024x574.jpeg\" alt=\"\" class=\"wp-image-39617\"\/><\/figure>\n<\/figure>\n\n\n\n<p>Durante los \u00faltimos meses, fueron formados en prevenci\u00f3n los menores que participaron en el programa, quienes con el acompa\u00f1amiento del personal uniformado aprendieron sobre el peligroso mundo de las drogas y porqu\u00e9 es necesario combatir esta actividad il\u00edcita.<\/p>\n\n\n\n<p>Los ni\u00f1os, ni\u00f1as y adolescentes se capacitaron sobre los da\u00f1os que produce el consumo de estupefacientes, al. Igual que aprendieron sobre c\u00f3mo tomar decisiones asertivas en sus vidas para mantenerse alejados de este mundo, as\u00ed como de la violencia y promover a la vez un pa\u00eds sin drogas.<\/p>\n\n\n\n<figure class=\"wp-block-gallery has-nested-images columns-default is-cropped wp-block-gallery-2 is-layout-flex wp-block-gallery-is-layout-flex\">\n<figure class=\"wp-block-image size-large\"><img decoding=\"async\" data-id=\"39618\" src=\"https:\/\/luchonoticias.com\/wp-content\/uploads\/2022\/11\/WhatsApp-Image-2022-11-16-at-4.00.05-PM-2-1024x574.jpeg\" alt=\"\" class=\"wp-image-39618\"\/><\/figure>\n\n\n\n<figure class=\"wp-block-image size-large\"><img decoding=\"async\" data-id=\"39620\" src=\"https:\/\/luchonoticias.com\/wp-content\/uploads\/2022\/11\/WhatsApp-Image-2022-11-16-at-4.00.04-PM-2-1024x574.jpeg\" alt=\"\" class=\"wp-image-39620\"\/><\/figure>\n\n\n\n<figure class=\"wp-block-image size-large\"><img decoding=\"async\" data-id=\"39619\" src=\"https:\/\/luchonoticias.com\/wp-content\/uploads\/2022\/11\/WhatsApp-Image-2022-11-16-at-4.00.04-PM-1024x574.jpeg\" alt=\"\" class=\"wp-image-39619\"\/><\/figure>\n<\/figure>\n\n\n\n<p>Al finalizar esta capacitaci\u00f3n, cada estudiante recibi\u00f3 un diplo a que les otorg\u00f3 la direcci\u00f3n de Antinarc\u00f3ticos de la Polic\u00eda Nacional por haber hecho parte de este proceso de formaci\u00f3n, porque ahora ellos se convierten en agentes de cambio que puedan aportar y ayudar a que otros menores e incluso adultos no caigan\u00a0 en las drogas.<\/p>\n\n\n\n<p>\u00abMediante este tipo de programas, la Polic\u00eda busca contribuir desde la educaci\u00f3n en la lucha contra las drogas. Estamos convencidos que si, ense\u00f1amos a los menores sobre el peligro que representan las drogas, evitamos que puedan ser tentados por este mundo y a su vez ellos puedan ayudar a que otros tampoco caigan en el consumo$ destac\u00f3 la se\u00f1ora teniente coronel Nelly Yolima Parada comandante regional de Antinarc\u00f3ticos.<\/p>\n","protected":false},"excerpt":{"rendered":"<p>Con gran \u00e9xito finalizaron las actividades del programa escolarizado de prevenci\u00f3n al consumo de drogas y la violencia, que realiz\u00f3 la Polic\u00eda Nacional en la ciudad de Neiva en la que participaron 416 ni\u00f1os, ni\u00f1as y adolescentes del municipio. El programa que estuvo a cargo de la Patrullera Xiomara Rocha instructora y educadora en prevenci\u00f3n [&hellip;]<\/p>\n","protected":false},"author":1,"featured_media":0,"comment_status":"open","ping_status":"open","sticky":false,"template":"","format":"standard","meta":{"footnotes":""},"categories":[3961,36],"tags":[],"class_list":["post-39613","post","type-post","status-publish","format-standard","hentry","category-comunidad","category-destacado"],"yoast_head":"<!-- This site is optimized with the Yoast SEO plugin v26.6 - https:\/\/yoast.com\/wordpress\/plugins\/seo\/ -->\n<title>Con \u00e9xito finaliz\u00f3 el programa &quot;Escolarizado de Prevenci\u00f3n al Consumo de Drogas y la Violencia&quot; -<\/title>\n<meta name=\"robots\" content=\"index, follow, max-snippet:-1, max-image-preview:large, max-video-preview:-1\" \/>\n<link rel=\"canonical\" href=\"https:\/\/luchonoticias.com\/editor\/con-exito-finalizo-el-programa-escolarizado-de-prevencion-al-consumo-de-drogas-y-la-violencia\/\" \/>\n<meta property=\"og:locale\" content=\"es_ES\" \/>\n<meta property=\"og:type\" content=\"article\" \/>\n<meta property=\"og:title\" content=\"Con \u00e9xito finaliz\u00f3 el programa &quot;Escolarizado de Prevenci\u00f3n al Consumo de Drogas y la Violencia&quot; -\" \/>\n<meta property=\"og:url\" content=\"https:\/\/luchonoticias.com\/editor\/con-exito-finalizo-el-programa-escolarizado-de-prevencion-al-consumo-de-drogas-y-la-violencia\/\" \/>\n<meta property=\"article:publisher\" content=\"https:\/\/www.facebook.com\/luchonoticiasneiva\" \/>\n<meta property=\"article:author\" content=\"https:\/\/www.facebook.com\/luchonoticiasneiva\" \/>\n<meta property=\"article:published_time\" content=\"2022-11-16T21:29:25+00:00\" \/>\n<meta property=\"article:modified_time\" content=\"2022-11-16T21:29:26+00:00\" \/>\n<meta property=\"og:image\" content=\"https:\/\/luchonoticias.com\/wp-content\/uploads\/2022\/11\/WhatsApp-Image-2022-11-16-at-4.00.06-PM-1024x574.jpeg\" \/>\n<meta name=\"author\" content=\"admin\" \/>\n<meta name=\"twitter:card\" content=\"summary_large_image\" \/>\n<meta name=\"twitter:label1\" content=\"Escrito por\" \/>\n\t<meta name=\"twitter:data1\" content=\"admin\" \/>\n\t<meta name=\"twitter:label2\" content=\"Tiempo de lectura\" \/>\n\t<meta name=\"twitter:data2\" content=\"2 minutos\" \/>\n<script type=\"application\/ld+json\" class=\"yoast-schema-graph\">{\"@context\":\"https:\/\/schema.org\",\"@graph\":[{\"@type\":\"Article\",\"@id\":\"https:\/\/luchonoticias.com\/editor\/con-exito-finalizo-el-programa-escolarizado-de-prevencion-al-consumo-de-drogas-y-la-violencia\/#article\",\"isPartOf\":{\"@id\":\"https:\/\/luchonoticias.com\/editor\/con-exito-finalizo-el-programa-escolarizado-de-prevencion-al-consumo-de-drogas-y-la-violencia\/\"},\"author\":{\"name\":\"admin\",\"@id\":\"https:\/\/luchonoticias.com\/editor\/#\/schema\/person\/7a7fd911f58561fd056dbac7b55af9cd\"},\"headline\":\"Con \u00e9xito finaliz\u00f3 el programa \u00abEscolarizado de Prevenci\u00f3n al Consumo de Drogas y la Violencia\u00bb\",\"datePublished\":\"2022-11-16T21:29:25+00:00\",\"dateModified\":\"2022-11-16T21:29:26+00:00\",\"mainEntityOfPage\":{\"@id\":\"https:\/\/luchonoticias.com\/editor\/con-exito-finalizo-el-programa-escolarizado-de-prevencion-al-consumo-de-drogas-y-la-violencia\/\"},\"wordCount\":364,\"commentCount\":0,\"publisher\":{\"@id\":\"https:\/\/luchonoticias.com\/editor\/#\/schema\/person\/7a7fd911f58561fd056dbac7b55af9cd\"},\"image\":{\"@id\":\"https:\/\/luchonoticias.com\/editor\/con-exito-finalizo-el-programa-escolarizado-de-prevencion-al-consumo-de-drogas-y-la-violencia\/#primaryimage\"},\"thumbnailUrl\":\"https:\/\/luchonoticias.com\/wp-content\/uploads\/2022\/11\/WhatsApp-Image-2022-11-16-at-4.00.06-PM-1024x574.jpeg\",\"articleSection\":[\"Comunidad\",\"Destacado\"],\"inLanguage\":\"es\",\"potentialAction\":[{\"@type\":\"CommentAction\",\"name\":\"Comment\",\"target\":[\"https:\/\/luchonoticias.com\/editor\/con-exito-finalizo-el-programa-escolarizado-de-prevencion-al-consumo-de-drogas-y-la-violencia\/#respond\"]}]},{\"@type\":\"WebPage\",\"@id\":\"https:\/\/luchonoticias.com\/editor\/con-exito-finalizo-el-programa-escolarizado-de-prevencion-al-consumo-de-drogas-y-la-violencia\/\",\"url\":\"https:\/\/luchonoticias.com\/editor\/con-exito-finalizo-el-programa-escolarizado-de-prevencion-al-consumo-de-drogas-y-la-violencia\/\",\"name\":\"Con \u00e9xito finaliz\u00f3 el programa \\\"Escolarizado de Prevenci\u00f3n al Consumo de Drogas y la Violencia\\\" -\",\"isPartOf\":{\"@id\":\"https:\/\/luchonoticias.com\/editor\/#website\"},\"primaryImageOfPage\":{\"@id\":\"https:\/\/luchonoticias.com\/editor\/con-exito-finalizo-el-programa-escolarizado-de-prevencion-al-consumo-de-drogas-y-la-violencia\/#primaryimage\"},\"image\":{\"@id\":\"https:\/\/luchonoticias.com\/editor\/con-exito-finalizo-el-programa-escolarizado-de-prevencion-al-consumo-de-drogas-y-la-violencia\/#primaryimage\"},\"thumbnailUrl\":\"https:\/\/luchonoticias.com\/wp-content\/uploads\/2022\/11\/WhatsApp-Image-2022-11-16-at-4.00.06-PM-1024x574.jpeg\",\"datePublished\":\"2022-11-16T21:29:25+00:00\",\"dateModified\":\"2022-11-16T21:29:26+00:00\",\"breadcrumb\":{\"@id\":\"https:\/\/luchonoticias.com\/editor\/con-exito-finalizo-el-programa-escolarizado-de-prevencion-al-consumo-de-drogas-y-la-violencia\/#breadcrumb\"},\"inLanguage\":\"es\",\"potentialAction\":[{\"@type\":\"ReadAction\",\"target\":[\"https:\/\/luchonoticias.com\/editor\/con-exito-finalizo-el-programa-escolarizado-de-prevencion-al-consumo-de-drogas-y-la-violencia\/\"]}]},{\"@type\":\"ImageObject\",\"inLanguage\":\"es\",\"@id\":\"https:\/\/luchonoticias.com\/editor\/con-exito-finalizo-el-programa-escolarizado-de-prevencion-al-consumo-de-drogas-y-la-violencia\/#primaryimage\",\"url\":\"https:\/\/luchonoticias.com\/wp-content\/uploads\/2022\/11\/WhatsApp-Image-2022-11-16-at-4.00.06-PM-1024x574.jpeg\",\"contentUrl\":\"https:\/\/luchonoticias.com\/wp-content\/uploads\/2022\/11\/WhatsApp-Image-2022-11-16-at-4.00.06-PM-1024x574.jpeg\"},{\"@type\":\"BreadcrumbList\",\"@id\":\"https:\/\/luchonoticias.com\/editor\/con-exito-finalizo-el-programa-escolarizado-de-prevencion-al-consumo-de-drogas-y-la-violencia\/#breadcrumb\",\"itemListElement\":[{\"@type\":\"ListItem\",\"position\":1,\"name\":\"Portada\",\"item\":\"https:\/\/luchonoticias.com\/editor\/\"},{\"@type\":\"ListItem\",\"position\":2,\"name\":\"Con \u00e9xito finaliz\u00f3 el programa \u00abEscolarizado de Prevenci\u00f3n al Consumo de Drogas y la Violencia\u00bb\"}]},{\"@type\":\"WebSite\",\"@id\":\"https:\/\/luchonoticias.com\/editor\/#website\",\"url\":\"https:\/\/luchonoticias.com\/editor\/\",\"name\":\"\",\"description\":\"\",\"publisher\":{\"@id\":\"https:\/\/luchonoticias.com\/editor\/#\/schema\/person\/7a7fd911f58561fd056dbac7b55af9cd\"},\"potentialAction\":[{\"@type\":\"SearchAction\",\"target\":{\"@type\":\"EntryPoint\",\"urlTemplate\":\"https:\/\/luchonoticias.com\/editor\/?s={search_term_string}\"},\"query-input\":{\"@type\":\"PropertyValueSpecification\",\"valueRequired\":true,\"valueName\":\"search_term_string\"}}],\"inLanguage\":\"es\"},{\"@type\":[\"Person\",\"Organization\"],\"@id\":\"https:\/\/luchonoticias.com\/editor\/#\/schema\/person\/7a7fd911f58561fd056dbac7b55af9cd\",\"name\":\"admin\",\"image\":{\"@type\":\"ImageObject\",\"inLanguage\":\"es\",\"@id\":\"https:\/\/luchonoticias.com\/editor\/#\/schema\/person\/image\/\",\"url\":\"https:\/\/luchonoticias.com\/editor\/wp-content\/uploads\/2024\/02\/cropped-cropped-logolu.webp\",\"contentUrl\":\"https:\/\/luchonoticias.com\/editor\/wp-content\/uploads\/2024\/02\/cropped-cropped-logolu.webp\",\"width\":382,\"height\":170,\"caption\":\"admin\"},\"logo\":{\"@id\":\"https:\/\/luchonoticias.com\/editor\/#\/schema\/person\/image\/\"},\"sameAs\":[\"https:\/\/www.facebook.com\/luchonoticiasneiva\"],\"url\":\"https:\/\/luchonoticias.com\/editor\/author\/admin\/\"}]}<\/script>\n<!-- \/ Yoast SEO plugin. -->","yoast_head_json":{"title":"Con \u00e9xito finaliz\u00f3 el programa \"Escolarizado de Prevenci\u00f3n al Consumo de Drogas y la Violencia\" -","robots":{"index":"index","follow":"follow","max-snippet":"max-snippet:-1","max-image-preview":"max-image-preview:large","max-video-preview":"max-video-preview:-1"},"canonical":"https:\/\/luchonoticias.com\/editor\/con-exito-finalizo-el-programa-escolarizado-de-prevencion-al-consumo-de-drogas-y-la-violencia\/","og_locale":"es_ES","og_type":"article","og_title":"Con \u00e9xito finaliz\u00f3 el programa \"Escolarizado de Prevenci\u00f3n al Consumo de Drogas y la Violencia\" -","og_url":"https:\/\/luchonoticias.com\/editor\/con-exito-finalizo-el-programa-escolarizado-de-prevencion-al-consumo-de-drogas-y-la-violencia\/","article_publisher":"https:\/\/www.facebook.com\/luchonoticiasneiva","article_author":"https:\/\/www.facebook.com\/luchonoticiasneiva","article_published_time":"2022-11-16T21:29:25+00:00","article_modified_time":"2022-11-16T21:29:26+00:00","og_image":[{"url":"https:\/\/luchonoticias.com\/wp-content\/uploads\/2022\/11\/WhatsApp-Image-2022-11-16-at-4.00.06-PM-1024x574.jpeg","type":"","width":"","height":""}],"author":"admin","twitter_card":"summary_large_image","twitter_misc":{"Escrito por":"admin","Tiempo de lectura":"2 minutos"},"schema":{"@context":"https:\/\/schema.org","@graph":[{"@type":"Article","@id":"https:\/\/luchonoticias.com\/editor\/con-exito-finalizo-el-programa-escolarizado-de-prevencion-al-consumo-de-drogas-y-la-violencia\/#article","isPartOf":{"@id":"https:\/\/luchonoticias.com\/editor\/con-exito-finalizo-el-programa-escolarizado-de-prevencion-al-consumo-de-drogas-y-la-violencia\/"},"author":{"name":"admin","@id":"https:\/\/luchonoticias.com\/editor\/#\/schema\/person\/7a7fd911f58561fd056dbac7b55af9cd"},"headline":"Con \u00e9xito finaliz\u00f3 el programa \u00abEscolarizado de Prevenci\u00f3n al Consumo de Drogas y la Violencia\u00bb","datePublished":"2022-11-16T21:29:25+00:00","dateModified":"2022-11-16T21:29:26+00:00","mainEntityOfPage":{"@id":"https:\/\/luchonoticias.com\/editor\/con-exito-finalizo-el-programa-escolarizado-de-prevencion-al-consumo-de-drogas-y-la-violencia\/"},"wordCount":364,"commentCount":0,"publisher":{"@id":"https:\/\/luchonoticias.com\/editor\/#\/schema\/person\/7a7fd911f58561fd056dbac7b55af9cd"},"image":{"@id":"https:\/\/luchonoticias.com\/editor\/con-exito-finalizo-el-programa-escolarizado-de-prevencion-al-consumo-de-drogas-y-la-violencia\/#primaryimage"},"thumbnailUrl":"https:\/\/luchonoticias.com\/wp-content\/uploads\/2022\/11\/WhatsApp-Image-2022-11-16-at-4.00.06-PM-1024x574.jpeg","articleSection":["Comunidad","Destacado"],"inLanguage":"es","potentialAction":[{"@type":"CommentAction","name":"Comment","target":["https:\/\/luchonoticias.com\/editor\/con-exito-finalizo-el-programa-escolarizado-de-prevencion-al-consumo-de-drogas-y-la-violencia\/#respond"]}]},{"@type":"WebPage","@id":"https:\/\/luchonoticias.com\/editor\/con-exito-finalizo-el-programa-escolarizado-de-prevencion-al-consumo-de-drogas-y-la-violencia\/","url":"https:\/\/luchonoticias.com\/editor\/con-exito-finalizo-el-programa-escolarizado-de-prevencion-al-consumo-de-drogas-y-la-violencia\/","name":"Con \u00e9xito finaliz\u00f3 el programa \"Escolarizado de Prevenci\u00f3n al Consumo de Drogas y la Violencia\" -","isPartOf":{"@id":"https:\/\/luchonoticias.com\/editor\/#website"},"primaryImageOfPage":{"@id":"https:\/\/luchonoticias.com\/editor\/con-exito-finalizo-el-programa-escolarizado-de-prevencion-al-consumo-de-drogas-y-la-violencia\/#primaryimage"},"image":{"@id":"https:\/\/luchonoticias.com\/editor\/con-exito-finalizo-el-programa-escolarizado-de-prevencion-al-consumo-de-drogas-y-la-violencia\/#primaryimage"},"thumbnailUrl":"https:\/\/luchonoticias.com\/wp-content\/uploads\/2022\/11\/WhatsApp-Image-2022-11-16-at-4.00.06-PM-1024x574.jpeg","datePublished":"2022-11-16T21:29:25+00:00","dateModified":"2022-11-16T21:29:26+00:00","breadcrumb":{"@id":"https:\/\/luchonoticias.com\/editor\/con-exito-finalizo-el-programa-escolarizado-de-prevencion-al-consumo-de-drogas-y-la-violencia\/#breadcrumb"},"inLanguage":"es","potentialAction":[{"@type":"ReadAction","target":["https:\/\/luchonoticias.com\/editor\/con-exito-finalizo-el-programa-escolarizado-de-prevencion-al-consumo-de-drogas-y-la-violencia\/"]}]},{"@type":"ImageObject","inLanguage":"es","@id":"https:\/\/luchonoticias.com\/editor\/con-exito-finalizo-el-programa-escolarizado-de-prevencion-al-consumo-de-drogas-y-la-violencia\/#primaryimage","url":"https:\/\/luchonoticias.com\/wp-content\/uploads\/2022\/11\/WhatsApp-Image-2022-11-16-at-4.00.06-PM-1024x574.jpeg","contentUrl":"https:\/\/luchonoticias.com\/wp-content\/uploads\/2022\/11\/WhatsApp-Image-2022-11-16-at-4.00.06-PM-1024x574.jpeg"},{"@type":"BreadcrumbList","@id":"https:\/\/luchonoticias.com\/editor\/con-exito-finalizo-el-programa-escolarizado-de-prevencion-al-consumo-de-drogas-y-la-violencia\/#breadcrumb","itemListElement":[{"@type":"ListItem","position":1,"name":"Portada","item":"https:\/\/luchonoticias.com\/editor\/"},{"@type":"ListItem","position":2,"name":"Con \u00e9xito finaliz\u00f3 el programa \u00abEscolarizado de Prevenci\u00f3n al Consumo de Drogas y la Violencia\u00bb"}]},{"@type":"WebSite","@id":"https:\/\/luchonoticias.com\/editor\/#website","url":"https:\/\/luchonoticias.com\/editor\/","name":"","description":"","publisher":{"@id":"https:\/\/luchonoticias.com\/editor\/#\/schema\/person\/7a7fd911f58561fd056dbac7b55af9cd"},"potentialAction":[{"@type":"SearchAction","target":{"@type":"EntryPoint","urlTemplate":"https:\/\/luchonoticias.com\/editor\/?s={search_term_string}"},"query-input":{"@type":"PropertyValueSpecification","valueRequired":true,"valueName":"search_term_string"}}],"inLanguage":"es"},{"@type":["Person","Organization"],"@id":"https:\/\/luchonoticias.com\/editor\/#\/schema\/person\/7a7fd911f58561fd056dbac7b55af9cd","name":"admin","image":{"@type":"ImageObject","inLanguage":"es","@id":"https:\/\/luchonoticias.com\/editor\/#\/schema\/person\/image\/","url":"https:\/\/luchonoticias.com\/editor\/wp-content\/uploads\/2024\/02\/cropped-cropped-logolu.webp","contentUrl":"https:\/\/luchonoticias.com\/editor\/wp-content\/uploads\/2024\/02\/cropped-cropped-logolu.webp","width":382,"height":170,"caption":"admin"},"logo":{"@id":"https:\/\/luchonoticias.com\/editor\/#\/schema\/person\/image\/"},"sameAs":["https:\/\/www.facebook.com\/luchonoticiasneiva"],"url":"https:\/\/luchonoticias.com\/editor\/author\/admin\/"}]}},"_links":{"self":[{"href":"https:\/\/luchonoticias.com\/editor\/wp-json\/wp\/v2\/posts\/39613","targetHints":{"allow":["GET"]}}],"collection":[{"href":"https:\/\/luchonoticias.com\/editor\/wp-json\/wp\/v2\/posts"}],"about":[{"href":"https:\/\/luchonoticias.com\/editor\/wp-json\/wp\/v2\/types\/post"}],"author":[{"embeddable":true,"href":"https:\/\/luchonoticias.com\/editor\/wp-json\/wp\/v2\/users\/1"}],"replies":[{"embeddable":true,"href":"https:\/\/luchonoticias.com\/editor\/wp-json\/wp\/v2\/comments?post=39613"}],"version-history":[{"count":0,"href":"https:\/\/luchonoticias.com\/editor\/wp-json\/wp\/v2\/posts\/39613\/revisions"}],"wp:attachment":[{"href":"https:\/\/luchonoticias.com\/editor\/wp-json\/wp\/v2\/media?parent=39613"}],"wp:term":[{"taxonomy":"category","embeddable":true,"href":"https:\/\/luchonoticias.com\/editor\/wp-json\/wp\/v2\/categories?post=39613"},{"taxonomy":"post_tag","embeddable":true,"href":"https:\/\/luchonoticias.com\/editor\/wp-json\/wp\/v2\/tags?post=39613"}],"curies":[{"name":"wp","href":"https:\/\/api.w.org\/{rel}","templated":true}]}}