{"id":39647,"date":"2022-11-16T16:41:23","date_gmt":"2022-11-16T21:41:23","guid":{"rendered":"https:\/\/luchonoticias.com\/?p=39647"},"modified":"2022-11-16T16:41:24","modified_gmt":"2022-11-16T21:41:24","slug":"futbol-club-barcelona-abrira-academia-oficial-en-colombia-con-respaldo-del-gobierno-del-nacional","status":"publish","type":"post","link":"https:\/\/luchonoticias.com\/editor\/futbol-club-barcelona-abrira-academia-oficial-en-colombia-con-respaldo-del-gobierno-del-nacional\/","title":{"rendered":"F\u00fatbol Club Barcelona abrir\u00e1 academia oficial en Colombia con respaldo del Gobierno del Nacional"},"content":{"rendered":"\n<p>La presencia del F\u00fatbol Club Barcelona en Colombia se afianzar\u00e1 con el anuncio de la apertura de una academia oficial de la entidad deportiva en el pa\u00eds, con el respaldo del Gobierno del Cambio, confirm\u00f3 el presidente blaugrana, Joan Laporta.<\/p>\n\n\n\n<p>En di\u00e1logo con el Servicio Informativo de Casa de Nari\u00f1o, Laporta asegur\u00f3 que se trabaja en conjunto con el Presidente Gustavo Petro, la Ministra del Deporte, Mar\u00eda Isabel Urrutia y el Gobierno del Cambio, con el fin de definir la zona donde se radicar\u00e1 la academia y se busca que sea en \u00e1reas donde el deporte abrir\u00e1 oportunidades de vida, como la costa Caribe, la Costa Pac\u00edfica y sin descartar a Bogot\u00e1.<\/p>\n\n\n\n<p>\u201cEl Presidente Petro nos ha hecho unas propuestas muy interesantes. De momento las vamos a valorar, pero ser\u00e1 una realidad que tendremos una academia, o dos, en Colombia. Bien sea Costa Caribe, Costa Pac\u00edfica o Bogot\u00e1\u201d, declar\u00f3.<\/p>\n\n\n\n<figure class=\"wp-block-image size-full is-style-rounded\"><img decoding=\"async\" src=\"https:\/\/luchonoticias.com\/wp-content\/uploads\/2022\/11\/WhatsApp-Image-2022-11-16-at-12.23.49-PM-2.jpeg\" alt=\"\" class=\"wp-image-39649\"\/><\/figure>\n\n\n\n<p>Agreg\u00f3 que con esta academia se afianza la presencia de la instituci\u00f3n en Colombia, que ya trabaja desde hace tiempo en Arauca, Buenaventura y Tumaco, zonas de conflicto y donde las oportunidades a trav\u00e9s del deporte son necesarias.<\/p>\n\n\n\n<p>\u201cNosotros queremos, adem\u00e1s, que sea un poco \u2018la cuadratura del c\u00edrculo\u2019, es decir en zonas donde tambi\u00e9n estamos actuando a trav\u00e9s de nuestra fundaci\u00f3n. Lo vamos a estudiar y a dar una respuesta. Le he dicho al Presidente Petro que nos gusta ser resolutivos y actuar \u2018sin prisa, pero sin pausa\u2019. Y en este sentido estamos muy ilusionados de tener una o dos academias en Colombia\u201d, dijo.<\/p>\n\n\n\n<p>El dirigente deportivo se reuni\u00f3 con el Presidente de la Rep\u00fablica, Gustavo Petro, de quien dijo, \u201ces especialmente sensible con el tema de la ni\u00f1ez y juventud y las oportunidades de vida con el deporte\u201d.<\/p>\n\n\n\n<p>\u201cHemos hablado del empoderamiento de la mujer, de las madres luchadoras, que recuperan su autoestima que conocen sus derechos, de la protecci\u00f3n de chicos y chicas vulnerables que sufren de alguna situaci\u00f3n como consecuencia de un conflicto armado y de otras circunstancias que les cambia la vida. El Barca, a trav\u00e9s del deporte como instrumento de integraci\u00f3n social podemos transmitir una serie de valores para estos chicos y chicas y les damos una opci\u00f3n de vida nueva. Lo hacemos con ACNUR y Save the Children en estas zonas, en Tumaco y Buenaventura\u201d, a\u00f1adi\u00f3.<\/p>\n\n\n\n<figure class=\"wp-block-image size-full is-style-rounded\"><img decoding=\"async\" src=\"https:\/\/luchonoticias.com\/wp-content\/uploads\/2022\/11\/WhatsApp-Image-2022-11-16-at-12.23.48-PM.jpeg\" alt=\"\" class=\"wp-image-39650\"\/><\/figure>\n\n\n\n<p>Afirm\u00f3 que, a trav\u00e9s de la Fundaci\u00f3n Barcelona se trabaja en zonas vulnerables como la frontera con Venezuela, donde hay proyectos de cooperaci\u00f3n para ayudar a los refugiados y a los desplazados.<\/p>\n\n\n\n<p>Manifest\u00f3 que el contacto con el Gobierno del Cambio ser\u00e1 permanente para tener una pronta decisi\u00f3n al respecto sobre las academias.<\/p>\n\n\n\n<p>\u201cHemos valorado una serie de aspectos con el embajador de Espa\u00f1a (Joaqu\u00edn Mar\u00eda de Ar\u00edstegui) y el Presidente Petro. Y la verdad es que nos han hecho sentir muy bien; una gran hospitalidad. Mantendremos una comunicaci\u00f3n fluida para de esta manera tener una presencia del Bar\u00e7a en Colombia, que ser\u00e1 tambi\u00e9n importante en cuanto a la paz\u201d, puntualiz\u00f3.<\/p>\n","protected":false},"excerpt":{"rendered":"<p>La presencia del F\u00fatbol Club Barcelona en Colombia se afianzar\u00e1 con el anuncio de la apertura de una academia oficial de la entidad deportiva en el pa\u00eds, con el respaldo del Gobierno del Cambio, confirm\u00f3 el presidente blaugrana, Joan Laporta. En di\u00e1logo con el Servicio Informativo de Casa de Nari\u00f1o, Laporta asegur\u00f3 que se trabaja [&hellip;]<\/p>\n","protected":false},"author":1,"featured_media":0,"comment_status":"open","ping_status":"open","sticky":false,"template":"","format":"standard","meta":{"footnotes":""},"categories":[34,36],"tags":[],"class_list":["post-39647","post","type-post","status-publish","format-standard","hentry","category-deportes","category-destacado"],"yoast_head":"<!-- This site is optimized with the Yoast SEO plugin v26.6 - https:\/\/yoast.com\/wordpress\/plugins\/seo\/ -->\n<title>F\u00fatbol Club Barcelona abrir\u00e1 academia oficial en Colombia con respaldo del Gobierno del Nacional -<\/title>\n<meta name=\"robots\" content=\"index, follow, max-snippet:-1, max-image-preview:large, max-video-preview:-1\" \/>\n<link rel=\"canonical\" href=\"https:\/\/luchonoticias.com\/editor\/futbol-club-barcelona-abrira-academia-oficial-en-colombia-con-respaldo-del-gobierno-del-nacional\/\" \/>\n<meta property=\"og:locale\" content=\"es_ES\" \/>\n<meta property=\"og:type\" content=\"article\" \/>\n<meta property=\"og:title\" content=\"F\u00fatbol Club Barcelona abrir\u00e1 academia oficial en Colombia con respaldo del Gobierno del Nacional -\" \/>\n<meta property=\"og:url\" content=\"https:\/\/luchonoticias.com\/editor\/futbol-club-barcelona-abrira-academia-oficial-en-colombia-con-respaldo-del-gobierno-del-nacional\/\" \/>\n<meta property=\"article:publisher\" content=\"https:\/\/www.facebook.com\/luchonoticiasneiva\" \/>\n<meta property=\"article:author\" content=\"https:\/\/www.facebook.com\/luchonoticiasneiva\" \/>\n<meta property=\"article:published_time\" content=\"2022-11-16T21:41:23+00:00\" \/>\n<meta property=\"article:modified_time\" content=\"2022-11-16T21:41:24+00:00\" \/>\n<meta property=\"og:image\" content=\"https:\/\/luchonoticias.com\/wp-content\/uploads\/2022\/11\/WhatsApp-Image-2022-11-16-at-12.23.49-PM-2.jpeg\" \/>\n<meta name=\"author\" content=\"admin\" \/>\n<meta name=\"twitter:card\" content=\"summary_large_image\" \/>\n<meta name=\"twitter:label1\" content=\"Escrito por\" \/>\n\t<meta name=\"twitter:data1\" content=\"admin\" \/>\n\t<meta name=\"twitter:label2\" content=\"Tiempo de lectura\" \/>\n\t<meta name=\"twitter:data2\" content=\"3 minutos\" \/>\n<script type=\"application\/ld+json\" class=\"yoast-schema-graph\">{\"@context\":\"https:\/\/schema.org\",\"@graph\":[{\"@type\":\"Article\",\"@id\":\"https:\/\/luchonoticias.com\/editor\/futbol-club-barcelona-abrira-academia-oficial-en-colombia-con-respaldo-del-gobierno-del-nacional\/#article\",\"isPartOf\":{\"@id\":\"https:\/\/luchonoticias.com\/editor\/futbol-club-barcelona-abrira-academia-oficial-en-colombia-con-respaldo-del-gobierno-del-nacional\/\"},\"author\":{\"name\":\"admin\",\"@id\":\"https:\/\/luchonoticias.com\/editor\/#\/schema\/person\/7a7fd911f58561fd056dbac7b55af9cd\"},\"headline\":\"F\u00fatbol Club Barcelona abrir\u00e1 academia oficial en Colombia con respaldo del Gobierno del Nacional\",\"datePublished\":\"2022-11-16T21:41:23+00:00\",\"dateModified\":\"2022-11-16T21:41:24+00:00\",\"mainEntityOfPage\":{\"@id\":\"https:\/\/luchonoticias.com\/editor\/futbol-club-barcelona-abrira-academia-oficial-en-colombia-con-respaldo-del-gobierno-del-nacional\/\"},\"wordCount\":541,\"commentCount\":0,\"publisher\":{\"@id\":\"https:\/\/luchonoticias.com\/editor\/#\/schema\/person\/7a7fd911f58561fd056dbac7b55af9cd\"},\"image\":{\"@id\":\"https:\/\/luchonoticias.com\/editor\/futbol-club-barcelona-abrira-academia-oficial-en-colombia-con-respaldo-del-gobierno-del-nacional\/#primaryimage\"},\"thumbnailUrl\":\"https:\/\/luchonoticias.com\/wp-content\/uploads\/2022\/11\/WhatsApp-Image-2022-11-16-at-12.23.49-PM-2.jpeg\",\"articleSection\":[\"Deportes\",\"Destacado\"],\"inLanguage\":\"es\",\"potentialAction\":[{\"@type\":\"CommentAction\",\"name\":\"Comment\",\"target\":[\"https:\/\/luchonoticias.com\/editor\/futbol-club-barcelona-abrira-academia-oficial-en-colombia-con-respaldo-del-gobierno-del-nacional\/#respond\"]}]},{\"@type\":\"WebPage\",\"@id\":\"https:\/\/luchonoticias.com\/editor\/futbol-club-barcelona-abrira-academia-oficial-en-colombia-con-respaldo-del-gobierno-del-nacional\/\",\"url\":\"https:\/\/luchonoticias.com\/editor\/futbol-club-barcelona-abrira-academia-oficial-en-colombia-con-respaldo-del-gobierno-del-nacional\/\",\"name\":\"F\u00fatbol Club Barcelona abrir\u00e1 academia oficial en Colombia con respaldo del Gobierno del Nacional -\",\"isPartOf\":{\"@id\":\"https:\/\/luchonoticias.com\/editor\/#website\"},\"primaryImageOfPage\":{\"@id\":\"https:\/\/luchonoticias.com\/editor\/futbol-club-barcelona-abrira-academia-oficial-en-colombia-con-respaldo-del-gobierno-del-nacional\/#primaryimage\"},\"image\":{\"@id\":\"https:\/\/luchonoticias.com\/editor\/futbol-club-barcelona-abrira-academia-oficial-en-colombia-con-respaldo-del-gobierno-del-nacional\/#primaryimage\"},\"thumbnailUrl\":\"https:\/\/luchonoticias.com\/wp-content\/uploads\/2022\/11\/WhatsApp-Image-2022-11-16-at-12.23.49-PM-2.jpeg\",\"datePublished\":\"2022-11-16T21:41:23+00:00\",\"dateModified\":\"2022-11-16T21:41:24+00:00\",\"breadcrumb\":{\"@id\":\"https:\/\/luchonoticias.com\/editor\/futbol-club-barcelona-abrira-academia-oficial-en-colombia-con-respaldo-del-gobierno-del-nacional\/#breadcrumb\"},\"inLanguage\":\"es\",\"potentialAction\":[{\"@type\":\"ReadAction\",\"target\":[\"https:\/\/luchonoticias.com\/editor\/futbol-club-barcelona-abrira-academia-oficial-en-colombia-con-respaldo-del-gobierno-del-nacional\/\"]}]},{\"@type\":\"ImageObject\",\"inLanguage\":\"es\",\"@id\":\"https:\/\/luchonoticias.com\/editor\/futbol-club-barcelona-abrira-academia-oficial-en-colombia-con-respaldo-del-gobierno-del-nacional\/#primaryimage\",\"url\":\"https:\/\/luchonoticias.com\/wp-content\/uploads\/2022\/11\/WhatsApp-Image-2022-11-16-at-12.23.49-PM-2.jpeg\",\"contentUrl\":\"https:\/\/luchonoticias.com\/wp-content\/uploads\/2022\/11\/WhatsApp-Image-2022-11-16-at-12.23.49-PM-2.jpeg\"},{\"@type\":\"BreadcrumbList\",\"@id\":\"https:\/\/luchonoticias.com\/editor\/futbol-club-barcelona-abrira-academia-oficial-en-colombia-con-respaldo-del-gobierno-del-nacional\/#breadcrumb\",\"itemListElement\":[{\"@type\":\"ListItem\",\"position\":1,\"name\":\"Portada\",\"item\":\"https:\/\/luchonoticias.com\/editor\/\"},{\"@type\":\"ListItem\",\"position\":2,\"name\":\"F\u00fatbol Club Barcelona abrir\u00e1 academia oficial en Colombia con respaldo del Gobierno del Nacional\"}]},{\"@type\":\"WebSite\",\"@id\":\"https:\/\/luchonoticias.com\/editor\/#website\",\"url\":\"https:\/\/luchonoticias.com\/editor\/\",\"name\":\"\",\"description\":\"\",\"publisher\":{\"@id\":\"https:\/\/luchonoticias.com\/editor\/#\/schema\/person\/7a7fd911f58561fd056dbac7b55af9cd\"},\"potentialAction\":[{\"@type\":\"SearchAction\",\"target\":{\"@type\":\"EntryPoint\",\"urlTemplate\":\"https:\/\/luchonoticias.com\/editor\/?s={search_term_string}\"},\"query-input\":{\"@type\":\"PropertyValueSpecification\",\"valueRequired\":true,\"valueName\":\"search_term_string\"}}],\"inLanguage\":\"es\"},{\"@type\":[\"Person\",\"Organization\"],\"@id\":\"https:\/\/luchonoticias.com\/editor\/#\/schema\/person\/7a7fd911f58561fd056dbac7b55af9cd\",\"name\":\"admin\",\"image\":{\"@type\":\"ImageObject\",\"inLanguage\":\"es\",\"@id\":\"https:\/\/luchonoticias.com\/editor\/#\/schema\/person\/image\/\",\"url\":\"https:\/\/luchonoticias.com\/editor\/wp-content\/uploads\/2024\/02\/cropped-cropped-logolu.webp\",\"contentUrl\":\"https:\/\/luchonoticias.com\/editor\/wp-content\/uploads\/2024\/02\/cropped-cropped-logolu.webp\",\"width\":382,\"height\":170,\"caption\":\"admin\"},\"logo\":{\"@id\":\"https:\/\/luchonoticias.com\/editor\/#\/schema\/person\/image\/\"},\"sameAs\":[\"https:\/\/www.facebook.com\/luchonoticiasneiva\"],\"url\":\"https:\/\/luchonoticias.com\/editor\/author\/admin\/\"}]}<\/script>\n<!-- \/ Yoast SEO plugin. -->","yoast_head_json":{"title":"F\u00fatbol Club Barcelona abrir\u00e1 academia oficial en Colombia con respaldo del Gobierno del Nacional -","robots":{"index":"index","follow":"follow","max-snippet":"max-snippet:-1","max-image-preview":"max-image-preview:large","max-video-preview":"max-video-preview:-1"},"canonical":"https:\/\/luchonoticias.com\/editor\/futbol-club-barcelona-abrira-academia-oficial-en-colombia-con-respaldo-del-gobierno-del-nacional\/","og_locale":"es_ES","og_type":"article","og_title":"F\u00fatbol Club Barcelona abrir\u00e1 academia oficial en Colombia con respaldo del Gobierno del Nacional -","og_url":"https:\/\/luchonoticias.com\/editor\/futbol-club-barcelona-abrira-academia-oficial-en-colombia-con-respaldo-del-gobierno-del-nacional\/","article_publisher":"https:\/\/www.facebook.com\/luchonoticiasneiva","article_author":"https:\/\/www.facebook.com\/luchonoticiasneiva","article_published_time":"2022-11-16T21:41:23+00:00","article_modified_time":"2022-11-16T21:41:24+00:00","og_image":[{"url":"https:\/\/luchonoticias.com\/wp-content\/uploads\/2022\/11\/WhatsApp-Image-2022-11-16-at-12.23.49-PM-2.jpeg","type":"","width":"","height":""}],"author":"admin","twitter_card":"summary_large_image","twitter_misc":{"Escrito por":"admin","Tiempo de lectura":"3 minutos"},"schema":{"@context":"https:\/\/schema.org","@graph":[{"@type":"Article","@id":"https:\/\/luchonoticias.com\/editor\/futbol-club-barcelona-abrira-academia-oficial-en-colombia-con-respaldo-del-gobierno-del-nacional\/#article","isPartOf":{"@id":"https:\/\/luchonoticias.com\/editor\/futbol-club-barcelona-abrira-academia-oficial-en-colombia-con-respaldo-del-gobierno-del-nacional\/"},"author":{"name":"admin","@id":"https:\/\/luchonoticias.com\/editor\/#\/schema\/person\/7a7fd911f58561fd056dbac7b55af9cd"},"headline":"F\u00fatbol Club Barcelona abrir\u00e1 academia oficial en Colombia con respaldo del Gobierno del Nacional","datePublished":"2022-11-16T21:41:23+00:00","dateModified":"2022-11-16T21:41:24+00:00","mainEntityOfPage":{"@id":"https:\/\/luchonoticias.com\/editor\/futbol-club-barcelona-abrira-academia-oficial-en-colombia-con-respaldo-del-gobierno-del-nacional\/"},"wordCount":541,"commentCount":0,"publisher":{"@id":"https:\/\/luchonoticias.com\/editor\/#\/schema\/person\/7a7fd911f58561fd056dbac7b55af9cd"},"image":{"@id":"https:\/\/luchonoticias.com\/editor\/futbol-club-barcelona-abrira-academia-oficial-en-colombia-con-respaldo-del-gobierno-del-nacional\/#primaryimage"},"thumbnailUrl":"https:\/\/luchonoticias.com\/wp-content\/uploads\/2022\/11\/WhatsApp-Image-2022-11-16-at-12.23.49-PM-2.jpeg","articleSection":["Deportes","Destacado"],"inLanguage":"es","potentialAction":[{"@type":"CommentAction","name":"Comment","target":["https:\/\/luchonoticias.com\/editor\/futbol-club-barcelona-abrira-academia-oficial-en-colombia-con-respaldo-del-gobierno-del-nacional\/#respond"]}]},{"@type":"WebPage","@id":"https:\/\/luchonoticias.com\/editor\/futbol-club-barcelona-abrira-academia-oficial-en-colombia-con-respaldo-del-gobierno-del-nacional\/","url":"https:\/\/luchonoticias.com\/editor\/futbol-club-barcelona-abrira-academia-oficial-en-colombia-con-respaldo-del-gobierno-del-nacional\/","name":"F\u00fatbol Club Barcelona abrir\u00e1 academia oficial en Colombia con respaldo del Gobierno del Nacional -","isPartOf":{"@id":"https:\/\/luchonoticias.com\/editor\/#website"},"primaryImageOfPage":{"@id":"https:\/\/luchonoticias.com\/editor\/futbol-club-barcelona-abrira-academia-oficial-en-colombia-con-respaldo-del-gobierno-del-nacional\/#primaryimage"},"image":{"@id":"https:\/\/luchonoticias.com\/editor\/futbol-club-barcelona-abrira-academia-oficial-en-colombia-con-respaldo-del-gobierno-del-nacional\/#primaryimage"},"thumbnailUrl":"https:\/\/luchonoticias.com\/wp-content\/uploads\/2022\/11\/WhatsApp-Image-2022-11-16-at-12.23.49-PM-2.jpeg","datePublished":"2022-11-16T21:41:23+00:00","dateModified":"2022-11-16T21:41:24+00:00","breadcrumb":{"@id":"https:\/\/luchonoticias.com\/editor\/futbol-club-barcelona-abrira-academia-oficial-en-colombia-con-respaldo-del-gobierno-del-nacional\/#breadcrumb"},"inLanguage":"es","potentialAction":[{"@type":"ReadAction","target":["https:\/\/luchonoticias.com\/editor\/futbol-club-barcelona-abrira-academia-oficial-en-colombia-con-respaldo-del-gobierno-del-nacional\/"]}]},{"@type":"ImageObject","inLanguage":"es","@id":"https:\/\/luchonoticias.com\/editor\/futbol-club-barcelona-abrira-academia-oficial-en-colombia-con-respaldo-del-gobierno-del-nacional\/#primaryimage","url":"https:\/\/luchonoticias.com\/wp-content\/uploads\/2022\/11\/WhatsApp-Image-2022-11-16-at-12.23.49-PM-2.jpeg","contentUrl":"https:\/\/luchonoticias.com\/wp-content\/uploads\/2022\/11\/WhatsApp-Image-2022-11-16-at-12.23.49-PM-2.jpeg"},{"@type":"BreadcrumbList","@id":"https:\/\/luchonoticias.com\/editor\/futbol-club-barcelona-abrira-academia-oficial-en-colombia-con-respaldo-del-gobierno-del-nacional\/#breadcrumb","itemListElement":[{"@type":"ListItem","position":1,"name":"Portada","item":"https:\/\/luchonoticias.com\/editor\/"},{"@type":"ListItem","position":2,"name":"F\u00fatbol Club Barcelona abrir\u00e1 academia oficial en Colombia con respaldo del Gobierno del Nacional"}]},{"@type":"WebSite","@id":"https:\/\/luchonoticias.com\/editor\/#website","url":"https:\/\/luchonoticias.com\/editor\/","name":"","description":"","publisher":{"@id":"https:\/\/luchonoticias.com\/editor\/#\/schema\/person\/7a7fd911f58561fd056dbac7b55af9cd"},"potentialAction":[{"@type":"SearchAction","target":{"@type":"EntryPoint","urlTemplate":"https:\/\/luchonoticias.com\/editor\/?s={search_term_string}"},"query-input":{"@type":"PropertyValueSpecification","valueRequired":true,"valueName":"search_term_string"}}],"inLanguage":"es"},{"@type":["Person","Organization"],"@id":"https:\/\/luchonoticias.com\/editor\/#\/schema\/person\/7a7fd911f58561fd056dbac7b55af9cd","name":"admin","image":{"@type":"ImageObject","inLanguage":"es","@id":"https:\/\/luchonoticias.com\/editor\/#\/schema\/person\/image\/","url":"https:\/\/luchonoticias.com\/editor\/wp-content\/uploads\/2024\/02\/cropped-cropped-logolu.webp","contentUrl":"https:\/\/luchonoticias.com\/editor\/wp-content\/uploads\/2024\/02\/cropped-cropped-logolu.webp","width":382,"height":170,"caption":"admin"},"logo":{"@id":"https:\/\/luchonoticias.com\/editor\/#\/schema\/person\/image\/"},"sameAs":["https:\/\/www.facebook.com\/luchonoticiasneiva"],"url":"https:\/\/luchonoticias.com\/editor\/author\/admin\/"}]}},"_links":{"self":[{"href":"https:\/\/luchonoticias.com\/editor\/wp-json\/wp\/v2\/posts\/39647","targetHints":{"allow":["GET"]}}],"collection":[{"href":"https:\/\/luchonoticias.com\/editor\/wp-json\/wp\/v2\/posts"}],"about":[{"href":"https:\/\/luchonoticias.com\/editor\/wp-json\/wp\/v2\/types\/post"}],"author":[{"embeddable":true,"href":"https:\/\/luchonoticias.com\/editor\/wp-json\/wp\/v2\/users\/1"}],"replies":[{"embeddable":true,"href":"https:\/\/luchonoticias.com\/editor\/wp-json\/wp\/v2\/comments?post=39647"}],"version-history":[{"count":0,"href":"https:\/\/luchonoticias.com\/editor\/wp-json\/wp\/v2\/posts\/39647\/revisions"}],"wp:attachment":[{"href":"https:\/\/luchonoticias.com\/editor\/wp-json\/wp\/v2\/media?parent=39647"}],"wp:term":[{"taxonomy":"category","embeddable":true,"href":"https:\/\/luchonoticias.com\/editor\/wp-json\/wp\/v2\/categories?post=39647"},{"taxonomy":"post_tag","embeddable":true,"href":"https:\/\/luchonoticias.com\/editor\/wp-json\/wp\/v2\/tags?post=39647"}],"curies":[{"name":"wp","href":"https:\/\/api.w.org\/{rel}","templated":true}]}}