{"id":39652,"date":"2022-11-16T17:01:48","date_gmt":"2022-11-16T22:01:48","guid":{"rendered":"https:\/\/luchonoticias.com\/?p=39652"},"modified":"2022-11-16T17:01:49","modified_gmt":"2022-11-16T22:01:49","slug":"en-consejo-de-seguridad-alcalde-gorky-exigio-atacar-con-firmeza-la-delincuencia-en-neiva","status":"publish","type":"post","link":"https:\/\/luchonoticias.com\/editor\/en-consejo-de-seguridad-alcalde-gorky-exigio-atacar-con-firmeza-la-delincuencia-en-neiva\/","title":{"rendered":"En Consejo de Seguridad alcalde Gorky exigi\u00f3 atacar con firmeza la delincuencia en Neiva"},"content":{"rendered":"\n<p>Con la presencia de la Fiscal\u00eda, Sij\u00edn, Dipol, Ej\u00e9rcito y Polic\u00eda Nacional, se desarroll\u00f3 un Consejo de Seguridad en el Comando de la Polic\u00eda, donde se socializaron nuevas estrategias para combatir la delincuencia que se viene presentando en el municipio de Neiva, donde el alcalde Gorky Mu\u00f1oz Calder\u00f3n, exigi\u00f3 a estos organismos atacar con mayor dureza los actos de criminalidad.<\/p>\n\n\n\n<p>\u201cA trav\u00e9s de decisiones integrales y consensuadas con el Ministerio P\u00fablico, Fiscal\u00eda CTI, Dipol, Sij\u00edn, Polic\u00eda Nacional y Ej\u00e9rcito, creamos esquemas que nos permitan atacar la delincuencia, por eso adem\u00e1s de conversar y hablar, el objetivo es que tengamos acciones que generen respuestas positivas a la tranquilidad de los neivanos. En este Consejo se han tocado temas y cuadros comparativos de estad\u00edsticas, que nos permiten tomar decisiones, y poder apreciar de c\u00f3mo vamos, y qu\u00e9 nos falta para mejorar la seguridad en Neiva\u201d, manifest\u00f3 el Alcalde de Neiva.<\/p>\n\n\n\n<figure class=\"wp-block-gallery has-nested-images columns-default is-cropped wp-block-gallery-1 is-layout-flex wp-block-gallery-is-layout-flex\">\n<figure class=\"wp-block-image size-large\"><img decoding=\"async\" data-id=\"39655\" src=\"https:\/\/luchonoticias.com\/wp-content\/uploads\/2022\/11\/WhatsApp-Image-2022-11-16-at-4.59.55-PM-1-1024x683.jpeg\" alt=\"\" class=\"wp-image-39655\"\/><\/figure>\n\n\n\n<figure class=\"wp-block-image size-large\"><img decoding=\"async\" data-id=\"39654\" src=\"https:\/\/luchonoticias.com\/wp-content\/uploads\/2022\/11\/WhatsApp-Image-2022-11-16-at-4.59.55-PM-2-1024x683.jpeg\" alt=\"\" class=\"wp-image-39654\"\/><\/figure>\n<\/figure>\n\n\n\n<p>Durante el Consejo de Seguridad, se definieron algunas herramientas que se necesitan para poder mejorar dicha preocupaci\u00f3n, como el instalar m\u00e1s c\u00e1maras de seguridad y alarmas que permitan prevenir. Adem\u00e1s, se pondr\u00e1 en marcha todo un esquema estrat\u00e9gico, donde los organismos de seguridad apoyar\u00e1n hasta el mes de diciembre, una temporada con \u00edndices altos en actos delincuenciales, esto con el objetivo de brindarle a los neivanos mayor tranquilidad y seguridad.<\/p>\n\n\n\n<p>El mandatario Gorky Mu\u00f1oz, manifest\u00f3 que \u201cm\u00e1s de tres mil capturas se han hecho y solamente el 20% de estas son efectivas. La idea es poder mejorar esta situaci\u00f3n y seguir trabajando contra la red de narcotr\u00e1fico y microtr\u00e1fico que hemos desarticulado, pero falta atacar a\u00fan m\u00e1s, y esto lo haremos a trav\u00e9s de esquemas que se requieren para ser m\u00e1s efectivos contra estos actos delincuenciales\u201d.<\/p>\n","protected":false},"excerpt":{"rendered":"<p>Con la presencia de la Fiscal\u00eda, Sij\u00edn, Dipol, Ej\u00e9rcito y Polic\u00eda Nacional, se desarroll\u00f3 un Consejo de Seguridad en el Comando de la Polic\u00eda, donde se socializaron nuevas estrategias para combatir la delincuencia que se viene presentando en el municipio de Neiva, donde el alcalde Gorky Mu\u00f1oz Calder\u00f3n, exigi\u00f3 a estos organismos atacar con mayor [&hellip;]<\/p>\n","protected":false},"author":1,"featured_media":0,"comment_status":"open","ping_status":"open","sticky":false,"template":"","format":"standard","meta":{"footnotes":""},"categories":[36,53],"tags":[],"class_list":["post-39652","post","type-post","status-publish","format-standard","hentry","category-destacado","category-neiva"],"yoast_head":"<!-- This site is optimized with the Yoast SEO plugin v26.6 - https:\/\/yoast.com\/wordpress\/plugins\/seo\/ -->\n<title>En Consejo de Seguridad alcalde Gorky exigi\u00f3 atacar con firmeza la delincuencia en Neiva -<\/title>\n<meta name=\"robots\" content=\"index, follow, max-snippet:-1, max-image-preview:large, max-video-preview:-1\" \/>\n<link rel=\"canonical\" href=\"https:\/\/luchonoticias.com\/editor\/en-consejo-de-seguridad-alcalde-gorky-exigio-atacar-con-firmeza-la-delincuencia-en-neiva\/\" \/>\n<meta property=\"og:locale\" content=\"es_ES\" \/>\n<meta property=\"og:type\" content=\"article\" \/>\n<meta property=\"og:title\" content=\"En Consejo de Seguridad alcalde Gorky exigi\u00f3 atacar con firmeza la delincuencia en Neiva -\" \/>\n<meta property=\"og:url\" content=\"https:\/\/luchonoticias.com\/editor\/en-consejo-de-seguridad-alcalde-gorky-exigio-atacar-con-firmeza-la-delincuencia-en-neiva\/\" \/>\n<meta property=\"article:publisher\" content=\"https:\/\/www.facebook.com\/luchonoticiasneiva\" \/>\n<meta property=\"article:author\" content=\"https:\/\/www.facebook.com\/luchonoticiasneiva\" \/>\n<meta property=\"article:published_time\" content=\"2022-11-16T22:01:48+00:00\" \/>\n<meta property=\"article:modified_time\" content=\"2022-11-16T22:01:49+00:00\" \/>\n<meta property=\"og:image\" content=\"https:\/\/luchonoticias.com\/wp-content\/uploads\/2022\/11\/WhatsApp-Image-2022-11-16-at-4.59.55-PM-1-1024x683.jpeg\" \/>\n<meta name=\"author\" content=\"admin\" \/>\n<meta name=\"twitter:card\" content=\"summary_large_image\" \/>\n<meta name=\"twitter:label1\" content=\"Escrito por\" \/>\n\t<meta name=\"twitter:data1\" content=\"admin\" \/>\n\t<meta name=\"twitter:label2\" content=\"Tiempo de lectura\" \/>\n\t<meta name=\"twitter:data2\" content=\"2 minutos\" \/>\n<script type=\"application\/ld+json\" class=\"yoast-schema-graph\">{\"@context\":\"https:\/\/schema.org\",\"@graph\":[{\"@type\":\"Article\",\"@id\":\"https:\/\/luchonoticias.com\/editor\/en-consejo-de-seguridad-alcalde-gorky-exigio-atacar-con-firmeza-la-delincuencia-en-neiva\/#article\",\"isPartOf\":{\"@id\":\"https:\/\/luchonoticias.com\/editor\/en-consejo-de-seguridad-alcalde-gorky-exigio-atacar-con-firmeza-la-delincuencia-en-neiva\/\"},\"author\":{\"name\":\"admin\",\"@id\":\"https:\/\/luchonoticias.com\/editor\/#\/schema\/person\/7a7fd911f58561fd056dbac7b55af9cd\"},\"headline\":\"En Consejo de Seguridad alcalde Gorky exigi\u00f3 atacar con firmeza la delincuencia en Neiva\",\"datePublished\":\"2022-11-16T22:01:48+00:00\",\"dateModified\":\"2022-11-16T22:01:49+00:00\",\"mainEntityOfPage\":{\"@id\":\"https:\/\/luchonoticias.com\/editor\/en-consejo-de-seguridad-alcalde-gorky-exigio-atacar-con-firmeza-la-delincuencia-en-neiva\/\"},\"wordCount\":328,\"commentCount\":0,\"publisher\":{\"@id\":\"https:\/\/luchonoticias.com\/editor\/#\/schema\/person\/7a7fd911f58561fd056dbac7b55af9cd\"},\"image\":{\"@id\":\"https:\/\/luchonoticias.com\/editor\/en-consejo-de-seguridad-alcalde-gorky-exigio-atacar-con-firmeza-la-delincuencia-en-neiva\/#primaryimage\"},\"thumbnailUrl\":\"https:\/\/luchonoticias.com\/wp-content\/uploads\/2022\/11\/WhatsApp-Image-2022-11-16-at-4.59.55-PM-1-1024x683.jpeg\",\"articleSection\":[\"Destacado\",\"Neiva\"],\"inLanguage\":\"es\",\"potentialAction\":[{\"@type\":\"CommentAction\",\"name\":\"Comment\",\"target\":[\"https:\/\/luchonoticias.com\/editor\/en-consejo-de-seguridad-alcalde-gorky-exigio-atacar-con-firmeza-la-delincuencia-en-neiva\/#respond\"]}]},{\"@type\":\"WebPage\",\"@id\":\"https:\/\/luchonoticias.com\/editor\/en-consejo-de-seguridad-alcalde-gorky-exigio-atacar-con-firmeza-la-delincuencia-en-neiva\/\",\"url\":\"https:\/\/luchonoticias.com\/editor\/en-consejo-de-seguridad-alcalde-gorky-exigio-atacar-con-firmeza-la-delincuencia-en-neiva\/\",\"name\":\"En Consejo de Seguridad alcalde Gorky exigi\u00f3 atacar con firmeza la delincuencia en Neiva -\",\"isPartOf\":{\"@id\":\"https:\/\/luchonoticias.com\/editor\/#website\"},\"primaryImageOfPage\":{\"@id\":\"https:\/\/luchonoticias.com\/editor\/en-consejo-de-seguridad-alcalde-gorky-exigio-atacar-con-firmeza-la-delincuencia-en-neiva\/#primaryimage\"},\"image\":{\"@id\":\"https:\/\/luchonoticias.com\/editor\/en-consejo-de-seguridad-alcalde-gorky-exigio-atacar-con-firmeza-la-delincuencia-en-neiva\/#primaryimage\"},\"thumbnailUrl\":\"https:\/\/luchonoticias.com\/wp-content\/uploads\/2022\/11\/WhatsApp-Image-2022-11-16-at-4.59.55-PM-1-1024x683.jpeg\",\"datePublished\":\"2022-11-16T22:01:48+00:00\",\"dateModified\":\"2022-11-16T22:01:49+00:00\",\"breadcrumb\":{\"@id\":\"https:\/\/luchonoticias.com\/editor\/en-consejo-de-seguridad-alcalde-gorky-exigio-atacar-con-firmeza-la-delincuencia-en-neiva\/#breadcrumb\"},\"inLanguage\":\"es\",\"potentialAction\":[{\"@type\":\"ReadAction\",\"target\":[\"https:\/\/luchonoticias.com\/editor\/en-consejo-de-seguridad-alcalde-gorky-exigio-atacar-con-firmeza-la-delincuencia-en-neiva\/\"]}]},{\"@type\":\"ImageObject\",\"inLanguage\":\"es\",\"@id\":\"https:\/\/luchonoticias.com\/editor\/en-consejo-de-seguridad-alcalde-gorky-exigio-atacar-con-firmeza-la-delincuencia-en-neiva\/#primaryimage\",\"url\":\"https:\/\/luchonoticias.com\/wp-content\/uploads\/2022\/11\/WhatsApp-Image-2022-11-16-at-4.59.55-PM-1-1024x683.jpeg\",\"contentUrl\":\"https:\/\/luchonoticias.com\/wp-content\/uploads\/2022\/11\/WhatsApp-Image-2022-11-16-at-4.59.55-PM-1-1024x683.jpeg\"},{\"@type\":\"BreadcrumbList\",\"@id\":\"https:\/\/luchonoticias.com\/editor\/en-consejo-de-seguridad-alcalde-gorky-exigio-atacar-con-firmeza-la-delincuencia-en-neiva\/#breadcrumb\",\"itemListElement\":[{\"@type\":\"ListItem\",\"position\":1,\"name\":\"Portada\",\"item\":\"https:\/\/luchonoticias.com\/editor\/\"},{\"@type\":\"ListItem\",\"position\":2,\"name\":\"En Consejo de Seguridad alcalde Gorky exigi\u00f3 atacar con firmeza la delincuencia en Neiva\"}]},{\"@type\":\"WebSite\",\"@id\":\"https:\/\/luchonoticias.com\/editor\/#website\",\"url\":\"https:\/\/luchonoticias.com\/editor\/\",\"name\":\"\",\"description\":\"\",\"publisher\":{\"@id\":\"https:\/\/luchonoticias.com\/editor\/#\/schema\/person\/7a7fd911f58561fd056dbac7b55af9cd\"},\"potentialAction\":[{\"@type\":\"SearchAction\",\"target\":{\"@type\":\"EntryPoint\",\"urlTemplate\":\"https:\/\/luchonoticias.com\/editor\/?s={search_term_string}\"},\"query-input\":{\"@type\":\"PropertyValueSpecification\",\"valueRequired\":true,\"valueName\":\"search_term_string\"}}],\"inLanguage\":\"es\"},{\"@type\":[\"Person\",\"Organization\"],\"@id\":\"https:\/\/luchonoticias.com\/editor\/#\/schema\/person\/7a7fd911f58561fd056dbac7b55af9cd\",\"name\":\"admin\",\"image\":{\"@type\":\"ImageObject\",\"inLanguage\":\"es\",\"@id\":\"https:\/\/luchonoticias.com\/editor\/#\/schema\/person\/image\/\",\"url\":\"https:\/\/luchonoticias.com\/editor\/wp-content\/uploads\/2024\/02\/cropped-cropped-logolu.webp\",\"contentUrl\":\"https:\/\/luchonoticias.com\/editor\/wp-content\/uploads\/2024\/02\/cropped-cropped-logolu.webp\",\"width\":382,\"height\":170,\"caption\":\"admin\"},\"logo\":{\"@id\":\"https:\/\/luchonoticias.com\/editor\/#\/schema\/person\/image\/\"},\"sameAs\":[\"https:\/\/www.facebook.com\/luchonoticiasneiva\"],\"url\":\"https:\/\/luchonoticias.com\/editor\/author\/admin\/\"}]}<\/script>\n<!-- \/ Yoast SEO plugin. -->","yoast_head_json":{"title":"En Consejo de Seguridad alcalde Gorky exigi\u00f3 atacar con firmeza la delincuencia en Neiva -","robots":{"index":"index","follow":"follow","max-snippet":"max-snippet:-1","max-image-preview":"max-image-preview:large","max-video-preview":"max-video-preview:-1"},"canonical":"https:\/\/luchonoticias.com\/editor\/en-consejo-de-seguridad-alcalde-gorky-exigio-atacar-con-firmeza-la-delincuencia-en-neiva\/","og_locale":"es_ES","og_type":"article","og_title":"En Consejo de Seguridad alcalde Gorky exigi\u00f3 atacar con firmeza la delincuencia en Neiva -","og_url":"https:\/\/luchonoticias.com\/editor\/en-consejo-de-seguridad-alcalde-gorky-exigio-atacar-con-firmeza-la-delincuencia-en-neiva\/","article_publisher":"https:\/\/www.facebook.com\/luchonoticiasneiva","article_author":"https:\/\/www.facebook.com\/luchonoticiasneiva","article_published_time":"2022-11-16T22:01:48+00:00","article_modified_time":"2022-11-16T22:01:49+00:00","og_image":[{"url":"https:\/\/luchonoticias.com\/wp-content\/uploads\/2022\/11\/WhatsApp-Image-2022-11-16-at-4.59.55-PM-1-1024x683.jpeg","type":"","width":"","height":""}],"author":"admin","twitter_card":"summary_large_image","twitter_misc":{"Escrito por":"admin","Tiempo de lectura":"2 minutos"},"schema":{"@context":"https:\/\/schema.org","@graph":[{"@type":"Article","@id":"https:\/\/luchonoticias.com\/editor\/en-consejo-de-seguridad-alcalde-gorky-exigio-atacar-con-firmeza-la-delincuencia-en-neiva\/#article","isPartOf":{"@id":"https:\/\/luchonoticias.com\/editor\/en-consejo-de-seguridad-alcalde-gorky-exigio-atacar-con-firmeza-la-delincuencia-en-neiva\/"},"author":{"name":"admin","@id":"https:\/\/luchonoticias.com\/editor\/#\/schema\/person\/7a7fd911f58561fd056dbac7b55af9cd"},"headline":"En Consejo de Seguridad alcalde Gorky exigi\u00f3 atacar con firmeza la delincuencia en Neiva","datePublished":"2022-11-16T22:01:48+00:00","dateModified":"2022-11-16T22:01:49+00:00","mainEntityOfPage":{"@id":"https:\/\/luchonoticias.com\/editor\/en-consejo-de-seguridad-alcalde-gorky-exigio-atacar-con-firmeza-la-delincuencia-en-neiva\/"},"wordCount":328,"commentCount":0,"publisher":{"@id":"https:\/\/luchonoticias.com\/editor\/#\/schema\/person\/7a7fd911f58561fd056dbac7b55af9cd"},"image":{"@id":"https:\/\/luchonoticias.com\/editor\/en-consejo-de-seguridad-alcalde-gorky-exigio-atacar-con-firmeza-la-delincuencia-en-neiva\/#primaryimage"},"thumbnailUrl":"https:\/\/luchonoticias.com\/wp-content\/uploads\/2022\/11\/WhatsApp-Image-2022-11-16-at-4.59.55-PM-1-1024x683.jpeg","articleSection":["Destacado","Neiva"],"inLanguage":"es","potentialAction":[{"@type":"CommentAction","name":"Comment","target":["https:\/\/luchonoticias.com\/editor\/en-consejo-de-seguridad-alcalde-gorky-exigio-atacar-con-firmeza-la-delincuencia-en-neiva\/#respond"]}]},{"@type":"WebPage","@id":"https:\/\/luchonoticias.com\/editor\/en-consejo-de-seguridad-alcalde-gorky-exigio-atacar-con-firmeza-la-delincuencia-en-neiva\/","url":"https:\/\/luchonoticias.com\/editor\/en-consejo-de-seguridad-alcalde-gorky-exigio-atacar-con-firmeza-la-delincuencia-en-neiva\/","name":"En Consejo de Seguridad alcalde Gorky exigi\u00f3 atacar con firmeza la delincuencia en Neiva -","isPartOf":{"@id":"https:\/\/luchonoticias.com\/editor\/#website"},"primaryImageOfPage":{"@id":"https:\/\/luchonoticias.com\/editor\/en-consejo-de-seguridad-alcalde-gorky-exigio-atacar-con-firmeza-la-delincuencia-en-neiva\/#primaryimage"},"image":{"@id":"https:\/\/luchonoticias.com\/editor\/en-consejo-de-seguridad-alcalde-gorky-exigio-atacar-con-firmeza-la-delincuencia-en-neiva\/#primaryimage"},"thumbnailUrl":"https:\/\/luchonoticias.com\/wp-content\/uploads\/2022\/11\/WhatsApp-Image-2022-11-16-at-4.59.55-PM-1-1024x683.jpeg","datePublished":"2022-11-16T22:01:48+00:00","dateModified":"2022-11-16T22:01:49+00:00","breadcrumb":{"@id":"https:\/\/luchonoticias.com\/editor\/en-consejo-de-seguridad-alcalde-gorky-exigio-atacar-con-firmeza-la-delincuencia-en-neiva\/#breadcrumb"},"inLanguage":"es","potentialAction":[{"@type":"ReadAction","target":["https:\/\/luchonoticias.com\/editor\/en-consejo-de-seguridad-alcalde-gorky-exigio-atacar-con-firmeza-la-delincuencia-en-neiva\/"]}]},{"@type":"ImageObject","inLanguage":"es","@id":"https:\/\/luchonoticias.com\/editor\/en-consejo-de-seguridad-alcalde-gorky-exigio-atacar-con-firmeza-la-delincuencia-en-neiva\/#primaryimage","url":"https:\/\/luchonoticias.com\/wp-content\/uploads\/2022\/11\/WhatsApp-Image-2022-11-16-at-4.59.55-PM-1-1024x683.jpeg","contentUrl":"https:\/\/luchonoticias.com\/wp-content\/uploads\/2022\/11\/WhatsApp-Image-2022-11-16-at-4.59.55-PM-1-1024x683.jpeg"},{"@type":"BreadcrumbList","@id":"https:\/\/luchonoticias.com\/editor\/en-consejo-de-seguridad-alcalde-gorky-exigio-atacar-con-firmeza-la-delincuencia-en-neiva\/#breadcrumb","itemListElement":[{"@type":"ListItem","position":1,"name":"Portada","item":"https:\/\/luchonoticias.com\/editor\/"},{"@type":"ListItem","position":2,"name":"En Consejo de Seguridad alcalde Gorky exigi\u00f3 atacar con firmeza la delincuencia en Neiva"}]},{"@type":"WebSite","@id":"https:\/\/luchonoticias.com\/editor\/#website","url":"https:\/\/luchonoticias.com\/editor\/","name":"","description":"","publisher":{"@id":"https:\/\/luchonoticias.com\/editor\/#\/schema\/person\/7a7fd911f58561fd056dbac7b55af9cd"},"potentialAction":[{"@type":"SearchAction","target":{"@type":"EntryPoint","urlTemplate":"https:\/\/luchonoticias.com\/editor\/?s={search_term_string}"},"query-input":{"@type":"PropertyValueSpecification","valueRequired":true,"valueName":"search_term_string"}}],"inLanguage":"es"},{"@type":["Person","Organization"],"@id":"https:\/\/luchonoticias.com\/editor\/#\/schema\/person\/7a7fd911f58561fd056dbac7b55af9cd","name":"admin","image":{"@type":"ImageObject","inLanguage":"es","@id":"https:\/\/luchonoticias.com\/editor\/#\/schema\/person\/image\/","url":"https:\/\/luchonoticias.com\/editor\/wp-content\/uploads\/2024\/02\/cropped-cropped-logolu.webp","contentUrl":"https:\/\/luchonoticias.com\/editor\/wp-content\/uploads\/2024\/02\/cropped-cropped-logolu.webp","width":382,"height":170,"caption":"admin"},"logo":{"@id":"https:\/\/luchonoticias.com\/editor\/#\/schema\/person\/image\/"},"sameAs":["https:\/\/www.facebook.com\/luchonoticiasneiva"],"url":"https:\/\/luchonoticias.com\/editor\/author\/admin\/"}]}},"_links":{"self":[{"href":"https:\/\/luchonoticias.com\/editor\/wp-json\/wp\/v2\/posts\/39652","targetHints":{"allow":["GET"]}}],"collection":[{"href":"https:\/\/luchonoticias.com\/editor\/wp-json\/wp\/v2\/posts"}],"about":[{"href":"https:\/\/luchonoticias.com\/editor\/wp-json\/wp\/v2\/types\/post"}],"author":[{"embeddable":true,"href":"https:\/\/luchonoticias.com\/editor\/wp-json\/wp\/v2\/users\/1"}],"replies":[{"embeddable":true,"href":"https:\/\/luchonoticias.com\/editor\/wp-json\/wp\/v2\/comments?post=39652"}],"version-history":[{"count":0,"href":"https:\/\/luchonoticias.com\/editor\/wp-json\/wp\/v2\/posts\/39652\/revisions"}],"wp:attachment":[{"href":"https:\/\/luchonoticias.com\/editor\/wp-json\/wp\/v2\/media?parent=39652"}],"wp:term":[{"taxonomy":"category","embeddable":true,"href":"https:\/\/luchonoticias.com\/editor\/wp-json\/wp\/v2\/categories?post=39652"},{"taxonomy":"post_tag","embeddable":true,"href":"https:\/\/luchonoticias.com\/editor\/wp-json\/wp\/v2\/tags?post=39652"}],"curies":[{"name":"wp","href":"https:\/\/api.w.org\/{rel}","templated":true}]}}