{"id":39660,"date":"2022-11-16T17:33:08","date_gmt":"2022-11-16T22:33:08","guid":{"rendered":"https:\/\/luchonoticias.com\/?p=39660"},"modified":"2022-11-16T17:33:09","modified_gmt":"2022-11-16T22:33:09","slug":"minjusticia-autoriza-creacion-del-primer-centro-de-conciliacion-del-sector-financiero","status":"publish","type":"post","link":"https:\/\/luchonoticias.com\/editor\/minjusticia-autoriza-creacion-del-primer-centro-de-conciliacion-del-sector-financiero\/","title":{"rendered":"MinJusticia autoriza creaci\u00f3n del primer centro de conciliaci\u00f3n del sector financiero"},"content":{"rendered":"\n<p>El Ministerio de Justicia y del Derecho, a trav\u00e9s de la Resoluci\u00f3n 2074 del 8 de noviembre de 2022, autoriz\u00f3 la creaci\u00f3n del Centro de Conciliaci\u00f3n de la Superintendencia Financiera de Colombia, el primer espacio de conciliaci\u00f3n para resolver de manera gratuita los problemas entre usuarios y sector financiero, lo que constituye un hito para el Gobierno del presidente Gustavo Petro en sus primeros 100 d\u00edas de mandato.<\/p>\n\n\n\n<p>Este nuevo centro contribuir\u00e1 a la soluci\u00f3n de las controversias entre los ciudadanos y las entidades vigiladas por la Superfinanciera, en los conflictos establecidos en el art\u00edculo 57 de la Ley 1480 de 2011, m\u00e1s conocido como Estatuto del Consumidor.<\/p>\n\n\n\n<p>Una de las mayores apuestas de la cartera que lidera N\u00e9stor Iv\u00e1n Osuna Pati\u00f1o es que todas las personas comprendan la importancia del di\u00e1logo y la soluci\u00f3n de sus conflictos a trav\u00e9s de la conciliaci\u00f3n, antes de acudir a los jueces de la Rep\u00fablica. Lo que se busca es que este nuevo centro de conciliaci\u00f3n posicione dicho mecanismo como la principal alternativa de acceso a la justicia para la construcci\u00f3n de una cultura de paz encaminada a garantizar la convivencia pac\u00edfica en todo el territorio nacional.<\/p>\n\n\n\n<p>En cuanto a infraestructura, el nuevo centro de conciliaci\u00f3n (ubicado en la calle 7 No. 4-49 de Bogot\u00e1) contar\u00e1 con instalaciones de primer nivel y ofrecer\u00e1 a la ciudadan\u00eda seis salas de audiencias, una de espera interna y otra externa. Adem\u00e1s, pondr\u00e1 a disposici\u00f3n del p\u00fablico conciliadores con experiencia y conocimiento en el sector financiero y tendr\u00e1 cobertura nacional de manera presencial y virtual.<\/p>\n\n\n\n<p>Con la puesta en funcionamiento del centro de conciliaci\u00f3n, el pasado 8 de noviembre, se espera combatir la congesti\u00f3n de la justicia ordinaria, particularmente de los juzgados civiles.<\/p>\n","protected":false},"excerpt":{"rendered":"<p>El Ministerio de Justicia y del Derecho, a trav\u00e9s de la Resoluci\u00f3n 2074 del 8 de noviembre de 2022, autoriz\u00f3 la creaci\u00f3n del Centro de Conciliaci\u00f3n de la Superintendencia Financiera de Colombia, el primer espacio de conciliaci\u00f3n para resolver de manera gratuita los problemas entre usuarios y sector financiero, lo que constituye un hito para [&hellip;]<\/p>\n","protected":false},"author":1,"featured_media":0,"comment_status":"open","ping_status":"open","sticky":false,"template":"","format":"standard","meta":{"footnotes":""},"categories":[36,32],"tags":[],"class_list":["post-39660","post","type-post","status-publish","format-standard","hentry","category-destacado","category-nacional"],"yoast_head":"<!-- This site is optimized with the Yoast SEO plugin v26.6 - https:\/\/yoast.com\/wordpress\/plugins\/seo\/ -->\n<title>MinJusticia autoriza creaci\u00f3n del primer centro de conciliaci\u00f3n del sector financiero -<\/title>\n<meta name=\"robots\" content=\"index, follow, max-snippet:-1, max-image-preview:large, max-video-preview:-1\" \/>\n<link rel=\"canonical\" href=\"https:\/\/luchonoticias.com\/editor\/minjusticia-autoriza-creacion-del-primer-centro-de-conciliacion-del-sector-financiero\/\" \/>\n<meta property=\"og:locale\" content=\"es_ES\" \/>\n<meta property=\"og:type\" content=\"article\" \/>\n<meta property=\"og:title\" content=\"MinJusticia autoriza creaci\u00f3n del primer centro de conciliaci\u00f3n del sector financiero -\" \/>\n<meta property=\"og:url\" content=\"https:\/\/luchonoticias.com\/editor\/minjusticia-autoriza-creacion-del-primer-centro-de-conciliacion-del-sector-financiero\/\" \/>\n<meta property=\"article:publisher\" content=\"https:\/\/www.facebook.com\/luchonoticiasneiva\" \/>\n<meta property=\"article:author\" content=\"https:\/\/www.facebook.com\/luchonoticiasneiva\" \/>\n<meta property=\"article:published_time\" content=\"2022-11-16T22:33:08+00:00\" \/>\n<meta property=\"article:modified_time\" content=\"2022-11-16T22:33:09+00:00\" \/>\n<meta name=\"author\" content=\"admin\" \/>\n<meta name=\"twitter:card\" content=\"summary_large_image\" \/>\n<meta name=\"twitter:label1\" content=\"Escrito por\" \/>\n\t<meta name=\"twitter:data1\" content=\"admin\" \/>\n\t<meta name=\"twitter:label2\" content=\"Tiempo de lectura\" \/>\n\t<meta name=\"twitter:data2\" content=\"2 minutos\" \/>\n<script type=\"application\/ld+json\" class=\"yoast-schema-graph\">{\"@context\":\"https:\/\/schema.org\",\"@graph\":[{\"@type\":\"Article\",\"@id\":\"https:\/\/luchonoticias.com\/editor\/minjusticia-autoriza-creacion-del-primer-centro-de-conciliacion-del-sector-financiero\/#article\",\"isPartOf\":{\"@id\":\"https:\/\/luchonoticias.com\/editor\/minjusticia-autoriza-creacion-del-primer-centro-de-conciliacion-del-sector-financiero\/\"},\"author\":{\"name\":\"admin\",\"@id\":\"https:\/\/luchonoticias.com\/editor\/#\/schema\/person\/7a7fd911f58561fd056dbac7b55af9cd\"},\"headline\":\"MinJusticia autoriza creaci\u00f3n del primer centro de conciliaci\u00f3n del sector financiero\",\"datePublished\":\"2022-11-16T22:33:08+00:00\",\"dateModified\":\"2022-11-16T22:33:09+00:00\",\"mainEntityOfPage\":{\"@id\":\"https:\/\/luchonoticias.com\/editor\/minjusticia-autoriza-creacion-del-primer-centro-de-conciliacion-del-sector-financiero\/\"},\"wordCount\":317,\"commentCount\":0,\"publisher\":{\"@id\":\"https:\/\/luchonoticias.com\/editor\/#\/schema\/person\/7a7fd911f58561fd056dbac7b55af9cd\"},\"articleSection\":[\"Destacado\",\"Nacional\"],\"inLanguage\":\"es\",\"potentialAction\":[{\"@type\":\"CommentAction\",\"name\":\"Comment\",\"target\":[\"https:\/\/luchonoticias.com\/editor\/minjusticia-autoriza-creacion-del-primer-centro-de-conciliacion-del-sector-financiero\/#respond\"]}]},{\"@type\":\"WebPage\",\"@id\":\"https:\/\/luchonoticias.com\/editor\/minjusticia-autoriza-creacion-del-primer-centro-de-conciliacion-del-sector-financiero\/\",\"url\":\"https:\/\/luchonoticias.com\/editor\/minjusticia-autoriza-creacion-del-primer-centro-de-conciliacion-del-sector-financiero\/\",\"name\":\"MinJusticia autoriza creaci\u00f3n del primer centro de conciliaci\u00f3n del sector financiero -\",\"isPartOf\":{\"@id\":\"https:\/\/luchonoticias.com\/editor\/#website\"},\"datePublished\":\"2022-11-16T22:33:08+00:00\",\"dateModified\":\"2022-11-16T22:33:09+00:00\",\"breadcrumb\":{\"@id\":\"https:\/\/luchonoticias.com\/editor\/minjusticia-autoriza-creacion-del-primer-centro-de-conciliacion-del-sector-financiero\/#breadcrumb\"},\"inLanguage\":\"es\",\"potentialAction\":[{\"@type\":\"ReadAction\",\"target\":[\"https:\/\/luchonoticias.com\/editor\/minjusticia-autoriza-creacion-del-primer-centro-de-conciliacion-del-sector-financiero\/\"]}]},{\"@type\":\"BreadcrumbList\",\"@id\":\"https:\/\/luchonoticias.com\/editor\/minjusticia-autoriza-creacion-del-primer-centro-de-conciliacion-del-sector-financiero\/#breadcrumb\",\"itemListElement\":[{\"@type\":\"ListItem\",\"position\":1,\"name\":\"Portada\",\"item\":\"https:\/\/luchonoticias.com\/editor\/\"},{\"@type\":\"ListItem\",\"position\":2,\"name\":\"MinJusticia autoriza creaci\u00f3n del primer centro de conciliaci\u00f3n del sector financiero\"}]},{\"@type\":\"WebSite\",\"@id\":\"https:\/\/luchonoticias.com\/editor\/#website\",\"url\":\"https:\/\/luchonoticias.com\/editor\/\",\"name\":\"\",\"description\":\"\",\"publisher\":{\"@id\":\"https:\/\/luchonoticias.com\/editor\/#\/schema\/person\/7a7fd911f58561fd056dbac7b55af9cd\"},\"potentialAction\":[{\"@type\":\"SearchAction\",\"target\":{\"@type\":\"EntryPoint\",\"urlTemplate\":\"https:\/\/luchonoticias.com\/editor\/?s={search_term_string}\"},\"query-input\":{\"@type\":\"PropertyValueSpecification\",\"valueRequired\":true,\"valueName\":\"search_term_string\"}}],\"inLanguage\":\"es\"},{\"@type\":[\"Person\",\"Organization\"],\"@id\":\"https:\/\/luchonoticias.com\/editor\/#\/schema\/person\/7a7fd911f58561fd056dbac7b55af9cd\",\"name\":\"admin\",\"image\":{\"@type\":\"ImageObject\",\"inLanguage\":\"es\",\"@id\":\"https:\/\/luchonoticias.com\/editor\/#\/schema\/person\/image\/\",\"url\":\"https:\/\/luchonoticias.com\/editor\/wp-content\/uploads\/2024\/02\/cropped-cropped-logolu.webp\",\"contentUrl\":\"https:\/\/luchonoticias.com\/editor\/wp-content\/uploads\/2024\/02\/cropped-cropped-logolu.webp\",\"width\":382,\"height\":170,\"caption\":\"admin\"},\"logo\":{\"@id\":\"https:\/\/luchonoticias.com\/editor\/#\/schema\/person\/image\/\"},\"sameAs\":[\"https:\/\/www.facebook.com\/luchonoticiasneiva\"],\"url\":\"https:\/\/luchonoticias.com\/editor\/author\/admin\/\"}]}<\/script>\n<!-- \/ Yoast SEO plugin. -->","yoast_head_json":{"title":"MinJusticia autoriza creaci\u00f3n del primer centro de conciliaci\u00f3n del sector financiero -","robots":{"index":"index","follow":"follow","max-snippet":"max-snippet:-1","max-image-preview":"max-image-preview:large","max-video-preview":"max-video-preview:-1"},"canonical":"https:\/\/luchonoticias.com\/editor\/minjusticia-autoriza-creacion-del-primer-centro-de-conciliacion-del-sector-financiero\/","og_locale":"es_ES","og_type":"article","og_title":"MinJusticia autoriza creaci\u00f3n del primer centro de conciliaci\u00f3n del sector financiero -","og_url":"https:\/\/luchonoticias.com\/editor\/minjusticia-autoriza-creacion-del-primer-centro-de-conciliacion-del-sector-financiero\/","article_publisher":"https:\/\/www.facebook.com\/luchonoticiasneiva","article_author":"https:\/\/www.facebook.com\/luchonoticiasneiva","article_published_time":"2022-11-16T22:33:08+00:00","article_modified_time":"2022-11-16T22:33:09+00:00","author":"admin","twitter_card":"summary_large_image","twitter_misc":{"Escrito por":"admin","Tiempo de lectura":"2 minutos"},"schema":{"@context":"https:\/\/schema.org","@graph":[{"@type":"Article","@id":"https:\/\/luchonoticias.com\/editor\/minjusticia-autoriza-creacion-del-primer-centro-de-conciliacion-del-sector-financiero\/#article","isPartOf":{"@id":"https:\/\/luchonoticias.com\/editor\/minjusticia-autoriza-creacion-del-primer-centro-de-conciliacion-del-sector-financiero\/"},"author":{"name":"admin","@id":"https:\/\/luchonoticias.com\/editor\/#\/schema\/person\/7a7fd911f58561fd056dbac7b55af9cd"},"headline":"MinJusticia autoriza creaci\u00f3n del primer centro de conciliaci\u00f3n del sector financiero","datePublished":"2022-11-16T22:33:08+00:00","dateModified":"2022-11-16T22:33:09+00:00","mainEntityOfPage":{"@id":"https:\/\/luchonoticias.com\/editor\/minjusticia-autoriza-creacion-del-primer-centro-de-conciliacion-del-sector-financiero\/"},"wordCount":317,"commentCount":0,"publisher":{"@id":"https:\/\/luchonoticias.com\/editor\/#\/schema\/person\/7a7fd911f58561fd056dbac7b55af9cd"},"articleSection":["Destacado","Nacional"],"inLanguage":"es","potentialAction":[{"@type":"CommentAction","name":"Comment","target":["https:\/\/luchonoticias.com\/editor\/minjusticia-autoriza-creacion-del-primer-centro-de-conciliacion-del-sector-financiero\/#respond"]}]},{"@type":"WebPage","@id":"https:\/\/luchonoticias.com\/editor\/minjusticia-autoriza-creacion-del-primer-centro-de-conciliacion-del-sector-financiero\/","url":"https:\/\/luchonoticias.com\/editor\/minjusticia-autoriza-creacion-del-primer-centro-de-conciliacion-del-sector-financiero\/","name":"MinJusticia autoriza creaci\u00f3n del primer centro de conciliaci\u00f3n del sector financiero -","isPartOf":{"@id":"https:\/\/luchonoticias.com\/editor\/#website"},"datePublished":"2022-11-16T22:33:08+00:00","dateModified":"2022-11-16T22:33:09+00:00","breadcrumb":{"@id":"https:\/\/luchonoticias.com\/editor\/minjusticia-autoriza-creacion-del-primer-centro-de-conciliacion-del-sector-financiero\/#breadcrumb"},"inLanguage":"es","potentialAction":[{"@type":"ReadAction","target":["https:\/\/luchonoticias.com\/editor\/minjusticia-autoriza-creacion-del-primer-centro-de-conciliacion-del-sector-financiero\/"]}]},{"@type":"BreadcrumbList","@id":"https:\/\/luchonoticias.com\/editor\/minjusticia-autoriza-creacion-del-primer-centro-de-conciliacion-del-sector-financiero\/#breadcrumb","itemListElement":[{"@type":"ListItem","position":1,"name":"Portada","item":"https:\/\/luchonoticias.com\/editor\/"},{"@type":"ListItem","position":2,"name":"MinJusticia autoriza creaci\u00f3n del primer centro de conciliaci\u00f3n del sector financiero"}]},{"@type":"WebSite","@id":"https:\/\/luchonoticias.com\/editor\/#website","url":"https:\/\/luchonoticias.com\/editor\/","name":"","description":"","publisher":{"@id":"https:\/\/luchonoticias.com\/editor\/#\/schema\/person\/7a7fd911f58561fd056dbac7b55af9cd"},"potentialAction":[{"@type":"SearchAction","target":{"@type":"EntryPoint","urlTemplate":"https:\/\/luchonoticias.com\/editor\/?s={search_term_string}"},"query-input":{"@type":"PropertyValueSpecification","valueRequired":true,"valueName":"search_term_string"}}],"inLanguage":"es"},{"@type":["Person","Organization"],"@id":"https:\/\/luchonoticias.com\/editor\/#\/schema\/person\/7a7fd911f58561fd056dbac7b55af9cd","name":"admin","image":{"@type":"ImageObject","inLanguage":"es","@id":"https:\/\/luchonoticias.com\/editor\/#\/schema\/person\/image\/","url":"https:\/\/luchonoticias.com\/editor\/wp-content\/uploads\/2024\/02\/cropped-cropped-logolu.webp","contentUrl":"https:\/\/luchonoticias.com\/editor\/wp-content\/uploads\/2024\/02\/cropped-cropped-logolu.webp","width":382,"height":170,"caption":"admin"},"logo":{"@id":"https:\/\/luchonoticias.com\/editor\/#\/schema\/person\/image\/"},"sameAs":["https:\/\/www.facebook.com\/luchonoticiasneiva"],"url":"https:\/\/luchonoticias.com\/editor\/author\/admin\/"}]}},"_links":{"self":[{"href":"https:\/\/luchonoticias.com\/editor\/wp-json\/wp\/v2\/posts\/39660","targetHints":{"allow":["GET"]}}],"collection":[{"href":"https:\/\/luchonoticias.com\/editor\/wp-json\/wp\/v2\/posts"}],"about":[{"href":"https:\/\/luchonoticias.com\/editor\/wp-json\/wp\/v2\/types\/post"}],"author":[{"embeddable":true,"href":"https:\/\/luchonoticias.com\/editor\/wp-json\/wp\/v2\/users\/1"}],"replies":[{"embeddable":true,"href":"https:\/\/luchonoticias.com\/editor\/wp-json\/wp\/v2\/comments?post=39660"}],"version-history":[{"count":0,"href":"https:\/\/luchonoticias.com\/editor\/wp-json\/wp\/v2\/posts\/39660\/revisions"}],"wp:attachment":[{"href":"https:\/\/luchonoticias.com\/editor\/wp-json\/wp\/v2\/media?parent=39660"}],"wp:term":[{"taxonomy":"category","embeddable":true,"href":"https:\/\/luchonoticias.com\/editor\/wp-json\/wp\/v2\/categories?post=39660"},{"taxonomy":"post_tag","embeddable":true,"href":"https:\/\/luchonoticias.com\/editor\/wp-json\/wp\/v2\/tags?post=39660"}],"curies":[{"name":"wp","href":"https:\/\/api.w.org\/{rel}","templated":true}]}}