{"id":39663,"date":"2022-11-17T06:24:26","date_gmt":"2022-11-17T11:24:26","guid":{"rendered":"https:\/\/luchonoticias.com\/?p=39663"},"modified":"2022-11-17T06:24:27","modified_gmt":"2022-11-17T11:24:27","slug":"a-partir-de-diciembre-famisanar-contratara-con-la-ese-municipal","status":"publish","type":"post","link":"https:\/\/luchonoticias.com\/editor\/a-partir-de-diciembre-famisanar-contratara-con-la-ese-municipal\/","title":{"rendered":"A partir de diciembre FAMISANAR contratar\u00e1 con la ESE Municipal"},"content":{"rendered":"\n<p>Con el \u00e1nimo de que las personas que habitan en Neiva y est\u00e1n afiliadas a la EPS Famisanar tengan una atenci\u00f3n oportuna en el primer nivel de salud, la Alcald\u00eda le hizo un llamado a los directivos de esa entidad para que definan la contrataci\u00f3n con la ESE Municipal, como lo define la norma del Gobierno Nacional.<\/p>\n\n\n\n<p>Por ello con el objetivo de llegar a un acuerdo de contrataci\u00f3n antes de que termine el a\u00f1o, se reunieron en la Secretar\u00eda de Salud de Neiva los representantes de Famisanar, la Superintendencia Salud, el Gerente de la ESE \u2018Carmen Emilia Ospina\u2019 y veedores de salud, para dejar claros los compromisos y no dilatar m\u00e1s el proceso de contrataci\u00f3n, que se viene negociando desde el mes de marzo de este a\u00f1o.<\/p>\n\n\n\n<figure class=\"wp-block-gallery has-nested-images columns-default is-cropped wp-block-gallery-1 is-layout-flex wp-block-gallery-is-layout-flex\">\n<figure class=\"wp-block-image size-large\"><img decoding=\"async\" data-id=\"39665\" src=\"https:\/\/luchonoticias.com\/wp-content\/uploads\/2022\/11\/WhatsApp-Image-2022-11-16-at-4.44.08-PM-1024x768.jpeg\" alt=\"\" class=\"wp-image-39665\"\/><\/figure>\n\n\n\n<figure class=\"wp-block-image size-large\"><img decoding=\"async\" data-id=\"39666\" src=\"https:\/\/luchonoticias.com\/wp-content\/uploads\/2022\/11\/WhatsApp-Image-2022-11-16-at-4.44.07-PM-1024x768.jpeg\" alt=\"\" class=\"wp-image-39666\"\/><\/figure>\n<\/figure>\n\n\n\n<p>Y es que las dificultades que est\u00e1n pasando los usuarios no son pocas, llegan a los centros de salud de la ESE \u2018Carmen Emilia Ospina\u2019 pero como a\u00fan no se ha definido la contrataci\u00f3n, ni se han adquirido compromisos, no se les puede atender por consulta externa, solamente por urgencias, lo que ha creado insatisfacci\u00f3n entre los afiliados.<\/p>\n\n\n\n<p>\u201cPor negligencia de Famisanar no se ha podido llevar a cabo la contrataci\u00f3n, ellos tienen contrato con otra entidad que los va a dejar de atender el 30 de noviembre, y toda esa poblaci\u00f3n va a quedar desamparada. La ESE \u2018Carmen Emilia Ospina\u2019 ha venido negociando con ellos desde el mes de marzo, pero no ha sido posible llegar a ning\u00fan acuerdo. Por ello es importante que cumplan los compromisos para que no se afecte la poblaci\u00f3n\u201d, expres\u00f3 el presidente de la Red Departamental de Veedur\u00edas de Salud, Crist\u00f3bal Fernando Castro Moreno.<\/p>\n\n\n\n<p>Por su parte la secretaria de Salud de Neiva, Georgina Ramos Fl\u00f3rez, se\u00f1al\u00f3 la importancia de que varias entidades se hayan reunido para definir los compromisos y poder llegar a un acuerdo que beneficie a los usuarios de Famisanar.<\/p>\n\n\n\n<figure class=\"wp-block-image size-large is-style-rounded\"><img decoding=\"async\" src=\"https:\/\/luchonoticias.com\/wp-content\/uploads\/2022\/11\/WhatsApp-Image-2022-11-16-at-4.44.08-PM-1-1024x768.jpeg\" alt=\"\" class=\"wp-image-39667\"\/><\/figure>\n\n\n\n<p>\u201cEs muy importante que se re\u00fanan todos los actores, en donde hemos llegado a un acuerdo y es que a partir del primero de diciembre se va a contratar el 60% de los usuarios con la Red P\u00fablica, como lo indica la norma y el 40% con la Red Privada. Debemos exigirles porque hemos tenido muchos requerimientos y tutelas por ese problema que no definen la contrataci\u00f3n. Por ello celebro que en esta reuni\u00f3n pudi\u00e9ramos llegar a ese acuerdo\u201d, se\u00f1al\u00f3 Ramos Fl\u00f3rez.<\/p>\n","protected":false},"excerpt":{"rendered":"<p>Con el \u00e1nimo de que las personas que habitan en Neiva y est\u00e1n afiliadas a la EPS Famisanar tengan una atenci\u00f3n oportuna en el primer nivel de salud, la Alcald\u00eda le hizo un llamado a los directivos de esa entidad para que definan la contrataci\u00f3n con la ESE Municipal, como lo define la norma del [&hellip;]<\/p>\n","protected":false},"author":1,"featured_media":0,"comment_status":"open","ping_status":"open","sticky":false,"template":"","format":"standard","meta":{"footnotes":""},"categories":[36,53],"tags":[],"class_list":["post-39663","post","type-post","status-publish","format-standard","hentry","category-destacado","category-neiva"],"yoast_head":"<!-- This site is optimized with the Yoast SEO plugin v26.6 - https:\/\/yoast.com\/wordpress\/plugins\/seo\/ -->\n<title>A partir de diciembre FAMISANAR contratar\u00e1 con la ESE Municipal -<\/title>\n<meta name=\"robots\" content=\"index, follow, max-snippet:-1, max-image-preview:large, max-video-preview:-1\" \/>\n<link rel=\"canonical\" href=\"https:\/\/luchonoticias.com\/editor\/a-partir-de-diciembre-famisanar-contratara-con-la-ese-municipal\/\" \/>\n<meta property=\"og:locale\" content=\"es_ES\" \/>\n<meta property=\"og:type\" content=\"article\" \/>\n<meta property=\"og:title\" content=\"A partir de diciembre FAMISANAR contratar\u00e1 con la ESE Municipal -\" \/>\n<meta property=\"og:url\" content=\"https:\/\/luchonoticias.com\/editor\/a-partir-de-diciembre-famisanar-contratara-con-la-ese-municipal\/\" \/>\n<meta property=\"article:publisher\" content=\"https:\/\/www.facebook.com\/luchonoticiasneiva\" \/>\n<meta property=\"article:author\" content=\"https:\/\/www.facebook.com\/luchonoticiasneiva\" \/>\n<meta property=\"article:published_time\" content=\"2022-11-17T11:24:26+00:00\" \/>\n<meta property=\"article:modified_time\" content=\"2022-11-17T11:24:27+00:00\" \/>\n<meta property=\"og:image\" content=\"https:\/\/luchonoticias.com\/wp-content\/uploads\/2022\/11\/WhatsApp-Image-2022-11-16-at-4.44.08-PM-1024x768.jpeg\" \/>\n<meta name=\"author\" content=\"admin\" \/>\n<meta name=\"twitter:card\" content=\"summary_large_image\" \/>\n<meta name=\"twitter:label1\" content=\"Escrito por\" \/>\n\t<meta name=\"twitter:data1\" content=\"admin\" \/>\n\t<meta name=\"twitter:label2\" content=\"Tiempo de lectura\" \/>\n\t<meta name=\"twitter:data2\" content=\"2 minutos\" \/>\n<script type=\"application\/ld+json\" class=\"yoast-schema-graph\">{\"@context\":\"https:\/\/schema.org\",\"@graph\":[{\"@type\":\"Article\",\"@id\":\"https:\/\/luchonoticias.com\/editor\/a-partir-de-diciembre-famisanar-contratara-con-la-ese-municipal\/#article\",\"isPartOf\":{\"@id\":\"https:\/\/luchonoticias.com\/editor\/a-partir-de-diciembre-famisanar-contratara-con-la-ese-municipal\/\"},\"author\":{\"name\":\"admin\",\"@id\":\"https:\/\/luchonoticias.com\/editor\/#\/schema\/person\/7a7fd911f58561fd056dbac7b55af9cd\"},\"headline\":\"A partir de diciembre FAMISANAR contratar\u00e1 con la ESE Municipal\",\"datePublished\":\"2022-11-17T11:24:26+00:00\",\"dateModified\":\"2022-11-17T11:24:27+00:00\",\"mainEntityOfPage\":{\"@id\":\"https:\/\/luchonoticias.com\/editor\/a-partir-de-diciembre-famisanar-contratara-con-la-ese-municipal\/\"},\"wordCount\":435,\"commentCount\":0,\"publisher\":{\"@id\":\"https:\/\/luchonoticias.com\/editor\/#\/schema\/person\/7a7fd911f58561fd056dbac7b55af9cd\"},\"image\":{\"@id\":\"https:\/\/luchonoticias.com\/editor\/a-partir-de-diciembre-famisanar-contratara-con-la-ese-municipal\/#primaryimage\"},\"thumbnailUrl\":\"https:\/\/luchonoticias.com\/wp-content\/uploads\/2022\/11\/WhatsApp-Image-2022-11-16-at-4.44.08-PM-1024x768.jpeg\",\"articleSection\":[\"Destacado\",\"Neiva\"],\"inLanguage\":\"es\",\"potentialAction\":[{\"@type\":\"CommentAction\",\"name\":\"Comment\",\"target\":[\"https:\/\/luchonoticias.com\/editor\/a-partir-de-diciembre-famisanar-contratara-con-la-ese-municipal\/#respond\"]}]},{\"@type\":\"WebPage\",\"@id\":\"https:\/\/luchonoticias.com\/editor\/a-partir-de-diciembre-famisanar-contratara-con-la-ese-municipal\/\",\"url\":\"https:\/\/luchonoticias.com\/editor\/a-partir-de-diciembre-famisanar-contratara-con-la-ese-municipal\/\",\"name\":\"A partir de diciembre FAMISANAR contratar\u00e1 con la ESE Municipal -\",\"isPartOf\":{\"@id\":\"https:\/\/luchonoticias.com\/editor\/#website\"},\"primaryImageOfPage\":{\"@id\":\"https:\/\/luchonoticias.com\/editor\/a-partir-de-diciembre-famisanar-contratara-con-la-ese-municipal\/#primaryimage\"},\"image\":{\"@id\":\"https:\/\/luchonoticias.com\/editor\/a-partir-de-diciembre-famisanar-contratara-con-la-ese-municipal\/#primaryimage\"},\"thumbnailUrl\":\"https:\/\/luchonoticias.com\/wp-content\/uploads\/2022\/11\/WhatsApp-Image-2022-11-16-at-4.44.08-PM-1024x768.jpeg\",\"datePublished\":\"2022-11-17T11:24:26+00:00\",\"dateModified\":\"2022-11-17T11:24:27+00:00\",\"breadcrumb\":{\"@id\":\"https:\/\/luchonoticias.com\/editor\/a-partir-de-diciembre-famisanar-contratara-con-la-ese-municipal\/#breadcrumb\"},\"inLanguage\":\"es\",\"potentialAction\":[{\"@type\":\"ReadAction\",\"target\":[\"https:\/\/luchonoticias.com\/editor\/a-partir-de-diciembre-famisanar-contratara-con-la-ese-municipal\/\"]}]},{\"@type\":\"ImageObject\",\"inLanguage\":\"es\",\"@id\":\"https:\/\/luchonoticias.com\/editor\/a-partir-de-diciembre-famisanar-contratara-con-la-ese-municipal\/#primaryimage\",\"url\":\"https:\/\/luchonoticias.com\/wp-content\/uploads\/2022\/11\/WhatsApp-Image-2022-11-16-at-4.44.08-PM-1024x768.jpeg\",\"contentUrl\":\"https:\/\/luchonoticias.com\/wp-content\/uploads\/2022\/11\/WhatsApp-Image-2022-11-16-at-4.44.08-PM-1024x768.jpeg\"},{\"@type\":\"BreadcrumbList\",\"@id\":\"https:\/\/luchonoticias.com\/editor\/a-partir-de-diciembre-famisanar-contratara-con-la-ese-municipal\/#breadcrumb\",\"itemListElement\":[{\"@type\":\"ListItem\",\"position\":1,\"name\":\"Portada\",\"item\":\"https:\/\/luchonoticias.com\/editor\/\"},{\"@type\":\"ListItem\",\"position\":2,\"name\":\"A partir de diciembre FAMISANAR contratar\u00e1 con la ESE Municipal\"}]},{\"@type\":\"WebSite\",\"@id\":\"https:\/\/luchonoticias.com\/editor\/#website\",\"url\":\"https:\/\/luchonoticias.com\/editor\/\",\"name\":\"\",\"description\":\"\",\"publisher\":{\"@id\":\"https:\/\/luchonoticias.com\/editor\/#\/schema\/person\/7a7fd911f58561fd056dbac7b55af9cd\"},\"potentialAction\":[{\"@type\":\"SearchAction\",\"target\":{\"@type\":\"EntryPoint\",\"urlTemplate\":\"https:\/\/luchonoticias.com\/editor\/?s={search_term_string}\"},\"query-input\":{\"@type\":\"PropertyValueSpecification\",\"valueRequired\":true,\"valueName\":\"search_term_string\"}}],\"inLanguage\":\"es\"},{\"@type\":[\"Person\",\"Organization\"],\"@id\":\"https:\/\/luchonoticias.com\/editor\/#\/schema\/person\/7a7fd911f58561fd056dbac7b55af9cd\",\"name\":\"admin\",\"image\":{\"@type\":\"ImageObject\",\"inLanguage\":\"es\",\"@id\":\"https:\/\/luchonoticias.com\/editor\/#\/schema\/person\/image\/\",\"url\":\"https:\/\/luchonoticias.com\/editor\/wp-content\/uploads\/2024\/02\/cropped-cropped-logolu.webp\",\"contentUrl\":\"https:\/\/luchonoticias.com\/editor\/wp-content\/uploads\/2024\/02\/cropped-cropped-logolu.webp\",\"width\":382,\"height\":170,\"caption\":\"admin\"},\"logo\":{\"@id\":\"https:\/\/luchonoticias.com\/editor\/#\/schema\/person\/image\/\"},\"sameAs\":[\"https:\/\/www.facebook.com\/luchonoticiasneiva\"],\"url\":\"https:\/\/luchonoticias.com\/editor\/author\/admin\/\"}]}<\/script>\n<!-- \/ Yoast SEO plugin. -->","yoast_head_json":{"title":"A partir de diciembre FAMISANAR contratar\u00e1 con la ESE Municipal -","robots":{"index":"index","follow":"follow","max-snippet":"max-snippet:-1","max-image-preview":"max-image-preview:large","max-video-preview":"max-video-preview:-1"},"canonical":"https:\/\/luchonoticias.com\/editor\/a-partir-de-diciembre-famisanar-contratara-con-la-ese-municipal\/","og_locale":"es_ES","og_type":"article","og_title":"A partir de diciembre FAMISANAR contratar\u00e1 con la ESE Municipal -","og_url":"https:\/\/luchonoticias.com\/editor\/a-partir-de-diciembre-famisanar-contratara-con-la-ese-municipal\/","article_publisher":"https:\/\/www.facebook.com\/luchonoticiasneiva","article_author":"https:\/\/www.facebook.com\/luchonoticiasneiva","article_published_time":"2022-11-17T11:24:26+00:00","article_modified_time":"2022-11-17T11:24:27+00:00","og_image":[{"url":"https:\/\/luchonoticias.com\/wp-content\/uploads\/2022\/11\/WhatsApp-Image-2022-11-16-at-4.44.08-PM-1024x768.jpeg","type":"","width":"","height":""}],"author":"admin","twitter_card":"summary_large_image","twitter_misc":{"Escrito por":"admin","Tiempo de lectura":"2 minutos"},"schema":{"@context":"https:\/\/schema.org","@graph":[{"@type":"Article","@id":"https:\/\/luchonoticias.com\/editor\/a-partir-de-diciembre-famisanar-contratara-con-la-ese-municipal\/#article","isPartOf":{"@id":"https:\/\/luchonoticias.com\/editor\/a-partir-de-diciembre-famisanar-contratara-con-la-ese-municipal\/"},"author":{"name":"admin","@id":"https:\/\/luchonoticias.com\/editor\/#\/schema\/person\/7a7fd911f58561fd056dbac7b55af9cd"},"headline":"A partir de diciembre FAMISANAR contratar\u00e1 con la ESE Municipal","datePublished":"2022-11-17T11:24:26+00:00","dateModified":"2022-11-17T11:24:27+00:00","mainEntityOfPage":{"@id":"https:\/\/luchonoticias.com\/editor\/a-partir-de-diciembre-famisanar-contratara-con-la-ese-municipal\/"},"wordCount":435,"commentCount":0,"publisher":{"@id":"https:\/\/luchonoticias.com\/editor\/#\/schema\/person\/7a7fd911f58561fd056dbac7b55af9cd"},"image":{"@id":"https:\/\/luchonoticias.com\/editor\/a-partir-de-diciembre-famisanar-contratara-con-la-ese-municipal\/#primaryimage"},"thumbnailUrl":"https:\/\/luchonoticias.com\/wp-content\/uploads\/2022\/11\/WhatsApp-Image-2022-11-16-at-4.44.08-PM-1024x768.jpeg","articleSection":["Destacado","Neiva"],"inLanguage":"es","potentialAction":[{"@type":"CommentAction","name":"Comment","target":["https:\/\/luchonoticias.com\/editor\/a-partir-de-diciembre-famisanar-contratara-con-la-ese-municipal\/#respond"]}]},{"@type":"WebPage","@id":"https:\/\/luchonoticias.com\/editor\/a-partir-de-diciembre-famisanar-contratara-con-la-ese-municipal\/","url":"https:\/\/luchonoticias.com\/editor\/a-partir-de-diciembre-famisanar-contratara-con-la-ese-municipal\/","name":"A partir de diciembre FAMISANAR contratar\u00e1 con la ESE Municipal -","isPartOf":{"@id":"https:\/\/luchonoticias.com\/editor\/#website"},"primaryImageOfPage":{"@id":"https:\/\/luchonoticias.com\/editor\/a-partir-de-diciembre-famisanar-contratara-con-la-ese-municipal\/#primaryimage"},"image":{"@id":"https:\/\/luchonoticias.com\/editor\/a-partir-de-diciembre-famisanar-contratara-con-la-ese-municipal\/#primaryimage"},"thumbnailUrl":"https:\/\/luchonoticias.com\/wp-content\/uploads\/2022\/11\/WhatsApp-Image-2022-11-16-at-4.44.08-PM-1024x768.jpeg","datePublished":"2022-11-17T11:24:26+00:00","dateModified":"2022-11-17T11:24:27+00:00","breadcrumb":{"@id":"https:\/\/luchonoticias.com\/editor\/a-partir-de-diciembre-famisanar-contratara-con-la-ese-municipal\/#breadcrumb"},"inLanguage":"es","potentialAction":[{"@type":"ReadAction","target":["https:\/\/luchonoticias.com\/editor\/a-partir-de-diciembre-famisanar-contratara-con-la-ese-municipal\/"]}]},{"@type":"ImageObject","inLanguage":"es","@id":"https:\/\/luchonoticias.com\/editor\/a-partir-de-diciembre-famisanar-contratara-con-la-ese-municipal\/#primaryimage","url":"https:\/\/luchonoticias.com\/wp-content\/uploads\/2022\/11\/WhatsApp-Image-2022-11-16-at-4.44.08-PM-1024x768.jpeg","contentUrl":"https:\/\/luchonoticias.com\/wp-content\/uploads\/2022\/11\/WhatsApp-Image-2022-11-16-at-4.44.08-PM-1024x768.jpeg"},{"@type":"BreadcrumbList","@id":"https:\/\/luchonoticias.com\/editor\/a-partir-de-diciembre-famisanar-contratara-con-la-ese-municipal\/#breadcrumb","itemListElement":[{"@type":"ListItem","position":1,"name":"Portada","item":"https:\/\/luchonoticias.com\/editor\/"},{"@type":"ListItem","position":2,"name":"A partir de diciembre FAMISANAR contratar\u00e1 con la ESE Municipal"}]},{"@type":"WebSite","@id":"https:\/\/luchonoticias.com\/editor\/#website","url":"https:\/\/luchonoticias.com\/editor\/","name":"","description":"","publisher":{"@id":"https:\/\/luchonoticias.com\/editor\/#\/schema\/person\/7a7fd911f58561fd056dbac7b55af9cd"},"potentialAction":[{"@type":"SearchAction","target":{"@type":"EntryPoint","urlTemplate":"https:\/\/luchonoticias.com\/editor\/?s={search_term_string}"},"query-input":{"@type":"PropertyValueSpecification","valueRequired":true,"valueName":"search_term_string"}}],"inLanguage":"es"},{"@type":["Person","Organization"],"@id":"https:\/\/luchonoticias.com\/editor\/#\/schema\/person\/7a7fd911f58561fd056dbac7b55af9cd","name":"admin","image":{"@type":"ImageObject","inLanguage":"es","@id":"https:\/\/luchonoticias.com\/editor\/#\/schema\/person\/image\/","url":"https:\/\/luchonoticias.com\/editor\/wp-content\/uploads\/2024\/02\/cropped-cropped-logolu.webp","contentUrl":"https:\/\/luchonoticias.com\/editor\/wp-content\/uploads\/2024\/02\/cropped-cropped-logolu.webp","width":382,"height":170,"caption":"admin"},"logo":{"@id":"https:\/\/luchonoticias.com\/editor\/#\/schema\/person\/image\/"},"sameAs":["https:\/\/www.facebook.com\/luchonoticiasneiva"],"url":"https:\/\/luchonoticias.com\/editor\/author\/admin\/"}]}},"_links":{"self":[{"href":"https:\/\/luchonoticias.com\/editor\/wp-json\/wp\/v2\/posts\/39663","targetHints":{"allow":["GET"]}}],"collection":[{"href":"https:\/\/luchonoticias.com\/editor\/wp-json\/wp\/v2\/posts"}],"about":[{"href":"https:\/\/luchonoticias.com\/editor\/wp-json\/wp\/v2\/types\/post"}],"author":[{"embeddable":true,"href":"https:\/\/luchonoticias.com\/editor\/wp-json\/wp\/v2\/users\/1"}],"replies":[{"embeddable":true,"href":"https:\/\/luchonoticias.com\/editor\/wp-json\/wp\/v2\/comments?post=39663"}],"version-history":[{"count":0,"href":"https:\/\/luchonoticias.com\/editor\/wp-json\/wp\/v2\/posts\/39663\/revisions"}],"wp:attachment":[{"href":"https:\/\/luchonoticias.com\/editor\/wp-json\/wp\/v2\/media?parent=39663"}],"wp:term":[{"taxonomy":"category","embeddable":true,"href":"https:\/\/luchonoticias.com\/editor\/wp-json\/wp\/v2\/categories?post=39663"},{"taxonomy":"post_tag","embeddable":true,"href":"https:\/\/luchonoticias.com\/editor\/wp-json\/wp\/v2\/tags?post=39663"}],"curies":[{"name":"wp","href":"https:\/\/api.w.org\/{rel}","templated":true}]}}