{"id":39669,"date":"2022-11-17T06:26:16","date_gmt":"2022-11-17T11:26:16","guid":{"rendered":"https:\/\/luchonoticias.com\/?p=39669"},"modified":"2022-11-17T06:26:17","modified_gmt":"2022-11-17T11:26:17","slug":"huertas-caseras-alternativas-de-vida-para-abuelos-y-jovenes-neivanos","status":"publish","type":"post","link":"https:\/\/luchonoticias.com\/editor\/huertas-caseras-alternativas-de-vida-para-abuelos-y-jovenes-neivanos\/","title":{"rendered":"<em>Huertas caseras: alternativas de vida para abuelos y j\u00f3venes neivanos<\/em>"},"content":{"rendered":"\n<p>Con la entrega de aproximadamente 162 kits de huertas caseras, que incluyen herramientas y semillas para siembra, la Administraci\u00f3n Municipal \u201cha venido trabajando en la seguridad alimentaria del municipio de Neiva, para que la mayor\u00eda de los hogares, tengan unos alimentos b\u00e1sicos y m\u00ednimos para su propia alimentaci\u00f3n\u201d, dijo el secretario de Desarrollo Agropecuario, Fernando Rodr\u00edguez Pardo.<\/p>\n\n\n\n<p>Mediante la implementaci\u00f3n de las huertas caseras se han fortalecido los Centros Vida Pa\u2019l Com\u00fan, en la Comuna 8, donde un grupo de seis abuelos cuenta con una huerta casera. Mar\u00eda Ximena Llanos, directora de este Centro agreg\u00f3 que \u201ces beneficiosa la actividad, pues dentro de nuestros objetivos est\u00e1 el brindarles un envejecimiento activo, un rol y un trabajo\u201d.<\/p>\n\n\n\n<figure class=\"wp-block-gallery has-nested-images columns-default is-cropped wp-block-gallery-1 is-layout-flex wp-block-gallery-is-layout-flex\">\n<figure class=\"wp-block-image size-large is-style-rounded\"><img decoding=\"async\" data-id=\"39671\" src=\"https:\/\/luchonoticias.com\/wp-content\/uploads\/2022\/11\/WhatsApp-Image-2022-11-16-at-4.50.59-PM-2-1024x576.jpeg\" alt=\"\" class=\"wp-image-39671\"\/><\/figure>\n<\/figure>\n\n\n\n<p>Por su parte Sidalia Mora, coordinadora del grupo de Huerta Casera del Centro Vida manifest\u00f3 que \u201cagradecemos mucho y muy contenta con el equipo de trabajo porque son personas comprometidas\u201d.<\/p>\n\n\n\n<p>As\u00ed mismo, la Fundaci\u00f3n Familia Escuela Individuo, FEI, sede Samanes medidas privativas de la libertad, tambi\u00e9n se ha beneficiado con una unidad productiva, \u201ccon este programa apoyamos a los j\u00f3venes al darles ideas y opciones de vida para emprendimientos y futuros sustentos\u201d, se\u00f1al\u00f3 el Secretario de Desarrollo Agropecuario.<\/p>\n\n\n\n<figure class=\"wp-block-gallery has-nested-images columns-default is-cropped wp-block-gallery-2 is-layout-flex wp-block-gallery-is-layout-flex\">\n<figure class=\"wp-block-image size-large\"><img decoding=\"async\" data-id=\"39673\" src=\"https:\/\/luchonoticias.com\/wp-content\/uploads\/2022\/11\/WhatsApp-Image-2022-11-16-at-4.50.59-PM-1024x576.jpeg\" alt=\"\" class=\"wp-image-39673\"\/><\/figure>\n\n\n\n<figure class=\"wp-block-image size-large\"><img decoding=\"async\" data-id=\"39674\" src=\"https:\/\/luchonoticias.com\/wp-content\/uploads\/2022\/11\/WhatsApp-Image-2022-11-16-at-4.51.00-PM-1024x576.jpeg\" alt=\"\" class=\"wp-image-39674\"\/><\/figure>\n\n\n\n<figure class=\"wp-block-image size-large\"><img decoding=\"async\" data-id=\"39672\" src=\"https:\/\/luchonoticias.com\/wp-content\/uploads\/2022\/11\/WhatsApp-Image-2022-11-16-at-4.50.59-PM-1-1024x576.jpeg\" alt=\"\" class=\"wp-image-39672\"\/><\/figure>\n<\/figure>\n\n\n\n<p>El coordinador de la Fundaci\u00f3n FEI, John \u00c9dinson Lizcano, resalt\u00f3 la importancia de esta actividad como accionaria ante los nuevos cambios clim\u00e1ticos y como practica restaurativa, \u201cuna unidad productiva para conocer el significado de la germinaci\u00f3n de la semilla hasta su punto final, muy significativo en estos chicos cuya experiencia de vida proviene de cambio\u201d.<\/p>\n","protected":false},"excerpt":{"rendered":"<p>Con la entrega de aproximadamente 162 kits de huertas caseras, que incluyen herramientas y semillas para siembra, la Administraci\u00f3n Municipal \u201cha venido trabajando en la seguridad alimentaria del municipio de Neiva, para que la mayor\u00eda de los hogares, tengan unos alimentos b\u00e1sicos y m\u00ednimos para su propia alimentaci\u00f3n\u201d, dijo el secretario de Desarrollo Agropecuario, Fernando [&hellip;]<\/p>\n","protected":false},"author":1,"featured_media":0,"comment_status":"open","ping_status":"open","sticky":false,"template":"","format":"standard","meta":{"footnotes":""},"categories":[36,31],"tags":[],"class_list":["post-39669","post","type-post","status-publish","format-standard","hentry","category-destacado","category-local"],"yoast_head":"<!-- This site is optimized with the Yoast SEO plugin v26.6 - https:\/\/yoast.com\/wordpress\/plugins\/seo\/ -->\n<title>Huertas caseras: alternativas de vida para abuelos y j\u00f3venes neivanos -<\/title>\n<meta name=\"robots\" content=\"index, follow, max-snippet:-1, max-image-preview:large, max-video-preview:-1\" \/>\n<link rel=\"canonical\" href=\"https:\/\/luchonoticias.com\/editor\/huertas-caseras-alternativas-de-vida-para-abuelos-y-jovenes-neivanos\/\" \/>\n<meta property=\"og:locale\" content=\"es_ES\" \/>\n<meta property=\"og:type\" content=\"article\" \/>\n<meta property=\"og:title\" content=\"Huertas caseras: alternativas de vida para abuelos y j\u00f3venes neivanos -\" \/>\n<meta property=\"og:url\" content=\"https:\/\/luchonoticias.com\/editor\/huertas-caseras-alternativas-de-vida-para-abuelos-y-jovenes-neivanos\/\" \/>\n<meta property=\"article:publisher\" content=\"https:\/\/www.facebook.com\/luchonoticiasneiva\" \/>\n<meta property=\"article:author\" content=\"https:\/\/www.facebook.com\/luchonoticiasneiva\" \/>\n<meta property=\"article:published_time\" content=\"2022-11-17T11:26:16+00:00\" \/>\n<meta property=\"article:modified_time\" content=\"2022-11-17T11:26:17+00:00\" \/>\n<meta property=\"og:image\" content=\"https:\/\/luchonoticias.com\/wp-content\/uploads\/2022\/11\/WhatsApp-Image-2022-11-16-at-4.50.59-PM-2-1024x576.jpeg\" \/>\n<meta name=\"author\" content=\"admin\" \/>\n<meta name=\"twitter:card\" content=\"summary_large_image\" \/>\n<meta name=\"twitter:label1\" content=\"Escrito por\" \/>\n\t<meta name=\"twitter:data1\" content=\"admin\" \/>\n\t<meta name=\"twitter:label2\" content=\"Tiempo de lectura\" \/>\n\t<meta name=\"twitter:data2\" content=\"1 minuto\" \/>\n<script type=\"application\/ld+json\" class=\"yoast-schema-graph\">{\"@context\":\"https:\/\/schema.org\",\"@graph\":[{\"@type\":\"Article\",\"@id\":\"https:\/\/luchonoticias.com\/editor\/huertas-caseras-alternativas-de-vida-para-abuelos-y-jovenes-neivanos\/#article\",\"isPartOf\":{\"@id\":\"https:\/\/luchonoticias.com\/editor\/huertas-caseras-alternativas-de-vida-para-abuelos-y-jovenes-neivanos\/\"},\"author\":{\"name\":\"admin\",\"@id\":\"https:\/\/luchonoticias.com\/editor\/#\/schema\/person\/7a7fd911f58561fd056dbac7b55af9cd\"},\"headline\":\"Huertas caseras: alternativas de vida para abuelos y j\u00f3venes neivanos\",\"datePublished\":\"2022-11-17T11:26:16+00:00\",\"dateModified\":\"2022-11-17T11:26:17+00:00\",\"mainEntityOfPage\":{\"@id\":\"https:\/\/luchonoticias.com\/editor\/huertas-caseras-alternativas-de-vida-para-abuelos-y-jovenes-neivanos\/\"},\"wordCount\":275,\"commentCount\":0,\"publisher\":{\"@id\":\"https:\/\/luchonoticias.com\/editor\/#\/schema\/person\/7a7fd911f58561fd056dbac7b55af9cd\"},\"image\":{\"@id\":\"https:\/\/luchonoticias.com\/editor\/huertas-caseras-alternativas-de-vida-para-abuelos-y-jovenes-neivanos\/#primaryimage\"},\"thumbnailUrl\":\"https:\/\/luchonoticias.com\/wp-content\/uploads\/2022\/11\/WhatsApp-Image-2022-11-16-at-4.50.59-PM-2-1024x576.jpeg\",\"articleSection\":[\"Destacado\",\"Local\"],\"inLanguage\":\"es\",\"potentialAction\":[{\"@type\":\"CommentAction\",\"name\":\"Comment\",\"target\":[\"https:\/\/luchonoticias.com\/editor\/huertas-caseras-alternativas-de-vida-para-abuelos-y-jovenes-neivanos\/#respond\"]}]},{\"@type\":\"WebPage\",\"@id\":\"https:\/\/luchonoticias.com\/editor\/huertas-caseras-alternativas-de-vida-para-abuelos-y-jovenes-neivanos\/\",\"url\":\"https:\/\/luchonoticias.com\/editor\/huertas-caseras-alternativas-de-vida-para-abuelos-y-jovenes-neivanos\/\",\"name\":\"Huertas caseras: alternativas de vida para abuelos y j\u00f3venes neivanos -\",\"isPartOf\":{\"@id\":\"https:\/\/luchonoticias.com\/editor\/#website\"},\"primaryImageOfPage\":{\"@id\":\"https:\/\/luchonoticias.com\/editor\/huertas-caseras-alternativas-de-vida-para-abuelos-y-jovenes-neivanos\/#primaryimage\"},\"image\":{\"@id\":\"https:\/\/luchonoticias.com\/editor\/huertas-caseras-alternativas-de-vida-para-abuelos-y-jovenes-neivanos\/#primaryimage\"},\"thumbnailUrl\":\"https:\/\/luchonoticias.com\/wp-content\/uploads\/2022\/11\/WhatsApp-Image-2022-11-16-at-4.50.59-PM-2-1024x576.jpeg\",\"datePublished\":\"2022-11-17T11:26:16+00:00\",\"dateModified\":\"2022-11-17T11:26:17+00:00\",\"breadcrumb\":{\"@id\":\"https:\/\/luchonoticias.com\/editor\/huertas-caseras-alternativas-de-vida-para-abuelos-y-jovenes-neivanos\/#breadcrumb\"},\"inLanguage\":\"es\",\"potentialAction\":[{\"@type\":\"ReadAction\",\"target\":[\"https:\/\/luchonoticias.com\/editor\/huertas-caseras-alternativas-de-vida-para-abuelos-y-jovenes-neivanos\/\"]}]},{\"@type\":\"ImageObject\",\"inLanguage\":\"es\",\"@id\":\"https:\/\/luchonoticias.com\/editor\/huertas-caseras-alternativas-de-vida-para-abuelos-y-jovenes-neivanos\/#primaryimage\",\"url\":\"https:\/\/luchonoticias.com\/wp-content\/uploads\/2022\/11\/WhatsApp-Image-2022-11-16-at-4.50.59-PM-2-1024x576.jpeg\",\"contentUrl\":\"https:\/\/luchonoticias.com\/wp-content\/uploads\/2022\/11\/WhatsApp-Image-2022-11-16-at-4.50.59-PM-2-1024x576.jpeg\"},{\"@type\":\"BreadcrumbList\",\"@id\":\"https:\/\/luchonoticias.com\/editor\/huertas-caseras-alternativas-de-vida-para-abuelos-y-jovenes-neivanos\/#breadcrumb\",\"itemListElement\":[{\"@type\":\"ListItem\",\"position\":1,\"name\":\"Portada\",\"item\":\"https:\/\/luchonoticias.com\/editor\/\"},{\"@type\":\"ListItem\",\"position\":2,\"name\":\"Huertas caseras: alternativas de vida para abuelos y j\u00f3venes neivanos\"}]},{\"@type\":\"WebSite\",\"@id\":\"https:\/\/luchonoticias.com\/editor\/#website\",\"url\":\"https:\/\/luchonoticias.com\/editor\/\",\"name\":\"\",\"description\":\"\",\"publisher\":{\"@id\":\"https:\/\/luchonoticias.com\/editor\/#\/schema\/person\/7a7fd911f58561fd056dbac7b55af9cd\"},\"potentialAction\":[{\"@type\":\"SearchAction\",\"target\":{\"@type\":\"EntryPoint\",\"urlTemplate\":\"https:\/\/luchonoticias.com\/editor\/?s={search_term_string}\"},\"query-input\":{\"@type\":\"PropertyValueSpecification\",\"valueRequired\":true,\"valueName\":\"search_term_string\"}}],\"inLanguage\":\"es\"},{\"@type\":[\"Person\",\"Organization\"],\"@id\":\"https:\/\/luchonoticias.com\/editor\/#\/schema\/person\/7a7fd911f58561fd056dbac7b55af9cd\",\"name\":\"admin\",\"image\":{\"@type\":\"ImageObject\",\"inLanguage\":\"es\",\"@id\":\"https:\/\/luchonoticias.com\/editor\/#\/schema\/person\/image\/\",\"url\":\"https:\/\/luchonoticias.com\/editor\/wp-content\/uploads\/2024\/02\/cropped-cropped-logolu.webp\",\"contentUrl\":\"https:\/\/luchonoticias.com\/editor\/wp-content\/uploads\/2024\/02\/cropped-cropped-logolu.webp\",\"width\":382,\"height\":170,\"caption\":\"admin\"},\"logo\":{\"@id\":\"https:\/\/luchonoticias.com\/editor\/#\/schema\/person\/image\/\"},\"sameAs\":[\"https:\/\/www.facebook.com\/luchonoticiasneiva\"],\"url\":\"https:\/\/luchonoticias.com\/editor\/author\/admin\/\"}]}<\/script>\n<!-- \/ Yoast SEO plugin. -->","yoast_head_json":{"title":"Huertas caseras: alternativas de vida para abuelos y j\u00f3venes neivanos -","robots":{"index":"index","follow":"follow","max-snippet":"max-snippet:-1","max-image-preview":"max-image-preview:large","max-video-preview":"max-video-preview:-1"},"canonical":"https:\/\/luchonoticias.com\/editor\/huertas-caseras-alternativas-de-vida-para-abuelos-y-jovenes-neivanos\/","og_locale":"es_ES","og_type":"article","og_title":"Huertas caseras: alternativas de vida para abuelos y j\u00f3venes neivanos -","og_url":"https:\/\/luchonoticias.com\/editor\/huertas-caseras-alternativas-de-vida-para-abuelos-y-jovenes-neivanos\/","article_publisher":"https:\/\/www.facebook.com\/luchonoticiasneiva","article_author":"https:\/\/www.facebook.com\/luchonoticiasneiva","article_published_time":"2022-11-17T11:26:16+00:00","article_modified_time":"2022-11-17T11:26:17+00:00","og_image":[{"url":"https:\/\/luchonoticias.com\/wp-content\/uploads\/2022\/11\/WhatsApp-Image-2022-11-16-at-4.50.59-PM-2-1024x576.jpeg","type":"","width":"","height":""}],"author":"admin","twitter_card":"summary_large_image","twitter_misc":{"Escrito por":"admin","Tiempo de lectura":"1 minuto"},"schema":{"@context":"https:\/\/schema.org","@graph":[{"@type":"Article","@id":"https:\/\/luchonoticias.com\/editor\/huertas-caseras-alternativas-de-vida-para-abuelos-y-jovenes-neivanos\/#article","isPartOf":{"@id":"https:\/\/luchonoticias.com\/editor\/huertas-caseras-alternativas-de-vida-para-abuelos-y-jovenes-neivanos\/"},"author":{"name":"admin","@id":"https:\/\/luchonoticias.com\/editor\/#\/schema\/person\/7a7fd911f58561fd056dbac7b55af9cd"},"headline":"Huertas caseras: alternativas de vida para abuelos y j\u00f3venes neivanos","datePublished":"2022-11-17T11:26:16+00:00","dateModified":"2022-11-17T11:26:17+00:00","mainEntityOfPage":{"@id":"https:\/\/luchonoticias.com\/editor\/huertas-caseras-alternativas-de-vida-para-abuelos-y-jovenes-neivanos\/"},"wordCount":275,"commentCount":0,"publisher":{"@id":"https:\/\/luchonoticias.com\/editor\/#\/schema\/person\/7a7fd911f58561fd056dbac7b55af9cd"},"image":{"@id":"https:\/\/luchonoticias.com\/editor\/huertas-caseras-alternativas-de-vida-para-abuelos-y-jovenes-neivanos\/#primaryimage"},"thumbnailUrl":"https:\/\/luchonoticias.com\/wp-content\/uploads\/2022\/11\/WhatsApp-Image-2022-11-16-at-4.50.59-PM-2-1024x576.jpeg","articleSection":["Destacado","Local"],"inLanguage":"es","potentialAction":[{"@type":"CommentAction","name":"Comment","target":["https:\/\/luchonoticias.com\/editor\/huertas-caseras-alternativas-de-vida-para-abuelos-y-jovenes-neivanos\/#respond"]}]},{"@type":"WebPage","@id":"https:\/\/luchonoticias.com\/editor\/huertas-caseras-alternativas-de-vida-para-abuelos-y-jovenes-neivanos\/","url":"https:\/\/luchonoticias.com\/editor\/huertas-caseras-alternativas-de-vida-para-abuelos-y-jovenes-neivanos\/","name":"Huertas caseras: alternativas de vida para abuelos y j\u00f3venes neivanos -","isPartOf":{"@id":"https:\/\/luchonoticias.com\/editor\/#website"},"primaryImageOfPage":{"@id":"https:\/\/luchonoticias.com\/editor\/huertas-caseras-alternativas-de-vida-para-abuelos-y-jovenes-neivanos\/#primaryimage"},"image":{"@id":"https:\/\/luchonoticias.com\/editor\/huertas-caseras-alternativas-de-vida-para-abuelos-y-jovenes-neivanos\/#primaryimage"},"thumbnailUrl":"https:\/\/luchonoticias.com\/wp-content\/uploads\/2022\/11\/WhatsApp-Image-2022-11-16-at-4.50.59-PM-2-1024x576.jpeg","datePublished":"2022-11-17T11:26:16+00:00","dateModified":"2022-11-17T11:26:17+00:00","breadcrumb":{"@id":"https:\/\/luchonoticias.com\/editor\/huertas-caseras-alternativas-de-vida-para-abuelos-y-jovenes-neivanos\/#breadcrumb"},"inLanguage":"es","potentialAction":[{"@type":"ReadAction","target":["https:\/\/luchonoticias.com\/editor\/huertas-caseras-alternativas-de-vida-para-abuelos-y-jovenes-neivanos\/"]}]},{"@type":"ImageObject","inLanguage":"es","@id":"https:\/\/luchonoticias.com\/editor\/huertas-caseras-alternativas-de-vida-para-abuelos-y-jovenes-neivanos\/#primaryimage","url":"https:\/\/luchonoticias.com\/wp-content\/uploads\/2022\/11\/WhatsApp-Image-2022-11-16-at-4.50.59-PM-2-1024x576.jpeg","contentUrl":"https:\/\/luchonoticias.com\/wp-content\/uploads\/2022\/11\/WhatsApp-Image-2022-11-16-at-4.50.59-PM-2-1024x576.jpeg"},{"@type":"BreadcrumbList","@id":"https:\/\/luchonoticias.com\/editor\/huertas-caseras-alternativas-de-vida-para-abuelos-y-jovenes-neivanos\/#breadcrumb","itemListElement":[{"@type":"ListItem","position":1,"name":"Portada","item":"https:\/\/luchonoticias.com\/editor\/"},{"@type":"ListItem","position":2,"name":"Huertas caseras: alternativas de vida para abuelos y j\u00f3venes neivanos"}]},{"@type":"WebSite","@id":"https:\/\/luchonoticias.com\/editor\/#website","url":"https:\/\/luchonoticias.com\/editor\/","name":"","description":"","publisher":{"@id":"https:\/\/luchonoticias.com\/editor\/#\/schema\/person\/7a7fd911f58561fd056dbac7b55af9cd"},"potentialAction":[{"@type":"SearchAction","target":{"@type":"EntryPoint","urlTemplate":"https:\/\/luchonoticias.com\/editor\/?s={search_term_string}"},"query-input":{"@type":"PropertyValueSpecification","valueRequired":true,"valueName":"search_term_string"}}],"inLanguage":"es"},{"@type":["Person","Organization"],"@id":"https:\/\/luchonoticias.com\/editor\/#\/schema\/person\/7a7fd911f58561fd056dbac7b55af9cd","name":"admin","image":{"@type":"ImageObject","inLanguage":"es","@id":"https:\/\/luchonoticias.com\/editor\/#\/schema\/person\/image\/","url":"https:\/\/luchonoticias.com\/editor\/wp-content\/uploads\/2024\/02\/cropped-cropped-logolu.webp","contentUrl":"https:\/\/luchonoticias.com\/editor\/wp-content\/uploads\/2024\/02\/cropped-cropped-logolu.webp","width":382,"height":170,"caption":"admin"},"logo":{"@id":"https:\/\/luchonoticias.com\/editor\/#\/schema\/person\/image\/"},"sameAs":["https:\/\/www.facebook.com\/luchonoticiasneiva"],"url":"https:\/\/luchonoticias.com\/editor\/author\/admin\/"}]}},"_links":{"self":[{"href":"https:\/\/luchonoticias.com\/editor\/wp-json\/wp\/v2\/posts\/39669","targetHints":{"allow":["GET"]}}],"collection":[{"href":"https:\/\/luchonoticias.com\/editor\/wp-json\/wp\/v2\/posts"}],"about":[{"href":"https:\/\/luchonoticias.com\/editor\/wp-json\/wp\/v2\/types\/post"}],"author":[{"embeddable":true,"href":"https:\/\/luchonoticias.com\/editor\/wp-json\/wp\/v2\/users\/1"}],"replies":[{"embeddable":true,"href":"https:\/\/luchonoticias.com\/editor\/wp-json\/wp\/v2\/comments?post=39669"}],"version-history":[{"count":0,"href":"https:\/\/luchonoticias.com\/editor\/wp-json\/wp\/v2\/posts\/39669\/revisions"}],"wp:attachment":[{"href":"https:\/\/luchonoticias.com\/editor\/wp-json\/wp\/v2\/media?parent=39669"}],"wp:term":[{"taxonomy":"category","embeddable":true,"href":"https:\/\/luchonoticias.com\/editor\/wp-json\/wp\/v2\/categories?post=39669"},{"taxonomy":"post_tag","embeddable":true,"href":"https:\/\/luchonoticias.com\/editor\/wp-json\/wp\/v2\/tags?post=39669"}],"curies":[{"name":"wp","href":"https:\/\/api.w.org\/{rel}","templated":true}]}}