{"id":39689,"date":"2022-11-17T08:14:29","date_gmt":"2022-11-17T13:14:29","guid":{"rendered":"https:\/\/luchonoticias.com\/?p=39689"},"modified":"2022-11-17T08:14:30","modified_gmt":"2022-11-17T13:14:30","slug":"huilense-estara-en-los-juegos-centroamericanos-de-mar-y-playa","status":"publish","type":"post","link":"https:\/\/luchonoticias.com\/editor\/huilense-estara-en-los-juegos-centroamericanos-de-mar-y-playa\/","title":{"rendered":"Huilense estar\u00e1 en los Juegos Centroamericanos de Mar y Playa"},"content":{"rendered":"\n<p>Este fin de semana comienzan en Santa Marta, la&nbsp;<strong>primera edici\u00f3n<\/strong>&nbsp;de los&nbsp;<strong>Juegos Centroamericanos de Mar y Playa<\/strong>, donde el&nbsp;<strong>Huila tendr\u00e1 su representante<\/strong>&nbsp;para estas competencias.<\/p>\n\n\n\n<p>Se trata de&nbsp;<strong>Arbey Alarc\u00f3n<\/strong>, quien fue&nbsp;<strong>campe\u00f3n en los pasados Juegos Nacionales<\/strong>&nbsp;y que logr\u00f3 cupo gracias al m\u00e1s reciente nacional de lucha playa cumplido en Bogot\u00e1 meses atr\u00e1s.<\/p>\n\n\n\n<p>Las competencias de lucha playa est\u00e1n programadas para los&nbsp;<strong>d\u00edas 20 y 21 de noviembre<\/strong>&nbsp;y Alarc\u00f3n viajar\u00e1 a territorio samario ma\u00f1ana en horas de la tarde.<\/p>\n","protected":false},"excerpt":{"rendered":"<p>Este fin de semana comienzan en Santa Marta, la&nbsp;primera edici\u00f3n&nbsp;de los&nbsp;Juegos Centroamericanos de Mar y Playa, donde el&nbsp;Huila tendr\u00e1 su representante&nbsp;para estas competencias. Se trata de&nbsp;Arbey Alarc\u00f3n, quien fue&nbsp;campe\u00f3n en los pasados Juegos Nacionales&nbsp;y que logr\u00f3 cupo gracias al m\u00e1s reciente nacional de lucha playa cumplido en Bogot\u00e1 meses atr\u00e1s. Las competencias de lucha playa [&hellip;]<\/p>\n","protected":false},"author":1,"featured_media":0,"comment_status":"open","ping_status":"open","sticky":false,"template":"","format":"standard","meta":{"footnotes":""},"categories":[34],"tags":[],"class_list":["post-39689","post","type-post","status-publish","format-standard","hentry","category-deportes"],"yoast_head":"<!-- This site is optimized with the Yoast SEO plugin v26.6 - https:\/\/yoast.com\/wordpress\/plugins\/seo\/ -->\n<title>Huilense estar\u00e1 en los Juegos Centroamericanos de Mar y Playa -<\/title>\n<meta name=\"robots\" content=\"index, follow, max-snippet:-1, max-image-preview:large, max-video-preview:-1\" \/>\n<link rel=\"canonical\" href=\"https:\/\/luchonoticias.com\/editor\/huilense-estara-en-los-juegos-centroamericanos-de-mar-y-playa\/\" \/>\n<meta property=\"og:locale\" content=\"es_ES\" \/>\n<meta property=\"og:type\" content=\"article\" \/>\n<meta property=\"og:title\" content=\"Huilense estar\u00e1 en los Juegos Centroamericanos de Mar y Playa -\" \/>\n<meta property=\"og:url\" content=\"https:\/\/luchonoticias.com\/editor\/huilense-estara-en-los-juegos-centroamericanos-de-mar-y-playa\/\" \/>\n<meta property=\"article:publisher\" content=\"https:\/\/www.facebook.com\/luchonoticiasneiva\" \/>\n<meta property=\"article:author\" content=\"https:\/\/www.facebook.com\/luchonoticiasneiva\" \/>\n<meta property=\"article:published_time\" content=\"2022-11-17T13:14:29+00:00\" \/>\n<meta property=\"article:modified_time\" content=\"2022-11-17T13:14:30+00:00\" \/>\n<meta name=\"author\" content=\"admin\" \/>\n<meta name=\"twitter:card\" content=\"summary_large_image\" \/>\n<meta name=\"twitter:label1\" content=\"Escrito por\" \/>\n\t<meta name=\"twitter:data1\" content=\"admin\" \/>\n\t<meta name=\"twitter:label2\" content=\"Tiempo de lectura\" \/>\n\t<meta name=\"twitter:data2\" content=\"1 minuto\" \/>\n<script type=\"application\/ld+json\" class=\"yoast-schema-graph\">{\"@context\":\"https:\/\/schema.org\",\"@graph\":[{\"@type\":\"Article\",\"@id\":\"https:\/\/luchonoticias.com\/editor\/huilense-estara-en-los-juegos-centroamericanos-de-mar-y-playa\/#article\",\"isPartOf\":{\"@id\":\"https:\/\/luchonoticias.com\/editor\/huilense-estara-en-los-juegos-centroamericanos-de-mar-y-playa\/\"},\"author\":{\"name\":\"admin\",\"@id\":\"https:\/\/luchonoticias.com\/editor\/#\/schema\/person\/7a7fd911f58561fd056dbac7b55af9cd\"},\"headline\":\"Huilense estar\u00e1 en los Juegos Centroamericanos de Mar y Playa\",\"datePublished\":\"2022-11-17T13:14:29+00:00\",\"dateModified\":\"2022-11-17T13:14:30+00:00\",\"mainEntityOfPage\":{\"@id\":\"https:\/\/luchonoticias.com\/editor\/huilense-estara-en-los-juegos-centroamericanos-de-mar-y-playa\/\"},\"wordCount\":112,\"commentCount\":0,\"publisher\":{\"@id\":\"https:\/\/luchonoticias.com\/editor\/#\/schema\/person\/7a7fd911f58561fd056dbac7b55af9cd\"},\"articleSection\":[\"Deportes\"],\"inLanguage\":\"es\",\"potentialAction\":[{\"@type\":\"CommentAction\",\"name\":\"Comment\",\"target\":[\"https:\/\/luchonoticias.com\/editor\/huilense-estara-en-los-juegos-centroamericanos-de-mar-y-playa\/#respond\"]}]},{\"@type\":\"WebPage\",\"@id\":\"https:\/\/luchonoticias.com\/editor\/huilense-estara-en-los-juegos-centroamericanos-de-mar-y-playa\/\",\"url\":\"https:\/\/luchonoticias.com\/editor\/huilense-estara-en-los-juegos-centroamericanos-de-mar-y-playa\/\",\"name\":\"Huilense estar\u00e1 en los Juegos Centroamericanos de Mar y Playa -\",\"isPartOf\":{\"@id\":\"https:\/\/luchonoticias.com\/editor\/#website\"},\"datePublished\":\"2022-11-17T13:14:29+00:00\",\"dateModified\":\"2022-11-17T13:14:30+00:00\",\"breadcrumb\":{\"@id\":\"https:\/\/luchonoticias.com\/editor\/huilense-estara-en-los-juegos-centroamericanos-de-mar-y-playa\/#breadcrumb\"},\"inLanguage\":\"es\",\"potentialAction\":[{\"@type\":\"ReadAction\",\"target\":[\"https:\/\/luchonoticias.com\/editor\/huilense-estara-en-los-juegos-centroamericanos-de-mar-y-playa\/\"]}]},{\"@type\":\"BreadcrumbList\",\"@id\":\"https:\/\/luchonoticias.com\/editor\/huilense-estara-en-los-juegos-centroamericanos-de-mar-y-playa\/#breadcrumb\",\"itemListElement\":[{\"@type\":\"ListItem\",\"position\":1,\"name\":\"Portada\",\"item\":\"https:\/\/luchonoticias.com\/editor\/\"},{\"@type\":\"ListItem\",\"position\":2,\"name\":\"Huilense estar\u00e1 en los Juegos Centroamericanos de Mar y Playa\"}]},{\"@type\":\"WebSite\",\"@id\":\"https:\/\/luchonoticias.com\/editor\/#website\",\"url\":\"https:\/\/luchonoticias.com\/editor\/\",\"name\":\"\",\"description\":\"\",\"publisher\":{\"@id\":\"https:\/\/luchonoticias.com\/editor\/#\/schema\/person\/7a7fd911f58561fd056dbac7b55af9cd\"},\"potentialAction\":[{\"@type\":\"SearchAction\",\"target\":{\"@type\":\"EntryPoint\",\"urlTemplate\":\"https:\/\/luchonoticias.com\/editor\/?s={search_term_string}\"},\"query-input\":{\"@type\":\"PropertyValueSpecification\",\"valueRequired\":true,\"valueName\":\"search_term_string\"}}],\"inLanguage\":\"es\"},{\"@type\":[\"Person\",\"Organization\"],\"@id\":\"https:\/\/luchonoticias.com\/editor\/#\/schema\/person\/7a7fd911f58561fd056dbac7b55af9cd\",\"name\":\"admin\",\"image\":{\"@type\":\"ImageObject\",\"inLanguage\":\"es\",\"@id\":\"https:\/\/luchonoticias.com\/editor\/#\/schema\/person\/image\/\",\"url\":\"https:\/\/luchonoticias.com\/editor\/wp-content\/uploads\/2024\/02\/cropped-cropped-logolu.webp\",\"contentUrl\":\"https:\/\/luchonoticias.com\/editor\/wp-content\/uploads\/2024\/02\/cropped-cropped-logolu.webp\",\"width\":382,\"height\":170,\"caption\":\"admin\"},\"logo\":{\"@id\":\"https:\/\/luchonoticias.com\/editor\/#\/schema\/person\/image\/\"},\"sameAs\":[\"https:\/\/www.facebook.com\/luchonoticiasneiva\"],\"url\":\"https:\/\/luchonoticias.com\/editor\/author\/admin\/\"}]}<\/script>\n<!-- \/ Yoast SEO plugin. -->","yoast_head_json":{"title":"Huilense estar\u00e1 en los Juegos Centroamericanos de Mar y Playa -","robots":{"index":"index","follow":"follow","max-snippet":"max-snippet:-1","max-image-preview":"max-image-preview:large","max-video-preview":"max-video-preview:-1"},"canonical":"https:\/\/luchonoticias.com\/editor\/huilense-estara-en-los-juegos-centroamericanos-de-mar-y-playa\/","og_locale":"es_ES","og_type":"article","og_title":"Huilense estar\u00e1 en los Juegos Centroamericanos de Mar y Playa -","og_url":"https:\/\/luchonoticias.com\/editor\/huilense-estara-en-los-juegos-centroamericanos-de-mar-y-playa\/","article_publisher":"https:\/\/www.facebook.com\/luchonoticiasneiva","article_author":"https:\/\/www.facebook.com\/luchonoticiasneiva","article_published_time":"2022-11-17T13:14:29+00:00","article_modified_time":"2022-11-17T13:14:30+00:00","author":"admin","twitter_card":"summary_large_image","twitter_misc":{"Escrito por":"admin","Tiempo de lectura":"1 minuto"},"schema":{"@context":"https:\/\/schema.org","@graph":[{"@type":"Article","@id":"https:\/\/luchonoticias.com\/editor\/huilense-estara-en-los-juegos-centroamericanos-de-mar-y-playa\/#article","isPartOf":{"@id":"https:\/\/luchonoticias.com\/editor\/huilense-estara-en-los-juegos-centroamericanos-de-mar-y-playa\/"},"author":{"name":"admin","@id":"https:\/\/luchonoticias.com\/editor\/#\/schema\/person\/7a7fd911f58561fd056dbac7b55af9cd"},"headline":"Huilense estar\u00e1 en los Juegos Centroamericanos de Mar y Playa","datePublished":"2022-11-17T13:14:29+00:00","dateModified":"2022-11-17T13:14:30+00:00","mainEntityOfPage":{"@id":"https:\/\/luchonoticias.com\/editor\/huilense-estara-en-los-juegos-centroamericanos-de-mar-y-playa\/"},"wordCount":112,"commentCount":0,"publisher":{"@id":"https:\/\/luchonoticias.com\/editor\/#\/schema\/person\/7a7fd911f58561fd056dbac7b55af9cd"},"articleSection":["Deportes"],"inLanguage":"es","potentialAction":[{"@type":"CommentAction","name":"Comment","target":["https:\/\/luchonoticias.com\/editor\/huilense-estara-en-los-juegos-centroamericanos-de-mar-y-playa\/#respond"]}]},{"@type":"WebPage","@id":"https:\/\/luchonoticias.com\/editor\/huilense-estara-en-los-juegos-centroamericanos-de-mar-y-playa\/","url":"https:\/\/luchonoticias.com\/editor\/huilense-estara-en-los-juegos-centroamericanos-de-mar-y-playa\/","name":"Huilense estar\u00e1 en los Juegos Centroamericanos de Mar y Playa -","isPartOf":{"@id":"https:\/\/luchonoticias.com\/editor\/#website"},"datePublished":"2022-11-17T13:14:29+00:00","dateModified":"2022-11-17T13:14:30+00:00","breadcrumb":{"@id":"https:\/\/luchonoticias.com\/editor\/huilense-estara-en-los-juegos-centroamericanos-de-mar-y-playa\/#breadcrumb"},"inLanguage":"es","potentialAction":[{"@type":"ReadAction","target":["https:\/\/luchonoticias.com\/editor\/huilense-estara-en-los-juegos-centroamericanos-de-mar-y-playa\/"]}]},{"@type":"BreadcrumbList","@id":"https:\/\/luchonoticias.com\/editor\/huilense-estara-en-los-juegos-centroamericanos-de-mar-y-playa\/#breadcrumb","itemListElement":[{"@type":"ListItem","position":1,"name":"Portada","item":"https:\/\/luchonoticias.com\/editor\/"},{"@type":"ListItem","position":2,"name":"Huilense estar\u00e1 en los Juegos Centroamericanos de Mar y Playa"}]},{"@type":"WebSite","@id":"https:\/\/luchonoticias.com\/editor\/#website","url":"https:\/\/luchonoticias.com\/editor\/","name":"","description":"","publisher":{"@id":"https:\/\/luchonoticias.com\/editor\/#\/schema\/person\/7a7fd911f58561fd056dbac7b55af9cd"},"potentialAction":[{"@type":"SearchAction","target":{"@type":"EntryPoint","urlTemplate":"https:\/\/luchonoticias.com\/editor\/?s={search_term_string}"},"query-input":{"@type":"PropertyValueSpecification","valueRequired":true,"valueName":"search_term_string"}}],"inLanguage":"es"},{"@type":["Person","Organization"],"@id":"https:\/\/luchonoticias.com\/editor\/#\/schema\/person\/7a7fd911f58561fd056dbac7b55af9cd","name":"admin","image":{"@type":"ImageObject","inLanguage":"es","@id":"https:\/\/luchonoticias.com\/editor\/#\/schema\/person\/image\/","url":"https:\/\/luchonoticias.com\/editor\/wp-content\/uploads\/2024\/02\/cropped-cropped-logolu.webp","contentUrl":"https:\/\/luchonoticias.com\/editor\/wp-content\/uploads\/2024\/02\/cropped-cropped-logolu.webp","width":382,"height":170,"caption":"admin"},"logo":{"@id":"https:\/\/luchonoticias.com\/editor\/#\/schema\/person\/image\/"},"sameAs":["https:\/\/www.facebook.com\/luchonoticiasneiva"],"url":"https:\/\/luchonoticias.com\/editor\/author\/admin\/"}]}},"_links":{"self":[{"href":"https:\/\/luchonoticias.com\/editor\/wp-json\/wp\/v2\/posts\/39689","targetHints":{"allow":["GET"]}}],"collection":[{"href":"https:\/\/luchonoticias.com\/editor\/wp-json\/wp\/v2\/posts"}],"about":[{"href":"https:\/\/luchonoticias.com\/editor\/wp-json\/wp\/v2\/types\/post"}],"author":[{"embeddable":true,"href":"https:\/\/luchonoticias.com\/editor\/wp-json\/wp\/v2\/users\/1"}],"replies":[{"embeddable":true,"href":"https:\/\/luchonoticias.com\/editor\/wp-json\/wp\/v2\/comments?post=39689"}],"version-history":[{"count":0,"href":"https:\/\/luchonoticias.com\/editor\/wp-json\/wp\/v2\/posts\/39689\/revisions"}],"wp:attachment":[{"href":"https:\/\/luchonoticias.com\/editor\/wp-json\/wp\/v2\/media?parent=39689"}],"wp:term":[{"taxonomy":"category","embeddable":true,"href":"https:\/\/luchonoticias.com\/editor\/wp-json\/wp\/v2\/categories?post=39689"},{"taxonomy":"post_tag","embeddable":true,"href":"https:\/\/luchonoticias.com\/editor\/wp-json\/wp\/v2\/tags?post=39689"}],"curies":[{"name":"wp","href":"https:\/\/api.w.org\/{rel}","templated":true}]}}