{"id":39701,"date":"2022-11-17T08:26:41","date_gmt":"2022-11-17T13:26:41","guid":{"rendered":"https:\/\/luchonoticias.com\/?p=39701"},"modified":"2022-11-17T08:26:42","modified_gmt":"2022-11-17T13:26:42","slug":"proyecto-de-rehabilitacion-vial-en-12-municipios-del-huila","status":"publish","type":"post","link":"https:\/\/luchonoticias.com\/editor\/proyecto-de-rehabilitacion-vial-en-12-municipios-del-huila\/","title":{"rendered":"Proyecto de rehabilitaci\u00f3n vial en 12 municipios del Huila"},"content":{"rendered":"\n<p>Los municipios de Acevedo, El\u00edas, Garz\u00f3n, Gigante, Guadalupe, Isnos, Pital, Pitalito, Saladoblanco, Suaza, Tarqui y Timan\u00e1, fueron los<strong>&nbsp;nuevos municipios beneficiados del mantenimiento vial<\/strong>&nbsp;efectuado por la secretaria de V\u00edas e Infraestructura del departamento del Huila.<\/p>\n\n\n\n<p>De acuerdo al&nbsp;<strong>Contrato de obra p\u00fablica 1181 de 2.022 por valor de $2.160.234. 436<\/strong>&nbsp;pesos con 3 meses de ejecuci\u00f3n por parte del Consorcio Central quien en licitaci\u00f3n le fue adjudicada la obra, realiza el&nbsp;<strong>mantenimiento a todo costo de v\u00edas y reposici\u00f3n de alcantarillado<\/strong>&nbsp;en la red vial de segundo y tercer orden a cargo del departamento del Huila en las zonas centro y sur en 12 municipios, donde se realiza la&nbsp;<strong>rehabilitaci\u00f3n vial de 186,5 kil\u00f3metros de v\u00edas.<\/strong><\/p>\n\n\n\n<p>En el municipio de Gigante en la Ruta 45 \u2013 Potrerillos se realiza la rehabilitaci\u00f3n vial de 8 kil\u00f3metros, en el municipio de Tarqui 20 kil\u00f3metros en la v\u00eda Tarqui \u2013 Pital y 18 kil\u00f3metros en la v\u00eda Tarqui \u2013 La Jagua, en el municipio de Acevedo en la Ruta 45 \u2013 Para\u00edso \u2013 Acevedo en 21 kil\u00f3metros de v\u00eda, en el municipio de Timan\u00e1 en la v\u00eda Gallardo \u2013 Acevedo \u2013 Cruce Ruta 20\u00aa, 27,2 kil\u00f3metros de v\u00eda, en el municipio de El\u00edas Timan\u00e1-Potrerillos \u2013 cruce El\u00edas, 8,7 kil\u00f3metros y en Oritoguaz \u2013 El\u00edas 12,3 kil\u00f3metros, a su vez en el municipio de Saladoblanco 14 kil\u00f3metros hasta La Caba\u00f1a y 10,3 kil\u00f3metros en La laguna \u2013 Saladoblanco. En el municipio de Isnos 7 kil\u00f3metros en la sub ramal \u2013 Alto de los \u00cddolos; en Garz\u00f3n 17,9 kil\u00f3metros en la v\u00eda Garz\u00f3n \u2013 El Recreo y en en el municipio de Guadalupe 13,3 kil\u00f3metros en la v\u00eda San Antonio \u2013 Guadalupe.<\/p>\n\n\n\n<p>El ingeniero, Cristian Rafael Fierro del Consorcio Central&nbsp;<strong>invit\u00f3 a los pobladores huilenses<\/strong>&nbsp;donde se est\u00e1n invirtiendo en estas obras para que&nbsp;<strong>realicen el cuidado respectivo de ellas<\/strong>. \u201cA la ciudadan\u00eda que aprovechen lo que estamos realizando que es un trabajo muy bueno, estamos metiendo la ficha para que esto quede excelente y que cuiden la v\u00eda, las cunetas, realizar el trabajo, las mingas para que la v\u00eda se mantenga en buen estado\u201d indic\u00f3.<\/p>\n\n\n\n<p>Las obras&nbsp;<strong>ya llevan dos meses de ejecuci\u00f3n<\/strong>&nbsp;y se aspira terminarlas en el mes de diciembre.<\/p>\n","protected":false},"excerpt":{"rendered":"<p>Los municipios de Acevedo, El\u00edas, Garz\u00f3n, Gigante, Guadalupe, Isnos, Pital, Pitalito, Saladoblanco, Suaza, Tarqui y Timan\u00e1, fueron los&nbsp;nuevos municipios beneficiados del mantenimiento vial&nbsp;efectuado por la secretaria de V\u00edas e Infraestructura del departamento del Huila. De acuerdo al&nbsp;Contrato de obra p\u00fablica 1181 de 2.022 por valor de $2.160.234. 436&nbsp;pesos con 3 meses de ejecuci\u00f3n por parte [&hellip;]<\/p>\n","protected":false},"author":1,"featured_media":0,"comment_status":"open","ping_status":"open","sticky":false,"template":"","format":"standard","meta":{"footnotes":""},"categories":[34],"tags":[],"class_list":["post-39701","post","type-post","status-publish","format-standard","hentry","category-deportes"],"yoast_head":"<!-- This site is optimized with the Yoast SEO plugin v26.6 - https:\/\/yoast.com\/wordpress\/plugins\/seo\/ -->\n<title>Proyecto de rehabilitaci\u00f3n vial en 12 municipios del Huila -<\/title>\n<meta name=\"robots\" content=\"index, follow, max-snippet:-1, max-image-preview:large, max-video-preview:-1\" \/>\n<link rel=\"canonical\" href=\"https:\/\/luchonoticias.com\/editor\/proyecto-de-rehabilitacion-vial-en-12-municipios-del-huila\/\" \/>\n<meta property=\"og:locale\" content=\"es_ES\" \/>\n<meta property=\"og:type\" content=\"article\" \/>\n<meta property=\"og:title\" content=\"Proyecto de rehabilitaci\u00f3n vial en 12 municipios del Huila -\" \/>\n<meta property=\"og:url\" content=\"https:\/\/luchonoticias.com\/editor\/proyecto-de-rehabilitacion-vial-en-12-municipios-del-huila\/\" \/>\n<meta property=\"article:publisher\" content=\"https:\/\/www.facebook.com\/luchonoticiasneiva\" \/>\n<meta property=\"article:author\" content=\"https:\/\/www.facebook.com\/luchonoticiasneiva\" \/>\n<meta property=\"article:published_time\" content=\"2022-11-17T13:26:41+00:00\" \/>\n<meta property=\"article:modified_time\" content=\"2022-11-17T13:26:42+00:00\" \/>\n<meta name=\"author\" content=\"admin\" \/>\n<meta name=\"twitter:card\" content=\"summary_large_image\" \/>\n<meta name=\"twitter:label1\" content=\"Escrito por\" \/>\n\t<meta name=\"twitter:data1\" content=\"admin\" \/>\n\t<meta name=\"twitter:label2\" content=\"Tiempo de lectura\" \/>\n\t<meta name=\"twitter:data2\" content=\"2 minutos\" \/>\n<script type=\"application\/ld+json\" class=\"yoast-schema-graph\">{\"@context\":\"https:\/\/schema.org\",\"@graph\":[{\"@type\":\"Article\",\"@id\":\"https:\/\/luchonoticias.com\/editor\/proyecto-de-rehabilitacion-vial-en-12-municipios-del-huila\/#article\",\"isPartOf\":{\"@id\":\"https:\/\/luchonoticias.com\/editor\/proyecto-de-rehabilitacion-vial-en-12-municipios-del-huila\/\"},\"author\":{\"name\":\"admin\",\"@id\":\"https:\/\/luchonoticias.com\/editor\/#\/schema\/person\/7a7fd911f58561fd056dbac7b55af9cd\"},\"headline\":\"Proyecto de rehabilitaci\u00f3n vial en 12 municipios del Huila\",\"datePublished\":\"2022-11-17T13:26:41+00:00\",\"dateModified\":\"2022-11-17T13:26:42+00:00\",\"mainEntityOfPage\":{\"@id\":\"https:\/\/luchonoticias.com\/editor\/proyecto-de-rehabilitacion-vial-en-12-municipios-del-huila\/\"},\"wordCount\":399,\"commentCount\":0,\"publisher\":{\"@id\":\"https:\/\/luchonoticias.com\/editor\/#\/schema\/person\/7a7fd911f58561fd056dbac7b55af9cd\"},\"articleSection\":[\"Deportes\"],\"inLanguage\":\"es\",\"potentialAction\":[{\"@type\":\"CommentAction\",\"name\":\"Comment\",\"target\":[\"https:\/\/luchonoticias.com\/editor\/proyecto-de-rehabilitacion-vial-en-12-municipios-del-huila\/#respond\"]}]},{\"@type\":\"WebPage\",\"@id\":\"https:\/\/luchonoticias.com\/editor\/proyecto-de-rehabilitacion-vial-en-12-municipios-del-huila\/\",\"url\":\"https:\/\/luchonoticias.com\/editor\/proyecto-de-rehabilitacion-vial-en-12-municipios-del-huila\/\",\"name\":\"Proyecto de rehabilitaci\u00f3n vial en 12 municipios del Huila -\",\"isPartOf\":{\"@id\":\"https:\/\/luchonoticias.com\/editor\/#website\"},\"datePublished\":\"2022-11-17T13:26:41+00:00\",\"dateModified\":\"2022-11-17T13:26:42+00:00\",\"breadcrumb\":{\"@id\":\"https:\/\/luchonoticias.com\/editor\/proyecto-de-rehabilitacion-vial-en-12-municipios-del-huila\/#breadcrumb\"},\"inLanguage\":\"es\",\"potentialAction\":[{\"@type\":\"ReadAction\",\"target\":[\"https:\/\/luchonoticias.com\/editor\/proyecto-de-rehabilitacion-vial-en-12-municipios-del-huila\/\"]}]},{\"@type\":\"BreadcrumbList\",\"@id\":\"https:\/\/luchonoticias.com\/editor\/proyecto-de-rehabilitacion-vial-en-12-municipios-del-huila\/#breadcrumb\",\"itemListElement\":[{\"@type\":\"ListItem\",\"position\":1,\"name\":\"Portada\",\"item\":\"https:\/\/luchonoticias.com\/editor\/\"},{\"@type\":\"ListItem\",\"position\":2,\"name\":\"Proyecto de rehabilitaci\u00f3n vial en 12 municipios del Huila\"}]},{\"@type\":\"WebSite\",\"@id\":\"https:\/\/luchonoticias.com\/editor\/#website\",\"url\":\"https:\/\/luchonoticias.com\/editor\/\",\"name\":\"\",\"description\":\"\",\"publisher\":{\"@id\":\"https:\/\/luchonoticias.com\/editor\/#\/schema\/person\/7a7fd911f58561fd056dbac7b55af9cd\"},\"potentialAction\":[{\"@type\":\"SearchAction\",\"target\":{\"@type\":\"EntryPoint\",\"urlTemplate\":\"https:\/\/luchonoticias.com\/editor\/?s={search_term_string}\"},\"query-input\":{\"@type\":\"PropertyValueSpecification\",\"valueRequired\":true,\"valueName\":\"search_term_string\"}}],\"inLanguage\":\"es\"},{\"@type\":[\"Person\",\"Organization\"],\"@id\":\"https:\/\/luchonoticias.com\/editor\/#\/schema\/person\/7a7fd911f58561fd056dbac7b55af9cd\",\"name\":\"admin\",\"image\":{\"@type\":\"ImageObject\",\"inLanguage\":\"es\",\"@id\":\"https:\/\/luchonoticias.com\/editor\/#\/schema\/person\/image\/\",\"url\":\"https:\/\/luchonoticias.com\/editor\/wp-content\/uploads\/2024\/02\/cropped-cropped-logolu.webp\",\"contentUrl\":\"https:\/\/luchonoticias.com\/editor\/wp-content\/uploads\/2024\/02\/cropped-cropped-logolu.webp\",\"width\":382,\"height\":170,\"caption\":\"admin\"},\"logo\":{\"@id\":\"https:\/\/luchonoticias.com\/editor\/#\/schema\/person\/image\/\"},\"sameAs\":[\"https:\/\/www.facebook.com\/luchonoticiasneiva\"],\"url\":\"https:\/\/luchonoticias.com\/editor\/author\/admin\/\"}]}<\/script>\n<!-- \/ Yoast SEO plugin. -->","yoast_head_json":{"title":"Proyecto de rehabilitaci\u00f3n vial en 12 municipios del Huila -","robots":{"index":"index","follow":"follow","max-snippet":"max-snippet:-1","max-image-preview":"max-image-preview:large","max-video-preview":"max-video-preview:-1"},"canonical":"https:\/\/luchonoticias.com\/editor\/proyecto-de-rehabilitacion-vial-en-12-municipios-del-huila\/","og_locale":"es_ES","og_type":"article","og_title":"Proyecto de rehabilitaci\u00f3n vial en 12 municipios del Huila -","og_url":"https:\/\/luchonoticias.com\/editor\/proyecto-de-rehabilitacion-vial-en-12-municipios-del-huila\/","article_publisher":"https:\/\/www.facebook.com\/luchonoticiasneiva","article_author":"https:\/\/www.facebook.com\/luchonoticiasneiva","article_published_time":"2022-11-17T13:26:41+00:00","article_modified_time":"2022-11-17T13:26:42+00:00","author":"admin","twitter_card":"summary_large_image","twitter_misc":{"Escrito por":"admin","Tiempo de lectura":"2 minutos"},"schema":{"@context":"https:\/\/schema.org","@graph":[{"@type":"Article","@id":"https:\/\/luchonoticias.com\/editor\/proyecto-de-rehabilitacion-vial-en-12-municipios-del-huila\/#article","isPartOf":{"@id":"https:\/\/luchonoticias.com\/editor\/proyecto-de-rehabilitacion-vial-en-12-municipios-del-huila\/"},"author":{"name":"admin","@id":"https:\/\/luchonoticias.com\/editor\/#\/schema\/person\/7a7fd911f58561fd056dbac7b55af9cd"},"headline":"Proyecto de rehabilitaci\u00f3n vial en 12 municipios del Huila","datePublished":"2022-11-17T13:26:41+00:00","dateModified":"2022-11-17T13:26:42+00:00","mainEntityOfPage":{"@id":"https:\/\/luchonoticias.com\/editor\/proyecto-de-rehabilitacion-vial-en-12-municipios-del-huila\/"},"wordCount":399,"commentCount":0,"publisher":{"@id":"https:\/\/luchonoticias.com\/editor\/#\/schema\/person\/7a7fd911f58561fd056dbac7b55af9cd"},"articleSection":["Deportes"],"inLanguage":"es","potentialAction":[{"@type":"CommentAction","name":"Comment","target":["https:\/\/luchonoticias.com\/editor\/proyecto-de-rehabilitacion-vial-en-12-municipios-del-huila\/#respond"]}]},{"@type":"WebPage","@id":"https:\/\/luchonoticias.com\/editor\/proyecto-de-rehabilitacion-vial-en-12-municipios-del-huila\/","url":"https:\/\/luchonoticias.com\/editor\/proyecto-de-rehabilitacion-vial-en-12-municipios-del-huila\/","name":"Proyecto de rehabilitaci\u00f3n vial en 12 municipios del Huila -","isPartOf":{"@id":"https:\/\/luchonoticias.com\/editor\/#website"},"datePublished":"2022-11-17T13:26:41+00:00","dateModified":"2022-11-17T13:26:42+00:00","breadcrumb":{"@id":"https:\/\/luchonoticias.com\/editor\/proyecto-de-rehabilitacion-vial-en-12-municipios-del-huila\/#breadcrumb"},"inLanguage":"es","potentialAction":[{"@type":"ReadAction","target":["https:\/\/luchonoticias.com\/editor\/proyecto-de-rehabilitacion-vial-en-12-municipios-del-huila\/"]}]},{"@type":"BreadcrumbList","@id":"https:\/\/luchonoticias.com\/editor\/proyecto-de-rehabilitacion-vial-en-12-municipios-del-huila\/#breadcrumb","itemListElement":[{"@type":"ListItem","position":1,"name":"Portada","item":"https:\/\/luchonoticias.com\/editor\/"},{"@type":"ListItem","position":2,"name":"Proyecto de rehabilitaci\u00f3n vial en 12 municipios del Huila"}]},{"@type":"WebSite","@id":"https:\/\/luchonoticias.com\/editor\/#website","url":"https:\/\/luchonoticias.com\/editor\/","name":"","description":"","publisher":{"@id":"https:\/\/luchonoticias.com\/editor\/#\/schema\/person\/7a7fd911f58561fd056dbac7b55af9cd"},"potentialAction":[{"@type":"SearchAction","target":{"@type":"EntryPoint","urlTemplate":"https:\/\/luchonoticias.com\/editor\/?s={search_term_string}"},"query-input":{"@type":"PropertyValueSpecification","valueRequired":true,"valueName":"search_term_string"}}],"inLanguage":"es"},{"@type":["Person","Organization"],"@id":"https:\/\/luchonoticias.com\/editor\/#\/schema\/person\/7a7fd911f58561fd056dbac7b55af9cd","name":"admin","image":{"@type":"ImageObject","inLanguage":"es","@id":"https:\/\/luchonoticias.com\/editor\/#\/schema\/person\/image\/","url":"https:\/\/luchonoticias.com\/editor\/wp-content\/uploads\/2024\/02\/cropped-cropped-logolu.webp","contentUrl":"https:\/\/luchonoticias.com\/editor\/wp-content\/uploads\/2024\/02\/cropped-cropped-logolu.webp","width":382,"height":170,"caption":"admin"},"logo":{"@id":"https:\/\/luchonoticias.com\/editor\/#\/schema\/person\/image\/"},"sameAs":["https:\/\/www.facebook.com\/luchonoticiasneiva"],"url":"https:\/\/luchonoticias.com\/editor\/author\/admin\/"}]}},"_links":{"self":[{"href":"https:\/\/luchonoticias.com\/editor\/wp-json\/wp\/v2\/posts\/39701","targetHints":{"allow":["GET"]}}],"collection":[{"href":"https:\/\/luchonoticias.com\/editor\/wp-json\/wp\/v2\/posts"}],"about":[{"href":"https:\/\/luchonoticias.com\/editor\/wp-json\/wp\/v2\/types\/post"}],"author":[{"embeddable":true,"href":"https:\/\/luchonoticias.com\/editor\/wp-json\/wp\/v2\/users\/1"}],"replies":[{"embeddable":true,"href":"https:\/\/luchonoticias.com\/editor\/wp-json\/wp\/v2\/comments?post=39701"}],"version-history":[{"count":0,"href":"https:\/\/luchonoticias.com\/editor\/wp-json\/wp\/v2\/posts\/39701\/revisions"}],"wp:attachment":[{"href":"https:\/\/luchonoticias.com\/editor\/wp-json\/wp\/v2\/media?parent=39701"}],"wp:term":[{"taxonomy":"category","embeddable":true,"href":"https:\/\/luchonoticias.com\/editor\/wp-json\/wp\/v2\/categories?post=39701"},{"taxonomy":"post_tag","embeddable":true,"href":"https:\/\/luchonoticias.com\/editor\/wp-json\/wp\/v2\/tags?post=39701"}],"curies":[{"name":"wp","href":"https:\/\/api.w.org\/{rel}","templated":true}]}}