{"id":39707,"date":"2022-11-17T10:14:39","date_gmt":"2022-11-17T15:14:39","guid":{"rendered":"https:\/\/luchonoticias.com\/?p=39707"},"modified":"2022-11-17T10:14:40","modified_gmt":"2022-11-17T15:14:40","slug":"detenido-sujeto-al-parecer-por-golpear-a-su-companera-sentimental","status":"publish","type":"post","link":"https:\/\/luchonoticias.com\/editor\/detenido-sujeto-al-parecer-por-golpear-a-su-companera-sentimental\/","title":{"rendered":"Detenido sujeto al parecer por golpear a su compa\u00f1era sentimental"},"content":{"rendered":"\n<p>En las \u00faltimas horas, las autoridades del Huila dieron a conocer que Uniformados del Modelo Nacional de Vigilancia Comunitaria por Cuadrantes del municipio de Gigante del Huila, tras atender el llamado de la comunidad que denuncia un posible caso de violencia intrafamiliar al interior de una vivienda en el municipio de Gigante, dieron captura de un hombre de 39 a\u00f1os.<\/p>\n\n\n\n<p>\u201cDe inmediato los polic\u00edas se trasladaron hasta la calle 4 con carrera 6 donde observan a un hombre que sale de la residencia e intenta huir en una motocicleta, metros m\u00e1s adelante es detenido y se\u00f1alado por su esposa, la cual manifiesta haber sido agredida f\u00edsica y psicol\u00f3gicamente por su compa\u00f1ero sentimental\u201d, revelaron las autoridades en un comunicado.<\/p>\n\n\n\n<p>Finalmente, las fuentes oficiales revelaron que el sujeto implicado, fue identificado como Oscar Bermeo de 39 a\u00f1os de edad y fue dejado a disposici\u00f3n de la Fiscal\u00eda local para que responda por sus delitos.<\/p>\n\n\n\n<p>\u201cCabe resaltar que este hombre posee anotaciones judiciales por el mismo delito y adem\u00e1s por fraude a resoluci\u00f3n judicial\u201d, concluyeron las autoridades en el informe oficial.<\/p>\n","protected":false},"excerpt":{"rendered":"<p>En las \u00faltimas horas, las autoridades del Huila dieron a conocer que Uniformados del Modelo Nacional de Vigilancia Comunitaria por Cuadrantes del municipio de Gigante del Huila, tras atender el llamado de la comunidad que denuncia un posible caso de violencia intrafamiliar al interior de una vivienda en el municipio de Gigante, dieron captura de [&hellip;]<\/p>\n","protected":false},"author":1,"featured_media":0,"comment_status":"open","ping_status":"open","sticky":false,"template":"","format":"standard","meta":{"footnotes":""},"categories":[36,29],"tags":[],"class_list":["post-39707","post","type-post","status-publish","format-standard","hentry","category-destacado","category-judicial"],"yoast_head":"<!-- This site is optimized with the Yoast SEO plugin v26.6 - https:\/\/yoast.com\/wordpress\/plugins\/seo\/ -->\n<title>Detenido sujeto al parecer por golpear a su compa\u00f1era sentimental -<\/title>\n<meta name=\"robots\" content=\"index, follow, max-snippet:-1, max-image-preview:large, max-video-preview:-1\" \/>\n<link rel=\"canonical\" href=\"https:\/\/luchonoticias.com\/editor\/detenido-sujeto-al-parecer-por-golpear-a-su-companera-sentimental\/\" \/>\n<meta property=\"og:locale\" content=\"es_ES\" \/>\n<meta property=\"og:type\" content=\"article\" \/>\n<meta property=\"og:title\" content=\"Detenido sujeto al parecer por golpear a su compa\u00f1era sentimental -\" \/>\n<meta property=\"og:url\" content=\"https:\/\/luchonoticias.com\/editor\/detenido-sujeto-al-parecer-por-golpear-a-su-companera-sentimental\/\" \/>\n<meta property=\"article:publisher\" content=\"https:\/\/www.facebook.com\/luchonoticiasneiva\" \/>\n<meta property=\"article:author\" content=\"https:\/\/www.facebook.com\/luchonoticiasneiva\" \/>\n<meta property=\"article:published_time\" content=\"2022-11-17T15:14:39+00:00\" \/>\n<meta property=\"article:modified_time\" content=\"2022-11-17T15:14:40+00:00\" \/>\n<meta name=\"author\" content=\"admin\" \/>\n<meta name=\"twitter:card\" content=\"summary_large_image\" \/>\n<meta name=\"twitter:label1\" content=\"Escrito por\" \/>\n\t<meta name=\"twitter:data1\" content=\"admin\" \/>\n\t<meta name=\"twitter:label2\" content=\"Tiempo de lectura\" \/>\n\t<meta name=\"twitter:data2\" content=\"1 minuto\" \/>\n<script type=\"application\/ld+json\" class=\"yoast-schema-graph\">{\"@context\":\"https:\/\/schema.org\",\"@graph\":[{\"@type\":\"Article\",\"@id\":\"https:\/\/luchonoticias.com\/editor\/detenido-sujeto-al-parecer-por-golpear-a-su-companera-sentimental\/#article\",\"isPartOf\":{\"@id\":\"https:\/\/luchonoticias.com\/editor\/detenido-sujeto-al-parecer-por-golpear-a-su-companera-sentimental\/\"},\"author\":{\"name\":\"admin\",\"@id\":\"https:\/\/luchonoticias.com\/editor\/#\/schema\/person\/7a7fd911f58561fd056dbac7b55af9cd\"},\"headline\":\"Detenido sujeto al parecer por golpear a su compa\u00f1era sentimental\",\"datePublished\":\"2022-11-17T15:14:39+00:00\",\"dateModified\":\"2022-11-17T15:14:40+00:00\",\"mainEntityOfPage\":{\"@id\":\"https:\/\/luchonoticias.com\/editor\/detenido-sujeto-al-parecer-por-golpear-a-su-companera-sentimental\/\"},\"wordCount\":197,\"commentCount\":0,\"publisher\":{\"@id\":\"https:\/\/luchonoticias.com\/editor\/#\/schema\/person\/7a7fd911f58561fd056dbac7b55af9cd\"},\"articleSection\":[\"Destacado\",\"Judicial\"],\"inLanguage\":\"es\",\"potentialAction\":[{\"@type\":\"CommentAction\",\"name\":\"Comment\",\"target\":[\"https:\/\/luchonoticias.com\/editor\/detenido-sujeto-al-parecer-por-golpear-a-su-companera-sentimental\/#respond\"]}]},{\"@type\":\"WebPage\",\"@id\":\"https:\/\/luchonoticias.com\/editor\/detenido-sujeto-al-parecer-por-golpear-a-su-companera-sentimental\/\",\"url\":\"https:\/\/luchonoticias.com\/editor\/detenido-sujeto-al-parecer-por-golpear-a-su-companera-sentimental\/\",\"name\":\"Detenido sujeto al parecer por golpear a su compa\u00f1era sentimental -\",\"isPartOf\":{\"@id\":\"https:\/\/luchonoticias.com\/editor\/#website\"},\"datePublished\":\"2022-11-17T15:14:39+00:00\",\"dateModified\":\"2022-11-17T15:14:40+00:00\",\"breadcrumb\":{\"@id\":\"https:\/\/luchonoticias.com\/editor\/detenido-sujeto-al-parecer-por-golpear-a-su-companera-sentimental\/#breadcrumb\"},\"inLanguage\":\"es\",\"potentialAction\":[{\"@type\":\"ReadAction\",\"target\":[\"https:\/\/luchonoticias.com\/editor\/detenido-sujeto-al-parecer-por-golpear-a-su-companera-sentimental\/\"]}]},{\"@type\":\"BreadcrumbList\",\"@id\":\"https:\/\/luchonoticias.com\/editor\/detenido-sujeto-al-parecer-por-golpear-a-su-companera-sentimental\/#breadcrumb\",\"itemListElement\":[{\"@type\":\"ListItem\",\"position\":1,\"name\":\"Portada\",\"item\":\"https:\/\/luchonoticias.com\/editor\/\"},{\"@type\":\"ListItem\",\"position\":2,\"name\":\"Detenido sujeto al parecer por golpear a su compa\u00f1era sentimental\"}]},{\"@type\":\"WebSite\",\"@id\":\"https:\/\/luchonoticias.com\/editor\/#website\",\"url\":\"https:\/\/luchonoticias.com\/editor\/\",\"name\":\"\",\"description\":\"\",\"publisher\":{\"@id\":\"https:\/\/luchonoticias.com\/editor\/#\/schema\/person\/7a7fd911f58561fd056dbac7b55af9cd\"},\"potentialAction\":[{\"@type\":\"SearchAction\",\"target\":{\"@type\":\"EntryPoint\",\"urlTemplate\":\"https:\/\/luchonoticias.com\/editor\/?s={search_term_string}\"},\"query-input\":{\"@type\":\"PropertyValueSpecification\",\"valueRequired\":true,\"valueName\":\"search_term_string\"}}],\"inLanguage\":\"es\"},{\"@type\":[\"Person\",\"Organization\"],\"@id\":\"https:\/\/luchonoticias.com\/editor\/#\/schema\/person\/7a7fd911f58561fd056dbac7b55af9cd\",\"name\":\"admin\",\"image\":{\"@type\":\"ImageObject\",\"inLanguage\":\"es\",\"@id\":\"https:\/\/luchonoticias.com\/editor\/#\/schema\/person\/image\/\",\"url\":\"https:\/\/luchonoticias.com\/editor\/wp-content\/uploads\/2024\/02\/cropped-cropped-logolu.webp\",\"contentUrl\":\"https:\/\/luchonoticias.com\/editor\/wp-content\/uploads\/2024\/02\/cropped-cropped-logolu.webp\",\"width\":382,\"height\":170,\"caption\":\"admin\"},\"logo\":{\"@id\":\"https:\/\/luchonoticias.com\/editor\/#\/schema\/person\/image\/\"},\"sameAs\":[\"https:\/\/www.facebook.com\/luchonoticiasneiva\"],\"url\":\"https:\/\/luchonoticias.com\/editor\/author\/admin\/\"}]}<\/script>\n<!-- \/ Yoast SEO plugin. -->","yoast_head_json":{"title":"Detenido sujeto al parecer por golpear a su compa\u00f1era sentimental -","robots":{"index":"index","follow":"follow","max-snippet":"max-snippet:-1","max-image-preview":"max-image-preview:large","max-video-preview":"max-video-preview:-1"},"canonical":"https:\/\/luchonoticias.com\/editor\/detenido-sujeto-al-parecer-por-golpear-a-su-companera-sentimental\/","og_locale":"es_ES","og_type":"article","og_title":"Detenido sujeto al parecer por golpear a su compa\u00f1era sentimental -","og_url":"https:\/\/luchonoticias.com\/editor\/detenido-sujeto-al-parecer-por-golpear-a-su-companera-sentimental\/","article_publisher":"https:\/\/www.facebook.com\/luchonoticiasneiva","article_author":"https:\/\/www.facebook.com\/luchonoticiasneiva","article_published_time":"2022-11-17T15:14:39+00:00","article_modified_time":"2022-11-17T15:14:40+00:00","author":"admin","twitter_card":"summary_large_image","twitter_misc":{"Escrito por":"admin","Tiempo de lectura":"1 minuto"},"schema":{"@context":"https:\/\/schema.org","@graph":[{"@type":"Article","@id":"https:\/\/luchonoticias.com\/editor\/detenido-sujeto-al-parecer-por-golpear-a-su-companera-sentimental\/#article","isPartOf":{"@id":"https:\/\/luchonoticias.com\/editor\/detenido-sujeto-al-parecer-por-golpear-a-su-companera-sentimental\/"},"author":{"name":"admin","@id":"https:\/\/luchonoticias.com\/editor\/#\/schema\/person\/7a7fd911f58561fd056dbac7b55af9cd"},"headline":"Detenido sujeto al parecer por golpear a su compa\u00f1era sentimental","datePublished":"2022-11-17T15:14:39+00:00","dateModified":"2022-11-17T15:14:40+00:00","mainEntityOfPage":{"@id":"https:\/\/luchonoticias.com\/editor\/detenido-sujeto-al-parecer-por-golpear-a-su-companera-sentimental\/"},"wordCount":197,"commentCount":0,"publisher":{"@id":"https:\/\/luchonoticias.com\/editor\/#\/schema\/person\/7a7fd911f58561fd056dbac7b55af9cd"},"articleSection":["Destacado","Judicial"],"inLanguage":"es","potentialAction":[{"@type":"CommentAction","name":"Comment","target":["https:\/\/luchonoticias.com\/editor\/detenido-sujeto-al-parecer-por-golpear-a-su-companera-sentimental\/#respond"]}]},{"@type":"WebPage","@id":"https:\/\/luchonoticias.com\/editor\/detenido-sujeto-al-parecer-por-golpear-a-su-companera-sentimental\/","url":"https:\/\/luchonoticias.com\/editor\/detenido-sujeto-al-parecer-por-golpear-a-su-companera-sentimental\/","name":"Detenido sujeto al parecer por golpear a su compa\u00f1era sentimental -","isPartOf":{"@id":"https:\/\/luchonoticias.com\/editor\/#website"},"datePublished":"2022-11-17T15:14:39+00:00","dateModified":"2022-11-17T15:14:40+00:00","breadcrumb":{"@id":"https:\/\/luchonoticias.com\/editor\/detenido-sujeto-al-parecer-por-golpear-a-su-companera-sentimental\/#breadcrumb"},"inLanguage":"es","potentialAction":[{"@type":"ReadAction","target":["https:\/\/luchonoticias.com\/editor\/detenido-sujeto-al-parecer-por-golpear-a-su-companera-sentimental\/"]}]},{"@type":"BreadcrumbList","@id":"https:\/\/luchonoticias.com\/editor\/detenido-sujeto-al-parecer-por-golpear-a-su-companera-sentimental\/#breadcrumb","itemListElement":[{"@type":"ListItem","position":1,"name":"Portada","item":"https:\/\/luchonoticias.com\/editor\/"},{"@type":"ListItem","position":2,"name":"Detenido sujeto al parecer por golpear a su compa\u00f1era sentimental"}]},{"@type":"WebSite","@id":"https:\/\/luchonoticias.com\/editor\/#website","url":"https:\/\/luchonoticias.com\/editor\/","name":"","description":"","publisher":{"@id":"https:\/\/luchonoticias.com\/editor\/#\/schema\/person\/7a7fd911f58561fd056dbac7b55af9cd"},"potentialAction":[{"@type":"SearchAction","target":{"@type":"EntryPoint","urlTemplate":"https:\/\/luchonoticias.com\/editor\/?s={search_term_string}"},"query-input":{"@type":"PropertyValueSpecification","valueRequired":true,"valueName":"search_term_string"}}],"inLanguage":"es"},{"@type":["Person","Organization"],"@id":"https:\/\/luchonoticias.com\/editor\/#\/schema\/person\/7a7fd911f58561fd056dbac7b55af9cd","name":"admin","image":{"@type":"ImageObject","inLanguage":"es","@id":"https:\/\/luchonoticias.com\/editor\/#\/schema\/person\/image\/","url":"https:\/\/luchonoticias.com\/editor\/wp-content\/uploads\/2024\/02\/cropped-cropped-logolu.webp","contentUrl":"https:\/\/luchonoticias.com\/editor\/wp-content\/uploads\/2024\/02\/cropped-cropped-logolu.webp","width":382,"height":170,"caption":"admin"},"logo":{"@id":"https:\/\/luchonoticias.com\/editor\/#\/schema\/person\/image\/"},"sameAs":["https:\/\/www.facebook.com\/luchonoticiasneiva"],"url":"https:\/\/luchonoticias.com\/editor\/author\/admin\/"}]}},"_links":{"self":[{"href":"https:\/\/luchonoticias.com\/editor\/wp-json\/wp\/v2\/posts\/39707","targetHints":{"allow":["GET"]}}],"collection":[{"href":"https:\/\/luchonoticias.com\/editor\/wp-json\/wp\/v2\/posts"}],"about":[{"href":"https:\/\/luchonoticias.com\/editor\/wp-json\/wp\/v2\/types\/post"}],"author":[{"embeddable":true,"href":"https:\/\/luchonoticias.com\/editor\/wp-json\/wp\/v2\/users\/1"}],"replies":[{"embeddable":true,"href":"https:\/\/luchonoticias.com\/editor\/wp-json\/wp\/v2\/comments?post=39707"}],"version-history":[{"count":0,"href":"https:\/\/luchonoticias.com\/editor\/wp-json\/wp\/v2\/posts\/39707\/revisions"}],"wp:attachment":[{"href":"https:\/\/luchonoticias.com\/editor\/wp-json\/wp\/v2\/media?parent=39707"}],"wp:term":[{"taxonomy":"category","embeddable":true,"href":"https:\/\/luchonoticias.com\/editor\/wp-json\/wp\/v2\/categories?post=39707"},{"taxonomy":"post_tag","embeddable":true,"href":"https:\/\/luchonoticias.com\/editor\/wp-json\/wp\/v2\/tags?post=39707"}],"curies":[{"name":"wp","href":"https:\/\/api.w.org\/{rel}","templated":true}]}}